{"id":12238,"date":"2015-04-15T15:01:13","date_gmt":"2015-04-15T15:01:13","guid":{"rendered":"http:\/\/copealcoi.es\/new\/?p=12238"},"modified":"2015-04-15T18:11:37","modified_gmt":"2015-04-15T18:11:37","slug":"ciudadanos-pide-que-el-ayuntamiento-retire-los-contenciosos-contra-alcoinnova","status":"publish","type":"post","link":"https:\/\/www.copealcoy.es\/es\/ciudadanos-pide-que-el-ayuntamiento-retire-los-contenciosos-contra-alcoinnova\/","title":{"rendered":"Ciudadanos pide que el Ayuntamiento retire los contenciosos contra Alcoinnova"},"content":{"rendered":"<p style=\"text-align: justify;\">Ciudadanos Alcoy ha pedido al Gobierno Municipal que retire los dos contenciosos que ha interpuesto contra el proyecto Alcoinnova. Desde la formaci\u00f3n pol\u00edtica han expresado\u00a0a trav\u00e9s de un comunicado que su &#8220;total apoyo al grupo empresarial La Espa\u00f1ola y pedimos al gobierno que retire el contencioso que mantiene en los tribunales contra esta empresa y este proyecto tan necesario&#8221;, afirman.<\/p>\n<p style=\"text-align: justify;\">Ciudadanos tambi\u00e9n a\u00f1ade una petici\u00f3n al Ejecutivo &#8220;instamos al Gobierno a que facilite de una vez por todas la realizaci\u00f3n del proyecto industrial m\u00e1s importante de nuestra Ciudad. El esfuerzo de la empresa de retirar su fabrica de aceitunas para que no haya excusas que sigan retrasando el proyecto es otro gran paso dado&#8221;, indican.<\/p>\n<p style=\"text-align: justify;\">Finalmente piden al PSOE y al alcalde, Antonio Franc\u00e9s, &#8220;que se posiciones claramente al respecto de este tema antes de las elecciones&#8221;, concluyen.<\/p>\n","protected":false},"excerpt":{"rendered":"<p>Ciudadanos Alcoy ha pedido al Gobierno Municipal que retire los dos contenciosos que ha interpuesto contra el proyecto Alcoinnova. Desde&#8230;<\/p>\n","protected":false},"author":1,"featured_media":12154,"comment_status":"open","ping_status":"open","sticky":false,"template":"","format":"standard","meta":{"footnotes":""},"categories":[97,75,79],"tags":[478,1494,349,390,394,422,633],"class_list":["post-12238","post","type-post","status-publish","format-standard","has-post-thumbnail","hentry","category-alcoy","category-noticias","category-politicayeconomia","tag-alcoinnova","tag-alcoy","tag-ciudadanos","tag-economia","tag-empleo","tag-politica","tag-urbanismo"],"yoast_head":"<!-- This site is optimized with the Yoast SEO plugin v27.3 - https:\/\/yoast.com\/product\/yoast-seo-wordpress\/ -->\n<title>Ciudadanos pide que el Ayuntamiento retire los contenciosos contra Alcoinnova - COPE Alcoy<\/title>\n<meta name=\"robots\" content=\"index, follow, max-snippet:-1, max-image-preview:large, max-video-preview:-1\" \/>\n<link rel=\"canonical\" href=\"https:\/\/www.copealcoy.es\/es\/ciudadanos-pide-que-el-ayuntamiento-retire-los-contenciosos-contra-alcoinnova\/\" \/>\n<meta property=\"og:locale\" content=\"es_ES\" \/>\n<meta property=\"og:type\" content=\"article\" \/>\n<meta property=\"og:title\" content=\"Ciudadanos pide que el Ayuntamiento retire los contenciosos contra Alcoinnova - COPE Alcoy\" \/>\n<meta property=\"og:description\" content=\"Ciudadanos Alcoy ha pedido al Gobierno Municipal que retire los dos contenciosos que ha interpuesto contra el proyecto Alcoinnova. Desde...\" \/>\n<meta property=\"og:url\" content=\"https:\/\/www.copealcoy.es\/es\/ciudadanos-pide-que-el-ayuntamiento-retire-los-contenciosos-contra-alcoinnova\/\" \/>\n<meta property=\"og:site_name\" content=\"COPE Alcoy\" \/>\n<meta property=\"article:published_time\" content=\"2015-04-15T15:01:13+00:00\" \/>\n<meta property=\"article:modified_time\" content=\"2015-04-15T18:11:37+00:00\" \/>\n<meta property=\"og:image\" content=\"https:\/\/www.copealcoy.es\/wp-content\/uploads\/2015\/04\/4fc817b7c845dd0a0fa3b28e95b8e783.jpg\" \/>\n\t<meta property=\"og:image:width\" content=\"640\" \/>\n\t<meta property=\"og:image:height\" content=\"357\" \/>\n\t<meta property=\"og:image:type\" content=\"image\/jpeg\" \/>\n<meta name=\"author\" content=\"Cope Alcoy\" \/>\n<meta name=\"twitter:label1\" content=\"Escrito por\" \/>\n\t<meta name=\"twitter:data1\" content=\"Cope Alcoy\" \/>\n\t<meta name=\"twitter:label2\" content=\"Tiempo de lectura\" \/>\n\t<meta name=\"twitter:data2\" content=\"1 minuto\" \/>\n<script type=\"application\/ld+json\" class=\"yoast-schema-graph\">{\"@context\":\"https:\\\/\\\/schema.org\",\"@graph\":[{\"@type\":\"Article\",\"@id\":\"https:\\\/\\\/www.copealcoy.es\\\/es\\\/ciudadanos-pide-que-el-ayuntamiento-retire-los-contenciosos-contra-alcoinnova\\\/#article\",\"isPartOf\":{\"@id\":\"https:\\\/\\\/www.copealcoy.es\\\/es\\\/ciudadanos-pide-que-el-ayuntamiento-retire-los-contenciosos-contra-alcoinnova\\\/\"},\"author\":{\"name\":\"Cope Alcoy\",\"@id\":\"https:\\\/\\\/www.copealcoy.es\\\/es\\\/#\\\/schema\\\/person\\\/e777c87fa024e57d40170af9df39882c\"},\"headline\":\"Ciudadanos pide que el Ayuntamiento retire los contenciosos contra Alcoinnova\",\"datePublished\":\"2015-04-15T15:01:13+00:00\",\"dateModified\":\"2015-04-15T18:11:37+00:00\",\"mainEntityOfPage\":{\"@id\":\"https:\\\/\\\/www.copealcoy.es\\\/es\\\/ciudadanos-pide-que-el-ayuntamiento-retire-los-contenciosos-contra-alcoinnova\\\/\"},\"wordCount\":159,\"commentCount\":0,\"image\":{\"@id\":\"https:\\\/\\\/www.copealcoy.es\\\/es\\\/ciudadanos-pide-que-el-ayuntamiento-retire-los-contenciosos-contra-alcoinnova\\\/#primaryimage\"},\"thumbnailUrl\":\"https:\\\/\\\/www.copealcoy.es\\\/wp-content\\\/uploads\\\/2015\\\/04\\\/4fc817b7c845dd0a0fa3b28e95b8e783.jpg\",\"keywords\":[\"Alcoinnova\",\"Alcoy\",\"Ciudadanos\",\"Econom\u00eda\",\"Empleo\",\"Pol\u00edtica\",\"Urbanismo\"],\"articleSection\":[\"Alcoy\",\"Noticias\",\"Pol\u00edtica y Econom\u00eda\"],\"inLanguage\":\"es\"},{\"@type\":\"WebPage\",\"@id\":\"https:\\\/\\\/www.copealcoy.es\\\/es\\\/ciudadanos-pide-que-el-ayuntamiento-retire-los-contenciosos-contra-alcoinnova\\\/\",\"url\":\"https:\\\/\\\/www.copealcoy.es\\\/es\\\/ciudadanos-pide-que-el-ayuntamiento-retire-los-contenciosos-contra-alcoinnova\\\/\",\"name\":\"Ciudadanos pide que el Ayuntamiento retire los contenciosos contra Alcoinnova - COPE Alcoy\",\"isPartOf\":{\"@id\":\"https:\\\/\\\/www.copealcoy.es\\\/es\\\/#website\"},\"primaryImageOfPage\":{\"@id\":\"https:\\\/\\\/www.copealcoy.es\\\/es\\\/ciudadanos-pide-que-el-ayuntamiento-retire-los-contenciosos-contra-alcoinnova\\\/#primaryimage\"},\"image\":{\"@id\":\"https:\\\/\\\/www.copealcoy.es\\\/es\\\/ciudadanos-pide-que-el-ayuntamiento-retire-los-contenciosos-contra-alcoinnova\\\/#primaryimage\"},\"thumbnailUrl\":\"https:\\\/\\\/www.copealcoy.es\\\/wp-content\\\/uploads\\\/2015\\\/04\\\/4fc817b7c845dd0a0fa3b28e95b8e783.jpg\",\"datePublished\":\"2015-04-15T15:01:13+00:00\",\"dateModified\":\"2015-04-15T18:11:37+00:00\",\"author\":{\"@id\":\"https:\\\/\\\/www.copealcoy.es\\\/es\\\/#\\\/schema\\\/person\\\/e777c87fa024e57d40170af9df39882c\"},\"breadcrumb\":{\"@id\":\"https:\\\/\\\/www.copealcoy.es\\\/es\\\/ciudadanos-pide-que-el-ayuntamiento-retire-los-contenciosos-contra-alcoinnova\\\/#breadcrumb\"},\"inLanguage\":\"es\",\"potentialAction\":[{\"@type\":\"ReadAction\",\"target\":[\"https:\\\/\\\/www.copealcoy.es\\\/es\\\/ciudadanos-pide-que-el-ayuntamiento-retire-los-contenciosos-contra-alcoinnova\\\/\"]}]},{\"@type\":\"ImageObject\",\"inLanguage\":\"es\",\"@id\":\"https:\\\/\\\/www.copealcoy.es\\\/es\\\/ciudadanos-pide-que-el-ayuntamiento-retire-los-contenciosos-contra-alcoinnova\\\/#primaryimage\",\"url\":\"https:\\\/\\\/www.copealcoy.es\\\/wp-content\\\/uploads\\\/2015\\\/04\\\/4fc817b7c845dd0a0fa3b28e95b8e783.jpg\",\"contentUrl\":\"https:\\\/\\\/www.copealcoy.es\\\/wp-content\\\/uploads\\\/2015\\\/04\\\/4fc817b7c845dd0a0fa3b28e95b8e783.jpg\",\"width\":640,\"height\":357,\"caption\":\"Sedano junto a las personas que ocupan las primeras posiciones en la candidatura de Alcoy\"},{\"@type\":\"BreadcrumbList\",\"@id\":\"https:\\\/\\\/www.copealcoy.es\\\/es\\\/ciudadanos-pide-que-el-ayuntamiento-retire-los-contenciosos-contra-alcoinnova\\\/#breadcrumb\",\"itemListElement\":[{\"@type\":\"ListItem\",\"position\":1,\"name\":\"Portada\",\"item\":\"https:\\\/\\\/www.copealcoy.es\\\/es\\\/\"},{\"@type\":\"ListItem\",\"position\":2,\"name\":\"Ciudadanos pide que el Ayuntamiento retire los contenciosos contra Alcoinnova\"}]},{\"@type\":\"WebSite\",\"@id\":\"https:\\\/\\\/www.copealcoy.es\\\/es\\\/#website\",\"url\":\"https:\\\/\\\/www.copealcoy.es\\\/es\\\/\",\"name\":\"COPE Alcoy\",\"description\":\"Emisora COPE de radio local con emisi\u00f3n online. Pont de Sant Jordi 8-10 03803 Alcoy\",\"potentialAction\":[{\"@type\":\"SearchAction\",\"target\":{\"@type\":\"EntryPoint\",\"urlTemplate\":\"https:\\\/\\\/www.copealcoy.es\\\/es\\\/?s={search_term_string}\"},\"query-input\":{\"@type\":\"PropertyValueSpecification\",\"valueRequired\":true,\"valueName\":\"search_term_string\"}}],\"inLanguage\":\"es\"},{\"@type\":\"Person\",\"@id\":\"https:\\\/\\\/www.copealcoy.es\\\/es\\\/#\\\/schema\\\/person\\\/e777c87fa024e57d40170af9df39882c\",\"name\":\"Cope Alcoy\",\"image\":{\"@type\":\"ImageObject\",\"inLanguage\":\"es\",\"@id\":\"https:\\\/\\\/secure.gravatar.com\\\/avatar\\\/bb65d0283347e303893ba14f0692005417c1e0e690a325a4c5d8bb2b3943ee14?s=96&d=mm&r=g\",\"url\":\"https:\\\/\\\/secure.gravatar.com\\\/avatar\\\/bb65d0283347e303893ba14f0692005417c1e0e690a325a4c5d8bb2b3943ee14?s=96&d=mm&r=g\",\"contentUrl\":\"https:\\\/\\\/secure.gravatar.com\\\/avatar\\\/bb65d0283347e303893ba14f0692005417c1e0e690a325a4c5d8bb2b3943ee14?s=96&d=mm&r=g\",\"caption\":\"Cope Alcoy\"}}]}<\/script>\n<!-- \/ Yoast SEO plugin. -->","yoast_head_json":{"title":"Ciudadanos pide que el Ayuntamiento retire los contenciosos contra Alcoinnova - COPE Alcoy","robots":{"index":"index","follow":"follow","max-snippet":"max-snippet:-1","max-image-preview":"max-image-preview:large","max-video-preview":"max-video-preview:-1"},"canonical":"https:\/\/www.copealcoy.es\/es\/ciudadanos-pide-que-el-ayuntamiento-retire-los-contenciosos-contra-alcoinnova\/","og_locale":"es_ES","og_type":"article","og_title":"Ciudadanos pide que el Ayuntamiento retire los contenciosos contra Alcoinnova - COPE Alcoy","og_description":"Ciudadanos Alcoy ha pedido al Gobierno Municipal que retire los dos contenciosos que ha interpuesto contra el proyecto Alcoinnova. Desde...","og_url":"https:\/\/www.copealcoy.es\/es\/ciudadanos-pide-que-el-ayuntamiento-retire-los-contenciosos-contra-alcoinnova\/","og_site_name":"COPE Alcoy","article_published_time":"2015-04-15T15:01:13+00:00","article_modified_time":"2015-04-15T18:11:37+00:00","og_image":[{"width":640,"height":357,"url":"https:\/\/www.copealcoy.es\/wp-content\/uploads\/2015\/04\/4fc817b7c845dd0a0fa3b28e95b8e783.jpg","type":"image\/jpeg"}],"author":"Cope Alcoy","twitter_misc":{"Escrito por":"Cope Alcoy","Tiempo de lectura":"1 minuto"},"schema":{"@context":"https:\/\/schema.org","@graph":[{"@type":"Article","@id":"https:\/\/www.copealcoy.es\/es\/ciudadanos-pide-que-el-ayuntamiento-retire-los-contenciosos-contra-alcoinnova\/#article","isPartOf":{"@id":"https:\/\/www.copealcoy.es\/es\/ciudadanos-pide-que-el-ayuntamiento-retire-los-contenciosos-contra-alcoinnova\/"},"author":{"name":"Cope Alcoy","@id":"https:\/\/www.copealcoy.es\/es\/#\/schema\/person\/e777c87fa024e57d40170af9df39882c"},"headline":"Ciudadanos pide que el Ayuntamiento retire los contenciosos contra Alcoinnova","datePublished":"2015-04-15T15:01:13+00:00","dateModified":"2015-04-15T18:11:37+00:00","mainEntityOfPage":{"@id":"https:\/\/www.copealcoy.es\/es\/ciudadanos-pide-que-el-ayuntamiento-retire-los-contenciosos-contra-alcoinnova\/"},"wordCount":159,"commentCount":0,"image":{"@id":"https:\/\/www.copealcoy.es\/es\/ciudadanos-pide-que-el-ayuntamiento-retire-los-contenciosos-contra-alcoinnova\/#primaryimage"},"thumbnailUrl":"https:\/\/www.copealcoy.es\/wp-content\/uploads\/2015\/04\/4fc817b7c845dd0a0fa3b28e95b8e783.jpg","keywords":["Alcoinnova","Alcoy","Ciudadanos","Econom\u00eda","Empleo","Pol\u00edtica","Urbanismo"],"articleSection":["Alcoy","Noticias","Pol\u00edtica y Econom\u00eda"],"inLanguage":"es"},{"@type":"WebPage","@id":"https:\/\/www.copealcoy.es\/es\/ciudadanos-pide-que-el-ayuntamiento-retire-los-contenciosos-contra-alcoinnova\/","url":"https:\/\/www.copealcoy.es\/es\/ciudadanos-pide-que-el-ayuntamiento-retire-los-contenciosos-contra-alcoinnova\/","name":"Ciudadanos pide que el Ayuntamiento retire los contenciosos contra Alcoinnova - COPE Alcoy","isPartOf":{"@id":"https:\/\/www.copealcoy.es\/es\/#website"},"primaryImageOfPage":{"@id":"https:\/\/www.copealcoy.es\/es\/ciudadanos-pide-que-el-ayuntamiento-retire-los-contenciosos-contra-alcoinnova\/#primaryimage"},"image":{"@id":"https:\/\/www.copealcoy.es\/es\/ciudadanos-pide-que-el-ayuntamiento-retire-los-contenciosos-contra-alcoinnova\/#primaryimage"},"thumbnailUrl":"https:\/\/www.copealcoy.es\/wp-content\/uploads\/2015\/04\/4fc817b7c845dd0a0fa3b28e95b8e783.jpg","datePublished":"2015-04-15T15:01:13+00:00","dateModified":"2015-04-15T18:11:37+00:00","author":{"@id":"https:\/\/www.copealcoy.es\/es\/#\/schema\/person\/e777c87fa024e57d40170af9df39882c"},"breadcrumb":{"@id":"https:\/\/www.copealcoy.es\/es\/ciudadanos-pide-que-el-ayuntamiento-retire-los-contenciosos-contra-alcoinnova\/#breadcrumb"},"inLanguage":"es","potentialAction":[{"@type":"ReadAction","target":["https:\/\/www.copealcoy.es\/es\/ciudadanos-pide-que-el-ayuntamiento-retire-los-contenciosos-contra-alcoinnova\/"]}]},{"@type":"ImageObject","inLanguage":"es","@id":"https:\/\/www.copealcoy.es\/es\/ciudadanos-pide-que-el-ayuntamiento-retire-los-contenciosos-contra-alcoinnova\/#primaryimage","url":"https:\/\/www.copealcoy.es\/wp-content\/uploads\/2015\/04\/4fc817b7c845dd0a0fa3b28e95b8e783.jpg","contentUrl":"https:\/\/www.copealcoy.es\/wp-content\/uploads\/2015\/04\/4fc817b7c845dd0a0fa3b28e95b8e783.jpg","width":640,"height":357,"caption":"Sedano junto a las personas que ocupan las primeras posiciones en la candidatura de Alcoy"},{"@type":"BreadcrumbList","@id":"https:\/\/www.copealcoy.es\/es\/ciudadanos-pide-que-el-ayuntamiento-retire-los-contenciosos-contra-alcoinnova\/#breadcrumb","itemListElement":[{"@type":"ListItem","position":1,"name":"Portada","item":"https:\/\/www.copealcoy.es\/es\/"},{"@type":"ListItem","position":2,"name":"Ciudadanos pide que el Ayuntamiento retire los contenciosos contra Alcoinnova"}]},{"@type":"WebSite","@id":"https:\/\/www.copealcoy.es\/es\/#website","url":"https:\/\/www.copealcoy.es\/es\/","name":"COPE Alcoy","description":"Emisora COPE de radio local con emisi\u00f3n online. Pont de Sant Jordi 8-10 03803 Alcoy","potentialAction":[{"@type":"SearchAction","target":{"@type":"EntryPoint","urlTemplate":"https:\/\/www.copealcoy.es\/es\/?s={search_term_string}"},"query-input":{"@type":"PropertyValueSpecification","valueRequired":true,"valueName":"search_term_string"}}],"inLanguage":"es"},{"@type":"Person","@id":"https:\/\/www.copealcoy.es\/es\/#\/schema\/person\/e777c87fa024e57d40170af9df39882c","name":"Cope Alcoy","image":{"@type":"ImageObject","inLanguage":"es","@id":"https:\/\/secure.gravatar.com\/avatar\/bb65d0283347e303893ba14f0692005417c1e0e690a325a4c5d8bb2b3943ee14?s=96&d=mm&r=g","url":"https:\/\/secure.gravatar.com\/avatar\/bb65d0283347e303893ba14f0692005417c1e0e690a325a4c5d8bb2b3943ee14?s=96&d=mm&r=g","contentUrl":"https:\/\/secure.gravatar.com\/avatar\/bb65d0283347e303893ba14f0692005417c1e0e690a325a4c5d8bb2b3943ee14?s=96&d=mm&r=g","caption":"Cope Alcoy"}}]}},"_links":{"self":[{"href":"https:\/\/www.copealcoy.es\/es\/wp-json\/wp\/v2\/posts\/12238","targetHints":{"allow":["GET"]}}],"collection":[{"href":"https:\/\/www.copealcoy.es\/es\/wp-json\/wp\/v2\/posts"}],"about":[{"href":"https:\/\/www.copealcoy.es\/es\/wp-json\/wp\/v2\/types\/post"}],"author":[{"embeddable":true,"href":"https:\/\/www.copealcoy.es\/es\/wp-json\/wp\/v2\/users\/1"}],"replies":[{"embeddable":true,"href":"https:\/\/www.copealcoy.es\/es\/wp-json\/wp\/v2\/comments?post=12238"}],"version-history":[{"count":0,"href":"https:\/\/www.copealcoy.es\/es\/wp-json\/wp\/v2\/posts\/12238\/revisions"}],"wp:featuredmedia":[{"embeddable":true,"href":"https:\/\/www.copealcoy.es\/es\/wp-json\/wp\/v2\/media\/12154"}],"wp:attachment":[{"href":"https:\/\/www.copealcoy.es\/es\/wp-json\/wp\/v2\/media?parent=12238"}],"wp:term":[{"taxonomy":"category","embeddable":true,"href":"https:\/\/www.copealcoy.es\/es\/wp-json\/wp\/v2\/categories?post=12238"},{"taxonomy":"post_tag","embeddable":true,"href":"https:\/\/www.copealcoy.es\/es\/wp-json\/wp\/v2\/tags?post=12238"}],"curies":[{"name":"wp","href":"https:\/\/api.w.org\/{rel}","templated":true}]}}