{"id":12234,"date":"2015-04-15T13:33:24","date_gmt":"2015-04-15T13:33:24","guid":{"rendered":"http:\/\/copealcoi.es\/new\/?p=12234"},"modified":"2015-04-15T17:48:53","modified_gmt":"2015-04-15T17:48:53","slug":"david-abad-no-podemos-bajar-la-guardia-porque-la-ate-sigue-adelante","status":"publish","type":"post","link":"https:\/\/www.copealcoy.es\/es\/david-abad-no-podemos-bajar-la-guardia-porque-la-ate-sigue-adelante\/","title":{"rendered":"David Abad: &#8220;no podemos bajar la guardia porque la ATE sigue adelante&#8221;"},"content":{"rendered":"<p style=\"text-align: justify;\">El Grupo Municipal de Comprom\u00eds \u00a0ha valorado tambi\u00e9n el anuncio realizado por La Espa\u00f1ola de no trasladar la factor\u00eda de aceitunas a la zona de La Canal donde quiere llevar a cabo el proyecto Alcoinnova. El portavoz de la formaci\u00f3n nacionalista, David Abad, se ha mostrado satisfecho aunque con cautela &#8220;no podemos bajar la guardia porque la ATE sigue adelante y a falta de resoluciones pendientes, todas las actividades autorizadas por el proyecto Alcoinnova contin\u00faan vigentes&#8221;, destaca.<\/p>\n<p style=\"text-align: justify;\">Abad tambi\u00e9n ha se\u00f1alado que por el momento se desconoce qu\u00e9 empresas van a instalarse en La Canal &#8220;para nosotros esta ATE es una simple rectificaci\u00f3n urban\u00edstica para instalar actividades terciarias e industriales, m\u00e1s que un documento para ubicar empresas de alta tecnolog\u00eda e I+D. Las normas urban\u00edsticas desmienten que sea un proyecto singular, \u00fanico e innovador&#8221;, matiza.<\/p>\n<p style=\"text-align: justify;\">Precisamente el candidato a la alcald\u00eda de Comprom\u00eds se ha referido a cuestiones urban\u00edsticas y a los informes de la Confederaci\u00f3n Hidrogr\u00e1fica del J\u00facar que, seg\u00fan \u00e9l, desautorizan cierto tipo de industrias e instalaciones &#8220;la resoluci\u00f3n solo permite construir chalets y edificios residenciales as\u00ed como la creaci\u00f3n de un Centro Comercial, edificios dedicados al comercio y actividades que tienen riesgo de contaminaci\u00f3n como empresas de bebidas, agroalimentarias, de fabricaci\u00f3n de vidrios y otros muchos enseres&#8221;, a\u00f1ade.<\/p>\n<p style=\"text-align: justify;\">Por \u00faltimo David Abad ha destacado que las alegaciones &#8220;no se refieren en su mayor\u00eda a la planta de envasado sino al proyecto global, que va m\u00e1s all\u00e1 del traslado de La Espa\u00f1ola&#8221;, concluye.<\/p>\n<p>&nbsp;<\/p>\n","protected":false},"excerpt":{"rendered":"<p>El Grupo Municipal de Comprom\u00eds \u00a0ha valorado tambi\u00e9n el anuncio realizado por La Espa\u00f1ola de no trasladar la factor\u00eda de&#8230;<\/p>\n","protected":false},"author":1,"featured_media":9628,"comment_status":"open","ping_status":"open","sticky":false,"template":"","format":"standard","meta":{"footnotes":""},"categories":[97,75,79],"tags":[478,1494,152,390,394,433,633],"class_list":["post-12234","post","type-post","status-publish","format-standard","has-post-thumbnail","hentry","category-alcoy","category-noticias","category-politicayeconomia","tag-alcoinnova","tag-alcoy","tag-compromis","tag-economia","tag-empleo","tag-industria","tag-urbanismo"],"yoast_head":"<!-- This site is optimized with the Yoast SEO plugin v27.3 - https:\/\/yoast.com\/product\/yoast-seo-wordpress\/ -->\n<title>David Abad: &quot;no podemos bajar la guardia porque la ATE sigue adelante&quot; - COPE Alcoy<\/title>\n<meta name=\"robots\" content=\"index, follow, max-snippet:-1, max-image-preview:large, max-video-preview:-1\" \/>\n<link rel=\"canonical\" href=\"https:\/\/www.copealcoy.es\/es\/david-abad-no-podemos-bajar-la-guardia-porque-la-ate-sigue-adelante\/\" \/>\n<meta property=\"og:locale\" content=\"es_ES\" \/>\n<meta property=\"og:type\" content=\"article\" \/>\n<meta property=\"og:title\" content=\"David Abad: &quot;no podemos bajar la guardia porque la ATE sigue adelante&quot; - COPE Alcoy\" \/>\n<meta property=\"og:description\" content=\"El Grupo Municipal de Comprom\u00eds \u00a0ha valorado tambi\u00e9n el anuncio realizado por La Espa\u00f1ola de no trasladar la factor\u00eda de...\" \/>\n<meta property=\"og:url\" content=\"https:\/\/www.copealcoy.es\/es\/david-abad-no-podemos-bajar-la-guardia-porque-la-ate-sigue-adelante\/\" \/>\n<meta property=\"og:site_name\" content=\"COPE Alcoy\" \/>\n<meta property=\"article:published_time\" content=\"2015-04-15T13:33:24+00:00\" \/>\n<meta property=\"article:modified_time\" content=\"2015-04-15T17:48:53+00:00\" \/>\n<meta property=\"og:image\" content=\"https:\/\/www.copealcoy.es\/wp-content\/uploads\/2015\/01\/image37.jpg\" \/>\n\t<meta property=\"og:image:width\" content=\"318\" \/>\n\t<meta property=\"og:image:height\" content=\"204\" \/>\n\t<meta property=\"og:image:type\" content=\"image\/jpeg\" \/>\n<meta name=\"author\" content=\"Cope Alcoy\" \/>\n<meta name=\"twitter:label1\" content=\"Escrito por\" \/>\n\t<meta name=\"twitter:data1\" content=\"Cope Alcoy\" \/>\n\t<meta name=\"twitter:label2\" content=\"Tiempo de lectura\" \/>\n\t<meta name=\"twitter:data2\" content=\"1 minuto\" \/>\n<script type=\"application\/ld+json\" class=\"yoast-schema-graph\">{\"@context\":\"https:\\\/\\\/schema.org\",\"@graph\":[{\"@type\":\"Article\",\"@id\":\"https:\\\/\\\/www.copealcoy.es\\\/es\\\/david-abad-no-podemos-bajar-la-guardia-porque-la-ate-sigue-adelante\\\/#article\",\"isPartOf\":{\"@id\":\"https:\\\/\\\/www.copealcoy.es\\\/es\\\/david-abad-no-podemos-bajar-la-guardia-porque-la-ate-sigue-adelante\\\/\"},\"author\":{\"name\":\"Cope Alcoy\",\"@id\":\"https:\\\/\\\/www.copealcoy.es\\\/es\\\/#\\\/schema\\\/person\\\/e777c87fa024e57d40170af9df39882c\"},\"headline\":\"David Abad: &#8220;no podemos bajar la guardia porque la ATE sigue adelante&#8221;\",\"datePublished\":\"2015-04-15T13:33:24+00:00\",\"dateModified\":\"2015-04-15T17:48:53+00:00\",\"mainEntityOfPage\":{\"@id\":\"https:\\\/\\\/www.copealcoy.es\\\/es\\\/david-abad-no-podemos-bajar-la-guardia-porque-la-ate-sigue-adelante\\\/\"},\"wordCount\":287,\"commentCount\":0,\"image\":{\"@id\":\"https:\\\/\\\/www.copealcoy.es\\\/es\\\/david-abad-no-podemos-bajar-la-guardia-porque-la-ate-sigue-adelante\\\/#primaryimage\"},\"thumbnailUrl\":\"https:\\\/\\\/www.copealcoy.es\\\/wp-content\\\/uploads\\\/2015\\\/01\\\/image37.jpg\",\"keywords\":[\"Alcoinnova\",\"Alcoy\",\"Comprom\u00eds\",\"Econom\u00eda\",\"Empleo\",\"Industria\",\"Urbanismo\"],\"articleSection\":[\"Alcoy\",\"Noticias\",\"Pol\u00edtica y Econom\u00eda\"],\"inLanguage\":\"es\"},{\"@type\":\"WebPage\",\"@id\":\"https:\\\/\\\/www.copealcoy.es\\\/es\\\/david-abad-no-podemos-bajar-la-guardia-porque-la-ate-sigue-adelante\\\/\",\"url\":\"https:\\\/\\\/www.copealcoy.es\\\/es\\\/david-abad-no-podemos-bajar-la-guardia-porque-la-ate-sigue-adelante\\\/\",\"name\":\"David Abad: \\\"no podemos bajar la guardia porque la ATE sigue adelante\\\" - COPE Alcoy\",\"isPartOf\":{\"@id\":\"https:\\\/\\\/www.copealcoy.es\\\/es\\\/#website\"},\"primaryImageOfPage\":{\"@id\":\"https:\\\/\\\/www.copealcoy.es\\\/es\\\/david-abad-no-podemos-bajar-la-guardia-porque-la-ate-sigue-adelante\\\/#primaryimage\"},\"image\":{\"@id\":\"https:\\\/\\\/www.copealcoy.es\\\/es\\\/david-abad-no-podemos-bajar-la-guardia-porque-la-ate-sigue-adelante\\\/#primaryimage\"},\"thumbnailUrl\":\"https:\\\/\\\/www.copealcoy.es\\\/wp-content\\\/uploads\\\/2015\\\/01\\\/image37.jpg\",\"datePublished\":\"2015-04-15T13:33:24+00:00\",\"dateModified\":\"2015-04-15T17:48:53+00:00\",\"author\":{\"@id\":\"https:\\\/\\\/www.copealcoy.es\\\/es\\\/#\\\/schema\\\/person\\\/e777c87fa024e57d40170af9df39882c\"},\"breadcrumb\":{\"@id\":\"https:\\\/\\\/www.copealcoy.es\\\/es\\\/david-abad-no-podemos-bajar-la-guardia-porque-la-ate-sigue-adelante\\\/#breadcrumb\"},\"inLanguage\":\"es\",\"potentialAction\":[{\"@type\":\"ReadAction\",\"target\":[\"https:\\\/\\\/www.copealcoy.es\\\/es\\\/david-abad-no-podemos-bajar-la-guardia-porque-la-ate-sigue-adelante\\\/\"]}]},{\"@type\":\"ImageObject\",\"inLanguage\":\"es\",\"@id\":\"https:\\\/\\\/www.copealcoy.es\\\/es\\\/david-abad-no-podemos-bajar-la-guardia-porque-la-ate-sigue-adelante\\\/#primaryimage\",\"url\":\"https:\\\/\\\/www.copealcoy.es\\\/wp-content\\\/uploads\\\/2015\\\/01\\\/image37.jpg\",\"contentUrl\":\"https:\\\/\\\/www.copealcoy.es\\\/wp-content\\\/uploads\\\/2015\\\/01\\\/image37.jpg\",\"width\":318,\"height\":204,\"caption\":\"David Abad es portavoz de y candidato a la alcald\u00eda de Comprom\u00eds\"},{\"@type\":\"BreadcrumbList\",\"@id\":\"https:\\\/\\\/www.copealcoy.es\\\/es\\\/david-abad-no-podemos-bajar-la-guardia-porque-la-ate-sigue-adelante\\\/#breadcrumb\",\"itemListElement\":[{\"@type\":\"ListItem\",\"position\":1,\"name\":\"Portada\",\"item\":\"https:\\\/\\\/www.copealcoy.es\\\/es\\\/\"},{\"@type\":\"ListItem\",\"position\":2,\"name\":\"David Abad: &#8220;no podemos bajar la guardia porque la ATE sigue adelante&#8221;\"}]},{\"@type\":\"WebSite\",\"@id\":\"https:\\\/\\\/www.copealcoy.es\\\/es\\\/#website\",\"url\":\"https:\\\/\\\/www.copealcoy.es\\\/es\\\/\",\"name\":\"COPE Alcoy\",\"description\":\"Emisora COPE de radio local con emisi\u00f3n online. Pont de Sant Jordi 8-10 03803 Alcoy\",\"potentialAction\":[{\"@type\":\"SearchAction\",\"target\":{\"@type\":\"EntryPoint\",\"urlTemplate\":\"https:\\\/\\\/www.copealcoy.es\\\/es\\\/?s={search_term_string}\"},\"query-input\":{\"@type\":\"PropertyValueSpecification\",\"valueRequired\":true,\"valueName\":\"search_term_string\"}}],\"inLanguage\":\"es\"},{\"@type\":\"Person\",\"@id\":\"https:\\\/\\\/www.copealcoy.es\\\/es\\\/#\\\/schema\\\/person\\\/e777c87fa024e57d40170af9df39882c\",\"name\":\"Cope Alcoy\",\"image\":{\"@type\":\"ImageObject\",\"inLanguage\":\"es\",\"@id\":\"https:\\\/\\\/secure.gravatar.com\\\/avatar\\\/bb65d0283347e303893ba14f0692005417c1e0e690a325a4c5d8bb2b3943ee14?s=96&d=mm&r=g\",\"url\":\"https:\\\/\\\/secure.gravatar.com\\\/avatar\\\/bb65d0283347e303893ba14f0692005417c1e0e690a325a4c5d8bb2b3943ee14?s=96&d=mm&r=g\",\"contentUrl\":\"https:\\\/\\\/secure.gravatar.com\\\/avatar\\\/bb65d0283347e303893ba14f0692005417c1e0e690a325a4c5d8bb2b3943ee14?s=96&d=mm&r=g\",\"caption\":\"Cope Alcoy\"}}]}<\/script>\n<!-- \/ Yoast SEO plugin. -->","yoast_head_json":{"title":"David Abad: \"no podemos bajar la guardia porque la ATE sigue adelante\" - COPE Alcoy","robots":{"index":"index","follow":"follow","max-snippet":"max-snippet:-1","max-image-preview":"max-image-preview:large","max-video-preview":"max-video-preview:-1"},"canonical":"https:\/\/www.copealcoy.es\/es\/david-abad-no-podemos-bajar-la-guardia-porque-la-ate-sigue-adelante\/","og_locale":"es_ES","og_type":"article","og_title":"David Abad: \"no podemos bajar la guardia porque la ATE sigue adelante\" - COPE Alcoy","og_description":"El Grupo Municipal de Comprom\u00eds \u00a0ha valorado tambi\u00e9n el anuncio realizado por La Espa\u00f1ola de no trasladar la factor\u00eda de...","og_url":"https:\/\/www.copealcoy.es\/es\/david-abad-no-podemos-bajar-la-guardia-porque-la-ate-sigue-adelante\/","og_site_name":"COPE Alcoy","article_published_time":"2015-04-15T13:33:24+00:00","article_modified_time":"2015-04-15T17:48:53+00:00","og_image":[{"width":318,"height":204,"url":"https:\/\/www.copealcoy.es\/wp-content\/uploads\/2015\/01\/image37.jpg","type":"image\/jpeg"}],"author":"Cope Alcoy","twitter_misc":{"Escrito por":"Cope Alcoy","Tiempo de lectura":"1 minuto"},"schema":{"@context":"https:\/\/schema.org","@graph":[{"@type":"Article","@id":"https:\/\/www.copealcoy.es\/es\/david-abad-no-podemos-bajar-la-guardia-porque-la-ate-sigue-adelante\/#article","isPartOf":{"@id":"https:\/\/www.copealcoy.es\/es\/david-abad-no-podemos-bajar-la-guardia-porque-la-ate-sigue-adelante\/"},"author":{"name":"Cope Alcoy","@id":"https:\/\/www.copealcoy.es\/es\/#\/schema\/person\/e777c87fa024e57d40170af9df39882c"},"headline":"David Abad: &#8220;no podemos bajar la guardia porque la ATE sigue adelante&#8221;","datePublished":"2015-04-15T13:33:24+00:00","dateModified":"2015-04-15T17:48:53+00:00","mainEntityOfPage":{"@id":"https:\/\/www.copealcoy.es\/es\/david-abad-no-podemos-bajar-la-guardia-porque-la-ate-sigue-adelante\/"},"wordCount":287,"commentCount":0,"image":{"@id":"https:\/\/www.copealcoy.es\/es\/david-abad-no-podemos-bajar-la-guardia-porque-la-ate-sigue-adelante\/#primaryimage"},"thumbnailUrl":"https:\/\/www.copealcoy.es\/wp-content\/uploads\/2015\/01\/image37.jpg","keywords":["Alcoinnova","Alcoy","Comprom\u00eds","Econom\u00eda","Empleo","Industria","Urbanismo"],"articleSection":["Alcoy","Noticias","Pol\u00edtica y Econom\u00eda"],"inLanguage":"es"},{"@type":"WebPage","@id":"https:\/\/www.copealcoy.es\/es\/david-abad-no-podemos-bajar-la-guardia-porque-la-ate-sigue-adelante\/","url":"https:\/\/www.copealcoy.es\/es\/david-abad-no-podemos-bajar-la-guardia-porque-la-ate-sigue-adelante\/","name":"David Abad: \"no podemos bajar la guardia porque la ATE sigue adelante\" - COPE Alcoy","isPartOf":{"@id":"https:\/\/www.copealcoy.es\/es\/#website"},"primaryImageOfPage":{"@id":"https:\/\/www.copealcoy.es\/es\/david-abad-no-podemos-bajar-la-guardia-porque-la-ate-sigue-adelante\/#primaryimage"},"image":{"@id":"https:\/\/www.copealcoy.es\/es\/david-abad-no-podemos-bajar-la-guardia-porque-la-ate-sigue-adelante\/#primaryimage"},"thumbnailUrl":"https:\/\/www.copealcoy.es\/wp-content\/uploads\/2015\/01\/image37.jpg","datePublished":"2015-04-15T13:33:24+00:00","dateModified":"2015-04-15T17:48:53+00:00","author":{"@id":"https:\/\/www.copealcoy.es\/es\/#\/schema\/person\/e777c87fa024e57d40170af9df39882c"},"breadcrumb":{"@id":"https:\/\/www.copealcoy.es\/es\/david-abad-no-podemos-bajar-la-guardia-porque-la-ate-sigue-adelante\/#breadcrumb"},"inLanguage":"es","potentialAction":[{"@type":"ReadAction","target":["https:\/\/www.copealcoy.es\/es\/david-abad-no-podemos-bajar-la-guardia-porque-la-ate-sigue-adelante\/"]}]},{"@type":"ImageObject","inLanguage":"es","@id":"https:\/\/www.copealcoy.es\/es\/david-abad-no-podemos-bajar-la-guardia-porque-la-ate-sigue-adelante\/#primaryimage","url":"https:\/\/www.copealcoy.es\/wp-content\/uploads\/2015\/01\/image37.jpg","contentUrl":"https:\/\/www.copealcoy.es\/wp-content\/uploads\/2015\/01\/image37.jpg","width":318,"height":204,"caption":"David Abad es portavoz de y candidato a la alcald\u00eda de Comprom\u00eds"},{"@type":"BreadcrumbList","@id":"https:\/\/www.copealcoy.es\/es\/david-abad-no-podemos-bajar-la-guardia-porque-la-ate-sigue-adelante\/#breadcrumb","itemListElement":[{"@type":"ListItem","position":1,"name":"Portada","item":"https:\/\/www.copealcoy.es\/es\/"},{"@type":"ListItem","position":2,"name":"David Abad: &#8220;no podemos bajar la guardia porque la ATE sigue adelante&#8221;"}]},{"@type":"WebSite","@id":"https:\/\/www.copealcoy.es\/es\/#website","url":"https:\/\/www.copealcoy.es\/es\/","name":"COPE Alcoy","description":"Emisora COPE de radio local con emisi\u00f3n online. Pont de Sant Jordi 8-10 03803 Alcoy","potentialAction":[{"@type":"SearchAction","target":{"@type":"EntryPoint","urlTemplate":"https:\/\/www.copealcoy.es\/es\/?s={search_term_string}"},"query-input":{"@type":"PropertyValueSpecification","valueRequired":true,"valueName":"search_term_string"}}],"inLanguage":"es"},{"@type":"Person","@id":"https:\/\/www.copealcoy.es\/es\/#\/schema\/person\/e777c87fa024e57d40170af9df39882c","name":"Cope Alcoy","image":{"@type":"ImageObject","inLanguage":"es","@id":"https:\/\/secure.gravatar.com\/avatar\/bb65d0283347e303893ba14f0692005417c1e0e690a325a4c5d8bb2b3943ee14?s=96&d=mm&r=g","url":"https:\/\/secure.gravatar.com\/avatar\/bb65d0283347e303893ba14f0692005417c1e0e690a325a4c5d8bb2b3943ee14?s=96&d=mm&r=g","contentUrl":"https:\/\/secure.gravatar.com\/avatar\/bb65d0283347e303893ba14f0692005417c1e0e690a325a4c5d8bb2b3943ee14?s=96&d=mm&r=g","caption":"Cope Alcoy"}}]}},"_links":{"self":[{"href":"https:\/\/www.copealcoy.es\/es\/wp-json\/wp\/v2\/posts\/12234","targetHints":{"allow":["GET"]}}],"collection":[{"href":"https:\/\/www.copealcoy.es\/es\/wp-json\/wp\/v2\/posts"}],"about":[{"href":"https:\/\/www.copealcoy.es\/es\/wp-json\/wp\/v2\/types\/post"}],"author":[{"embeddable":true,"href":"https:\/\/www.copealcoy.es\/es\/wp-json\/wp\/v2\/users\/1"}],"replies":[{"embeddable":true,"href":"https:\/\/www.copealcoy.es\/es\/wp-json\/wp\/v2\/comments?post=12234"}],"version-history":[{"count":0,"href":"https:\/\/www.copealcoy.es\/es\/wp-json\/wp\/v2\/posts\/12234\/revisions"}],"wp:featuredmedia":[{"embeddable":true,"href":"https:\/\/www.copealcoy.es\/es\/wp-json\/wp\/v2\/media\/9628"}],"wp:attachment":[{"href":"https:\/\/www.copealcoy.es\/es\/wp-json\/wp\/v2\/media?parent=12234"}],"wp:term":[{"taxonomy":"category","embeddable":true,"href":"https:\/\/www.copealcoy.es\/es\/wp-json\/wp\/v2\/categories?post=12234"},{"taxonomy":"post_tag","embeddable":true,"href":"https:\/\/www.copealcoy.es\/es\/wp-json\/wp\/v2\/tags?post=12234"}],"curies":[{"name":"wp","href":"https:\/\/api.w.org\/{rel}","templated":true}]}}