{"id":122313,"date":"2023-09-25T10:02:04","date_gmt":"2023-09-25T09:02:04","guid":{"rendered":"https:\/\/www.copealcoy.es\/?p=122313"},"modified":"2023-09-25T11:47:14","modified_gmt":"2023-09-25T10:47:14","slug":"rescate-con-helicoptero-de-un-ciclista-herido-en-el-barranc-de-linfern","status":"publish","type":"post","link":"https:\/\/www.copealcoy.es\/es\/rescate-con-helicoptero-de-un-ciclista-herido-en-el-barranc-de-linfern\/","title":{"rendered":"Rescate con helic\u00f3ptero de un ciclista herido en el Barranc dels Enamorats"},"content":{"rendered":"<p style=\"text-align: justify;\">El fin de semana deja un rescate en nuestras monta\u00f1as. En concreto, <strong>en el t\u00e9rmino municipal de Xixona, en el Barranc dels Enamorats<\/strong>. El <strong>Consorcio Provincial de Bomberos de Alicante<\/strong> recibi\u00f3 el aviso este domingo cerca de las nueve y media de la ma\u00f1ana.<\/p>\n<p style=\"text-align: justify;\">Un <strong>ciclista hab\u00eda resultado herido y presentaba una luxaci\u00f3n de cadera<\/strong>. Hasta el lugar de los hechos <strong>se traslad\u00f3 un helic\u00f3ptero<\/strong>, que tuvo que intervenir ante la dificultad de acceder por v\u00eda terrestre al lugar en el que se encontraba el herido.<\/p>\n<p style=\"text-align: justify;\">Este fue colocado en una camilla y subido al helic\u00f3ptero, que lo traslad\u00f3 al parque de bomberos de San Vicente. Desde all\u00ed fue llevado al hospital.<\/p>\n<div style=\"width: 848px;\" class=\"wp-video\"><video class=\"wp-video-shortcode\" id=\"video-122313-1\" width=\"848\" height=\"480\" preload=\"metadata\" controls=\"controls\"><source type=\"video\/mp4\" src=\"https:\/\/www.copealcoy.es\/wp-content\/uploads\/2023\/09\/WhatsApp-Video-2023-09-25-at-11.00.46.mp4?_=1\" \/><a href=\"https:\/\/www.copealcoy.es\/wp-content\/uploads\/2023\/09\/WhatsApp-Video-2023-09-25-at-11.00.46.mp4\">https:\/\/www.copealcoy.es\/wp-content\/uploads\/2023\/09\/WhatsApp-Video-2023-09-25-at-11.00.46.mp4<\/a><\/video><\/div>\n<p>&nbsp;<\/p>\n<p style=\"text-align: justify;\"><span style=\"color: #0000ff;\"><strong>Evitar accidentes en la monta\u00f1a<\/strong><\/span><\/p>\n<p style=\"text-align: justify;\">La <strong>mayor\u00eda de los accidentes en la monta\u00f1a se pueden evitar<\/strong>. Sin embargo, es imprescindible <span style=\"color: #000080;\"><a style=\"color: #000080;\" href=\"https:\/\/www.copealcoy.es\/seguridad-en-la-montana-como-la-moda-del-trail-running-pone-en-peligro-a-senderistas\/\" target=\"_blank\" rel=\"noopener\">tener en cuenta ciertas recomendaciones<\/a><\/span>. Utilizar el <strong>material apropiado\u00a0<\/strong>es fundamental. La falta de un equipamiento adecuado supone uno de los principales y m\u00e1s comunes riesgos. A este se suman otros riesgos. \u00abHay que informarse de todo lo que puede ocurrir a nuestro alrededor. Conocer cu\u00e1l es la\u00a0<strong>previsi\u00f3n meteorol\u00f3gica<\/strong>\u00a0y plantearse cambiar la ruta si no es favorable. Tambi\u00e9n hay que saber el\u00a0<strong>nivel que tenemos y la dificultad de la ruta<\/strong>, y\u00a0<strong>no fiarse solo de una rese\u00f1a que veamos en Internet<\/strong>\u00ab, explicaba <strong>\u00c1lex Mora<\/strong>, responsable de escalada del\u00a0<strong>Centro Excursionista de Alcoy<\/strong> y bombero. Y hay que tener en cuenta <strong>otras recomendaciones<\/strong>\u00a0como descargar los mapas por si no hay cobertura, asegurarnos de tener bater\u00eda en el tel\u00e9fono, salir acompa\u00f1ado o avisar a alg\u00fan familiar o amigo si salimos solos\u2026<\/p>\n<p style=\"text-align: justify;\"><span style=\"color: #0000ff;\"><strong>Avisar a Emergencias siempre<\/strong><\/span><\/p>\n<p style=\"text-align: justify;\">Sin embargo, pese a tomar todas las precauciones posibles, podemos tener alg\u00fan incidente. En estos casos la recomendaci\u00f3n del responsable del Centre Excursionista d\u2019Alcoi es clara:<strong>\u00a0avisar a Emergencias<\/strong>. \u00abCuando veamos que por nuestros medios no podemos salir, llamar.\u00a0<strong>Avisar al 112<\/strong>\u00a0y no esperarse porque la situaci\u00f3n se puede complicar. Si llega a hacerse de noche el helic\u00f3ptero no puede volar, cuesta m\u00e1s encontrar a las personas, es m\u00e1s probable que la bater\u00eda se vaya acabando\u2026\u00bb.<\/p>\n","protected":false},"excerpt":{"rendered":"<p>El fin de semana deja un rescate en nuestras monta\u00f1as. En concreto, en el t\u00e9rmino municipal de Xixona, en el&#8230;<\/p>\n","protected":false},"author":1,"featured_media":122314,"comment_status":"open","ping_status":"open","sticky":false,"template":"","format":"standard","meta":{"footnotes":""},"categories":[6909,97,75,80],"tags":[1494,732,10640,14680],"class_list":["post-122313","post","type-post","status-publish","format-standard","has-post-thumbnail","hentry","category-actualidad","category-alcoy","category-noticias","category-sucesos","tag-alcoy","tag-montana","tag-rescate","tag-suceso"],"yoast_head":"<!-- This site is optimized with the Yoast SEO plugin v27.3 - https:\/\/yoast.com\/product\/yoast-seo-wordpress\/ -->\n<title>Rescate con helic\u00f3ptero de un ciclista herido en el Barranc dels Enamorats - COPE Alcoy<\/title>\n<meta name=\"description\" content=\"El fin de semana deja un rescate en nuestras monta\u00f1as. En concreto, en el t\u00e9rmino municipal de Xixona, en el Barranc dels Enamorats. El Consorcio Provincial de Bomberos de Alicante recibi\u00f3 el aviso este domingo cerca de las nueve y media de la ma\u00f1ana.\" \/>\n<meta name=\"robots\" content=\"index, follow, max-snippet:-1, max-image-preview:large, max-video-preview:-1\" \/>\n<link rel=\"canonical\" href=\"https:\/\/www.copealcoy.es\/es\/rescate-con-helicoptero-de-un-ciclista-herido-en-el-barranc-de-linfern\/\" \/>\n<meta property=\"og:locale\" content=\"es_ES\" \/>\n<meta property=\"og:type\" content=\"article\" \/>\n<meta property=\"og:title\" content=\"Rescate con helic\u00f3ptero de un ciclista herido en el Barranc dels Enamorats - COPE Alcoy\" \/>\n<meta property=\"og:description\" content=\"El fin de semana deja un rescate en nuestras monta\u00f1as. En concreto, en el t\u00e9rmino municipal de Xixona, en el Barranc dels Enamorats. El Consorcio Provincial de Bomberos de Alicante recibi\u00f3 el aviso este domingo cerca de las nueve y media de la ma\u00f1ana.\" \/>\n<meta property=\"og:url\" content=\"https:\/\/www.copealcoy.es\/es\/rescate-con-helicoptero-de-un-ciclista-herido-en-el-barranc-de-linfern\/\" \/>\n<meta property=\"og:site_name\" content=\"COPE Alcoy\" \/>\n<meta property=\"article:published_time\" content=\"2023-09-25T09:02:04+00:00\" \/>\n<meta property=\"article:modified_time\" content=\"2023-09-25T10:47:14+00:00\" \/>\n<meta property=\"og:image\" content=\"https:\/\/www.copealcoy.es\/wp-content\/uploads\/2023\/09\/rescate-bomb.png\" \/>\n\t<meta property=\"og:image:width\" content=\"1178\" \/>\n\t<meta property=\"og:image:height\" content=\"658\" \/>\n\t<meta property=\"og:image:type\" content=\"image\/png\" \/>\n<meta name=\"author\" content=\"Cope Alcoy\" \/>\n<meta name=\"twitter:label1\" content=\"Escrito por\" \/>\n\t<meta name=\"twitter:data1\" content=\"Cope Alcoy\" \/>\n\t<meta name=\"twitter:label2\" content=\"Tiempo de lectura\" \/>\n\t<meta name=\"twitter:data2\" content=\"2 minutos\" \/>\n<script type=\"application\/ld+json\" class=\"yoast-schema-graph\">{\"@context\":\"https:\\\/\\\/schema.org\",\"@graph\":[{\"@type\":\"Article\",\"@id\":\"https:\\\/\\\/www.copealcoy.es\\\/es\\\/rescate-con-helicoptero-de-un-ciclista-herido-en-el-barranc-de-linfern\\\/#article\",\"isPartOf\":{\"@id\":\"https:\\\/\\\/www.copealcoy.es\\\/es\\\/rescate-con-helicoptero-de-un-ciclista-herido-en-el-barranc-de-linfern\\\/\"},\"author\":{\"name\":\"Cope Alcoy\",\"@id\":\"https:\\\/\\\/www.copealcoy.es\\\/es\\\/#\\\/schema\\\/person\\\/e777c87fa024e57d40170af9df39882c\"},\"headline\":\"Rescate con helic\u00f3ptero de un ciclista herido en el Barranc dels Enamorats\",\"datePublished\":\"2023-09-25T09:02:04+00:00\",\"dateModified\":\"2023-09-25T10:47:14+00:00\",\"mainEntityOfPage\":{\"@id\":\"https:\\\/\\\/www.copealcoy.es\\\/es\\\/rescate-con-helicoptero-de-un-ciclista-herido-en-el-barranc-de-linfern\\\/\"},\"wordCount\":404,\"commentCount\":0,\"image\":{\"@id\":\"https:\\\/\\\/www.copealcoy.es\\\/es\\\/rescate-con-helicoptero-de-un-ciclista-herido-en-el-barranc-de-linfern\\\/#primaryimage\"},\"thumbnailUrl\":\"https:\\\/\\\/www.copealcoy.es\\\/wp-content\\\/uploads\\\/2023\\\/09\\\/rescate-bomb.png\",\"keywords\":[\"Alcoy\",\"Monta\u00f1a\",\"Rescate\",\"suceso\"],\"articleSection\":[\"Actualidad\",\"Alcoy\",\"Noticias\",\"Sucesos\"],\"inLanguage\":\"es\"},{\"@type\":\"WebPage\",\"@id\":\"https:\\\/\\\/www.copealcoy.es\\\/es\\\/rescate-con-helicoptero-de-un-ciclista-herido-en-el-barranc-de-linfern\\\/\",\"url\":\"https:\\\/\\\/www.copealcoy.es\\\/es\\\/rescate-con-helicoptero-de-un-ciclista-herido-en-el-barranc-de-linfern\\\/\",\"name\":\"Rescate con helic\u00f3ptero de un ciclista herido en el Barranc dels Enamorats - COPE Alcoy\",\"isPartOf\":{\"@id\":\"https:\\\/\\\/www.copealcoy.es\\\/es\\\/#website\"},\"primaryImageOfPage\":{\"@id\":\"https:\\\/\\\/www.copealcoy.es\\\/es\\\/rescate-con-helicoptero-de-un-ciclista-herido-en-el-barranc-de-linfern\\\/#primaryimage\"},\"image\":{\"@id\":\"https:\\\/\\\/www.copealcoy.es\\\/es\\\/rescate-con-helicoptero-de-un-ciclista-herido-en-el-barranc-de-linfern\\\/#primaryimage\"},\"thumbnailUrl\":\"https:\\\/\\\/www.copealcoy.es\\\/wp-content\\\/uploads\\\/2023\\\/09\\\/rescate-bomb.png\",\"datePublished\":\"2023-09-25T09:02:04+00:00\",\"dateModified\":\"2023-09-25T10:47:14+00:00\",\"author\":{\"@id\":\"https:\\\/\\\/www.copealcoy.es\\\/es\\\/#\\\/schema\\\/person\\\/e777c87fa024e57d40170af9df39882c\"},\"description\":\"El fin de semana deja un rescate en nuestras monta\u00f1as. En concreto, en el t\u00e9rmino municipal de Xixona, en el Barranc dels Enamorats. El Consorcio Provincial de Bomberos de Alicante recibi\u00f3 el aviso este domingo cerca de las nueve y media de la ma\u00f1ana.\",\"breadcrumb\":{\"@id\":\"https:\\\/\\\/www.copealcoy.es\\\/es\\\/rescate-con-helicoptero-de-un-ciclista-herido-en-el-barranc-de-linfern\\\/#breadcrumb\"},\"inLanguage\":\"es\",\"potentialAction\":[{\"@type\":\"ReadAction\",\"target\":[\"https:\\\/\\\/www.copealcoy.es\\\/es\\\/rescate-con-helicoptero-de-un-ciclista-herido-en-el-barranc-de-linfern\\\/\"]}]},{\"@type\":\"ImageObject\",\"inLanguage\":\"es\",\"@id\":\"https:\\\/\\\/www.copealcoy.es\\\/es\\\/rescate-con-helicoptero-de-un-ciclista-herido-en-el-barranc-de-linfern\\\/#primaryimage\",\"url\":\"https:\\\/\\\/www.copealcoy.es\\\/wp-content\\\/uploads\\\/2023\\\/09\\\/rescate-bomb.png\",\"contentUrl\":\"https:\\\/\\\/www.copealcoy.es\\\/wp-content\\\/uploads\\\/2023\\\/09\\\/rescate-bomb.png\",\"width\":1178,\"height\":658},{\"@type\":\"BreadcrumbList\",\"@id\":\"https:\\\/\\\/www.copealcoy.es\\\/es\\\/rescate-con-helicoptero-de-un-ciclista-herido-en-el-barranc-de-linfern\\\/#breadcrumb\",\"itemListElement\":[{\"@type\":\"ListItem\",\"position\":1,\"name\":\"Portada\",\"item\":\"https:\\\/\\\/www.copealcoy.es\\\/es\\\/\"},{\"@type\":\"ListItem\",\"position\":2,\"name\":\"Rescate con helic\u00f3ptero de un ciclista herido en el Barranc dels Enamorats\"}]},{\"@type\":\"WebSite\",\"@id\":\"https:\\\/\\\/www.copealcoy.es\\\/es\\\/#website\",\"url\":\"https:\\\/\\\/www.copealcoy.es\\\/es\\\/\",\"name\":\"COPE Alcoy\",\"description\":\"Emisora COPE de radio local con emisi\u00f3n online. Pont de Sant Jordi 8-10 03803 Alcoy\",\"potentialAction\":[{\"@type\":\"SearchAction\",\"target\":{\"@type\":\"EntryPoint\",\"urlTemplate\":\"https:\\\/\\\/www.copealcoy.es\\\/es\\\/?s={search_term_string}\"},\"query-input\":{\"@type\":\"PropertyValueSpecification\",\"valueRequired\":true,\"valueName\":\"search_term_string\"}}],\"inLanguage\":\"es\"},{\"@type\":\"Person\",\"@id\":\"https:\\\/\\\/www.copealcoy.es\\\/es\\\/#\\\/schema\\\/person\\\/e777c87fa024e57d40170af9df39882c\",\"name\":\"Cope Alcoy\",\"image\":{\"@type\":\"ImageObject\",\"inLanguage\":\"es\",\"@id\":\"https:\\\/\\\/secure.gravatar.com\\\/avatar\\\/bb65d0283347e303893ba14f0692005417c1e0e690a325a4c5d8bb2b3943ee14?s=96&d=mm&r=g\",\"url\":\"https:\\\/\\\/secure.gravatar.com\\\/avatar\\\/bb65d0283347e303893ba14f0692005417c1e0e690a325a4c5d8bb2b3943ee14?s=96&d=mm&r=g\",\"contentUrl\":\"https:\\\/\\\/secure.gravatar.com\\\/avatar\\\/bb65d0283347e303893ba14f0692005417c1e0e690a325a4c5d8bb2b3943ee14?s=96&d=mm&r=g\",\"caption\":\"Cope Alcoy\"}}]}<\/script>\n<!-- \/ Yoast SEO plugin. -->","yoast_head_json":{"title":"Rescate con helic\u00f3ptero de un ciclista herido en el Barranc dels Enamorats - COPE Alcoy","description":"El fin de semana deja un rescate en nuestras monta\u00f1as. En concreto, en el t\u00e9rmino municipal de Xixona, en el Barranc dels Enamorats. El Consorcio Provincial de Bomberos de Alicante recibi\u00f3 el aviso este domingo cerca de las nueve y media de la ma\u00f1ana.","robots":{"index":"index","follow":"follow","max-snippet":"max-snippet:-1","max-image-preview":"max-image-preview:large","max-video-preview":"max-video-preview:-1"},"canonical":"https:\/\/www.copealcoy.es\/es\/rescate-con-helicoptero-de-un-ciclista-herido-en-el-barranc-de-linfern\/","og_locale":"es_ES","og_type":"article","og_title":"Rescate con helic\u00f3ptero de un ciclista herido en el Barranc dels Enamorats - COPE Alcoy","og_description":"El fin de semana deja un rescate en nuestras monta\u00f1as. En concreto, en el t\u00e9rmino municipal de Xixona, en el Barranc dels Enamorats. El Consorcio Provincial de Bomberos de Alicante recibi\u00f3 el aviso este domingo cerca de las nueve y media de la ma\u00f1ana.","og_url":"https:\/\/www.copealcoy.es\/es\/rescate-con-helicoptero-de-un-ciclista-herido-en-el-barranc-de-linfern\/","og_site_name":"COPE Alcoy","article_published_time":"2023-09-25T09:02:04+00:00","article_modified_time":"2023-09-25T10:47:14+00:00","og_image":[{"width":1178,"height":658,"url":"https:\/\/www.copealcoy.es\/wp-content\/uploads\/2023\/09\/rescate-bomb.png","type":"image\/png"}],"author":"Cope Alcoy","twitter_misc":{"Escrito por":"Cope Alcoy","Tiempo de lectura":"2 minutos"},"schema":{"@context":"https:\/\/schema.org","@graph":[{"@type":"Article","@id":"https:\/\/www.copealcoy.es\/es\/rescate-con-helicoptero-de-un-ciclista-herido-en-el-barranc-de-linfern\/#article","isPartOf":{"@id":"https:\/\/www.copealcoy.es\/es\/rescate-con-helicoptero-de-un-ciclista-herido-en-el-barranc-de-linfern\/"},"author":{"name":"Cope Alcoy","@id":"https:\/\/www.copealcoy.es\/es\/#\/schema\/person\/e777c87fa024e57d40170af9df39882c"},"headline":"Rescate con helic\u00f3ptero de un ciclista herido en el Barranc dels Enamorats","datePublished":"2023-09-25T09:02:04+00:00","dateModified":"2023-09-25T10:47:14+00:00","mainEntityOfPage":{"@id":"https:\/\/www.copealcoy.es\/es\/rescate-con-helicoptero-de-un-ciclista-herido-en-el-barranc-de-linfern\/"},"wordCount":404,"commentCount":0,"image":{"@id":"https:\/\/www.copealcoy.es\/es\/rescate-con-helicoptero-de-un-ciclista-herido-en-el-barranc-de-linfern\/#primaryimage"},"thumbnailUrl":"https:\/\/www.copealcoy.es\/wp-content\/uploads\/2023\/09\/rescate-bomb.png","keywords":["Alcoy","Monta\u00f1a","Rescate","suceso"],"articleSection":["Actualidad","Alcoy","Noticias","Sucesos"],"inLanguage":"es"},{"@type":"WebPage","@id":"https:\/\/www.copealcoy.es\/es\/rescate-con-helicoptero-de-un-ciclista-herido-en-el-barranc-de-linfern\/","url":"https:\/\/www.copealcoy.es\/es\/rescate-con-helicoptero-de-un-ciclista-herido-en-el-barranc-de-linfern\/","name":"Rescate con helic\u00f3ptero de un ciclista herido en el Barranc dels Enamorats - COPE Alcoy","isPartOf":{"@id":"https:\/\/www.copealcoy.es\/es\/#website"},"primaryImageOfPage":{"@id":"https:\/\/www.copealcoy.es\/es\/rescate-con-helicoptero-de-un-ciclista-herido-en-el-barranc-de-linfern\/#primaryimage"},"image":{"@id":"https:\/\/www.copealcoy.es\/es\/rescate-con-helicoptero-de-un-ciclista-herido-en-el-barranc-de-linfern\/#primaryimage"},"thumbnailUrl":"https:\/\/www.copealcoy.es\/wp-content\/uploads\/2023\/09\/rescate-bomb.png","datePublished":"2023-09-25T09:02:04+00:00","dateModified":"2023-09-25T10:47:14+00:00","author":{"@id":"https:\/\/www.copealcoy.es\/es\/#\/schema\/person\/e777c87fa024e57d40170af9df39882c"},"description":"El fin de semana deja un rescate en nuestras monta\u00f1as. En concreto, en el t\u00e9rmino municipal de Xixona, en el Barranc dels Enamorats. El Consorcio Provincial de Bomberos de Alicante recibi\u00f3 el aviso este domingo cerca de las nueve y media de la ma\u00f1ana.","breadcrumb":{"@id":"https:\/\/www.copealcoy.es\/es\/rescate-con-helicoptero-de-un-ciclista-herido-en-el-barranc-de-linfern\/#breadcrumb"},"inLanguage":"es","potentialAction":[{"@type":"ReadAction","target":["https:\/\/www.copealcoy.es\/es\/rescate-con-helicoptero-de-un-ciclista-herido-en-el-barranc-de-linfern\/"]}]},{"@type":"ImageObject","inLanguage":"es","@id":"https:\/\/www.copealcoy.es\/es\/rescate-con-helicoptero-de-un-ciclista-herido-en-el-barranc-de-linfern\/#primaryimage","url":"https:\/\/www.copealcoy.es\/wp-content\/uploads\/2023\/09\/rescate-bomb.png","contentUrl":"https:\/\/www.copealcoy.es\/wp-content\/uploads\/2023\/09\/rescate-bomb.png","width":1178,"height":658},{"@type":"BreadcrumbList","@id":"https:\/\/www.copealcoy.es\/es\/rescate-con-helicoptero-de-un-ciclista-herido-en-el-barranc-de-linfern\/#breadcrumb","itemListElement":[{"@type":"ListItem","position":1,"name":"Portada","item":"https:\/\/www.copealcoy.es\/es\/"},{"@type":"ListItem","position":2,"name":"Rescate con helic\u00f3ptero de un ciclista herido en el Barranc dels Enamorats"}]},{"@type":"WebSite","@id":"https:\/\/www.copealcoy.es\/es\/#website","url":"https:\/\/www.copealcoy.es\/es\/","name":"COPE Alcoy","description":"Emisora COPE de radio local con emisi\u00f3n online. Pont de Sant Jordi 8-10 03803 Alcoy","potentialAction":[{"@type":"SearchAction","target":{"@type":"EntryPoint","urlTemplate":"https:\/\/www.copealcoy.es\/es\/?s={search_term_string}"},"query-input":{"@type":"PropertyValueSpecification","valueRequired":true,"valueName":"search_term_string"}}],"inLanguage":"es"},{"@type":"Person","@id":"https:\/\/www.copealcoy.es\/es\/#\/schema\/person\/e777c87fa024e57d40170af9df39882c","name":"Cope Alcoy","image":{"@type":"ImageObject","inLanguage":"es","@id":"https:\/\/secure.gravatar.com\/avatar\/bb65d0283347e303893ba14f0692005417c1e0e690a325a4c5d8bb2b3943ee14?s=96&d=mm&r=g","url":"https:\/\/secure.gravatar.com\/avatar\/bb65d0283347e303893ba14f0692005417c1e0e690a325a4c5d8bb2b3943ee14?s=96&d=mm&r=g","contentUrl":"https:\/\/secure.gravatar.com\/avatar\/bb65d0283347e303893ba14f0692005417c1e0e690a325a4c5d8bb2b3943ee14?s=96&d=mm&r=g","caption":"Cope Alcoy"}}]}},"_links":{"self":[{"href":"https:\/\/www.copealcoy.es\/es\/wp-json\/wp\/v2\/posts\/122313","targetHints":{"allow":["GET"]}}],"collection":[{"href":"https:\/\/www.copealcoy.es\/es\/wp-json\/wp\/v2\/posts"}],"about":[{"href":"https:\/\/www.copealcoy.es\/es\/wp-json\/wp\/v2\/types\/post"}],"author":[{"embeddable":true,"href":"https:\/\/www.copealcoy.es\/es\/wp-json\/wp\/v2\/users\/1"}],"replies":[{"embeddable":true,"href":"https:\/\/www.copealcoy.es\/es\/wp-json\/wp\/v2\/comments?post=122313"}],"version-history":[{"count":0,"href":"https:\/\/www.copealcoy.es\/es\/wp-json\/wp\/v2\/posts\/122313\/revisions"}],"wp:featuredmedia":[{"embeddable":true,"href":"https:\/\/www.copealcoy.es\/es\/wp-json\/wp\/v2\/media\/122314"}],"wp:attachment":[{"href":"https:\/\/www.copealcoy.es\/es\/wp-json\/wp\/v2\/media?parent=122313"}],"wp:term":[{"taxonomy":"category","embeddable":true,"href":"https:\/\/www.copealcoy.es\/es\/wp-json\/wp\/v2\/categories?post=122313"},{"taxonomy":"post_tag","embeddable":true,"href":"https:\/\/www.copealcoy.es\/es\/wp-json\/wp\/v2\/tags?post=122313"}],"curies":[{"name":"wp","href":"https:\/\/api.w.org\/{rel}","templated":true}]}}