{"id":122194,"date":"2023-09-23T11:03:32","date_gmt":"2023-09-23T10:03:32","guid":{"rendered":"https:\/\/www.copealcoy.es\/?p=122194"},"modified":"2023-09-23T12:14:35","modified_gmt":"2023-09-23T11:14:35","slug":"el-carril-bici-emblema-de-alcoy-como-ciudad-sostenible","status":"publish","type":"post","link":"https:\/\/www.copealcoy.es\/es\/el-carril-bici-emblema-de-alcoy-como-ciudad-sostenible\/","title":{"rendered":"El carril bici, emblema de Alcoy como ciudad sostenible"},"content":{"rendered":"<p>La movilidad sostenible ha sido, sin duda, uno de las prioridades del Gobierno local de Alcoy en los \u00faltimos a\u00f1os. <strong>Carril bici, peatonalizaci\u00f3n del Centro, sem\u00e1foros inteligentes&#8230;<\/strong> Son muchos los proyectos que el Consistorio ha llevado a cabo y que a lo largo de estos d\u00edas celebran con motivo de la <strong>Semana Europea de la Movilidad 2023<\/strong>.<\/p>\n<p>Seg\u00fan datos del <strong>contador de bicicletas y VMP situado en la Alameda<\/strong>, por ese punto han pasado en los que llevamos de mes (a d\u00eda 19 de septiembre) <strong>4.478 usuarios.<\/strong> Para<strong> Jordi Mart\u00ednez<\/strong>, concejal de Movillidad Sostenible, estos son datos que reflejan que cada vez se va utilizando m\u00e1s el carril y que se est\u00e1 optando por estos veh\u00edculos sostenibles.<\/p>\n<p>Precisamente, en este punto, ha comparecido este viernes <strong>Carlos S\u00e1nchez Heras<\/strong>, subdelegado del Gobierno en Alicante. &#8220;Es un honor venir a una ciudad que apuesta por la sostenibildiad, por este tipo de comunicaci\u00f3n y por una forma de vida que se est\u00e1 imponiendo en todos los pa\u00edses de Europa&#8221;.<\/p>\n<p>Pero este no es la \u00fanica apuesta de la ciudad en materia de movilidad sostenible. &#8220;Somos bien conscientes de que iniciamos un camino sin retorno que busca contribuir desde Alcoy a esa obligaci\u00f3n que tenemos de luchar contra el cambio clim\u00e1tico, los efectos que la contaminaci\u00f3n est\u00e1 provocando en el medio ambiente y sus consecuencias.<strong>Todos tenemos que hacernos corresponsable<\/strong>s&#8221;, aseguraba este jueves<strong> Toni Franc\u00e9s<\/strong>, alcalde de la ciudad.<\/p>\n<p>En este sentido, otro proyecto ya en marcha es la<strong> implantaci\u00f3n de sem\u00e1foros inteligentes<\/strong>. Y es que, \u00bfcu\u00e1nto tiempo perdemos en los sem\u00e1foros esperando a que se ponga en verde? \u00bf<strong>Podr\u00eda verse reducido el tiempo de los trayectos y, en consecuencia, la contaminaci\u00f3n<\/strong>?<\/p>\n<p>Ahora es posible con ese sistema de sem\u00e1foros inteligentes, que busca mejorar la movilidad. Por ejemplo, si se tiene que cortar una calle por cualquier motivo, el sistema reordena el resto de sem\u00e1foros para que fluya el tr\u00e1fico con normalidad. Adem\u00e1s, dependiendo de la afluencia de tr\u00e1fico, se gestionan los sem\u00e1foros para intentar que est\u00e9n en verde -en la medida de lo posible- cuando llegamos a las intersecciones.<\/p>\n<p>El sistema ha sido implantado, por el momento, <strong>en 44 puntos de la ciudad<\/strong>. En concreto, <strong>en el eje Entenza-Oliver y Alameda Camilo Sesto-calle Valencia<\/strong>. Se trabaja tambi\u00e9n en un proyecto piloto para dar prioridad a los autobuses en todos los cruces. As\u00ed lo ha explicado <strong>Francsico Moya<\/strong>, gerente de Medio Ambiente y Movilidad de la empresa adjudicataria.<\/p>\n","protected":false},"excerpt":{"rendered":"<p>La movilidad sostenible ha sido, sin duda, uno de las prioridades del Gobierno local de Alcoy en los \u00faltimos a\u00f1os&#8230;.<\/p>\n","protected":false},"author":1,"featured_media":122219,"comment_status":"open","ping_status":"open","sticky":false,"template":"","format":"standard","meta":{"footnotes":""},"categories":[6909,97,75],"tags":[1494,5050,6730,15588],"class_list":["post-122194","post","type-post","status-publish","format-standard","has-post-thumbnail","hentry","category-actualidad","category-alcoy","category-noticias","tag-alcoy","tag-carril-bici","tag-movilidad-sostenible","tag-semaforos"],"yoast_head":"<!-- This site is optimized with the Yoast SEO plugin v27.3 - https:\/\/yoast.com\/product\/yoast-seo-wordpress\/ -->\n<title>El carril bici, emblema de Alcoy como ciudad sostenible - COPE Alcoy<\/title>\n<meta name=\"description\" content=\"La movilidad sostenible ha sido, sin duda, uno de las prioridades del Gobierno local de Alcoy en los \u00faltimos a\u00f1os. Carril bici, peatonalizaci\u00f3n del Centro, sem\u00e1foros inteligentes... Son muchos los proyectos que el Consistorio ha llevado a cabo y que a lo largo de estos d\u00edas celebran con motivo de la Semana Europea de la Movilidad 2023.\" \/>\n<meta name=\"robots\" content=\"index, follow, max-snippet:-1, max-image-preview:large, max-video-preview:-1\" \/>\n<link rel=\"canonical\" href=\"https:\/\/www.copealcoy.es\/es\/el-carril-bici-emblema-de-alcoy-como-ciudad-sostenible\/\" \/>\n<meta property=\"og:locale\" content=\"es_ES\" \/>\n<meta property=\"og:type\" content=\"article\" \/>\n<meta property=\"og:title\" content=\"El carril bici, emblema de Alcoy como ciudad sostenible - COPE Alcoy\" \/>\n<meta property=\"og:description\" content=\"La movilidad sostenible ha sido, sin duda, uno de las prioridades del Gobierno local de Alcoy en los \u00faltimos a\u00f1os. Carril bici, peatonalizaci\u00f3n del Centro, sem\u00e1foros inteligentes... Son muchos los proyectos que el Consistorio ha llevado a cabo y que a lo largo de estos d\u00edas celebran con motivo de la Semana Europea de la Movilidad 2023.\" \/>\n<meta property=\"og:url\" content=\"https:\/\/www.copealcoy.es\/es\/el-carril-bici-emblema-de-alcoy-como-ciudad-sostenible\/\" \/>\n<meta property=\"og:site_name\" content=\"COPE Alcoy\" \/>\n<meta property=\"article:published_time\" content=\"2023-09-23T10:03:32+00:00\" \/>\n<meta property=\"article:modified_time\" content=\"2023-09-23T11:14:35+00:00\" \/>\n<meta property=\"og:image\" content=\"https:\/\/www.copealcoy.es\/wp-content\/uploads\/2023\/09\/WhatsApp-Image-2023-09-22-at-10.40.31-1-scaled.jpeg\" \/>\n\t<meta property=\"og:image:width\" content=\"1530\" \/>\n\t<meta property=\"og:image:height\" content=\"1080\" \/>\n\t<meta property=\"og:image:type\" content=\"image\/jpeg\" \/>\n<meta name=\"author\" content=\"Cope Alcoy\" \/>\n<meta name=\"twitter:label1\" content=\"Escrito por\" \/>\n\t<meta name=\"twitter:data1\" content=\"Cope Alcoy\" \/>\n\t<meta name=\"twitter:label2\" content=\"Tiempo de lectura\" \/>\n\t<meta name=\"twitter:data2\" content=\"2 minutos\" \/>\n<script type=\"application\/ld+json\" class=\"yoast-schema-graph\">{\"@context\":\"https:\\\/\\\/schema.org\",\"@graph\":[{\"@type\":\"Article\",\"@id\":\"https:\\\/\\\/www.copealcoy.es\\\/es\\\/el-carril-bici-emblema-de-alcoy-como-ciudad-sostenible\\\/#article\",\"isPartOf\":{\"@id\":\"https:\\\/\\\/www.copealcoy.es\\\/es\\\/el-carril-bici-emblema-de-alcoy-como-ciudad-sostenible\\\/\"},\"author\":{\"name\":\"Cope Alcoy\",\"@id\":\"https:\\\/\\\/www.copealcoy.es\\\/es\\\/#\\\/schema\\\/person\\\/e777c87fa024e57d40170af9df39882c\"},\"headline\":\"El carril bici, emblema de Alcoy como ciudad sostenible\",\"datePublished\":\"2023-09-23T10:03:32+00:00\",\"dateModified\":\"2023-09-23T11:14:35+00:00\",\"mainEntityOfPage\":{\"@id\":\"https:\\\/\\\/www.copealcoy.es\\\/es\\\/el-carril-bici-emblema-de-alcoy-como-ciudad-sostenible\\\/\"},\"wordCount\":439,\"commentCount\":0,\"image\":{\"@id\":\"https:\\\/\\\/www.copealcoy.es\\\/es\\\/el-carril-bici-emblema-de-alcoy-como-ciudad-sostenible\\\/#primaryimage\"},\"thumbnailUrl\":\"https:\\\/\\\/www.copealcoy.es\\\/wp-content\\\/uploads\\\/2023\\\/09\\\/WhatsApp-Image-2023-09-22-at-10.40.31-1-scaled.jpeg\",\"keywords\":[\"Alcoy\",\"carril bici\",\"movilidad sostenible\",\"sem\u00e1foros\"],\"articleSection\":[\"Actualidad\",\"Alcoy\",\"Noticias\"],\"inLanguage\":\"es\"},{\"@type\":\"WebPage\",\"@id\":\"https:\\\/\\\/www.copealcoy.es\\\/es\\\/el-carril-bici-emblema-de-alcoy-como-ciudad-sostenible\\\/\",\"url\":\"https:\\\/\\\/www.copealcoy.es\\\/es\\\/el-carril-bici-emblema-de-alcoy-como-ciudad-sostenible\\\/\",\"name\":\"El carril bici, emblema de Alcoy como ciudad sostenible - COPE Alcoy\",\"isPartOf\":{\"@id\":\"https:\\\/\\\/www.copealcoy.es\\\/es\\\/#website\"},\"primaryImageOfPage\":{\"@id\":\"https:\\\/\\\/www.copealcoy.es\\\/es\\\/el-carril-bici-emblema-de-alcoy-como-ciudad-sostenible\\\/#primaryimage\"},\"image\":{\"@id\":\"https:\\\/\\\/www.copealcoy.es\\\/es\\\/el-carril-bici-emblema-de-alcoy-como-ciudad-sostenible\\\/#primaryimage\"},\"thumbnailUrl\":\"https:\\\/\\\/www.copealcoy.es\\\/wp-content\\\/uploads\\\/2023\\\/09\\\/WhatsApp-Image-2023-09-22-at-10.40.31-1-scaled.jpeg\",\"datePublished\":\"2023-09-23T10:03:32+00:00\",\"dateModified\":\"2023-09-23T11:14:35+00:00\",\"author\":{\"@id\":\"https:\\\/\\\/www.copealcoy.es\\\/es\\\/#\\\/schema\\\/person\\\/e777c87fa024e57d40170af9df39882c\"},\"description\":\"La movilidad sostenible ha sido, sin duda, uno de las prioridades del Gobierno local de Alcoy en los \u00faltimos a\u00f1os. Carril bici, peatonalizaci\u00f3n del Centro, sem\u00e1foros inteligentes... Son muchos los proyectos que el Consistorio ha llevado a cabo y que a lo largo de estos d\u00edas celebran con motivo de la Semana Europea de la Movilidad 2023.\",\"breadcrumb\":{\"@id\":\"https:\\\/\\\/www.copealcoy.es\\\/es\\\/el-carril-bici-emblema-de-alcoy-como-ciudad-sostenible\\\/#breadcrumb\"},\"inLanguage\":\"es\",\"potentialAction\":[{\"@type\":\"ReadAction\",\"target\":[\"https:\\\/\\\/www.copealcoy.es\\\/es\\\/el-carril-bici-emblema-de-alcoy-como-ciudad-sostenible\\\/\"]}]},{\"@type\":\"ImageObject\",\"inLanguage\":\"es\",\"@id\":\"https:\\\/\\\/www.copealcoy.es\\\/es\\\/el-carril-bici-emblema-de-alcoy-como-ciudad-sostenible\\\/#primaryimage\",\"url\":\"https:\\\/\\\/www.copealcoy.es\\\/wp-content\\\/uploads\\\/2023\\\/09\\\/WhatsApp-Image-2023-09-22-at-10.40.31-1-scaled.jpeg\",\"contentUrl\":\"https:\\\/\\\/www.copealcoy.es\\\/wp-content\\\/uploads\\\/2023\\\/09\\\/WhatsApp-Image-2023-09-22-at-10.40.31-1-scaled.jpeg\",\"width\":1530,\"height\":1080},{\"@type\":\"BreadcrumbList\",\"@id\":\"https:\\\/\\\/www.copealcoy.es\\\/es\\\/el-carril-bici-emblema-de-alcoy-como-ciudad-sostenible\\\/#breadcrumb\",\"itemListElement\":[{\"@type\":\"ListItem\",\"position\":1,\"name\":\"Portada\",\"item\":\"https:\\\/\\\/www.copealcoy.es\\\/es\\\/\"},{\"@type\":\"ListItem\",\"position\":2,\"name\":\"El carril bici, emblema de Alcoy como ciudad sostenible\"}]},{\"@type\":\"WebSite\",\"@id\":\"https:\\\/\\\/www.copealcoy.es\\\/es\\\/#website\",\"url\":\"https:\\\/\\\/www.copealcoy.es\\\/es\\\/\",\"name\":\"COPE Alcoy\",\"description\":\"Emisora COPE de radio local con emisi\u00f3n online. Pont de Sant Jordi 8-10 03803 Alcoy\",\"potentialAction\":[{\"@type\":\"SearchAction\",\"target\":{\"@type\":\"EntryPoint\",\"urlTemplate\":\"https:\\\/\\\/www.copealcoy.es\\\/es\\\/?s={search_term_string}\"},\"query-input\":{\"@type\":\"PropertyValueSpecification\",\"valueRequired\":true,\"valueName\":\"search_term_string\"}}],\"inLanguage\":\"es\"},{\"@type\":\"Person\",\"@id\":\"https:\\\/\\\/www.copealcoy.es\\\/es\\\/#\\\/schema\\\/person\\\/e777c87fa024e57d40170af9df39882c\",\"name\":\"Cope Alcoy\",\"image\":{\"@type\":\"ImageObject\",\"inLanguage\":\"es\",\"@id\":\"https:\\\/\\\/secure.gravatar.com\\\/avatar\\\/bb65d0283347e303893ba14f0692005417c1e0e690a325a4c5d8bb2b3943ee14?s=96&d=mm&r=g\",\"url\":\"https:\\\/\\\/secure.gravatar.com\\\/avatar\\\/bb65d0283347e303893ba14f0692005417c1e0e690a325a4c5d8bb2b3943ee14?s=96&d=mm&r=g\",\"contentUrl\":\"https:\\\/\\\/secure.gravatar.com\\\/avatar\\\/bb65d0283347e303893ba14f0692005417c1e0e690a325a4c5d8bb2b3943ee14?s=96&d=mm&r=g\",\"caption\":\"Cope Alcoy\"}}]}<\/script>\n<!-- \/ Yoast SEO plugin. -->","yoast_head_json":{"title":"El carril bici, emblema de Alcoy como ciudad sostenible - COPE Alcoy","description":"La movilidad sostenible ha sido, sin duda, uno de las prioridades del Gobierno local de Alcoy en los \u00faltimos a\u00f1os. Carril bici, peatonalizaci\u00f3n del Centro, sem\u00e1foros inteligentes... Son muchos los proyectos que el Consistorio ha llevado a cabo y que a lo largo de estos d\u00edas celebran con motivo de la Semana Europea de la Movilidad 2023.","robots":{"index":"index","follow":"follow","max-snippet":"max-snippet:-1","max-image-preview":"max-image-preview:large","max-video-preview":"max-video-preview:-1"},"canonical":"https:\/\/www.copealcoy.es\/es\/el-carril-bici-emblema-de-alcoy-como-ciudad-sostenible\/","og_locale":"es_ES","og_type":"article","og_title":"El carril bici, emblema de Alcoy como ciudad sostenible - COPE Alcoy","og_description":"La movilidad sostenible ha sido, sin duda, uno de las prioridades del Gobierno local de Alcoy en los \u00faltimos a\u00f1os. Carril bici, peatonalizaci\u00f3n del Centro, sem\u00e1foros inteligentes... Son muchos los proyectos que el Consistorio ha llevado a cabo y que a lo largo de estos d\u00edas celebran con motivo de la Semana Europea de la Movilidad 2023.","og_url":"https:\/\/www.copealcoy.es\/es\/el-carril-bici-emblema-de-alcoy-como-ciudad-sostenible\/","og_site_name":"COPE Alcoy","article_published_time":"2023-09-23T10:03:32+00:00","article_modified_time":"2023-09-23T11:14:35+00:00","og_image":[{"width":1530,"height":1080,"url":"https:\/\/www.copealcoy.es\/wp-content\/uploads\/2023\/09\/WhatsApp-Image-2023-09-22-at-10.40.31-1-scaled.jpeg","type":"image\/jpeg"}],"author":"Cope Alcoy","twitter_misc":{"Escrito por":"Cope Alcoy","Tiempo de lectura":"2 minutos"},"schema":{"@context":"https:\/\/schema.org","@graph":[{"@type":"Article","@id":"https:\/\/www.copealcoy.es\/es\/el-carril-bici-emblema-de-alcoy-como-ciudad-sostenible\/#article","isPartOf":{"@id":"https:\/\/www.copealcoy.es\/es\/el-carril-bici-emblema-de-alcoy-como-ciudad-sostenible\/"},"author":{"name":"Cope Alcoy","@id":"https:\/\/www.copealcoy.es\/es\/#\/schema\/person\/e777c87fa024e57d40170af9df39882c"},"headline":"El carril bici, emblema de Alcoy como ciudad sostenible","datePublished":"2023-09-23T10:03:32+00:00","dateModified":"2023-09-23T11:14:35+00:00","mainEntityOfPage":{"@id":"https:\/\/www.copealcoy.es\/es\/el-carril-bici-emblema-de-alcoy-como-ciudad-sostenible\/"},"wordCount":439,"commentCount":0,"image":{"@id":"https:\/\/www.copealcoy.es\/es\/el-carril-bici-emblema-de-alcoy-como-ciudad-sostenible\/#primaryimage"},"thumbnailUrl":"https:\/\/www.copealcoy.es\/wp-content\/uploads\/2023\/09\/WhatsApp-Image-2023-09-22-at-10.40.31-1-scaled.jpeg","keywords":["Alcoy","carril bici","movilidad sostenible","sem\u00e1foros"],"articleSection":["Actualidad","Alcoy","Noticias"],"inLanguage":"es"},{"@type":"WebPage","@id":"https:\/\/www.copealcoy.es\/es\/el-carril-bici-emblema-de-alcoy-como-ciudad-sostenible\/","url":"https:\/\/www.copealcoy.es\/es\/el-carril-bici-emblema-de-alcoy-como-ciudad-sostenible\/","name":"El carril bici, emblema de Alcoy como ciudad sostenible - COPE Alcoy","isPartOf":{"@id":"https:\/\/www.copealcoy.es\/es\/#website"},"primaryImageOfPage":{"@id":"https:\/\/www.copealcoy.es\/es\/el-carril-bici-emblema-de-alcoy-como-ciudad-sostenible\/#primaryimage"},"image":{"@id":"https:\/\/www.copealcoy.es\/es\/el-carril-bici-emblema-de-alcoy-como-ciudad-sostenible\/#primaryimage"},"thumbnailUrl":"https:\/\/www.copealcoy.es\/wp-content\/uploads\/2023\/09\/WhatsApp-Image-2023-09-22-at-10.40.31-1-scaled.jpeg","datePublished":"2023-09-23T10:03:32+00:00","dateModified":"2023-09-23T11:14:35+00:00","author":{"@id":"https:\/\/www.copealcoy.es\/es\/#\/schema\/person\/e777c87fa024e57d40170af9df39882c"},"description":"La movilidad sostenible ha sido, sin duda, uno de las prioridades del Gobierno local de Alcoy en los \u00faltimos a\u00f1os. Carril bici, peatonalizaci\u00f3n del Centro, sem\u00e1foros inteligentes... Son muchos los proyectos que el Consistorio ha llevado a cabo y que a lo largo de estos d\u00edas celebran con motivo de la Semana Europea de la Movilidad 2023.","breadcrumb":{"@id":"https:\/\/www.copealcoy.es\/es\/el-carril-bici-emblema-de-alcoy-como-ciudad-sostenible\/#breadcrumb"},"inLanguage":"es","potentialAction":[{"@type":"ReadAction","target":["https:\/\/www.copealcoy.es\/es\/el-carril-bici-emblema-de-alcoy-como-ciudad-sostenible\/"]}]},{"@type":"ImageObject","inLanguage":"es","@id":"https:\/\/www.copealcoy.es\/es\/el-carril-bici-emblema-de-alcoy-como-ciudad-sostenible\/#primaryimage","url":"https:\/\/www.copealcoy.es\/wp-content\/uploads\/2023\/09\/WhatsApp-Image-2023-09-22-at-10.40.31-1-scaled.jpeg","contentUrl":"https:\/\/www.copealcoy.es\/wp-content\/uploads\/2023\/09\/WhatsApp-Image-2023-09-22-at-10.40.31-1-scaled.jpeg","width":1530,"height":1080},{"@type":"BreadcrumbList","@id":"https:\/\/www.copealcoy.es\/es\/el-carril-bici-emblema-de-alcoy-como-ciudad-sostenible\/#breadcrumb","itemListElement":[{"@type":"ListItem","position":1,"name":"Portada","item":"https:\/\/www.copealcoy.es\/es\/"},{"@type":"ListItem","position":2,"name":"El carril bici, emblema de Alcoy como ciudad sostenible"}]},{"@type":"WebSite","@id":"https:\/\/www.copealcoy.es\/es\/#website","url":"https:\/\/www.copealcoy.es\/es\/","name":"COPE Alcoy","description":"Emisora COPE de radio local con emisi\u00f3n online. Pont de Sant Jordi 8-10 03803 Alcoy","potentialAction":[{"@type":"SearchAction","target":{"@type":"EntryPoint","urlTemplate":"https:\/\/www.copealcoy.es\/es\/?s={search_term_string}"},"query-input":{"@type":"PropertyValueSpecification","valueRequired":true,"valueName":"search_term_string"}}],"inLanguage":"es"},{"@type":"Person","@id":"https:\/\/www.copealcoy.es\/es\/#\/schema\/person\/e777c87fa024e57d40170af9df39882c","name":"Cope Alcoy","image":{"@type":"ImageObject","inLanguage":"es","@id":"https:\/\/secure.gravatar.com\/avatar\/bb65d0283347e303893ba14f0692005417c1e0e690a325a4c5d8bb2b3943ee14?s=96&d=mm&r=g","url":"https:\/\/secure.gravatar.com\/avatar\/bb65d0283347e303893ba14f0692005417c1e0e690a325a4c5d8bb2b3943ee14?s=96&d=mm&r=g","contentUrl":"https:\/\/secure.gravatar.com\/avatar\/bb65d0283347e303893ba14f0692005417c1e0e690a325a4c5d8bb2b3943ee14?s=96&d=mm&r=g","caption":"Cope Alcoy"}}]}},"_links":{"self":[{"href":"https:\/\/www.copealcoy.es\/es\/wp-json\/wp\/v2\/posts\/122194","targetHints":{"allow":["GET"]}}],"collection":[{"href":"https:\/\/www.copealcoy.es\/es\/wp-json\/wp\/v2\/posts"}],"about":[{"href":"https:\/\/www.copealcoy.es\/es\/wp-json\/wp\/v2\/types\/post"}],"author":[{"embeddable":true,"href":"https:\/\/www.copealcoy.es\/es\/wp-json\/wp\/v2\/users\/1"}],"replies":[{"embeddable":true,"href":"https:\/\/www.copealcoy.es\/es\/wp-json\/wp\/v2\/comments?post=122194"}],"version-history":[{"count":0,"href":"https:\/\/www.copealcoy.es\/es\/wp-json\/wp\/v2\/posts\/122194\/revisions"}],"wp:featuredmedia":[{"embeddable":true,"href":"https:\/\/www.copealcoy.es\/es\/wp-json\/wp\/v2\/media\/122219"}],"wp:attachment":[{"href":"https:\/\/www.copealcoy.es\/es\/wp-json\/wp\/v2\/media?parent=122194"}],"wp:term":[{"taxonomy":"category","embeddable":true,"href":"https:\/\/www.copealcoy.es\/es\/wp-json\/wp\/v2\/categories?post=122194"},{"taxonomy":"post_tag","embeddable":true,"href":"https:\/\/www.copealcoy.es\/es\/wp-json\/wp\/v2\/tags?post=122194"}],"curies":[{"name":"wp","href":"https:\/\/api.w.org\/{rel}","templated":true}]}}