{"id":122166,"date":"2023-09-23T07:30:59","date_gmt":"2023-09-23T06:30:59","guid":{"rendered":"https:\/\/www.copealcoy.es\/?p=122166"},"modified":"2023-09-23T12:13:55","modified_gmt":"2023-09-23T11:13:55","slug":"reforzar-la-atencion-primaria-objetivo-prioritario-del-nuevo-equipo-directivo-del-departamento-de-salud-de-alcoy","status":"publish","type":"post","link":"https:\/\/www.copealcoy.es\/es\/reforzar-la-atencion-primaria-objetivo-prioritario-del-nuevo-equipo-directivo-del-departamento-de-salud-de-alcoy\/","title":{"rendered":"Reforzar la Atenci\u00f3n Primaria, objetivo prioritario del nuevo equipo directivo del Departamento de Salud de Alcoy"},"content":{"rendered":"<p style=\"text-align: justify;\">El <strong>nuevo equipo directivo del Departamento de Salud de Alcoy<\/strong> ya ha empezado a trabajar y uno de los <strong>objetivos prioritarios<\/strong> que se marca en esta nueva etapa <strong>es reforzar la Atenci\u00f3n Primaria<\/strong> de los municipios de nuestras comarcas. Todo ello <strong>para evitar que la atenci\u00f3n m\u00e9dica de las peque\u00f1as poblaciones pueda verse mermada<\/strong> tal y como ha sucedido durante el \u00faltimo verano.<\/p>\n<p style=\"text-align: justify;\">A esta cuesti\u00f3n se ha referido esta semana el <strong>nuevo Secretario Auton\u00f3mico de Sanidad<\/strong> durante la visita que hizo al Hospital Virgen de los Lirios para <strong>presidir la presentaci\u00f3n del mencionado equipo directivo<\/strong>. <strong>Paco Ponce<\/strong> insisti\u00f3 en que <strong>se trabajar\u00e1 para reforzar la plantilla de una zona de dif\u00edcil cobertura<\/strong> como la nuestra, tanto del Hospital como de los Centros de Salud, al igual que <strong>incidi\u00f3 en la necesidad de plantear mejoras urgentes en la Atenci\u00f3n Pimaria<\/strong> de la comarca. De igual forma elogi\u00f3 <strong>la labor de las personas que est\u00e1n ahora al frente de la gerencia del Departamento de Salud de Alcoy<\/strong> &#8220;<em>son profesionales que trabajan aqu\u00ed, conocen muy bien las necesidades sanitarias de la zona y est\u00e1n implicados hasta la m\u00e9dula en mejorar la situaci\u00f3n actual. Han tenido protagonismo en reivindicaciones y ahora, con una ilusi\u00f3n enorme, han dado un paso adelante para asumir la gesti\u00f3n. Tenemos el mejor equipo para el mejor Departamento<\/em>&#8220;, sentenci\u00f3. En t\u00e9rminos similares <strong>se expres\u00f3 el nuevo gerente del \u00e1rea sanitaria recordando que conseguir una mejor Atenci\u00f3n Primaria y Atenci\u00f3n Rural<\/strong> son cuestiones fundamentales &#8220;<em>tenemos 25 pueblos, que son casi la mitad de la poblaci\u00f3n del Departamento, que no tienen sem\u00e1foro pero tampoco tienen m\u00e9dico. Vamos a solucionarlo<\/em>&#8220;, dijo Alfredo Rizo.<\/p>\n<p style=\"text-align: justify;\">Indicar que el nuevo equipo directivo lo integran <strong>Bea Va\u00f1\u00f3<\/strong> como Directora M\u00e9dica mientras que <strong>Santiago Aniceto<\/strong> es el Director Econ\u00f3mico. Por su parte, <strong>Bel\u00e9n Abad<\/strong> ser\u00e1 la Directora de Enfermer\u00eda de Atenci\u00f3n Primaria; y <strong>Adela Salieto<\/strong> es la Directora de Enfermer\u00eda del Hospital Virgen de los Lirios.<\/p>\n","protected":false},"excerpt":{"rendered":"<p>El nuevo equipo directivo del Departamento de Salud de Alcoy ya ha empezado a trabajar y uno de los objetivos&#8230;<\/p>\n","protected":false},"author":1,"featured_media":122167,"comment_status":"open","ping_status":"open","sticky":false,"template":"","format":"standard","meta":{"footnotes":""},"categories":[6909,98,75],"tags":[482,1494,11684,237,1527,15578,15579],"class_list":["post-122166","post","type-post","status-publish","format-standard","has-post-thumbnail","hentry","category-actualidad","category-comarcas","category-noticias","tag-alcoia","tag-alcoy","tag-alfredo-rizo","tag-comtat","tag-departamento-de-salud","tag-paco-ponce","tag-secretario-autonomico-de-sanidad"],"yoast_head":"<!-- This site is optimized with the Yoast SEO plugin v27.3 - https:\/\/yoast.com\/product\/yoast-seo-wordpress\/ -->\n<title>Reforzar la Atenci\u00f3n Primaria, objetivo prioritario del nuevo equipo directivo del Departamento de Salud de Alcoy - COPE Alcoy<\/title>\n<meta name=\"description\" content=\"El nuevo equipo directivo del Departamento de Salud de Alcoy se ha marcado como principal objetivo reforzar la Atenci\u00f3n Primaria\" \/>\n<meta name=\"robots\" content=\"index, follow, max-snippet:-1, max-image-preview:large, max-video-preview:-1\" \/>\n<link rel=\"canonical\" href=\"https:\/\/www.copealcoy.es\/es\/reforzar-la-atencion-primaria-objetivo-prioritario-del-nuevo-equipo-directivo-del-departamento-de-salud-de-alcoy\/\" \/>\n<meta property=\"og:locale\" content=\"es_ES\" \/>\n<meta property=\"og:type\" content=\"article\" \/>\n<meta property=\"og:title\" content=\"Reforzar la Atenci\u00f3n Primaria, objetivo prioritario del nuevo equipo directivo del Departamento de Salud de Alcoy - COPE Alcoy\" \/>\n<meta property=\"og:description\" content=\"El nuevo equipo directivo del Departamento de Salud de Alcoy se ha marcado como principal objetivo reforzar la Atenci\u00f3n Primaria\" \/>\n<meta property=\"og:url\" content=\"https:\/\/www.copealcoy.es\/es\/reforzar-la-atencion-primaria-objetivo-prioritario-del-nuevo-equipo-directivo-del-departamento-de-salud-de-alcoy\/\" \/>\n<meta property=\"og:site_name\" content=\"COPE Alcoy\" \/>\n<meta property=\"article:published_time\" content=\"2023-09-23T06:30:59+00:00\" \/>\n<meta property=\"article:modified_time\" content=\"2023-09-23T11:13:55+00:00\" \/>\n<meta property=\"og:image\" content=\"https:\/\/www.copealcoy.es\/wp-content\/uploads\/2023\/09\/NOU-equiop-departament-salut-amb-representants-conselleria.jpg\" \/>\n\t<meta property=\"og:image:width\" content=\"1280\" \/>\n\t<meta property=\"og:image:height\" content=\"960\" \/>\n\t<meta property=\"og:image:type\" content=\"image\/jpeg\" \/>\n<meta name=\"author\" content=\"Cope Alcoy\" \/>\n<meta name=\"twitter:label1\" content=\"Escrito por\" \/>\n\t<meta name=\"twitter:data1\" content=\"Cope Alcoy\" \/>\n\t<meta name=\"twitter:label2\" content=\"Tiempo de lectura\" \/>\n\t<meta name=\"twitter:data2\" content=\"2 minutos\" \/>\n<script type=\"application\/ld+json\" class=\"yoast-schema-graph\">{\"@context\":\"https:\\\/\\\/schema.org\",\"@graph\":[{\"@type\":\"Article\",\"@id\":\"https:\\\/\\\/www.copealcoy.es\\\/es\\\/reforzar-la-atencion-primaria-objetivo-prioritario-del-nuevo-equipo-directivo-del-departamento-de-salud-de-alcoy\\\/#article\",\"isPartOf\":{\"@id\":\"https:\\\/\\\/www.copealcoy.es\\\/es\\\/reforzar-la-atencion-primaria-objetivo-prioritario-del-nuevo-equipo-directivo-del-departamento-de-salud-de-alcoy\\\/\"},\"author\":{\"name\":\"Cope Alcoy\",\"@id\":\"https:\\\/\\\/www.copealcoy.es\\\/es\\\/#\\\/schema\\\/person\\\/e777c87fa024e57d40170af9df39882c\"},\"headline\":\"Reforzar la Atenci\u00f3n Primaria, objetivo prioritario del nuevo equipo directivo del Departamento de Salud de Alcoy\",\"datePublished\":\"2023-09-23T06:30:59+00:00\",\"dateModified\":\"2023-09-23T11:13:55+00:00\",\"mainEntityOfPage\":{\"@id\":\"https:\\\/\\\/www.copealcoy.es\\\/es\\\/reforzar-la-atencion-primaria-objetivo-prioritario-del-nuevo-equipo-directivo-del-departamento-de-salud-de-alcoy\\\/\"},\"wordCount\":362,\"commentCount\":0,\"image\":{\"@id\":\"https:\\\/\\\/www.copealcoy.es\\\/es\\\/reforzar-la-atencion-primaria-objetivo-prioritario-del-nuevo-equipo-directivo-del-departamento-de-salud-de-alcoy\\\/#primaryimage\"},\"thumbnailUrl\":\"https:\\\/\\\/www.copealcoy.es\\\/wp-content\\\/uploads\\\/2023\\\/09\\\/NOU-equiop-departament-salut-amb-representants-conselleria.jpg\",\"keywords\":[\"Alcoi\u00e0\",\"Alcoy\",\"Alfredo Rizo\",\"Comtat\",\"Departamento de Salud\",\"Paco Ponce\",\"Secretario Auton\u00f3mico de Sanidad\"],\"articleSection\":[\"Actualidad\",\"Comarcas\",\"Noticias\"],\"inLanguage\":\"es\"},{\"@type\":\"WebPage\",\"@id\":\"https:\\\/\\\/www.copealcoy.es\\\/es\\\/reforzar-la-atencion-primaria-objetivo-prioritario-del-nuevo-equipo-directivo-del-departamento-de-salud-de-alcoy\\\/\",\"url\":\"https:\\\/\\\/www.copealcoy.es\\\/es\\\/reforzar-la-atencion-primaria-objetivo-prioritario-del-nuevo-equipo-directivo-del-departamento-de-salud-de-alcoy\\\/\",\"name\":\"Reforzar la Atenci\u00f3n Primaria, objetivo prioritario del nuevo equipo directivo del Departamento de Salud de Alcoy - COPE Alcoy\",\"isPartOf\":{\"@id\":\"https:\\\/\\\/www.copealcoy.es\\\/es\\\/#website\"},\"primaryImageOfPage\":{\"@id\":\"https:\\\/\\\/www.copealcoy.es\\\/es\\\/reforzar-la-atencion-primaria-objetivo-prioritario-del-nuevo-equipo-directivo-del-departamento-de-salud-de-alcoy\\\/#primaryimage\"},\"image\":{\"@id\":\"https:\\\/\\\/www.copealcoy.es\\\/es\\\/reforzar-la-atencion-primaria-objetivo-prioritario-del-nuevo-equipo-directivo-del-departamento-de-salud-de-alcoy\\\/#primaryimage\"},\"thumbnailUrl\":\"https:\\\/\\\/www.copealcoy.es\\\/wp-content\\\/uploads\\\/2023\\\/09\\\/NOU-equiop-departament-salut-amb-representants-conselleria.jpg\",\"datePublished\":\"2023-09-23T06:30:59+00:00\",\"dateModified\":\"2023-09-23T11:13:55+00:00\",\"author\":{\"@id\":\"https:\\\/\\\/www.copealcoy.es\\\/es\\\/#\\\/schema\\\/person\\\/e777c87fa024e57d40170af9df39882c\"},\"description\":\"El nuevo equipo directivo del Departamento de Salud de Alcoy se ha marcado como principal objetivo reforzar la Atenci\u00f3n Primaria\",\"breadcrumb\":{\"@id\":\"https:\\\/\\\/www.copealcoy.es\\\/es\\\/reforzar-la-atencion-primaria-objetivo-prioritario-del-nuevo-equipo-directivo-del-departamento-de-salud-de-alcoy\\\/#breadcrumb\"},\"inLanguage\":\"es\",\"potentialAction\":[{\"@type\":\"ReadAction\",\"target\":[\"https:\\\/\\\/www.copealcoy.es\\\/es\\\/reforzar-la-atencion-primaria-objetivo-prioritario-del-nuevo-equipo-directivo-del-departamento-de-salud-de-alcoy\\\/\"]}]},{\"@type\":\"ImageObject\",\"inLanguage\":\"es\",\"@id\":\"https:\\\/\\\/www.copealcoy.es\\\/es\\\/reforzar-la-atencion-primaria-objetivo-prioritario-del-nuevo-equipo-directivo-del-departamento-de-salud-de-alcoy\\\/#primaryimage\",\"url\":\"https:\\\/\\\/www.copealcoy.es\\\/wp-content\\\/uploads\\\/2023\\\/09\\\/NOU-equiop-departament-salut-amb-representants-conselleria.jpg\",\"contentUrl\":\"https:\\\/\\\/www.copealcoy.es\\\/wp-content\\\/uploads\\\/2023\\\/09\\\/NOU-equiop-departament-salut-amb-representants-conselleria.jpg\",\"width\":1280,\"height\":960},{\"@type\":\"BreadcrumbList\",\"@id\":\"https:\\\/\\\/www.copealcoy.es\\\/es\\\/reforzar-la-atencion-primaria-objetivo-prioritario-del-nuevo-equipo-directivo-del-departamento-de-salud-de-alcoy\\\/#breadcrumb\",\"itemListElement\":[{\"@type\":\"ListItem\",\"position\":1,\"name\":\"Portada\",\"item\":\"https:\\\/\\\/www.copealcoy.es\\\/es\\\/\"},{\"@type\":\"ListItem\",\"position\":2,\"name\":\"Reforzar la Atenci\u00f3n Primaria, objetivo prioritario del nuevo equipo directivo del Departamento de Salud de Alcoy\"}]},{\"@type\":\"WebSite\",\"@id\":\"https:\\\/\\\/www.copealcoy.es\\\/es\\\/#website\",\"url\":\"https:\\\/\\\/www.copealcoy.es\\\/es\\\/\",\"name\":\"COPE Alcoy\",\"description\":\"Emisora COPE de radio local con emisi\u00f3n online. Pont de Sant Jordi 8-10 03803 Alcoy\",\"potentialAction\":[{\"@type\":\"SearchAction\",\"target\":{\"@type\":\"EntryPoint\",\"urlTemplate\":\"https:\\\/\\\/www.copealcoy.es\\\/es\\\/?s={search_term_string}\"},\"query-input\":{\"@type\":\"PropertyValueSpecification\",\"valueRequired\":true,\"valueName\":\"search_term_string\"}}],\"inLanguage\":\"es\"},{\"@type\":\"Person\",\"@id\":\"https:\\\/\\\/www.copealcoy.es\\\/es\\\/#\\\/schema\\\/person\\\/e777c87fa024e57d40170af9df39882c\",\"name\":\"Cope Alcoy\",\"image\":{\"@type\":\"ImageObject\",\"inLanguage\":\"es\",\"@id\":\"https:\\\/\\\/secure.gravatar.com\\\/avatar\\\/bb65d0283347e303893ba14f0692005417c1e0e690a325a4c5d8bb2b3943ee14?s=96&d=mm&r=g\",\"url\":\"https:\\\/\\\/secure.gravatar.com\\\/avatar\\\/bb65d0283347e303893ba14f0692005417c1e0e690a325a4c5d8bb2b3943ee14?s=96&d=mm&r=g\",\"contentUrl\":\"https:\\\/\\\/secure.gravatar.com\\\/avatar\\\/bb65d0283347e303893ba14f0692005417c1e0e690a325a4c5d8bb2b3943ee14?s=96&d=mm&r=g\",\"caption\":\"Cope Alcoy\"}}]}<\/script>\n<!-- \/ Yoast SEO plugin. -->","yoast_head_json":{"title":"Reforzar la Atenci\u00f3n Primaria, objetivo prioritario del nuevo equipo directivo del Departamento de Salud de Alcoy - COPE Alcoy","description":"El nuevo equipo directivo del Departamento de Salud de Alcoy se ha marcado como principal objetivo reforzar la Atenci\u00f3n Primaria","robots":{"index":"index","follow":"follow","max-snippet":"max-snippet:-1","max-image-preview":"max-image-preview:large","max-video-preview":"max-video-preview:-1"},"canonical":"https:\/\/www.copealcoy.es\/es\/reforzar-la-atencion-primaria-objetivo-prioritario-del-nuevo-equipo-directivo-del-departamento-de-salud-de-alcoy\/","og_locale":"es_ES","og_type":"article","og_title":"Reforzar la Atenci\u00f3n Primaria, objetivo prioritario del nuevo equipo directivo del Departamento de Salud de Alcoy - COPE Alcoy","og_description":"El nuevo equipo directivo del Departamento de Salud de Alcoy se ha marcado como principal objetivo reforzar la Atenci\u00f3n Primaria","og_url":"https:\/\/www.copealcoy.es\/es\/reforzar-la-atencion-primaria-objetivo-prioritario-del-nuevo-equipo-directivo-del-departamento-de-salud-de-alcoy\/","og_site_name":"COPE Alcoy","article_published_time":"2023-09-23T06:30:59+00:00","article_modified_time":"2023-09-23T11:13:55+00:00","og_image":[{"width":1280,"height":960,"url":"https:\/\/www.copealcoy.es\/wp-content\/uploads\/2023\/09\/NOU-equiop-departament-salut-amb-representants-conselleria.jpg","type":"image\/jpeg"}],"author":"Cope Alcoy","twitter_misc":{"Escrito por":"Cope Alcoy","Tiempo de lectura":"2 minutos"},"schema":{"@context":"https:\/\/schema.org","@graph":[{"@type":"Article","@id":"https:\/\/www.copealcoy.es\/es\/reforzar-la-atencion-primaria-objetivo-prioritario-del-nuevo-equipo-directivo-del-departamento-de-salud-de-alcoy\/#article","isPartOf":{"@id":"https:\/\/www.copealcoy.es\/es\/reforzar-la-atencion-primaria-objetivo-prioritario-del-nuevo-equipo-directivo-del-departamento-de-salud-de-alcoy\/"},"author":{"name":"Cope Alcoy","@id":"https:\/\/www.copealcoy.es\/es\/#\/schema\/person\/e777c87fa024e57d40170af9df39882c"},"headline":"Reforzar la Atenci\u00f3n Primaria, objetivo prioritario del nuevo equipo directivo del Departamento de Salud de Alcoy","datePublished":"2023-09-23T06:30:59+00:00","dateModified":"2023-09-23T11:13:55+00:00","mainEntityOfPage":{"@id":"https:\/\/www.copealcoy.es\/es\/reforzar-la-atencion-primaria-objetivo-prioritario-del-nuevo-equipo-directivo-del-departamento-de-salud-de-alcoy\/"},"wordCount":362,"commentCount":0,"image":{"@id":"https:\/\/www.copealcoy.es\/es\/reforzar-la-atencion-primaria-objetivo-prioritario-del-nuevo-equipo-directivo-del-departamento-de-salud-de-alcoy\/#primaryimage"},"thumbnailUrl":"https:\/\/www.copealcoy.es\/wp-content\/uploads\/2023\/09\/NOU-equiop-departament-salut-amb-representants-conselleria.jpg","keywords":["Alcoi\u00e0","Alcoy","Alfredo Rizo","Comtat","Departamento de Salud","Paco Ponce","Secretario Auton\u00f3mico de Sanidad"],"articleSection":["Actualidad","Comarcas","Noticias"],"inLanguage":"es"},{"@type":"WebPage","@id":"https:\/\/www.copealcoy.es\/es\/reforzar-la-atencion-primaria-objetivo-prioritario-del-nuevo-equipo-directivo-del-departamento-de-salud-de-alcoy\/","url":"https:\/\/www.copealcoy.es\/es\/reforzar-la-atencion-primaria-objetivo-prioritario-del-nuevo-equipo-directivo-del-departamento-de-salud-de-alcoy\/","name":"Reforzar la Atenci\u00f3n Primaria, objetivo prioritario del nuevo equipo directivo del Departamento de Salud de Alcoy - COPE Alcoy","isPartOf":{"@id":"https:\/\/www.copealcoy.es\/es\/#website"},"primaryImageOfPage":{"@id":"https:\/\/www.copealcoy.es\/es\/reforzar-la-atencion-primaria-objetivo-prioritario-del-nuevo-equipo-directivo-del-departamento-de-salud-de-alcoy\/#primaryimage"},"image":{"@id":"https:\/\/www.copealcoy.es\/es\/reforzar-la-atencion-primaria-objetivo-prioritario-del-nuevo-equipo-directivo-del-departamento-de-salud-de-alcoy\/#primaryimage"},"thumbnailUrl":"https:\/\/www.copealcoy.es\/wp-content\/uploads\/2023\/09\/NOU-equiop-departament-salut-amb-representants-conselleria.jpg","datePublished":"2023-09-23T06:30:59+00:00","dateModified":"2023-09-23T11:13:55+00:00","author":{"@id":"https:\/\/www.copealcoy.es\/es\/#\/schema\/person\/e777c87fa024e57d40170af9df39882c"},"description":"El nuevo equipo directivo del Departamento de Salud de Alcoy se ha marcado como principal objetivo reforzar la Atenci\u00f3n Primaria","breadcrumb":{"@id":"https:\/\/www.copealcoy.es\/es\/reforzar-la-atencion-primaria-objetivo-prioritario-del-nuevo-equipo-directivo-del-departamento-de-salud-de-alcoy\/#breadcrumb"},"inLanguage":"es","potentialAction":[{"@type":"ReadAction","target":["https:\/\/www.copealcoy.es\/es\/reforzar-la-atencion-primaria-objetivo-prioritario-del-nuevo-equipo-directivo-del-departamento-de-salud-de-alcoy\/"]}]},{"@type":"ImageObject","inLanguage":"es","@id":"https:\/\/www.copealcoy.es\/es\/reforzar-la-atencion-primaria-objetivo-prioritario-del-nuevo-equipo-directivo-del-departamento-de-salud-de-alcoy\/#primaryimage","url":"https:\/\/www.copealcoy.es\/wp-content\/uploads\/2023\/09\/NOU-equiop-departament-salut-amb-representants-conselleria.jpg","contentUrl":"https:\/\/www.copealcoy.es\/wp-content\/uploads\/2023\/09\/NOU-equiop-departament-salut-amb-representants-conselleria.jpg","width":1280,"height":960},{"@type":"BreadcrumbList","@id":"https:\/\/www.copealcoy.es\/es\/reforzar-la-atencion-primaria-objetivo-prioritario-del-nuevo-equipo-directivo-del-departamento-de-salud-de-alcoy\/#breadcrumb","itemListElement":[{"@type":"ListItem","position":1,"name":"Portada","item":"https:\/\/www.copealcoy.es\/es\/"},{"@type":"ListItem","position":2,"name":"Reforzar la Atenci\u00f3n Primaria, objetivo prioritario del nuevo equipo directivo del Departamento de Salud de Alcoy"}]},{"@type":"WebSite","@id":"https:\/\/www.copealcoy.es\/es\/#website","url":"https:\/\/www.copealcoy.es\/es\/","name":"COPE Alcoy","description":"Emisora COPE de radio local con emisi\u00f3n online. Pont de Sant Jordi 8-10 03803 Alcoy","potentialAction":[{"@type":"SearchAction","target":{"@type":"EntryPoint","urlTemplate":"https:\/\/www.copealcoy.es\/es\/?s={search_term_string}"},"query-input":{"@type":"PropertyValueSpecification","valueRequired":true,"valueName":"search_term_string"}}],"inLanguage":"es"},{"@type":"Person","@id":"https:\/\/www.copealcoy.es\/es\/#\/schema\/person\/e777c87fa024e57d40170af9df39882c","name":"Cope Alcoy","image":{"@type":"ImageObject","inLanguage":"es","@id":"https:\/\/secure.gravatar.com\/avatar\/bb65d0283347e303893ba14f0692005417c1e0e690a325a4c5d8bb2b3943ee14?s=96&d=mm&r=g","url":"https:\/\/secure.gravatar.com\/avatar\/bb65d0283347e303893ba14f0692005417c1e0e690a325a4c5d8bb2b3943ee14?s=96&d=mm&r=g","contentUrl":"https:\/\/secure.gravatar.com\/avatar\/bb65d0283347e303893ba14f0692005417c1e0e690a325a4c5d8bb2b3943ee14?s=96&d=mm&r=g","caption":"Cope Alcoy"}}]}},"_links":{"self":[{"href":"https:\/\/www.copealcoy.es\/es\/wp-json\/wp\/v2\/posts\/122166","targetHints":{"allow":["GET"]}}],"collection":[{"href":"https:\/\/www.copealcoy.es\/es\/wp-json\/wp\/v2\/posts"}],"about":[{"href":"https:\/\/www.copealcoy.es\/es\/wp-json\/wp\/v2\/types\/post"}],"author":[{"embeddable":true,"href":"https:\/\/www.copealcoy.es\/es\/wp-json\/wp\/v2\/users\/1"}],"replies":[{"embeddable":true,"href":"https:\/\/www.copealcoy.es\/es\/wp-json\/wp\/v2\/comments?post=122166"}],"version-history":[{"count":0,"href":"https:\/\/www.copealcoy.es\/es\/wp-json\/wp\/v2\/posts\/122166\/revisions"}],"wp:featuredmedia":[{"embeddable":true,"href":"https:\/\/www.copealcoy.es\/es\/wp-json\/wp\/v2\/media\/122167"}],"wp:attachment":[{"href":"https:\/\/www.copealcoy.es\/es\/wp-json\/wp\/v2\/media?parent=122166"}],"wp:term":[{"taxonomy":"category","embeddable":true,"href":"https:\/\/www.copealcoy.es\/es\/wp-json\/wp\/v2\/categories?post=122166"},{"taxonomy":"post_tag","embeddable":true,"href":"https:\/\/www.copealcoy.es\/es\/wp-json\/wp\/v2\/tags?post=122166"}],"curies":[{"name":"wp","href":"https:\/\/api.w.org\/{rel}","templated":true}]}}