{"id":122162,"date":"2023-09-22T06:00:27","date_gmt":"2023-09-22T05:00:27","guid":{"rendered":"https:\/\/www.copealcoy.es\/?p=122162"},"modified":"2023-09-22T08:21:01","modified_gmt":"2023-09-22T07:21:01","slug":"informativo-matinal-viernes-22-de-septiembre-2023-0720h","status":"publish","type":"post","link":"https:\/\/www.copealcoy.es\/es\/informativo-matinal-viernes-22-de-septiembre-2023-0720h\/","title":{"rendered":"Informativo matinal viernes 22 de septiembre 2023 (07:20h)"},"content":{"rendered":"<p><iframe loading=\"lazy\" title=\"Informatiu Matinal Divendres 22 De Setembre 2023 (07:20h)\" width=\"100%\" height=\"120\" src=\"https:\/\/www.mixcloud.com\/widget\/iframe\/?feed=https%3A%2F%2Fwww.mixcloud.com%2FCOPEAlcoy%2Finformatiu-matinal-divendres-22-de-setembre-2023-0720h%2F&amp;hide_cover=1\" frameborder=\"0\"><\/iframe><\/p>\n<p style=\"text-align: justify;\">La <strong>reducci\u00f3n del tiempo de los trayectos con los sem\u00e1foros inteligentes<\/strong> y el <strong>aumento de las exportaciones en Alcoy y comarca<\/strong> son algunas de las noticias de este 22 de septiembre de 2023. Tambi\u00e9n te hemos recordado que <strong>ayer emitimos un programa especial desde el Centro Comercial Alzamora<\/strong> para hablar de la Feria Modernista de Alcoy que arranca hoy.<\/p>\n<p style=\"text-align: justify;\">Alcoy se prepara para<strong>\u00a0la celebraci\u00f3n de la Feria Modernista<\/strong> y COPE ALCOY ha salido a la calle con el fin de ofrecerte\u00a0<strong>un programa especial<\/strong>\u00a0centrado en toda la actualidad de un evento que\u00a0<strong>atraer\u00e1 a centenares de visitantes hasta nuestra ciudad<\/strong>\u00a0durante el fin de semana. Nos hemos desplazado hasta el\u00a0<span style=\"color: #0000ff;\"><a style=\"color: #0000ff;\" href=\"https:\/\/www.ccalzamora.es\/\"><strong>Centro Comercial Alzamora<\/strong><\/a><\/span>\u00a0y all\u00ed hemos recibido a\u00a0<strong>gran cantidad de protagonistas<\/strong>\u00a0que nos han contado muchas cosas interesantes sobre la Feria Modernista de este a\u00f1o.<\/p>\n<p style=\"text-align: justify;\">Por el set, instalado en la primera parte del Centro Comercial, ha pasado\u00a0<strong>Rebeca Soler<\/strong>\u00a0para hablarnos de la protagonista a quien va dedicada la Feria de este a\u00f1o. Ella es descendiente de Virginia Soler y nos ha hablado de esta \u00faltima as\u00ed como de la importante labor que desempe\u00f1\u00f3 en el campo de la medicina. Tambi\u00e9n ha estado\u00a0<strong>Jenny Ram\u00edrez<\/strong>, persona encargada de representar a la misma Virginia Soler y que nos ha hablado de las actividades que ha realizado con los m\u00e1s peque\u00f1os en los \u00faltimos meses para que pudieran conocer la figura del personaje.<\/p>\n<p style=\"text-align: justify;\">En la parte central del programa hemos conocido las actividades que ha preparado el MUBOMA para esta Feria Modernista de 2023 y para ello nos ha acompa\u00f1ado\u00a0<strong>Elena M\u00e9ndez<\/strong>, la coordinadora de actividades de este museo de la ciudad. Tambi\u00e9n\u00a0<strong>Guzm\u00e1n Bernab\u00e9u<\/strong>, del Grupo de Recreaci\u00f3n Alcoy Modernista, nos ha contado la recreaci\u00f3n del mercado de \u00e9poca que llevar\u00e1n a cabo este mismo s\u00e1bado por la ma\u00f1ana en plena Plaza de Espa\u00f1a de Alcoy.<\/p>\n<p style=\"text-align: justify;\">Los \u00faltimos minutos del programa han estado reservados para\u00a0<strong>Lorena Zamorano<\/strong>, edil de Turismo del Ayuntamiento de Alcoy, que adem\u00e1s de contarnos las muchas propuestas previstas en la Feria Modernista; nos ha hablado de las buenas previsiones tur\u00edsticas que se manejan de cara al fin de semana. Por \u00faltimo\u00a0<strong>Jorge Valc\u00e1rcel<\/strong>, gerente del Centro Comercial Alzamora, ha explicado las propuestas que nos han preparado en esta Feria Modernista.<\/p>\n","protected":false},"excerpt":{"rendered":"<p>La reducci\u00f3n del tiempo de los trayectos con los sem\u00e1foros inteligentes y el aumento de las exportaciones en Alcoy y&#8230;<\/p>\n","protected":false},"author":1,"featured_media":110612,"comment_status":"open","ping_status":"open","sticky":false,"template":"","format":"standard","meta":{"footnotes":""},"categories":[6909,89,91],"tags":[],"class_list":["post-122162","post","type-post","status-publish","format-standard","has-post-thumbnail","hentry","category-actualidad","category-audiosdelosprogramas","category-informativos"],"yoast_head":"<!-- This site is optimized with the Yoast SEO plugin v27.3 - https:\/\/yoast.com\/product\/yoast-seo-wordpress\/ -->\n<title>Informativo matinal viernes 22 de septiembre 2023 (07:20h) - COPE Alcoy<\/title>\n<meta name=\"description\" content=\"La reducci\u00f3n del tiempo de los trayectos con los sem\u00e1foros inteligentes y el aumento de las exportaciones en Alcoy y comarca son algunas de las noticias de este 22 de septiembre de 2023.\" \/>\n<meta name=\"robots\" content=\"index, follow, max-snippet:-1, max-image-preview:large, max-video-preview:-1\" \/>\n<link rel=\"canonical\" href=\"https:\/\/www.copealcoy.es\/es\/informativo-matinal-viernes-22-de-septiembre-2023-0720h\/\" \/>\n<meta property=\"og:locale\" content=\"es_ES\" \/>\n<meta property=\"og:type\" content=\"article\" \/>\n<meta property=\"og:title\" content=\"Informativo matinal viernes 22 de septiembre 2023 (07:20h) - COPE Alcoy\" \/>\n<meta property=\"og:description\" content=\"La reducci\u00f3n del tiempo de los trayectos con los sem\u00e1foros inteligentes y el aumento de las exportaciones en Alcoy y comarca son algunas de las noticias de este 22 de septiembre de 2023.\" \/>\n<meta property=\"og:url\" content=\"https:\/\/www.copealcoy.es\/es\/informativo-matinal-viernes-22-de-septiembre-2023-0720h\/\" \/>\n<meta property=\"og:site_name\" content=\"COPE Alcoy\" \/>\n<meta property=\"article:published_time\" content=\"2023-09-22T05:00:27+00:00\" \/>\n<meta property=\"article:modified_time\" content=\"2023-09-22T07:21:01+00:00\" \/>\n<meta property=\"og:image\" content=\"https:\/\/www.copealcoy.es\/wp-content\/uploads\/2023\/02\/Herrera-en-COPE-Alcoy-4.png\" \/>\n\t<meta property=\"og:image:width\" content=\"357\" \/>\n\t<meta property=\"og:image:height\" content=\"290\" \/>\n\t<meta property=\"og:image:type\" content=\"image\/png\" \/>\n<meta name=\"author\" content=\"Cope Alcoy\" \/>\n<meta name=\"twitter:label1\" content=\"Escrito por\" \/>\n\t<meta name=\"twitter:data1\" content=\"Cope Alcoy\" \/>\n\t<meta name=\"twitter:label2\" content=\"Tiempo de lectura\" \/>\n\t<meta name=\"twitter:data2\" content=\"2 minutos\" \/>\n<script type=\"application\/ld+json\" class=\"yoast-schema-graph\">{\"@context\":\"https:\\\/\\\/schema.org\",\"@graph\":[{\"@type\":\"Article\",\"@id\":\"https:\\\/\\\/www.copealcoy.es\\\/es\\\/informativo-matinal-viernes-22-de-septiembre-2023-0720h\\\/#article\",\"isPartOf\":{\"@id\":\"https:\\\/\\\/www.copealcoy.es\\\/es\\\/informativo-matinal-viernes-22-de-septiembre-2023-0720h\\\/\"},\"author\":{\"name\":\"Cope Alcoy\",\"@id\":\"https:\\\/\\\/www.copealcoy.es\\\/es\\\/#\\\/schema\\\/person\\\/e777c87fa024e57d40170af9df39882c\"},\"headline\":\"Informativo matinal viernes 22 de septiembre 2023 (07:20h)\",\"datePublished\":\"2023-09-22T05:00:27+00:00\",\"dateModified\":\"2023-09-22T07:21:01+00:00\",\"mainEntityOfPage\":{\"@id\":\"https:\\\/\\\/www.copealcoy.es\\\/es\\\/informativo-matinal-viernes-22-de-septiembre-2023-0720h\\\/\"},\"wordCount\":413,\"commentCount\":0,\"image\":{\"@id\":\"https:\\\/\\\/www.copealcoy.es\\\/es\\\/informativo-matinal-viernes-22-de-septiembre-2023-0720h\\\/#primaryimage\"},\"thumbnailUrl\":\"https:\\\/\\\/www.copealcoy.es\\\/wp-content\\\/uploads\\\/2023\\\/02\\\/Herrera-en-COPE-Alcoy-4.png\",\"articleSection\":[\"Actualidad\",\"Audios de los programas\",\"Informativos\"],\"inLanguage\":\"es\"},{\"@type\":\"WebPage\",\"@id\":\"https:\\\/\\\/www.copealcoy.es\\\/es\\\/informativo-matinal-viernes-22-de-septiembre-2023-0720h\\\/\",\"url\":\"https:\\\/\\\/www.copealcoy.es\\\/es\\\/informativo-matinal-viernes-22-de-septiembre-2023-0720h\\\/\",\"name\":\"Informativo matinal viernes 22 de septiembre 2023 (07:20h) - COPE Alcoy\",\"isPartOf\":{\"@id\":\"https:\\\/\\\/www.copealcoy.es\\\/es\\\/#website\"},\"primaryImageOfPage\":{\"@id\":\"https:\\\/\\\/www.copealcoy.es\\\/es\\\/informativo-matinal-viernes-22-de-septiembre-2023-0720h\\\/#primaryimage\"},\"image\":{\"@id\":\"https:\\\/\\\/www.copealcoy.es\\\/es\\\/informativo-matinal-viernes-22-de-septiembre-2023-0720h\\\/#primaryimage\"},\"thumbnailUrl\":\"https:\\\/\\\/www.copealcoy.es\\\/wp-content\\\/uploads\\\/2023\\\/02\\\/Herrera-en-COPE-Alcoy-4.png\",\"datePublished\":\"2023-09-22T05:00:27+00:00\",\"dateModified\":\"2023-09-22T07:21:01+00:00\",\"author\":{\"@id\":\"https:\\\/\\\/www.copealcoy.es\\\/es\\\/#\\\/schema\\\/person\\\/e777c87fa024e57d40170af9df39882c\"},\"description\":\"La reducci\u00f3n del tiempo de los trayectos con los sem\u00e1foros inteligentes y el aumento de las exportaciones en Alcoy y comarca son algunas de las noticias de este 22 de septiembre de 2023.\",\"breadcrumb\":{\"@id\":\"https:\\\/\\\/www.copealcoy.es\\\/es\\\/informativo-matinal-viernes-22-de-septiembre-2023-0720h\\\/#breadcrumb\"},\"inLanguage\":\"es\",\"potentialAction\":[{\"@type\":\"ReadAction\",\"target\":[\"https:\\\/\\\/www.copealcoy.es\\\/es\\\/informativo-matinal-viernes-22-de-septiembre-2023-0720h\\\/\"]}]},{\"@type\":\"ImageObject\",\"inLanguage\":\"es\",\"@id\":\"https:\\\/\\\/www.copealcoy.es\\\/es\\\/informativo-matinal-viernes-22-de-septiembre-2023-0720h\\\/#primaryimage\",\"url\":\"https:\\\/\\\/www.copealcoy.es\\\/wp-content\\\/uploads\\\/2023\\\/02\\\/Herrera-en-COPE-Alcoy-4.png\",\"contentUrl\":\"https:\\\/\\\/www.copealcoy.es\\\/wp-content\\\/uploads\\\/2023\\\/02\\\/Herrera-en-COPE-Alcoy-4.png\",\"width\":357,\"height\":290},{\"@type\":\"BreadcrumbList\",\"@id\":\"https:\\\/\\\/www.copealcoy.es\\\/es\\\/informativo-matinal-viernes-22-de-septiembre-2023-0720h\\\/#breadcrumb\",\"itemListElement\":[{\"@type\":\"ListItem\",\"position\":1,\"name\":\"Portada\",\"item\":\"https:\\\/\\\/www.copealcoy.es\\\/es\\\/\"},{\"@type\":\"ListItem\",\"position\":2,\"name\":\"Informativo matinal viernes 22 de septiembre 2023 (07:20h)\"}]},{\"@type\":\"WebSite\",\"@id\":\"https:\\\/\\\/www.copealcoy.es\\\/es\\\/#website\",\"url\":\"https:\\\/\\\/www.copealcoy.es\\\/es\\\/\",\"name\":\"COPE Alcoy\",\"description\":\"Emisora COPE de radio local con emisi\u00f3n online. Pont de Sant Jordi 8-10 03803 Alcoy\",\"potentialAction\":[{\"@type\":\"SearchAction\",\"target\":{\"@type\":\"EntryPoint\",\"urlTemplate\":\"https:\\\/\\\/www.copealcoy.es\\\/es\\\/?s={search_term_string}\"},\"query-input\":{\"@type\":\"PropertyValueSpecification\",\"valueRequired\":true,\"valueName\":\"search_term_string\"}}],\"inLanguage\":\"es\"},{\"@type\":\"Person\",\"@id\":\"https:\\\/\\\/www.copealcoy.es\\\/es\\\/#\\\/schema\\\/person\\\/e777c87fa024e57d40170af9df39882c\",\"name\":\"Cope Alcoy\",\"image\":{\"@type\":\"ImageObject\",\"inLanguage\":\"es\",\"@id\":\"https:\\\/\\\/secure.gravatar.com\\\/avatar\\\/bb65d0283347e303893ba14f0692005417c1e0e690a325a4c5d8bb2b3943ee14?s=96&d=mm&r=g\",\"url\":\"https:\\\/\\\/secure.gravatar.com\\\/avatar\\\/bb65d0283347e303893ba14f0692005417c1e0e690a325a4c5d8bb2b3943ee14?s=96&d=mm&r=g\",\"contentUrl\":\"https:\\\/\\\/secure.gravatar.com\\\/avatar\\\/bb65d0283347e303893ba14f0692005417c1e0e690a325a4c5d8bb2b3943ee14?s=96&d=mm&r=g\",\"caption\":\"Cope Alcoy\"}}]}<\/script>\n<!-- \/ Yoast SEO plugin. -->","yoast_head_json":{"title":"Informativo matinal viernes 22 de septiembre 2023 (07:20h) - COPE Alcoy","description":"La reducci\u00f3n del tiempo de los trayectos con los sem\u00e1foros inteligentes y el aumento de las exportaciones en Alcoy y comarca son algunas de las noticias de este 22 de septiembre de 2023.","robots":{"index":"index","follow":"follow","max-snippet":"max-snippet:-1","max-image-preview":"max-image-preview:large","max-video-preview":"max-video-preview:-1"},"canonical":"https:\/\/www.copealcoy.es\/es\/informativo-matinal-viernes-22-de-septiembre-2023-0720h\/","og_locale":"es_ES","og_type":"article","og_title":"Informativo matinal viernes 22 de septiembre 2023 (07:20h) - COPE Alcoy","og_description":"La reducci\u00f3n del tiempo de los trayectos con los sem\u00e1foros inteligentes y el aumento de las exportaciones en Alcoy y comarca son algunas de las noticias de este 22 de septiembre de 2023.","og_url":"https:\/\/www.copealcoy.es\/es\/informativo-matinal-viernes-22-de-septiembre-2023-0720h\/","og_site_name":"COPE Alcoy","article_published_time":"2023-09-22T05:00:27+00:00","article_modified_time":"2023-09-22T07:21:01+00:00","og_image":[{"width":357,"height":290,"url":"https:\/\/www.copealcoy.es\/wp-content\/uploads\/2023\/02\/Herrera-en-COPE-Alcoy-4.png","type":"image\/png"}],"author":"Cope Alcoy","twitter_misc":{"Escrito por":"Cope Alcoy","Tiempo de lectura":"2 minutos"},"schema":{"@context":"https:\/\/schema.org","@graph":[{"@type":"Article","@id":"https:\/\/www.copealcoy.es\/es\/informativo-matinal-viernes-22-de-septiembre-2023-0720h\/#article","isPartOf":{"@id":"https:\/\/www.copealcoy.es\/es\/informativo-matinal-viernes-22-de-septiembre-2023-0720h\/"},"author":{"name":"Cope Alcoy","@id":"https:\/\/www.copealcoy.es\/es\/#\/schema\/person\/e777c87fa024e57d40170af9df39882c"},"headline":"Informativo matinal viernes 22 de septiembre 2023 (07:20h)","datePublished":"2023-09-22T05:00:27+00:00","dateModified":"2023-09-22T07:21:01+00:00","mainEntityOfPage":{"@id":"https:\/\/www.copealcoy.es\/es\/informativo-matinal-viernes-22-de-septiembre-2023-0720h\/"},"wordCount":413,"commentCount":0,"image":{"@id":"https:\/\/www.copealcoy.es\/es\/informativo-matinal-viernes-22-de-septiembre-2023-0720h\/#primaryimage"},"thumbnailUrl":"https:\/\/www.copealcoy.es\/wp-content\/uploads\/2023\/02\/Herrera-en-COPE-Alcoy-4.png","articleSection":["Actualidad","Audios de los programas","Informativos"],"inLanguage":"es"},{"@type":"WebPage","@id":"https:\/\/www.copealcoy.es\/es\/informativo-matinal-viernes-22-de-septiembre-2023-0720h\/","url":"https:\/\/www.copealcoy.es\/es\/informativo-matinal-viernes-22-de-septiembre-2023-0720h\/","name":"Informativo matinal viernes 22 de septiembre 2023 (07:20h) - COPE Alcoy","isPartOf":{"@id":"https:\/\/www.copealcoy.es\/es\/#website"},"primaryImageOfPage":{"@id":"https:\/\/www.copealcoy.es\/es\/informativo-matinal-viernes-22-de-septiembre-2023-0720h\/#primaryimage"},"image":{"@id":"https:\/\/www.copealcoy.es\/es\/informativo-matinal-viernes-22-de-septiembre-2023-0720h\/#primaryimage"},"thumbnailUrl":"https:\/\/www.copealcoy.es\/wp-content\/uploads\/2023\/02\/Herrera-en-COPE-Alcoy-4.png","datePublished":"2023-09-22T05:00:27+00:00","dateModified":"2023-09-22T07:21:01+00:00","author":{"@id":"https:\/\/www.copealcoy.es\/es\/#\/schema\/person\/e777c87fa024e57d40170af9df39882c"},"description":"La reducci\u00f3n del tiempo de los trayectos con los sem\u00e1foros inteligentes y el aumento de las exportaciones en Alcoy y comarca son algunas de las noticias de este 22 de septiembre de 2023.","breadcrumb":{"@id":"https:\/\/www.copealcoy.es\/es\/informativo-matinal-viernes-22-de-septiembre-2023-0720h\/#breadcrumb"},"inLanguage":"es","potentialAction":[{"@type":"ReadAction","target":["https:\/\/www.copealcoy.es\/es\/informativo-matinal-viernes-22-de-septiembre-2023-0720h\/"]}]},{"@type":"ImageObject","inLanguage":"es","@id":"https:\/\/www.copealcoy.es\/es\/informativo-matinal-viernes-22-de-septiembre-2023-0720h\/#primaryimage","url":"https:\/\/www.copealcoy.es\/wp-content\/uploads\/2023\/02\/Herrera-en-COPE-Alcoy-4.png","contentUrl":"https:\/\/www.copealcoy.es\/wp-content\/uploads\/2023\/02\/Herrera-en-COPE-Alcoy-4.png","width":357,"height":290},{"@type":"BreadcrumbList","@id":"https:\/\/www.copealcoy.es\/es\/informativo-matinal-viernes-22-de-septiembre-2023-0720h\/#breadcrumb","itemListElement":[{"@type":"ListItem","position":1,"name":"Portada","item":"https:\/\/www.copealcoy.es\/es\/"},{"@type":"ListItem","position":2,"name":"Informativo matinal viernes 22 de septiembre 2023 (07:20h)"}]},{"@type":"WebSite","@id":"https:\/\/www.copealcoy.es\/es\/#website","url":"https:\/\/www.copealcoy.es\/es\/","name":"COPE Alcoy","description":"Emisora COPE de radio local con emisi\u00f3n online. Pont de Sant Jordi 8-10 03803 Alcoy","potentialAction":[{"@type":"SearchAction","target":{"@type":"EntryPoint","urlTemplate":"https:\/\/www.copealcoy.es\/es\/?s={search_term_string}"},"query-input":{"@type":"PropertyValueSpecification","valueRequired":true,"valueName":"search_term_string"}}],"inLanguage":"es"},{"@type":"Person","@id":"https:\/\/www.copealcoy.es\/es\/#\/schema\/person\/e777c87fa024e57d40170af9df39882c","name":"Cope Alcoy","image":{"@type":"ImageObject","inLanguage":"es","@id":"https:\/\/secure.gravatar.com\/avatar\/bb65d0283347e303893ba14f0692005417c1e0e690a325a4c5d8bb2b3943ee14?s=96&d=mm&r=g","url":"https:\/\/secure.gravatar.com\/avatar\/bb65d0283347e303893ba14f0692005417c1e0e690a325a4c5d8bb2b3943ee14?s=96&d=mm&r=g","contentUrl":"https:\/\/secure.gravatar.com\/avatar\/bb65d0283347e303893ba14f0692005417c1e0e690a325a4c5d8bb2b3943ee14?s=96&d=mm&r=g","caption":"Cope Alcoy"}}]}},"_links":{"self":[{"href":"https:\/\/www.copealcoy.es\/es\/wp-json\/wp\/v2\/posts\/122162","targetHints":{"allow":["GET"]}}],"collection":[{"href":"https:\/\/www.copealcoy.es\/es\/wp-json\/wp\/v2\/posts"}],"about":[{"href":"https:\/\/www.copealcoy.es\/es\/wp-json\/wp\/v2\/types\/post"}],"author":[{"embeddable":true,"href":"https:\/\/www.copealcoy.es\/es\/wp-json\/wp\/v2\/users\/1"}],"replies":[{"embeddable":true,"href":"https:\/\/www.copealcoy.es\/es\/wp-json\/wp\/v2\/comments?post=122162"}],"version-history":[{"count":0,"href":"https:\/\/www.copealcoy.es\/es\/wp-json\/wp\/v2\/posts\/122162\/revisions"}],"wp:featuredmedia":[{"embeddable":true,"href":"https:\/\/www.copealcoy.es\/es\/wp-json\/wp\/v2\/media\/110612"}],"wp:attachment":[{"href":"https:\/\/www.copealcoy.es\/es\/wp-json\/wp\/v2\/media?parent=122162"}],"wp:term":[{"taxonomy":"category","embeddable":true,"href":"https:\/\/www.copealcoy.es\/es\/wp-json\/wp\/v2\/categories?post=122162"},{"taxonomy":"post_tag","embeddable":true,"href":"https:\/\/www.copealcoy.es\/es\/wp-json\/wp\/v2\/tags?post=122162"}],"curies":[{"name":"wp","href":"https:\/\/api.w.org\/{rel}","templated":true}]}}