{"id":12206,"date":"2015-04-14T19:40:40","date_gmt":"2015-04-14T19:40:40","guid":{"rendered":"http:\/\/copealcoi.es\/new\/?p=12206"},"modified":"2015-04-15T18:00:15","modified_gmt":"2015-04-15T18:00:15","slug":"la-espanola-descarta-trasladar-la-aceitunera-a-la-canal","status":"publish","type":"post","link":"https:\/\/www.copealcoy.es\/es\/la-espanola-descarta-trasladar-la-aceitunera-a-la-canal\/","title":{"rendered":"El Gobierno Local insta a que la Generalitat anule la ATE"},"content":{"rendered":"<p style=\"text-align: justify;\">El Gobierno Municipal de Alcoy se ha referido a la intenci\u00f3n de La Espa\u00f1ola de nos trasladar la f\u00e1brica de aceitunas a La Canal\u00a0y el Partido Socialista ha expresado que la empresa reconoce que existe riesgo medioambiental &#8220;nosotros siempre hemos estado a favor de Alcoinnova pero en otra ubicaci\u00f3n sin ning\u00fan tipo de riesgo&#8221;,ha afirmado el edil de Empresa, Manolo Gomicia, en el Tiempo del An\u00e1lisis de La Ma\u00f1ana de Cope Alcoy. Adem\u00e1s los socialistas entienden que este anuncio obliga a la Generalitat Valenciana a anular la ATE puesto que la justificaci\u00f3n de la misma\u00a0ven\u00eda dada por la necesidad de trasladar la aceitunera &#8220;la declaraci\u00f3n de la ATE pierde ahora sentido y pensamos que en nuestro t\u00e9rmino municipal se puede dar respuesta a las necesidades del grupo y de otras empresas que se quieran instalar aqu\u00ed, en ubicaciones diferentes a La Canal&#8221;, aseguran los socialistas en un comunicado. Por \u00faltimo desde el PSOE reiteran que la decisi\u00f3n de recurrir a la justicia viene motivada porque el Consell ha eliminado competencias al Ayuntamiento y ha vulnerado la competencia urban\u00edstica.<\/p>\n<p style=\"text-align: justify;\">Por su parte Guayar Alcoi a trav\u00e9s de su candidata a la alcald\u00eda,\u00a0Estefan\u00eda Blanes, tambi\u00e9n se ha referido al asunto y coincide en que la empresa ha reconocido el riesgo de contaminaci\u00f3n &#8220;se ha visto que el proyecto no buscaba reubicar la f\u00e1brica como desde un principio se nos ha dicho. Lo que se persigue por tanto es culminar una operaci\u00f3n urban\u00edstica a la carta para recalificar suelo de su propiedad\u201d, sentencia. Blanes afirma tambi\u00e9n que la empresa debe ajustarse a las normativas &#8220;no puede salarse las alertas ni los informes ni la autonom\u00eda municipal como ha intentado con la colaboraci\u00f3n de la Generalitat del PP. creemos que es la \u00faltima gran operaci\u00f3n de la cultura del ladrillo. No sabemos qu\u00e9 quieren construir y respecto a que no han tenido ninguna reuni\u00f3n sobre la zona de Pagos creemos que no es tan grande el esfuerzo de levantar un tel\u00e9fono&#8221;, concluye.<\/p>\n<p style=\"text-align: justify;\">Recordar que el Grupo Empresarial La Espa\u00f1ola ha emitido un comunicado en el que ha anunciado que renuncia al traslado de la aceitunera a la zona de La Canal donde pretende desarrollar el proyecto Alcoinnova. Desde la empresa argumentan que esta decisi\u00f3n se ha tomado con el objetivo de evitar riesgos ambientales, especialmente de contaminaci\u00f3n. En el remitido destacan que Alcoinnova cuenta con todos los informes favorables de las distintas Administraciones, as\u00ed como con los correspondientes estudios t\u00e9cnicos, geol\u00f3gicos y geot\u00e9cnicos. De igual forma dejan claro que contiene un completo estudio de posibles alternativas, memoria ambiental e informe favorable de la\u00a0Confederaci\u00f3n Hidrogr\u00e1fica del J\u00facar. Finalmente\u00a0indican que\u00a0en la fase de alegaciones se contestaron todas y cada una de las mil seiscientas que se presentaron.Alcoinnova lamenta la falta de apoyo institucional por parte del Ayuntamiento \u00a0de Alcoy y se muestran cr\u00edticos con su decisi\u00f3n de llevar la iniciativa empresarial a los tribunales. Adem\u00e1s reiteran que no cambiaran de ubicaci\u00f3n y no ir\u00e1n a la Zona de Pagos y dejan claro que FEDAC y la C\u00e1mara de Comercio respaldan un proyecto que supone la inversi\u00f3n privada m\u00e1s importante realizada en Alcoy en los \u00faltimos a\u00f1os.<\/p>\n<p>&nbsp;<\/p>\n","protected":false},"excerpt":{"rendered":"<p>El Gobierno Municipal de Alcoy se ha referido a la intenci\u00f3n de La Espa\u00f1ola de nos trasladar la f\u00e1brica de&#8230;<\/p>\n","protected":false},"author":1,"featured_media":9340,"comment_status":"open","ping_status":"open","sticky":false,"template":"","format":"standard","meta":{"footnotes":""},"categories":[97,75,79,125],"tags":[478,390,394,433,422,633],"class_list":["post-12206","post","type-post","status-publish","format-standard","has-post-thumbnail","hentry","category-alcoy","category-noticias","category-politicayeconomia","category-portada","tag-alcoinnova","tag-economia","tag-empleo","tag-industria","tag-politica","tag-urbanismo"],"yoast_head":"<!-- This site is optimized with the Yoast SEO plugin v27.3 - https:\/\/yoast.com\/product\/yoast-seo-wordpress\/ -->\n<title>El Gobierno Local insta a que la Generalitat anule la ATE - COPE Alcoy<\/title>\n<meta name=\"robots\" content=\"index, follow, max-snippet:-1, max-image-preview:large, max-video-preview:-1\" \/>\n<link rel=\"canonical\" href=\"https:\/\/www.copealcoy.es\/es\/la-espanola-descarta-trasladar-la-aceitunera-a-la-canal\/\" \/>\n<meta property=\"og:locale\" content=\"es_ES\" \/>\n<meta property=\"og:type\" content=\"article\" \/>\n<meta property=\"og:title\" content=\"El Gobierno Local insta a que la Generalitat anule la ATE - COPE Alcoy\" \/>\n<meta property=\"og:description\" content=\"El Gobierno Municipal de Alcoy se ha referido a la intenci\u00f3n de La Espa\u00f1ola de nos trasladar la f\u00e1brica de...\" \/>\n<meta property=\"og:url\" content=\"https:\/\/www.copealcoy.es\/es\/la-espanola-descarta-trasladar-la-aceitunera-a-la-canal\/\" \/>\n<meta property=\"og:site_name\" content=\"COPE Alcoy\" \/>\n<meta property=\"article:published_time\" content=\"2015-04-14T19:40:40+00:00\" \/>\n<meta property=\"article:modified_time\" content=\"2015-04-15T18:00:15+00:00\" \/>\n<meta property=\"og:image\" content=\"https:\/\/www.copealcoy.es\/wp-content\/uploads\/2014\/12\/image142.jpg\" \/>\n\t<meta property=\"og:image:width\" content=\"3960\" \/>\n\t<meta property=\"og:image:height\" content=\"2465\" \/>\n\t<meta property=\"og:image:type\" content=\"image\/jpeg\" \/>\n<meta name=\"author\" content=\"Cope Alcoy\" \/>\n<meta name=\"twitter:label1\" content=\"Escrito por\" \/>\n\t<meta name=\"twitter:data1\" content=\"Cope Alcoy\" \/>\n\t<meta name=\"twitter:label2\" content=\"Tiempo de lectura\" \/>\n\t<meta name=\"twitter:data2\" content=\"3 minutos\" \/>\n<script type=\"application\/ld+json\" class=\"yoast-schema-graph\">{\"@context\":\"https:\\\/\\\/schema.org\",\"@graph\":[{\"@type\":\"Article\",\"@id\":\"https:\\\/\\\/www.copealcoy.es\\\/es\\\/la-espanola-descarta-trasladar-la-aceitunera-a-la-canal\\\/#article\",\"isPartOf\":{\"@id\":\"https:\\\/\\\/www.copealcoy.es\\\/es\\\/la-espanola-descarta-trasladar-la-aceitunera-a-la-canal\\\/\"},\"author\":{\"name\":\"Cope Alcoy\",\"@id\":\"https:\\\/\\\/www.copealcoy.es\\\/es\\\/#\\\/schema\\\/person\\\/e777c87fa024e57d40170af9df39882c\"},\"headline\":\"El Gobierno Local insta a que la Generalitat anule la ATE\",\"datePublished\":\"2015-04-14T19:40:40+00:00\",\"dateModified\":\"2015-04-15T18:00:15+00:00\",\"mainEntityOfPage\":{\"@id\":\"https:\\\/\\\/www.copealcoy.es\\\/es\\\/la-espanola-descarta-trasladar-la-aceitunera-a-la-canal\\\/\"},\"wordCount\":586,\"commentCount\":0,\"image\":{\"@id\":\"https:\\\/\\\/www.copealcoy.es\\\/es\\\/la-espanola-descarta-trasladar-la-aceitunera-a-la-canal\\\/#primaryimage\"},\"thumbnailUrl\":\"https:\\\/\\\/www.copealcoy.es\\\/wp-content\\\/uploads\\\/2014\\\/12\\\/image142.jpg\",\"keywords\":[\"Alcoinnova\",\"Econom\u00eda\",\"Empleo\",\"Industria\",\"Pol\u00edtica\",\"Urbanismo\"],\"articleSection\":[\"Alcoy\",\"Noticias\",\"Pol\u00edtica y Econom\u00eda\",\"Portada\"],\"inLanguage\":\"es\"},{\"@type\":\"WebPage\",\"@id\":\"https:\\\/\\\/www.copealcoy.es\\\/es\\\/la-espanola-descarta-trasladar-la-aceitunera-a-la-canal\\\/\",\"url\":\"https:\\\/\\\/www.copealcoy.es\\\/es\\\/la-espanola-descarta-trasladar-la-aceitunera-a-la-canal\\\/\",\"name\":\"El Gobierno Local insta a que la Generalitat anule la ATE - COPE Alcoy\",\"isPartOf\":{\"@id\":\"https:\\\/\\\/www.copealcoy.es\\\/es\\\/#website\"},\"primaryImageOfPage\":{\"@id\":\"https:\\\/\\\/www.copealcoy.es\\\/es\\\/la-espanola-descarta-trasladar-la-aceitunera-a-la-canal\\\/#primaryimage\"},\"image\":{\"@id\":\"https:\\\/\\\/www.copealcoy.es\\\/es\\\/la-espanola-descarta-trasladar-la-aceitunera-a-la-canal\\\/#primaryimage\"},\"thumbnailUrl\":\"https:\\\/\\\/www.copealcoy.es\\\/wp-content\\\/uploads\\\/2014\\\/12\\\/image142.jpg\",\"datePublished\":\"2015-04-14T19:40:40+00:00\",\"dateModified\":\"2015-04-15T18:00:15+00:00\",\"author\":{\"@id\":\"https:\\\/\\\/www.copealcoy.es\\\/es\\\/#\\\/schema\\\/person\\\/e777c87fa024e57d40170af9df39882c\"},\"breadcrumb\":{\"@id\":\"https:\\\/\\\/www.copealcoy.es\\\/es\\\/la-espanola-descarta-trasladar-la-aceitunera-a-la-canal\\\/#breadcrumb\"},\"inLanguage\":\"es\",\"potentialAction\":[{\"@type\":\"ReadAction\",\"target\":[\"https:\\\/\\\/www.copealcoy.es\\\/es\\\/la-espanola-descarta-trasladar-la-aceitunera-a-la-canal\\\/\"]}]},{\"@type\":\"ImageObject\",\"inLanguage\":\"es\",\"@id\":\"https:\\\/\\\/www.copealcoy.es\\\/es\\\/la-espanola-descarta-trasladar-la-aceitunera-a-la-canal\\\/#primaryimage\",\"url\":\"https:\\\/\\\/www.copealcoy.es\\\/wp-content\\\/uploads\\\/2014\\\/12\\\/image142.jpg\",\"contentUrl\":\"https:\\\/\\\/www.copealcoy.es\\\/wp-content\\\/uploads\\\/2014\\\/12\\\/image142.jpg\",\"width\":1735,\"height\":1080,\"caption\":\"\u00c1rea del parque empresarial Alcoinnova\"},{\"@type\":\"BreadcrumbList\",\"@id\":\"https:\\\/\\\/www.copealcoy.es\\\/es\\\/la-espanola-descarta-trasladar-la-aceitunera-a-la-canal\\\/#breadcrumb\",\"itemListElement\":[{\"@type\":\"ListItem\",\"position\":1,\"name\":\"Portada\",\"item\":\"https:\\\/\\\/www.copealcoy.es\\\/es\\\/\"},{\"@type\":\"ListItem\",\"position\":2,\"name\":\"El Gobierno Local insta a que la Generalitat anule la ATE\"}]},{\"@type\":\"WebSite\",\"@id\":\"https:\\\/\\\/www.copealcoy.es\\\/es\\\/#website\",\"url\":\"https:\\\/\\\/www.copealcoy.es\\\/es\\\/\",\"name\":\"COPE Alcoy\",\"description\":\"Emisora COPE de radio local con emisi\u00f3n online. Pont de Sant Jordi 8-10 03803 Alcoy\",\"potentialAction\":[{\"@type\":\"SearchAction\",\"target\":{\"@type\":\"EntryPoint\",\"urlTemplate\":\"https:\\\/\\\/www.copealcoy.es\\\/es\\\/?s={search_term_string}\"},\"query-input\":{\"@type\":\"PropertyValueSpecification\",\"valueRequired\":true,\"valueName\":\"search_term_string\"}}],\"inLanguage\":\"es\"},{\"@type\":\"Person\",\"@id\":\"https:\\\/\\\/www.copealcoy.es\\\/es\\\/#\\\/schema\\\/person\\\/e777c87fa024e57d40170af9df39882c\",\"name\":\"Cope Alcoy\",\"image\":{\"@type\":\"ImageObject\",\"inLanguage\":\"es\",\"@id\":\"https:\\\/\\\/secure.gravatar.com\\\/avatar\\\/bb65d0283347e303893ba14f0692005417c1e0e690a325a4c5d8bb2b3943ee14?s=96&d=mm&r=g\",\"url\":\"https:\\\/\\\/secure.gravatar.com\\\/avatar\\\/bb65d0283347e303893ba14f0692005417c1e0e690a325a4c5d8bb2b3943ee14?s=96&d=mm&r=g\",\"contentUrl\":\"https:\\\/\\\/secure.gravatar.com\\\/avatar\\\/bb65d0283347e303893ba14f0692005417c1e0e690a325a4c5d8bb2b3943ee14?s=96&d=mm&r=g\",\"caption\":\"Cope Alcoy\"}}]}<\/script>\n<!-- \/ Yoast SEO plugin. -->","yoast_head_json":{"title":"El Gobierno Local insta a que la Generalitat anule la ATE - COPE Alcoy","robots":{"index":"index","follow":"follow","max-snippet":"max-snippet:-1","max-image-preview":"max-image-preview:large","max-video-preview":"max-video-preview:-1"},"canonical":"https:\/\/www.copealcoy.es\/es\/la-espanola-descarta-trasladar-la-aceitunera-a-la-canal\/","og_locale":"es_ES","og_type":"article","og_title":"El Gobierno Local insta a que la Generalitat anule la ATE - COPE Alcoy","og_description":"El Gobierno Municipal de Alcoy se ha referido a la intenci\u00f3n de La Espa\u00f1ola de nos trasladar la f\u00e1brica de...","og_url":"https:\/\/www.copealcoy.es\/es\/la-espanola-descarta-trasladar-la-aceitunera-a-la-canal\/","og_site_name":"COPE Alcoy","article_published_time":"2015-04-14T19:40:40+00:00","article_modified_time":"2015-04-15T18:00:15+00:00","og_image":[{"width":3960,"height":2465,"url":"https:\/\/www.copealcoy.es\/wp-content\/uploads\/2014\/12\/image142.jpg","type":"image\/jpeg"}],"author":"Cope Alcoy","twitter_misc":{"Escrito por":"Cope Alcoy","Tiempo de lectura":"3 minutos"},"schema":{"@context":"https:\/\/schema.org","@graph":[{"@type":"Article","@id":"https:\/\/www.copealcoy.es\/es\/la-espanola-descarta-trasladar-la-aceitunera-a-la-canal\/#article","isPartOf":{"@id":"https:\/\/www.copealcoy.es\/es\/la-espanola-descarta-trasladar-la-aceitunera-a-la-canal\/"},"author":{"name":"Cope Alcoy","@id":"https:\/\/www.copealcoy.es\/es\/#\/schema\/person\/e777c87fa024e57d40170af9df39882c"},"headline":"El Gobierno Local insta a que la Generalitat anule la ATE","datePublished":"2015-04-14T19:40:40+00:00","dateModified":"2015-04-15T18:00:15+00:00","mainEntityOfPage":{"@id":"https:\/\/www.copealcoy.es\/es\/la-espanola-descarta-trasladar-la-aceitunera-a-la-canal\/"},"wordCount":586,"commentCount":0,"image":{"@id":"https:\/\/www.copealcoy.es\/es\/la-espanola-descarta-trasladar-la-aceitunera-a-la-canal\/#primaryimage"},"thumbnailUrl":"https:\/\/www.copealcoy.es\/wp-content\/uploads\/2014\/12\/image142.jpg","keywords":["Alcoinnova","Econom\u00eda","Empleo","Industria","Pol\u00edtica","Urbanismo"],"articleSection":["Alcoy","Noticias","Pol\u00edtica y Econom\u00eda","Portada"],"inLanguage":"es"},{"@type":"WebPage","@id":"https:\/\/www.copealcoy.es\/es\/la-espanola-descarta-trasladar-la-aceitunera-a-la-canal\/","url":"https:\/\/www.copealcoy.es\/es\/la-espanola-descarta-trasladar-la-aceitunera-a-la-canal\/","name":"El Gobierno Local insta a que la Generalitat anule la ATE - COPE Alcoy","isPartOf":{"@id":"https:\/\/www.copealcoy.es\/es\/#website"},"primaryImageOfPage":{"@id":"https:\/\/www.copealcoy.es\/es\/la-espanola-descarta-trasladar-la-aceitunera-a-la-canal\/#primaryimage"},"image":{"@id":"https:\/\/www.copealcoy.es\/es\/la-espanola-descarta-trasladar-la-aceitunera-a-la-canal\/#primaryimage"},"thumbnailUrl":"https:\/\/www.copealcoy.es\/wp-content\/uploads\/2014\/12\/image142.jpg","datePublished":"2015-04-14T19:40:40+00:00","dateModified":"2015-04-15T18:00:15+00:00","author":{"@id":"https:\/\/www.copealcoy.es\/es\/#\/schema\/person\/e777c87fa024e57d40170af9df39882c"},"breadcrumb":{"@id":"https:\/\/www.copealcoy.es\/es\/la-espanola-descarta-trasladar-la-aceitunera-a-la-canal\/#breadcrumb"},"inLanguage":"es","potentialAction":[{"@type":"ReadAction","target":["https:\/\/www.copealcoy.es\/es\/la-espanola-descarta-trasladar-la-aceitunera-a-la-canal\/"]}]},{"@type":"ImageObject","inLanguage":"es","@id":"https:\/\/www.copealcoy.es\/es\/la-espanola-descarta-trasladar-la-aceitunera-a-la-canal\/#primaryimage","url":"https:\/\/www.copealcoy.es\/wp-content\/uploads\/2014\/12\/image142.jpg","contentUrl":"https:\/\/www.copealcoy.es\/wp-content\/uploads\/2014\/12\/image142.jpg","width":1735,"height":1080,"caption":"\u00c1rea del parque empresarial Alcoinnova"},{"@type":"BreadcrumbList","@id":"https:\/\/www.copealcoy.es\/es\/la-espanola-descarta-trasladar-la-aceitunera-a-la-canal\/#breadcrumb","itemListElement":[{"@type":"ListItem","position":1,"name":"Portada","item":"https:\/\/www.copealcoy.es\/es\/"},{"@type":"ListItem","position":2,"name":"El Gobierno Local insta a que la Generalitat anule la ATE"}]},{"@type":"WebSite","@id":"https:\/\/www.copealcoy.es\/es\/#website","url":"https:\/\/www.copealcoy.es\/es\/","name":"COPE Alcoy","description":"Emisora COPE de radio local con emisi\u00f3n online. Pont de Sant Jordi 8-10 03803 Alcoy","potentialAction":[{"@type":"SearchAction","target":{"@type":"EntryPoint","urlTemplate":"https:\/\/www.copealcoy.es\/es\/?s={search_term_string}"},"query-input":{"@type":"PropertyValueSpecification","valueRequired":true,"valueName":"search_term_string"}}],"inLanguage":"es"},{"@type":"Person","@id":"https:\/\/www.copealcoy.es\/es\/#\/schema\/person\/e777c87fa024e57d40170af9df39882c","name":"Cope Alcoy","image":{"@type":"ImageObject","inLanguage":"es","@id":"https:\/\/secure.gravatar.com\/avatar\/bb65d0283347e303893ba14f0692005417c1e0e690a325a4c5d8bb2b3943ee14?s=96&d=mm&r=g","url":"https:\/\/secure.gravatar.com\/avatar\/bb65d0283347e303893ba14f0692005417c1e0e690a325a4c5d8bb2b3943ee14?s=96&d=mm&r=g","contentUrl":"https:\/\/secure.gravatar.com\/avatar\/bb65d0283347e303893ba14f0692005417c1e0e690a325a4c5d8bb2b3943ee14?s=96&d=mm&r=g","caption":"Cope Alcoy"}}]}},"_links":{"self":[{"href":"https:\/\/www.copealcoy.es\/es\/wp-json\/wp\/v2\/posts\/12206","targetHints":{"allow":["GET"]}}],"collection":[{"href":"https:\/\/www.copealcoy.es\/es\/wp-json\/wp\/v2\/posts"}],"about":[{"href":"https:\/\/www.copealcoy.es\/es\/wp-json\/wp\/v2\/types\/post"}],"author":[{"embeddable":true,"href":"https:\/\/www.copealcoy.es\/es\/wp-json\/wp\/v2\/users\/1"}],"replies":[{"embeddable":true,"href":"https:\/\/www.copealcoy.es\/es\/wp-json\/wp\/v2\/comments?post=12206"}],"version-history":[{"count":0,"href":"https:\/\/www.copealcoy.es\/es\/wp-json\/wp\/v2\/posts\/12206\/revisions"}],"wp:featuredmedia":[{"embeddable":true,"href":"https:\/\/www.copealcoy.es\/es\/wp-json\/wp\/v2\/media\/9340"}],"wp:attachment":[{"href":"https:\/\/www.copealcoy.es\/es\/wp-json\/wp\/v2\/media?parent=12206"}],"wp:term":[{"taxonomy":"category","embeddable":true,"href":"https:\/\/www.copealcoy.es\/es\/wp-json\/wp\/v2\/categories?post=12206"},{"taxonomy":"post_tag","embeddable":true,"href":"https:\/\/www.copealcoy.es\/es\/wp-json\/wp\/v2\/tags?post=12206"}],"curies":[{"name":"wp","href":"https:\/\/api.w.org\/{rel}","templated":true}]}}