{"id":122020,"date":"2023-09-19T15:13:45","date_gmt":"2023-09-19T14:13:45","guid":{"rendered":"https:\/\/www.copealcoy.es\/?p=122020"},"modified":"2023-09-19T15:41:42","modified_gmt":"2023-09-19T14:41:42","slug":"arranca-la-feria-del-textil-en-valencia-con-una-importante-presencia-de-aitex","status":"publish","type":"post","link":"https:\/\/www.copealcoy.es\/es\/arranca-la-feria-del-textil-en-valencia-con-una-importante-presencia-de-aitex\/","title":{"rendered":"Arranca la Feria del Textil en Valencia con una importante presencia de AITEX"},"content":{"rendered":"<p style=\"text-align: justify;\">Este martes ha arrancado en Valencia <strong>la edici\u00f3n 2023 de <span style=\"color: #0000ff;\">la Feria Home Textiles Premium by TextilHogar<\/span><\/strong>, el evento en el que <strong>se presentan las principales tendencias del sector del textil para el pr\u00f3ximo a\u00f1o<\/strong>. La Feria <strong>estar\u00e1 en marcha hasta el 22 de septiembre<\/strong> y a ella acuden <strong>un buen n\u00famero de empresas valencianas<\/strong> siendo el 40% de nuestras comarcas de l&#8217;Alcoi\u00e0 y el Comtat.<\/p>\n<p style=\"text-align: justify;\"><a href=\"https:\/\/www.aitex.es\/\" target=\"_blank\" rel=\"noopener\"><strong><span style=\"color: #0000ff;\">AITEX<\/span><\/strong><\/a> no ha faltado a esta gran cita con uno de los mayores escaparates del sector y lo hace con la intenci\u00f3n de presentar\u00a0sus <strong>l\u00edneas de investigaci\u00f3n y proyectos<\/strong> enfocados al textil hogar.Adem\u00e1s dar\u00e1 a conocer un\u00a0estudio de <strong>Mercado de textil hogar y H\u00e1bitat<\/strong> sobre el comportamiento del consumidor textil hogar en Espa\u00f1a. Todo ello ir\u00e1 acompa\u00f1ado de la presentaci\u00f3n de\u00a0los certificados para textil hogar: <strong>Standard 100 by OEKO-TEX\u00ae, suavidad, confort para moquetas y alfombras, tejidos durables, certificado IMO<\/strong> para embarcaciones, biodegradabilidad y compostabilidad y antimicrobiano (antibacteriano y antif\u00fangica). Otro de los <strong>aspectos clave<\/strong> de la presencia de AITEX <strong>pasa por dar a conocer su oferta formativa<\/strong>, poniendo especial \u00e9nfasis en los m\u00e1steres que se impartir\u00e1n en Alcoy de la mano de ESIC, al mismo tiempo que <strong>se presenta un estudio de las seis tendencias que se llevar\u00e1 en el textil hogar a lo largo del pr\u00f3ximo a\u00f1o<\/strong> &#8220;<em>la base ecol\u00f3gica y la base t\u00e9cnica es lo que prima sobre estas seis, es como la tendencia m\u00e1s transversal de todas<\/em>&#8220;, explicaba en COPE ALCOY <strong>Carmen Jover<\/strong>; responsable de formaci\u00f3n en AITEX. Esta \u00faltima hacia referencia tambi\u00e9n a <strong>la recuperaci\u00f3n del textil tras unos a\u00f1os complicados<\/strong> &#8220;<em>somos un sector luchador y conseguimos dar un giro a la adversidad en la pandemia para reinventarnos y adaptarnos a lo que exig\u00eda el mercado en esos momentos. Despu\u00e9s de todo, esta Feria se afronta con mucho optimismo<\/em>&#8220;; remarca.<\/p>\n<p style=\"text-align: justify;\">La principal Feria textil <strong>se desarrolla en el recinto ferial de la capital del T\u00faria<\/strong> a lo largo de ocho pabellones repartidos en 90.000 metros cuadrados de superficie expositiva. De la comarca <strong>son en concreto 13 las firmas presentes<\/strong> en la convocatoria del 2023.<\/p>\n<p>Aqu\u00ed <strong>puedes escuchar la entrevista<\/strong> con Carmen Jover:<\/p>\n<p><iframe loading=\"lazy\" title=\"&#039;Mediod\u00eda Cope&#039; Alcoi Dimarts 19 De Setembre 2023 (13:50h)\" width=\"100%\" height=\"120\" src=\"https:\/\/www.mixcloud.com\/widget\/iframe\/?feed=https%3A%2F%2Fwww.mixcloud.com%2FCOPEAlcoy%2Fmediod%25C3%25ADa-cope-alcoi-dimarts-19-de-setembre-2023-1350h%2F&amp;hide_cover=1\" frameborder=\"0\"><\/iframe><\/p>\n","protected":false},"excerpt":{"rendered":"<p>Este martes ha arrancado en Valencia la edici\u00f3n 2023 de la Feria Home Textiles Premium by TextilHogar, el evento en&#8230;<\/p>\n","protected":false},"author":1,"featured_media":122021,"comment_status":"open","ping_status":"open","sticky":false,"template":"","format":"standard","meta":{"footnotes":""},"categories":[6909,97,75],"tags":[771,482,237,1120,6119],"class_list":["post-122020","post","type-post","status-publish","format-standard","has-post-thumbnail","hentry","category-actualidad","category-alcoy","category-noticias","tag-aitex","tag-alcoia","tag-comtat","tag-feria","tag-sector-textil"],"yoast_head":"<!-- This site is optimized with the Yoast SEO plugin v27.3 - https:\/\/yoast.com\/product\/yoast-seo-wordpress\/ -->\n<title>Arranca la Feria del Textil en Valencia con una importante presencia de AITEX - COPE Alcoy<\/title>\n<meta name=\"description\" content=\"AITEX vuelve a estar presente en la Feria del Textil que se celebra desde hoy en Valencia y presenta all\u00ed importantes novedades\" \/>\n<meta name=\"robots\" content=\"index, follow, max-snippet:-1, max-image-preview:large, max-video-preview:-1\" \/>\n<link rel=\"canonical\" href=\"https:\/\/www.copealcoy.es\/es\/arranca-la-feria-del-textil-en-valencia-con-una-importante-presencia-de-aitex\/\" \/>\n<meta property=\"og:locale\" content=\"es_ES\" \/>\n<meta property=\"og:type\" content=\"article\" \/>\n<meta property=\"og:title\" content=\"Arranca la Feria del Textil en Valencia con una importante presencia de AITEX - COPE Alcoy\" \/>\n<meta property=\"og:description\" content=\"AITEX vuelve a estar presente en la Feria del Textil que se celebra desde hoy en Valencia y presenta all\u00ed importantes novedades\" \/>\n<meta property=\"og:url\" content=\"https:\/\/www.copealcoy.es\/es\/arranca-la-feria-del-textil-en-valencia-con-una-importante-presencia-de-aitex\/\" \/>\n<meta property=\"og:site_name\" content=\"COPE Alcoy\" \/>\n<meta property=\"article:published_time\" content=\"2023-09-19T14:13:45+00:00\" \/>\n<meta property=\"article:modified_time\" content=\"2023-09-19T14:41:42+00:00\" \/>\n<meta property=\"og:image\" content=\"https:\/\/www.copealcoy.es\/wp-content\/uploads\/2023\/09\/unnamed-3.jpg\" \/>\n\t<meta property=\"og:image:width\" content=\"1440\" \/>\n\t<meta property=\"og:image:height\" content=\"1080\" \/>\n\t<meta property=\"og:image:type\" content=\"image\/jpeg\" \/>\n<meta name=\"author\" content=\"Cope Alcoy\" \/>\n<meta name=\"twitter:label1\" content=\"Escrito por\" \/>\n\t<meta name=\"twitter:data1\" content=\"Cope Alcoy\" \/>\n\t<meta name=\"twitter:label2\" content=\"Tiempo de lectura\" \/>\n\t<meta name=\"twitter:data2\" content=\"2 minutos\" \/>\n<script type=\"application\/ld+json\" class=\"yoast-schema-graph\">{\"@context\":\"https:\\\/\\\/schema.org\",\"@graph\":[{\"@type\":\"Article\",\"@id\":\"https:\\\/\\\/www.copealcoy.es\\\/es\\\/arranca-la-feria-del-textil-en-valencia-con-una-importante-presencia-de-aitex\\\/#article\",\"isPartOf\":{\"@id\":\"https:\\\/\\\/www.copealcoy.es\\\/es\\\/arranca-la-feria-del-textil-en-valencia-con-una-importante-presencia-de-aitex\\\/\"},\"author\":{\"name\":\"Cope Alcoy\",\"@id\":\"https:\\\/\\\/www.copealcoy.es\\\/es\\\/#\\\/schema\\\/person\\\/e777c87fa024e57d40170af9df39882c\"},\"headline\":\"Arranca la Feria del Textil en Valencia con una importante presencia de AITEX\",\"datePublished\":\"2023-09-19T14:13:45+00:00\",\"dateModified\":\"2023-09-19T14:41:42+00:00\",\"mainEntityOfPage\":{\"@id\":\"https:\\\/\\\/www.copealcoy.es\\\/es\\\/arranca-la-feria-del-textil-en-valencia-con-una-importante-presencia-de-aitex\\\/\"},\"wordCount\":401,\"commentCount\":0,\"image\":{\"@id\":\"https:\\\/\\\/www.copealcoy.es\\\/es\\\/arranca-la-feria-del-textil-en-valencia-con-una-importante-presencia-de-aitex\\\/#primaryimage\"},\"thumbnailUrl\":\"https:\\\/\\\/www.copealcoy.es\\\/wp-content\\\/uploads\\\/2023\\\/09\\\/unnamed-3.jpg\",\"keywords\":[\"Aitex\",\"Alcoi\u00e0\",\"Comtat\",\"Feria\",\"sector textil\"],\"articleSection\":[\"Actualidad\",\"Alcoy\",\"Noticias\"],\"inLanguage\":\"es\"},{\"@type\":\"WebPage\",\"@id\":\"https:\\\/\\\/www.copealcoy.es\\\/es\\\/arranca-la-feria-del-textil-en-valencia-con-una-importante-presencia-de-aitex\\\/\",\"url\":\"https:\\\/\\\/www.copealcoy.es\\\/es\\\/arranca-la-feria-del-textil-en-valencia-con-una-importante-presencia-de-aitex\\\/\",\"name\":\"Arranca la Feria del Textil en Valencia con una importante presencia de AITEX - COPE Alcoy\",\"isPartOf\":{\"@id\":\"https:\\\/\\\/www.copealcoy.es\\\/es\\\/#website\"},\"primaryImageOfPage\":{\"@id\":\"https:\\\/\\\/www.copealcoy.es\\\/es\\\/arranca-la-feria-del-textil-en-valencia-con-una-importante-presencia-de-aitex\\\/#primaryimage\"},\"image\":{\"@id\":\"https:\\\/\\\/www.copealcoy.es\\\/es\\\/arranca-la-feria-del-textil-en-valencia-con-una-importante-presencia-de-aitex\\\/#primaryimage\"},\"thumbnailUrl\":\"https:\\\/\\\/www.copealcoy.es\\\/wp-content\\\/uploads\\\/2023\\\/09\\\/unnamed-3.jpg\",\"datePublished\":\"2023-09-19T14:13:45+00:00\",\"dateModified\":\"2023-09-19T14:41:42+00:00\",\"author\":{\"@id\":\"https:\\\/\\\/www.copealcoy.es\\\/es\\\/#\\\/schema\\\/person\\\/e777c87fa024e57d40170af9df39882c\"},\"description\":\"AITEX vuelve a estar presente en la Feria del Textil que se celebra desde hoy en Valencia y presenta all\u00ed importantes novedades\",\"breadcrumb\":{\"@id\":\"https:\\\/\\\/www.copealcoy.es\\\/es\\\/arranca-la-feria-del-textil-en-valencia-con-una-importante-presencia-de-aitex\\\/#breadcrumb\"},\"inLanguage\":\"es\",\"potentialAction\":[{\"@type\":\"ReadAction\",\"target\":[\"https:\\\/\\\/www.copealcoy.es\\\/es\\\/arranca-la-feria-del-textil-en-valencia-con-una-importante-presencia-de-aitex\\\/\"]}]},{\"@type\":\"ImageObject\",\"inLanguage\":\"es\",\"@id\":\"https:\\\/\\\/www.copealcoy.es\\\/es\\\/arranca-la-feria-del-textil-en-valencia-con-una-importante-presencia-de-aitex\\\/#primaryimage\",\"url\":\"https:\\\/\\\/www.copealcoy.es\\\/wp-content\\\/uploads\\\/2023\\\/09\\\/unnamed-3.jpg\",\"contentUrl\":\"https:\\\/\\\/www.copealcoy.es\\\/wp-content\\\/uploads\\\/2023\\\/09\\\/unnamed-3.jpg\",\"width\":1440,\"height\":1080},{\"@type\":\"BreadcrumbList\",\"@id\":\"https:\\\/\\\/www.copealcoy.es\\\/es\\\/arranca-la-feria-del-textil-en-valencia-con-una-importante-presencia-de-aitex\\\/#breadcrumb\",\"itemListElement\":[{\"@type\":\"ListItem\",\"position\":1,\"name\":\"Portada\",\"item\":\"https:\\\/\\\/www.copealcoy.es\\\/es\\\/\"},{\"@type\":\"ListItem\",\"position\":2,\"name\":\"Arranca la Feria del Textil en Valencia con una importante presencia de AITEX\"}]},{\"@type\":\"WebSite\",\"@id\":\"https:\\\/\\\/www.copealcoy.es\\\/es\\\/#website\",\"url\":\"https:\\\/\\\/www.copealcoy.es\\\/es\\\/\",\"name\":\"COPE Alcoy\",\"description\":\"Emisora COPE de radio local con emisi\u00f3n online. Pont de Sant Jordi 8-10 03803 Alcoy\",\"potentialAction\":[{\"@type\":\"SearchAction\",\"target\":{\"@type\":\"EntryPoint\",\"urlTemplate\":\"https:\\\/\\\/www.copealcoy.es\\\/es\\\/?s={search_term_string}\"},\"query-input\":{\"@type\":\"PropertyValueSpecification\",\"valueRequired\":true,\"valueName\":\"search_term_string\"}}],\"inLanguage\":\"es\"},{\"@type\":\"Person\",\"@id\":\"https:\\\/\\\/www.copealcoy.es\\\/es\\\/#\\\/schema\\\/person\\\/e777c87fa024e57d40170af9df39882c\",\"name\":\"Cope Alcoy\",\"image\":{\"@type\":\"ImageObject\",\"inLanguage\":\"es\",\"@id\":\"https:\\\/\\\/secure.gravatar.com\\\/avatar\\\/bb65d0283347e303893ba14f0692005417c1e0e690a325a4c5d8bb2b3943ee14?s=96&d=mm&r=g\",\"url\":\"https:\\\/\\\/secure.gravatar.com\\\/avatar\\\/bb65d0283347e303893ba14f0692005417c1e0e690a325a4c5d8bb2b3943ee14?s=96&d=mm&r=g\",\"contentUrl\":\"https:\\\/\\\/secure.gravatar.com\\\/avatar\\\/bb65d0283347e303893ba14f0692005417c1e0e690a325a4c5d8bb2b3943ee14?s=96&d=mm&r=g\",\"caption\":\"Cope Alcoy\"}}]}<\/script>\n<!-- \/ Yoast SEO plugin. -->","yoast_head_json":{"title":"Arranca la Feria del Textil en Valencia con una importante presencia de AITEX - COPE Alcoy","description":"AITEX vuelve a estar presente en la Feria del Textil que se celebra desde hoy en Valencia y presenta all\u00ed importantes novedades","robots":{"index":"index","follow":"follow","max-snippet":"max-snippet:-1","max-image-preview":"max-image-preview:large","max-video-preview":"max-video-preview:-1"},"canonical":"https:\/\/www.copealcoy.es\/es\/arranca-la-feria-del-textil-en-valencia-con-una-importante-presencia-de-aitex\/","og_locale":"es_ES","og_type":"article","og_title":"Arranca la Feria del Textil en Valencia con una importante presencia de AITEX - COPE Alcoy","og_description":"AITEX vuelve a estar presente en la Feria del Textil que se celebra desde hoy en Valencia y presenta all\u00ed importantes novedades","og_url":"https:\/\/www.copealcoy.es\/es\/arranca-la-feria-del-textil-en-valencia-con-una-importante-presencia-de-aitex\/","og_site_name":"COPE Alcoy","article_published_time":"2023-09-19T14:13:45+00:00","article_modified_time":"2023-09-19T14:41:42+00:00","og_image":[{"width":1440,"height":1080,"url":"https:\/\/www.copealcoy.es\/wp-content\/uploads\/2023\/09\/unnamed-3.jpg","type":"image\/jpeg"}],"author":"Cope Alcoy","twitter_misc":{"Escrito por":"Cope Alcoy","Tiempo de lectura":"2 minutos"},"schema":{"@context":"https:\/\/schema.org","@graph":[{"@type":"Article","@id":"https:\/\/www.copealcoy.es\/es\/arranca-la-feria-del-textil-en-valencia-con-una-importante-presencia-de-aitex\/#article","isPartOf":{"@id":"https:\/\/www.copealcoy.es\/es\/arranca-la-feria-del-textil-en-valencia-con-una-importante-presencia-de-aitex\/"},"author":{"name":"Cope Alcoy","@id":"https:\/\/www.copealcoy.es\/es\/#\/schema\/person\/e777c87fa024e57d40170af9df39882c"},"headline":"Arranca la Feria del Textil en Valencia con una importante presencia de AITEX","datePublished":"2023-09-19T14:13:45+00:00","dateModified":"2023-09-19T14:41:42+00:00","mainEntityOfPage":{"@id":"https:\/\/www.copealcoy.es\/es\/arranca-la-feria-del-textil-en-valencia-con-una-importante-presencia-de-aitex\/"},"wordCount":401,"commentCount":0,"image":{"@id":"https:\/\/www.copealcoy.es\/es\/arranca-la-feria-del-textil-en-valencia-con-una-importante-presencia-de-aitex\/#primaryimage"},"thumbnailUrl":"https:\/\/www.copealcoy.es\/wp-content\/uploads\/2023\/09\/unnamed-3.jpg","keywords":["Aitex","Alcoi\u00e0","Comtat","Feria","sector textil"],"articleSection":["Actualidad","Alcoy","Noticias"],"inLanguage":"es"},{"@type":"WebPage","@id":"https:\/\/www.copealcoy.es\/es\/arranca-la-feria-del-textil-en-valencia-con-una-importante-presencia-de-aitex\/","url":"https:\/\/www.copealcoy.es\/es\/arranca-la-feria-del-textil-en-valencia-con-una-importante-presencia-de-aitex\/","name":"Arranca la Feria del Textil en Valencia con una importante presencia de AITEX - COPE Alcoy","isPartOf":{"@id":"https:\/\/www.copealcoy.es\/es\/#website"},"primaryImageOfPage":{"@id":"https:\/\/www.copealcoy.es\/es\/arranca-la-feria-del-textil-en-valencia-con-una-importante-presencia-de-aitex\/#primaryimage"},"image":{"@id":"https:\/\/www.copealcoy.es\/es\/arranca-la-feria-del-textil-en-valencia-con-una-importante-presencia-de-aitex\/#primaryimage"},"thumbnailUrl":"https:\/\/www.copealcoy.es\/wp-content\/uploads\/2023\/09\/unnamed-3.jpg","datePublished":"2023-09-19T14:13:45+00:00","dateModified":"2023-09-19T14:41:42+00:00","author":{"@id":"https:\/\/www.copealcoy.es\/es\/#\/schema\/person\/e777c87fa024e57d40170af9df39882c"},"description":"AITEX vuelve a estar presente en la Feria del Textil que se celebra desde hoy en Valencia y presenta all\u00ed importantes novedades","breadcrumb":{"@id":"https:\/\/www.copealcoy.es\/es\/arranca-la-feria-del-textil-en-valencia-con-una-importante-presencia-de-aitex\/#breadcrumb"},"inLanguage":"es","potentialAction":[{"@type":"ReadAction","target":["https:\/\/www.copealcoy.es\/es\/arranca-la-feria-del-textil-en-valencia-con-una-importante-presencia-de-aitex\/"]}]},{"@type":"ImageObject","inLanguage":"es","@id":"https:\/\/www.copealcoy.es\/es\/arranca-la-feria-del-textil-en-valencia-con-una-importante-presencia-de-aitex\/#primaryimage","url":"https:\/\/www.copealcoy.es\/wp-content\/uploads\/2023\/09\/unnamed-3.jpg","contentUrl":"https:\/\/www.copealcoy.es\/wp-content\/uploads\/2023\/09\/unnamed-3.jpg","width":1440,"height":1080},{"@type":"BreadcrumbList","@id":"https:\/\/www.copealcoy.es\/es\/arranca-la-feria-del-textil-en-valencia-con-una-importante-presencia-de-aitex\/#breadcrumb","itemListElement":[{"@type":"ListItem","position":1,"name":"Portada","item":"https:\/\/www.copealcoy.es\/es\/"},{"@type":"ListItem","position":2,"name":"Arranca la Feria del Textil en Valencia con una importante presencia de AITEX"}]},{"@type":"WebSite","@id":"https:\/\/www.copealcoy.es\/es\/#website","url":"https:\/\/www.copealcoy.es\/es\/","name":"COPE Alcoy","description":"Emisora COPE de radio local con emisi\u00f3n online. Pont de Sant Jordi 8-10 03803 Alcoy","potentialAction":[{"@type":"SearchAction","target":{"@type":"EntryPoint","urlTemplate":"https:\/\/www.copealcoy.es\/es\/?s={search_term_string}"},"query-input":{"@type":"PropertyValueSpecification","valueRequired":true,"valueName":"search_term_string"}}],"inLanguage":"es"},{"@type":"Person","@id":"https:\/\/www.copealcoy.es\/es\/#\/schema\/person\/e777c87fa024e57d40170af9df39882c","name":"Cope Alcoy","image":{"@type":"ImageObject","inLanguage":"es","@id":"https:\/\/secure.gravatar.com\/avatar\/bb65d0283347e303893ba14f0692005417c1e0e690a325a4c5d8bb2b3943ee14?s=96&d=mm&r=g","url":"https:\/\/secure.gravatar.com\/avatar\/bb65d0283347e303893ba14f0692005417c1e0e690a325a4c5d8bb2b3943ee14?s=96&d=mm&r=g","contentUrl":"https:\/\/secure.gravatar.com\/avatar\/bb65d0283347e303893ba14f0692005417c1e0e690a325a4c5d8bb2b3943ee14?s=96&d=mm&r=g","caption":"Cope Alcoy"}}]}},"_links":{"self":[{"href":"https:\/\/www.copealcoy.es\/es\/wp-json\/wp\/v2\/posts\/122020","targetHints":{"allow":["GET"]}}],"collection":[{"href":"https:\/\/www.copealcoy.es\/es\/wp-json\/wp\/v2\/posts"}],"about":[{"href":"https:\/\/www.copealcoy.es\/es\/wp-json\/wp\/v2\/types\/post"}],"author":[{"embeddable":true,"href":"https:\/\/www.copealcoy.es\/es\/wp-json\/wp\/v2\/users\/1"}],"replies":[{"embeddable":true,"href":"https:\/\/www.copealcoy.es\/es\/wp-json\/wp\/v2\/comments?post=122020"}],"version-history":[{"count":0,"href":"https:\/\/www.copealcoy.es\/es\/wp-json\/wp\/v2\/posts\/122020\/revisions"}],"wp:featuredmedia":[{"embeddable":true,"href":"https:\/\/www.copealcoy.es\/es\/wp-json\/wp\/v2\/media\/122021"}],"wp:attachment":[{"href":"https:\/\/www.copealcoy.es\/es\/wp-json\/wp\/v2\/media?parent=122020"}],"wp:term":[{"taxonomy":"category","embeddable":true,"href":"https:\/\/www.copealcoy.es\/es\/wp-json\/wp\/v2\/categories?post=122020"},{"taxonomy":"post_tag","embeddable":true,"href":"https:\/\/www.copealcoy.es\/es\/wp-json\/wp\/v2\/tags?post=122020"}],"curies":[{"name":"wp","href":"https:\/\/api.w.org\/{rel}","templated":true}]}}