{"id":121854,"date":"2023-09-16T22:32:35","date_gmt":"2023-09-16T21:32:35","guid":{"rendered":"https:\/\/www.copealcoy.es\/?p=121854"},"modified":"2023-09-16T22:41:44","modified_gmt":"2023-09-16T21:41:44","slug":"emotiva-crida-a-acompanar-a-la-patrona-de-alcoy-en-la-romeria-a-la-font-roja","status":"publish","type":"post","link":"https:\/\/www.copealcoy.es\/es\/emotiva-crida-a-acompanar-a-la-patrona-de-alcoy-en-la-romeria-a-la-font-roja\/","title":{"rendered":"Emotiva &#8216;crida&#8217; a acompa\u00f1ar a la patrona de Alcoy en la Romer\u00eda a la Font Roja"},"content":{"rendered":"<p style=\"text-align: justify;\">Alcoy vive <strong>un intenso fin de semana<\/strong> con ocasi\u00f3n de <strong>la festividad de la patrona de la ciudad<\/strong>, la Virgen de los Lirios. Las calles del Centro se han llenado de p\u00fablico en la tarde del s\u00e1bado <strong>para aplaudir el paso de la Mare de D\u00e9u<\/strong> en su descenso por la calle San Nicol\u00e1s hasta la Plaza de Espa\u00f1a para presidir una multitudinaria ofrenda floral en su honor.<\/p>\n<p style=\"text-align: justify;\">La actividad <strong>ha comenzado a mediod\u00eda con un volteo manual de campanas<\/strong> en el que ha tomado parte la Colla de Campaners d&#8217;Alcoi y ya pasadas las 18:30h se ha oficiado <strong>una misa solemne<\/strong> en la Parroquia de San Mauro y San Francisco. Esta eucarist\u00eda ha estado presidida por <strong>Monse\u00f1or Enrique Benavent<\/strong>, el Arzobispo de Valencia, y concelebrada por diferentes sacerdotes de la ciudad as\u00ed como el titular de las Parroquias del Centro (Don Jos\u00e9 Lu\u00eds Llopis). Nada m\u00e1s finalizar el oficio religioso <strong>ha dado comienzo la ofrenda<\/strong> con la salida de la Virgen de los Lirios a la Plaza de Ram\u00f3n y Cajal mientras volteaban con fuerza las campanas de la iglesia de San Mauro. En la comitiva hasta La Bandeja <strong>han tomado parte<\/strong> representantes de las asociaciones religiosas de la ciudad, entidades como la Casa de Andaluc\u00eda, comuniantes o los cargos festeros de 2024. Parte de la Corporaci\u00f3n Municipal, con el alcalde Toni Franc\u00e9s y el vicealcalde \u00c1lex Cerradelo al frente, han cerrado el desfile junto a la representaci\u00f3n clerical que ha seguido presidiendo Monse\u00f1or Benavent, Al llegar a la Plaza <strong>hemos podido escuchar la &#8216;Crida&#8217;<\/strong> que invita a participar en la Romer\u00eda de ma\u00f1ana y que ha declamado <strong>el presidente del C\u00edrculo Industrial<\/strong>; Indalecio Carbonell. Campanas, fuegos artificiales y el canto del Himno de la Coronaci\u00f3n <strong>han cerrado el acto<\/strong> antes de iniciar el retorno de la patrona al templo.<\/p>\n<p><strong><span style=\"color: #0000ff;\">Ma\u00f1ana, Romer\u00eda hasta El Carrascal<\/span><\/strong><\/p>\n<p style=\"text-align: justify;\">Recordar que desde la Parroquia de San Mauro y San Francisco partir\u00e1 a las 06:45h de este domingo <strong>la Romer\u00eda hasta la Font Roja<\/strong>\u00a0tras\u00a0<strong>una \u2018despert\u00e0\u2019<\/strong>\u00a0que anunciar\u00e1 a todo Alcoy el inicio de un d\u00eda especial. En la comitiva\u00a0<strong>tomar\u00e1 parte la imagen peregrina de la Virgen de los Lirios<\/strong>\u00a0y al paso de la misma por el Cementerio Municipal\u00a0<strong>se rezar\u00e1 un responso<\/strong>\u00a0en memoria de todos los alcoyanos difuntos. Est\u00e1 previsto que la patrona llegue al Santuario a las 10:30h y sobre las 12:00h\u00a0<strong>se oficiar\u00e1 una misa solemne<\/strong>\u00a0\u00ab<em>animamos a toda la ciudad a participar en un d\u00eda tan significativo y esperamos que suban hasta el Carrascal despu\u00e9s de unos a\u00f1os en los que tanto la pandemia como la climatolog\u00eda han condicionado un acto tan emblem\u00e1tico<\/em>\u00ab, se\u00f1alaba en COPE ALCOY\u00a0<strong>Reme Perell\u00f3<\/strong>; presidenta de la Archicofrad\u00eda de la Virgen de los Lirios.<\/p>\n<p style=\"text-align: justify;\">La programaci\u00f3n festiva en honor a la Virgen de los Lirios\u00a0<strong>terminar\u00e1 el pr\u00f3ximo martes 19 de septiembre<\/strong>. Ser\u00e1 con\u00a0<strong>una misa de acci\u00f3n de gracias<\/strong>\u00a0que se celebrar\u00e1 a partir de las 20:00h en el templo de San Mauro y San Francisco.<\/p>\n<div id='gallery-1' class='gallery galleryid-121854 gallery-columns-1 gallery-size-full'><figure class='gallery-item'>\n\t\t\t<div class='gallery-icon landscape'>\n\t\t\t\t<a href='https:\/\/www.copealcoy.es\/es\/emotiva-crida-a-acompanar-a-la-patrona-de-alcoy-en-la-romeria-a-la-font-roja\/img-5010\/'><img loading=\"lazy\" decoding=\"async\" width=\"1440\" height=\"1080\" src=\"https:\/\/www.copealcoy.es\/wp-content\/uploads\/2023\/09\/IMG-5010-scaled.jpg\" class=\"attachment-full size-full\" alt=\"\" srcset=\"https:\/\/www.copealcoy.es\/wp-content\/uploads\/2023\/09\/IMG-5010-scaled.jpg 1440w, https:\/\/www.copealcoy.es\/wp-content\/uploads\/2023\/09\/IMG-5010-768x576.jpg 768w, https:\/\/www.copealcoy.es\/wp-content\/uploads\/2023\/09\/IMG-5010-1536x1152.jpg 1536w, https:\/\/www.copealcoy.es\/wp-content\/uploads\/2023\/09\/IMG-5010-2048x1536.jpg 2048w\" sizes=\"auto, (max-width: 1440px) 100vw, 1440px\" \/><\/a>\n\t\t\t<\/div><\/figure><figure class='gallery-item'>\n\t\t\t<div class='gallery-icon landscape'>\n\t\t\t\t<a href='https:\/\/www.copealcoy.es\/es\/emotiva-crida-a-acompanar-a-la-patrona-de-alcoy-en-la-romeria-a-la-font-roja\/img-5001\/'><img loading=\"lazy\" decoding=\"async\" width=\"1440\" height=\"1080\" src=\"https:\/\/www.copealcoy.es\/wp-content\/uploads\/2023\/09\/IMG-5001-scaled.jpg\" class=\"attachment-full size-full\" alt=\"\" srcset=\"https:\/\/www.copealcoy.es\/wp-content\/uploads\/2023\/09\/IMG-5001-scaled.jpg 1440w, https:\/\/www.copealcoy.es\/wp-content\/uploads\/2023\/09\/IMG-5001-768x576.jpg 768w, https:\/\/www.copealcoy.es\/wp-content\/uploads\/2023\/09\/IMG-5001-1536x1152.jpg 1536w, https:\/\/www.copealcoy.es\/wp-content\/uploads\/2023\/09\/IMG-5001-2048x1536.jpg 2048w\" sizes=\"auto, (max-width: 1440px) 100vw, 1440px\" \/><\/a>\n\t\t\t<\/div><\/figure><figure class='gallery-item'>\n\t\t\t<div class='gallery-icon landscape'>\n\t\t\t\t<a href='https:\/\/www.copealcoy.es\/es\/emotiva-crida-a-acompanar-a-la-patrona-de-alcoy-en-la-romeria-a-la-font-roja\/376277848_686230530204142_1652798112182163475_n\/'><img loading=\"lazy\" decoding=\"async\" width=\"1620\" height=\"1080\" src=\"https:\/\/www.copealcoy.es\/wp-content\/uploads\/2023\/09\/376277848_686230530204142_1652798112182163475_n.jpg\" class=\"attachment-full size-full\" alt=\"\" srcset=\"https:\/\/www.copealcoy.es\/wp-content\/uploads\/2023\/09\/376277848_686230530204142_1652798112182163475_n.jpg 1620w, https:\/\/www.copealcoy.es\/wp-content\/uploads\/2023\/09\/376277848_686230530204142_1652798112182163475_n-768x512.jpg 768w, https:\/\/www.copealcoy.es\/wp-content\/uploads\/2023\/09\/376277848_686230530204142_1652798112182163475_n-1536x1024.jpg 1536w, https:\/\/www.copealcoy.es\/wp-content\/uploads\/2023\/09\/376277848_686230530204142_1652798112182163475_n-300x200.jpg 300w, https:\/\/www.copealcoy.es\/wp-content\/uploads\/2023\/09\/376277848_686230530204142_1652798112182163475_n-600x400.jpg 600w, https:\/\/www.copealcoy.es\/wp-content\/uploads\/2023\/09\/376277848_686230530204142_1652798112182163475_n-1200x800.jpg 1200w\" sizes=\"auto, (max-width: 1620px) 100vw, 1620px\" \/><\/a>\n\t\t\t<\/div><\/figure><figure class='gallery-item'>\n\t\t\t<div class='gallery-icon landscape'>\n\t\t\t\t<a href='https:\/\/www.copealcoy.es\/es\/emotiva-crida-a-acompanar-a-la-patrona-de-alcoy-en-la-romeria-a-la-font-roja\/img-5022\/'><img loading=\"lazy\" decoding=\"async\" width=\"1440\" height=\"1080\" src=\"https:\/\/www.copealcoy.es\/wp-content\/uploads\/2023\/09\/IMG-5022-scaled.jpg\" class=\"attachment-full size-full\" alt=\"\" srcset=\"https:\/\/www.copealcoy.es\/wp-content\/uploads\/2023\/09\/IMG-5022-scaled.jpg 1440w, https:\/\/www.copealcoy.es\/wp-content\/uploads\/2023\/09\/IMG-5022-768x576.jpg 768w, https:\/\/www.copealcoy.es\/wp-content\/uploads\/2023\/09\/IMG-5022-1536x1152.jpg 1536w, https:\/\/www.copealcoy.es\/wp-content\/uploads\/2023\/09\/IMG-5022-2048x1536.jpg 2048w\" sizes=\"auto, (max-width: 1440px) 100vw, 1440px\" \/><\/a>\n\t\t\t<\/div><\/figure>\n\t\t<\/div>\n\n","protected":false},"excerpt":{"rendered":"<p>Alcoy vive un intenso fin de semana con ocasi\u00f3n de la festividad de la patrona de la ciudad, la Virgen&#8230;<\/p>\n","protected":false},"author":1,"featured_media":121855,"comment_status":"open","ping_status":"open","sticky":false,"template":"","format":"standard","meta":{"footnotes":""},"categories":[6909,97,78,75],"tags":[1494,6997,2937,1432,1347],"class_list":["post-121854","post","type-post","status-publish","format-standard","has-post-thumbnail","hentry","category-actualidad","category-alcoy","category-fiestaycultura","category-noticias","tag-alcoy","tag-festividad","tag-ofrenda-floral","tag-patrona","tag-virgen-de-los-lirios"],"yoast_head":"<!-- This site is optimized with the Yoast SEO plugin v27.3 - https:\/\/yoast.com\/product\/yoast-seo-wordpress\/ -->\n<title>Emotiva &#039;crida&#039; a acompa\u00f1ar a la patrona de Alcoy en la Romer\u00eda a la Font Roja - COPE Alcoy<\/title>\n<meta name=\"description\" content=\"Alcoy vive un intenso fin de semana con ocasi\u00f3n de la festividad de la patrona de la ciudad, la Virgen de los Lirios.\" \/>\n<meta name=\"robots\" content=\"index, follow, max-snippet:-1, max-image-preview:large, max-video-preview:-1\" \/>\n<link rel=\"canonical\" href=\"https:\/\/www.copealcoy.es\/es\/emotiva-crida-a-acompanar-a-la-patrona-de-alcoy-en-la-romeria-a-la-font-roja\/\" \/>\n<meta property=\"og:locale\" content=\"es_ES\" \/>\n<meta property=\"og:type\" content=\"article\" \/>\n<meta property=\"og:title\" content=\"Emotiva &#039;crida&#039; a acompa\u00f1ar a la patrona de Alcoy en la Romer\u00eda a la Font Roja - COPE Alcoy\" \/>\n<meta property=\"og:description\" content=\"Alcoy vive un intenso fin de semana con ocasi\u00f3n de la festividad de la patrona de la ciudad, la Virgen de los Lirios.\" \/>\n<meta property=\"og:url\" content=\"https:\/\/www.copealcoy.es\/es\/emotiva-crida-a-acompanar-a-la-patrona-de-alcoy-en-la-romeria-a-la-font-roja\/\" \/>\n<meta property=\"og:site_name\" content=\"COPE Alcoy\" \/>\n<meta property=\"article:published_time\" content=\"2023-09-16T21:32:35+00:00\" \/>\n<meta property=\"article:modified_time\" content=\"2023-09-16T21:41:44+00:00\" \/>\n<meta property=\"og:image\" content=\"https:\/\/www.copealcoy.es\/wp-content\/uploads\/2023\/09\/IMG-5009-scaled-e1694899938965.jpg\" \/>\n\t<meta property=\"og:image:width\" content=\"640\" \/>\n\t<meta property=\"og:image:height\" content=\"465\" \/>\n\t<meta property=\"og:image:type\" content=\"image\/jpeg\" \/>\n<meta name=\"author\" content=\"Cope Alcoy\" \/>\n<meta name=\"twitter:label1\" content=\"Escrito por\" \/>\n\t<meta name=\"twitter:data1\" content=\"Cope Alcoy\" \/>\n\t<meta name=\"twitter:label2\" content=\"Tiempo de lectura\" \/>\n\t<meta name=\"twitter:data2\" content=\"3 minutos\" \/>\n<script type=\"application\/ld+json\" class=\"yoast-schema-graph\">{\"@context\":\"https:\\\/\\\/schema.org\",\"@graph\":[{\"@type\":\"Article\",\"@id\":\"https:\\\/\\\/www.copealcoy.es\\\/es\\\/emotiva-crida-a-acompanar-a-la-patrona-de-alcoy-en-la-romeria-a-la-font-roja\\\/#article\",\"isPartOf\":{\"@id\":\"https:\\\/\\\/www.copealcoy.es\\\/es\\\/emotiva-crida-a-acompanar-a-la-patrona-de-alcoy-en-la-romeria-a-la-font-roja\\\/\"},\"author\":{\"name\":\"Cope Alcoy\",\"@id\":\"https:\\\/\\\/www.copealcoy.es\\\/es\\\/#\\\/schema\\\/person\\\/e777c87fa024e57d40170af9df39882c\"},\"headline\":\"Emotiva &#8216;crida&#8217; a acompa\u00f1ar a la patrona de Alcoy en la Romer\u00eda a la Font Roja\",\"datePublished\":\"2023-09-16T21:32:35+00:00\",\"dateModified\":\"2023-09-16T21:41:44+00:00\",\"mainEntityOfPage\":{\"@id\":\"https:\\\/\\\/www.copealcoy.es\\\/es\\\/emotiva-crida-a-acompanar-a-la-patrona-de-alcoy-en-la-romeria-a-la-font-roja\\\/\"},\"wordCount\":553,\"commentCount\":0,\"image\":{\"@id\":\"https:\\\/\\\/www.copealcoy.es\\\/es\\\/emotiva-crida-a-acompanar-a-la-patrona-de-alcoy-en-la-romeria-a-la-font-roja\\\/#primaryimage\"},\"thumbnailUrl\":\"https:\\\/\\\/www.copealcoy.es\\\/wp-content\\\/uploads\\\/2023\\\/09\\\/IMG-5009-scaled-e1694899938965.jpg\",\"keywords\":[\"Alcoy\",\"festividad\",\"ofrenda floral\",\"patrona\",\"Virgen de los Lirios\"],\"articleSection\":[\"Actualidad\",\"Alcoy\",\"Fiesta y Cultura\",\"Noticias\"],\"inLanguage\":\"es\"},{\"@type\":\"WebPage\",\"@id\":\"https:\\\/\\\/www.copealcoy.es\\\/es\\\/emotiva-crida-a-acompanar-a-la-patrona-de-alcoy-en-la-romeria-a-la-font-roja\\\/\",\"url\":\"https:\\\/\\\/www.copealcoy.es\\\/es\\\/emotiva-crida-a-acompanar-a-la-patrona-de-alcoy-en-la-romeria-a-la-font-roja\\\/\",\"name\":\"Emotiva 'crida' a acompa\u00f1ar a la patrona de Alcoy en la Romer\u00eda a la Font Roja - COPE Alcoy\",\"isPartOf\":{\"@id\":\"https:\\\/\\\/www.copealcoy.es\\\/es\\\/#website\"},\"primaryImageOfPage\":{\"@id\":\"https:\\\/\\\/www.copealcoy.es\\\/es\\\/emotiva-crida-a-acompanar-a-la-patrona-de-alcoy-en-la-romeria-a-la-font-roja\\\/#primaryimage\"},\"image\":{\"@id\":\"https:\\\/\\\/www.copealcoy.es\\\/es\\\/emotiva-crida-a-acompanar-a-la-patrona-de-alcoy-en-la-romeria-a-la-font-roja\\\/#primaryimage\"},\"thumbnailUrl\":\"https:\\\/\\\/www.copealcoy.es\\\/wp-content\\\/uploads\\\/2023\\\/09\\\/IMG-5009-scaled-e1694899938965.jpg\",\"datePublished\":\"2023-09-16T21:32:35+00:00\",\"dateModified\":\"2023-09-16T21:41:44+00:00\",\"author\":{\"@id\":\"https:\\\/\\\/www.copealcoy.es\\\/es\\\/#\\\/schema\\\/person\\\/e777c87fa024e57d40170af9df39882c\"},\"description\":\"Alcoy vive un intenso fin de semana con ocasi\u00f3n de la festividad de la patrona de la ciudad, la Virgen de los Lirios.\",\"breadcrumb\":{\"@id\":\"https:\\\/\\\/www.copealcoy.es\\\/es\\\/emotiva-crida-a-acompanar-a-la-patrona-de-alcoy-en-la-romeria-a-la-font-roja\\\/#breadcrumb\"},\"inLanguage\":\"es\",\"potentialAction\":[{\"@type\":\"ReadAction\",\"target\":[\"https:\\\/\\\/www.copealcoy.es\\\/es\\\/emotiva-crida-a-acompanar-a-la-patrona-de-alcoy-en-la-romeria-a-la-font-roja\\\/\"]}]},{\"@type\":\"ImageObject\",\"inLanguage\":\"es\",\"@id\":\"https:\\\/\\\/www.copealcoy.es\\\/es\\\/emotiva-crida-a-acompanar-a-la-patrona-de-alcoy-en-la-romeria-a-la-font-roja\\\/#primaryimage\",\"url\":\"https:\\\/\\\/www.copealcoy.es\\\/wp-content\\\/uploads\\\/2023\\\/09\\\/IMG-5009-scaled-e1694899938965.jpg\",\"contentUrl\":\"https:\\\/\\\/www.copealcoy.es\\\/wp-content\\\/uploads\\\/2023\\\/09\\\/IMG-5009-scaled-e1694899938965.jpg\",\"width\":640,\"height\":465},{\"@type\":\"BreadcrumbList\",\"@id\":\"https:\\\/\\\/www.copealcoy.es\\\/es\\\/emotiva-crida-a-acompanar-a-la-patrona-de-alcoy-en-la-romeria-a-la-font-roja\\\/#breadcrumb\",\"itemListElement\":[{\"@type\":\"ListItem\",\"position\":1,\"name\":\"Portada\",\"item\":\"https:\\\/\\\/www.copealcoy.es\\\/es\\\/\"},{\"@type\":\"ListItem\",\"position\":2,\"name\":\"Emotiva &#8216;crida&#8217; a acompa\u00f1ar a la patrona de Alcoy en la Romer\u00eda a la Font Roja\"}]},{\"@type\":\"WebSite\",\"@id\":\"https:\\\/\\\/www.copealcoy.es\\\/es\\\/#website\",\"url\":\"https:\\\/\\\/www.copealcoy.es\\\/es\\\/\",\"name\":\"COPE Alcoy\",\"description\":\"Emisora COPE de radio local con emisi\u00f3n online. Pont de Sant Jordi 8-10 03803 Alcoy\",\"potentialAction\":[{\"@type\":\"SearchAction\",\"target\":{\"@type\":\"EntryPoint\",\"urlTemplate\":\"https:\\\/\\\/www.copealcoy.es\\\/es\\\/?s={search_term_string}\"},\"query-input\":{\"@type\":\"PropertyValueSpecification\",\"valueRequired\":true,\"valueName\":\"search_term_string\"}}],\"inLanguage\":\"es\"},{\"@type\":\"Person\",\"@id\":\"https:\\\/\\\/www.copealcoy.es\\\/es\\\/#\\\/schema\\\/person\\\/e777c87fa024e57d40170af9df39882c\",\"name\":\"Cope Alcoy\",\"image\":{\"@type\":\"ImageObject\",\"inLanguage\":\"es\",\"@id\":\"https:\\\/\\\/secure.gravatar.com\\\/avatar\\\/bb65d0283347e303893ba14f0692005417c1e0e690a325a4c5d8bb2b3943ee14?s=96&d=mm&r=g\",\"url\":\"https:\\\/\\\/secure.gravatar.com\\\/avatar\\\/bb65d0283347e303893ba14f0692005417c1e0e690a325a4c5d8bb2b3943ee14?s=96&d=mm&r=g\",\"contentUrl\":\"https:\\\/\\\/secure.gravatar.com\\\/avatar\\\/bb65d0283347e303893ba14f0692005417c1e0e690a325a4c5d8bb2b3943ee14?s=96&d=mm&r=g\",\"caption\":\"Cope Alcoy\"}}]}<\/script>\n<!-- \/ Yoast SEO plugin. -->","yoast_head_json":{"title":"Emotiva 'crida' a acompa\u00f1ar a la patrona de Alcoy en la Romer\u00eda a la Font Roja - COPE Alcoy","description":"Alcoy vive un intenso fin de semana con ocasi\u00f3n de la festividad de la patrona de la ciudad, la Virgen de los Lirios.","robots":{"index":"index","follow":"follow","max-snippet":"max-snippet:-1","max-image-preview":"max-image-preview:large","max-video-preview":"max-video-preview:-1"},"canonical":"https:\/\/www.copealcoy.es\/es\/emotiva-crida-a-acompanar-a-la-patrona-de-alcoy-en-la-romeria-a-la-font-roja\/","og_locale":"es_ES","og_type":"article","og_title":"Emotiva 'crida' a acompa\u00f1ar a la patrona de Alcoy en la Romer\u00eda a la Font Roja - COPE Alcoy","og_description":"Alcoy vive un intenso fin de semana con ocasi\u00f3n de la festividad de la patrona de la ciudad, la Virgen de los Lirios.","og_url":"https:\/\/www.copealcoy.es\/es\/emotiva-crida-a-acompanar-a-la-patrona-de-alcoy-en-la-romeria-a-la-font-roja\/","og_site_name":"COPE Alcoy","article_published_time":"2023-09-16T21:32:35+00:00","article_modified_time":"2023-09-16T21:41:44+00:00","og_image":[{"width":640,"height":465,"url":"https:\/\/www.copealcoy.es\/wp-content\/uploads\/2023\/09\/IMG-5009-scaled-e1694899938965.jpg","type":"image\/jpeg"}],"author":"Cope Alcoy","twitter_misc":{"Escrito por":"Cope Alcoy","Tiempo de lectura":"3 minutos"},"schema":{"@context":"https:\/\/schema.org","@graph":[{"@type":"Article","@id":"https:\/\/www.copealcoy.es\/es\/emotiva-crida-a-acompanar-a-la-patrona-de-alcoy-en-la-romeria-a-la-font-roja\/#article","isPartOf":{"@id":"https:\/\/www.copealcoy.es\/es\/emotiva-crida-a-acompanar-a-la-patrona-de-alcoy-en-la-romeria-a-la-font-roja\/"},"author":{"name":"Cope Alcoy","@id":"https:\/\/www.copealcoy.es\/es\/#\/schema\/person\/e777c87fa024e57d40170af9df39882c"},"headline":"Emotiva &#8216;crida&#8217; a acompa\u00f1ar a la patrona de Alcoy en la Romer\u00eda a la Font Roja","datePublished":"2023-09-16T21:32:35+00:00","dateModified":"2023-09-16T21:41:44+00:00","mainEntityOfPage":{"@id":"https:\/\/www.copealcoy.es\/es\/emotiva-crida-a-acompanar-a-la-patrona-de-alcoy-en-la-romeria-a-la-font-roja\/"},"wordCount":553,"commentCount":0,"image":{"@id":"https:\/\/www.copealcoy.es\/es\/emotiva-crida-a-acompanar-a-la-patrona-de-alcoy-en-la-romeria-a-la-font-roja\/#primaryimage"},"thumbnailUrl":"https:\/\/www.copealcoy.es\/wp-content\/uploads\/2023\/09\/IMG-5009-scaled-e1694899938965.jpg","keywords":["Alcoy","festividad","ofrenda floral","patrona","Virgen de los Lirios"],"articleSection":["Actualidad","Alcoy","Fiesta y Cultura","Noticias"],"inLanguage":"es"},{"@type":"WebPage","@id":"https:\/\/www.copealcoy.es\/es\/emotiva-crida-a-acompanar-a-la-patrona-de-alcoy-en-la-romeria-a-la-font-roja\/","url":"https:\/\/www.copealcoy.es\/es\/emotiva-crida-a-acompanar-a-la-patrona-de-alcoy-en-la-romeria-a-la-font-roja\/","name":"Emotiva 'crida' a acompa\u00f1ar a la patrona de Alcoy en la Romer\u00eda a la Font Roja - COPE Alcoy","isPartOf":{"@id":"https:\/\/www.copealcoy.es\/es\/#website"},"primaryImageOfPage":{"@id":"https:\/\/www.copealcoy.es\/es\/emotiva-crida-a-acompanar-a-la-patrona-de-alcoy-en-la-romeria-a-la-font-roja\/#primaryimage"},"image":{"@id":"https:\/\/www.copealcoy.es\/es\/emotiva-crida-a-acompanar-a-la-patrona-de-alcoy-en-la-romeria-a-la-font-roja\/#primaryimage"},"thumbnailUrl":"https:\/\/www.copealcoy.es\/wp-content\/uploads\/2023\/09\/IMG-5009-scaled-e1694899938965.jpg","datePublished":"2023-09-16T21:32:35+00:00","dateModified":"2023-09-16T21:41:44+00:00","author":{"@id":"https:\/\/www.copealcoy.es\/es\/#\/schema\/person\/e777c87fa024e57d40170af9df39882c"},"description":"Alcoy vive un intenso fin de semana con ocasi\u00f3n de la festividad de la patrona de la ciudad, la Virgen de los Lirios.","breadcrumb":{"@id":"https:\/\/www.copealcoy.es\/es\/emotiva-crida-a-acompanar-a-la-patrona-de-alcoy-en-la-romeria-a-la-font-roja\/#breadcrumb"},"inLanguage":"es","potentialAction":[{"@type":"ReadAction","target":["https:\/\/www.copealcoy.es\/es\/emotiva-crida-a-acompanar-a-la-patrona-de-alcoy-en-la-romeria-a-la-font-roja\/"]}]},{"@type":"ImageObject","inLanguage":"es","@id":"https:\/\/www.copealcoy.es\/es\/emotiva-crida-a-acompanar-a-la-patrona-de-alcoy-en-la-romeria-a-la-font-roja\/#primaryimage","url":"https:\/\/www.copealcoy.es\/wp-content\/uploads\/2023\/09\/IMG-5009-scaled-e1694899938965.jpg","contentUrl":"https:\/\/www.copealcoy.es\/wp-content\/uploads\/2023\/09\/IMG-5009-scaled-e1694899938965.jpg","width":640,"height":465},{"@type":"BreadcrumbList","@id":"https:\/\/www.copealcoy.es\/es\/emotiva-crida-a-acompanar-a-la-patrona-de-alcoy-en-la-romeria-a-la-font-roja\/#breadcrumb","itemListElement":[{"@type":"ListItem","position":1,"name":"Portada","item":"https:\/\/www.copealcoy.es\/es\/"},{"@type":"ListItem","position":2,"name":"Emotiva &#8216;crida&#8217; a acompa\u00f1ar a la patrona de Alcoy en la Romer\u00eda a la Font Roja"}]},{"@type":"WebSite","@id":"https:\/\/www.copealcoy.es\/es\/#website","url":"https:\/\/www.copealcoy.es\/es\/","name":"COPE Alcoy","description":"Emisora COPE de radio local con emisi\u00f3n online. Pont de Sant Jordi 8-10 03803 Alcoy","potentialAction":[{"@type":"SearchAction","target":{"@type":"EntryPoint","urlTemplate":"https:\/\/www.copealcoy.es\/es\/?s={search_term_string}"},"query-input":{"@type":"PropertyValueSpecification","valueRequired":true,"valueName":"search_term_string"}}],"inLanguage":"es"},{"@type":"Person","@id":"https:\/\/www.copealcoy.es\/es\/#\/schema\/person\/e777c87fa024e57d40170af9df39882c","name":"Cope Alcoy","image":{"@type":"ImageObject","inLanguage":"es","@id":"https:\/\/secure.gravatar.com\/avatar\/bb65d0283347e303893ba14f0692005417c1e0e690a325a4c5d8bb2b3943ee14?s=96&d=mm&r=g","url":"https:\/\/secure.gravatar.com\/avatar\/bb65d0283347e303893ba14f0692005417c1e0e690a325a4c5d8bb2b3943ee14?s=96&d=mm&r=g","contentUrl":"https:\/\/secure.gravatar.com\/avatar\/bb65d0283347e303893ba14f0692005417c1e0e690a325a4c5d8bb2b3943ee14?s=96&d=mm&r=g","caption":"Cope Alcoy"}}]}},"_links":{"self":[{"href":"https:\/\/www.copealcoy.es\/es\/wp-json\/wp\/v2\/posts\/121854","targetHints":{"allow":["GET"]}}],"collection":[{"href":"https:\/\/www.copealcoy.es\/es\/wp-json\/wp\/v2\/posts"}],"about":[{"href":"https:\/\/www.copealcoy.es\/es\/wp-json\/wp\/v2\/types\/post"}],"author":[{"embeddable":true,"href":"https:\/\/www.copealcoy.es\/es\/wp-json\/wp\/v2\/users\/1"}],"replies":[{"embeddable":true,"href":"https:\/\/www.copealcoy.es\/es\/wp-json\/wp\/v2\/comments?post=121854"}],"version-history":[{"count":0,"href":"https:\/\/www.copealcoy.es\/es\/wp-json\/wp\/v2\/posts\/121854\/revisions"}],"wp:featuredmedia":[{"embeddable":true,"href":"https:\/\/www.copealcoy.es\/es\/wp-json\/wp\/v2\/media\/121855"}],"wp:attachment":[{"href":"https:\/\/www.copealcoy.es\/es\/wp-json\/wp\/v2\/media?parent=121854"}],"wp:term":[{"taxonomy":"category","embeddable":true,"href":"https:\/\/www.copealcoy.es\/es\/wp-json\/wp\/v2\/categories?post=121854"},{"taxonomy":"post_tag","embeddable":true,"href":"https:\/\/www.copealcoy.es\/es\/wp-json\/wp\/v2\/tags?post=121854"}],"curies":[{"name":"wp","href":"https:\/\/api.w.org\/{rel}","templated":true}]}}