{"id":121786,"date":"2023-09-15T06:10:06","date_gmt":"2023-09-15T05:10:06","guid":{"rendered":"https:\/\/www.copealcoy.es\/?p=121786"},"modified":"2023-09-16T22:08:12","modified_gmt":"2023-09-16T21:08:12","slug":"asi-sera-el-fin-de-semana-dedicado-a-la-patrona-de-alcoy","status":"publish","type":"post","link":"https:\/\/www.copealcoy.es\/es\/asi-sera-el-fin-de-semana-dedicado-a-la-patrona-de-alcoy\/","title":{"rendered":"As\u00ed ser\u00e1 el fin de semana dedicado a la patrona de Alcoy"},"content":{"rendered":"<p style=\"text-align: justify;\">Alcoy <strong>se adentra en un intenso fin de semana<\/strong> en el que <strong>la ciudad rendir\u00e1 todos los honores a su patrona<\/strong>, la Virgen de los Lirios. Ser\u00e1 <strong>la culminaci\u00f3n de unos festejos<\/strong> que comenzaron el 21 de agosto, con <strong>la celebraci\u00f3n de la festividad de la Mare de D\u00e9u en la Font Roja<\/strong>, y que alzaron el vuelo el viernes 1 de septiembre mediante <a href=\"https:\/\/www.copealcoy.es\/el-cartel-de-paqui-clavellinas-ya-anuncia-la-romeria-a-la-font-roja\/\" target=\"_blank\" rel=\"noopener\"><span style=\"color: #0000ff;\"><strong>el descubrimiento del cartel anunciador<\/strong><\/span><\/a> que ha creado este a\u00f1o <strong>Paqui Clavenillas<\/strong>.<\/p>\n<p style=\"text-align: justify;\">Este viernes <strong>finaliza el triduo<\/strong>, que desde el mi\u00e9rcoles por la tarde se lleva a cabo en la Parroquia de San Mauro y San Francisco, y que est\u00e1 siendo predicado este a\u00f1o por Don Rosendo Soler Mir\u00f3. Ya el s\u00e1bado, la Colla de Campaners d&#8217;Alcoi anunciar\u00e1 la fiesta de la patrona con un <strong>volteo extraordinario de campanas<\/strong> a partir de las 12:00h en las iglesias del Centro al que se sumar\u00e1n todas las parroquias de la ciudad. A las 18:30h se efectuar\u00e1 <strong>una misa solemne<\/strong> en San Mauro y San Francisco, oficiada por el Arzobispo de Valencia Monse\u00f1or Enrique Benavent, que dar\u00e1 paso a <strong>la ofrenda floral<\/strong>. Esta arrancar\u00e1 en la Plaza de Ram\u00f3n y Cajal con <strong>la salida a la calle de la Virgen de los Lirios<\/strong> para ser portada en andas por la calle de San Nicol\u00e1s hasta llegar a la Plaza de Espa\u00f1a. All\u00ed, en el estrado situado en La Bandeja, se ir\u00e1n colocando los ramos de flores y una vez llegue la patrona al c\u00e9ntrico enclave <strong>vendr\u00e1 el momento de escuchar &#8216;La Crida&#8217; a la Romer\u00eda<\/strong> que pronunciar\u00e1 este a\u00f1o Indalecio Carbonell (Presidente del C\u00edrculo Industrial). La jornada acabar\u00e1 con <strong>el disparo de un castillo de fuegos artificiales<\/strong>, <strong>el canto del Himno de la Coronaci\u00f3n<\/strong> y <strong>el retorno de la Mare de D\u00e9u a San Mauro<\/strong>.<\/p>\n<p style=\"text-align: justify;\">Desde esta \u00faltima parroquia partir\u00e1 a las 06:45h del domingo <strong>la Romer\u00eda hasta la Font Roja<\/strong> tras <strong>una &#8216;despert\u00e0&#8217;<\/strong> que anunciar\u00e1 a todo Alcoy el inicio de un d\u00eda especial. En la comitiva <strong>tomar\u00e1 parte la imagen peregrina de la Virgen de los Lirios<\/strong> y al paso de la misma por el Cementerio Municipal <strong>se rezar\u00e1 un responso<\/strong> en memoria de todos los alcoyanos difuntos. Est\u00e1 previsto que la patrona llegue al Santuario a las 10:30h y sobre las 12:00h <strong>se oficiar\u00e1 una misa solemne<\/strong> &#8220;<em>animamos a toda la ciudad a participar en un d\u00eda tan significativo y esperamos que suban hasta el Carrascal despu\u00e9s de unos a\u00f1os en los que tanto la pandemia como la climatolog\u00eda han condicionado un acto tan emblem\u00e1tico<\/em>&#8220;, se\u00f1alaba en COPE ALCOY <strong>Reme Perell\u00f3<\/strong>; presidenta de la Archicofrad\u00eda de la Virgen de los Lirios.<\/p>\n<p style=\"text-align: justify;\">La programaci\u00f3n festiva en honor a la Virgen de los Lirios <strong>terminar\u00e1 el pr\u00f3ximo martes 19 de septiembre<\/strong>. Ser\u00e1 con <strong>una misa de acci\u00f3n de gracias<\/strong> que se celebrar\u00e1 a partir de las 20:00h en el templo de San Mauro y San Francisco.<\/p>\n","protected":false},"excerpt":{"rendered":"<p>Alcoy se adentra en un intenso fin de semana en el que la ciudad rendir\u00e1 todos los honores a su&#8230;<\/p>\n","protected":false},"author":1,"featured_media":91783,"comment_status":"open","ping_status":"open","sticky":false,"template":"","format":"standard","meta":{"footnotes":""},"categories":[6909,97,78,75],"tags":[1494,1460,6997,437,566,1347],"class_list":["post-121786","post","type-post","status-publish","format-standard","has-post-thumbnail","hentry","category-actualidad","category-alcoy","category-fiestaycultura","category-noticias","tag-alcoy","tag-carrascal","tag-festividad","tag-font-roja","tag-romeria","tag-virgen-de-los-lirios"],"yoast_head":"<!-- This site is optimized with the Yoast SEO plugin v27.3 - https:\/\/yoast.com\/product\/yoast-seo-wordpress\/ -->\n<title>As\u00ed ser\u00e1 el fin de semana dedicado a la patrona de Alcoy - COPE Alcoy<\/title>\n<meta name=\"robots\" content=\"index, follow, max-snippet:-1, max-image-preview:large, max-video-preview:-1\" \/>\n<link rel=\"canonical\" href=\"https:\/\/www.copealcoy.es\/es\/asi-sera-el-fin-de-semana-dedicado-a-la-patrona-de-alcoy\/\" \/>\n<meta property=\"og:locale\" content=\"es_ES\" \/>\n<meta property=\"og:type\" content=\"article\" \/>\n<meta property=\"og:title\" content=\"As\u00ed ser\u00e1 el fin de semana dedicado a la patrona de Alcoy - COPE Alcoy\" \/>\n<meta property=\"og:description\" content=\"Alcoy se adentra en un intenso fin de semana en el que la ciudad rendir\u00e1 todos los honores a su...\" \/>\n<meta property=\"og:url\" content=\"https:\/\/www.copealcoy.es\/es\/asi-sera-el-fin-de-semana-dedicado-a-la-patrona-de-alcoy\/\" \/>\n<meta property=\"og:site_name\" content=\"COPE Alcoy\" \/>\n<meta property=\"article:published_time\" content=\"2023-09-15T05:10:06+00:00\" \/>\n<meta property=\"article:modified_time\" content=\"2023-09-16T21:08:12+00:00\" \/>\n<meta property=\"og:image\" content=\"https:\/\/www.copealcoy.es\/wp-content\/uploads\/2022\/09\/Ofrenda-Virgen-de-los-Lirios-2022-4-scaled.jpg\" \/>\n\t<meta property=\"og:image:width\" content=\"1440\" \/>\n\t<meta property=\"og:image:height\" content=\"1080\" \/>\n\t<meta property=\"og:image:type\" content=\"image\/jpeg\" \/>\n<meta name=\"author\" content=\"Cope Alcoy\" \/>\n<meta name=\"twitter:label1\" content=\"Escrito por\" \/>\n\t<meta name=\"twitter:data1\" content=\"Cope Alcoy\" \/>\n\t<meta name=\"twitter:label2\" content=\"Tiempo de lectura\" \/>\n\t<meta name=\"twitter:data2\" content=\"3 minutos\" \/>\n<script type=\"application\/ld+json\" class=\"yoast-schema-graph\">{\"@context\":\"https:\\\/\\\/schema.org\",\"@graph\":[{\"@type\":\"Article\",\"@id\":\"https:\\\/\\\/www.copealcoy.es\\\/es\\\/asi-sera-el-fin-de-semana-dedicado-a-la-patrona-de-alcoy\\\/#article\",\"isPartOf\":{\"@id\":\"https:\\\/\\\/www.copealcoy.es\\\/es\\\/asi-sera-el-fin-de-semana-dedicado-a-la-patrona-de-alcoy\\\/\"},\"author\":{\"name\":\"Cope Alcoy\",\"@id\":\"https:\\\/\\\/www.copealcoy.es\\\/es\\\/#\\\/schema\\\/person\\\/e777c87fa024e57d40170af9df39882c\"},\"headline\":\"As\u00ed ser\u00e1 el fin de semana dedicado a la patrona de Alcoy\",\"datePublished\":\"2023-09-15T05:10:06+00:00\",\"dateModified\":\"2023-09-16T21:08:12+00:00\",\"mainEntityOfPage\":{\"@id\":\"https:\\\/\\\/www.copealcoy.es\\\/es\\\/asi-sera-el-fin-de-semana-dedicado-a-la-patrona-de-alcoy\\\/\"},\"wordCount\":519,\"commentCount\":0,\"image\":{\"@id\":\"https:\\\/\\\/www.copealcoy.es\\\/es\\\/asi-sera-el-fin-de-semana-dedicado-a-la-patrona-de-alcoy\\\/#primaryimage\"},\"thumbnailUrl\":\"https:\\\/\\\/www.copealcoy.es\\\/wp-content\\\/uploads\\\/2022\\\/09\\\/Ofrenda-Virgen-de-los-Lirios-2022-4-scaled.jpg\",\"keywords\":[\"Alcoy\",\"Carrascal\",\"festividad\",\"Font Roja\",\"Romer\u00eda\",\"Virgen de los Lirios\"],\"articleSection\":[\"Actualidad\",\"Alcoy\",\"Fiesta y Cultura\",\"Noticias\"],\"inLanguage\":\"es\"},{\"@type\":\"WebPage\",\"@id\":\"https:\\\/\\\/www.copealcoy.es\\\/es\\\/asi-sera-el-fin-de-semana-dedicado-a-la-patrona-de-alcoy\\\/\",\"url\":\"https:\\\/\\\/www.copealcoy.es\\\/es\\\/asi-sera-el-fin-de-semana-dedicado-a-la-patrona-de-alcoy\\\/\",\"name\":\"As\u00ed ser\u00e1 el fin de semana dedicado a la patrona de Alcoy - COPE Alcoy\",\"isPartOf\":{\"@id\":\"https:\\\/\\\/www.copealcoy.es\\\/es\\\/#website\"},\"primaryImageOfPage\":{\"@id\":\"https:\\\/\\\/www.copealcoy.es\\\/es\\\/asi-sera-el-fin-de-semana-dedicado-a-la-patrona-de-alcoy\\\/#primaryimage\"},\"image\":{\"@id\":\"https:\\\/\\\/www.copealcoy.es\\\/es\\\/asi-sera-el-fin-de-semana-dedicado-a-la-patrona-de-alcoy\\\/#primaryimage\"},\"thumbnailUrl\":\"https:\\\/\\\/www.copealcoy.es\\\/wp-content\\\/uploads\\\/2022\\\/09\\\/Ofrenda-Virgen-de-los-Lirios-2022-4-scaled.jpg\",\"datePublished\":\"2023-09-15T05:10:06+00:00\",\"dateModified\":\"2023-09-16T21:08:12+00:00\",\"author\":{\"@id\":\"https:\\\/\\\/www.copealcoy.es\\\/es\\\/#\\\/schema\\\/person\\\/e777c87fa024e57d40170af9df39882c\"},\"breadcrumb\":{\"@id\":\"https:\\\/\\\/www.copealcoy.es\\\/es\\\/asi-sera-el-fin-de-semana-dedicado-a-la-patrona-de-alcoy\\\/#breadcrumb\"},\"inLanguage\":\"es\",\"potentialAction\":[{\"@type\":\"ReadAction\",\"target\":[\"https:\\\/\\\/www.copealcoy.es\\\/es\\\/asi-sera-el-fin-de-semana-dedicado-a-la-patrona-de-alcoy\\\/\"]}]},{\"@type\":\"ImageObject\",\"inLanguage\":\"es\",\"@id\":\"https:\\\/\\\/www.copealcoy.es\\\/es\\\/asi-sera-el-fin-de-semana-dedicado-a-la-patrona-de-alcoy\\\/#primaryimage\",\"url\":\"https:\\\/\\\/www.copealcoy.es\\\/wp-content\\\/uploads\\\/2022\\\/09\\\/Ofrenda-Virgen-de-los-Lirios-2022-4-scaled.jpg\",\"contentUrl\":\"https:\\\/\\\/www.copealcoy.es\\\/wp-content\\\/uploads\\\/2022\\\/09\\\/Ofrenda-Virgen-de-los-Lirios-2022-4-scaled.jpg\",\"width\":1440,\"height\":1080,\"caption\":\"Ofrenda Virgen de los Lirios 2022\"},{\"@type\":\"BreadcrumbList\",\"@id\":\"https:\\\/\\\/www.copealcoy.es\\\/es\\\/asi-sera-el-fin-de-semana-dedicado-a-la-patrona-de-alcoy\\\/#breadcrumb\",\"itemListElement\":[{\"@type\":\"ListItem\",\"position\":1,\"name\":\"Portada\",\"item\":\"https:\\\/\\\/www.copealcoy.es\\\/es\\\/\"},{\"@type\":\"ListItem\",\"position\":2,\"name\":\"As\u00ed ser\u00e1 el fin de semana dedicado a la patrona de Alcoy\"}]},{\"@type\":\"WebSite\",\"@id\":\"https:\\\/\\\/www.copealcoy.es\\\/es\\\/#website\",\"url\":\"https:\\\/\\\/www.copealcoy.es\\\/es\\\/\",\"name\":\"COPE Alcoy\",\"description\":\"Emisora COPE de radio local con emisi\u00f3n online. Pont de Sant Jordi 8-10 03803 Alcoy\",\"potentialAction\":[{\"@type\":\"SearchAction\",\"target\":{\"@type\":\"EntryPoint\",\"urlTemplate\":\"https:\\\/\\\/www.copealcoy.es\\\/es\\\/?s={search_term_string}\"},\"query-input\":{\"@type\":\"PropertyValueSpecification\",\"valueRequired\":true,\"valueName\":\"search_term_string\"}}],\"inLanguage\":\"es\"},{\"@type\":\"Person\",\"@id\":\"https:\\\/\\\/www.copealcoy.es\\\/es\\\/#\\\/schema\\\/person\\\/e777c87fa024e57d40170af9df39882c\",\"name\":\"Cope Alcoy\",\"image\":{\"@type\":\"ImageObject\",\"inLanguage\":\"es\",\"@id\":\"https:\\\/\\\/secure.gravatar.com\\\/avatar\\\/bb65d0283347e303893ba14f0692005417c1e0e690a325a4c5d8bb2b3943ee14?s=96&d=mm&r=g\",\"url\":\"https:\\\/\\\/secure.gravatar.com\\\/avatar\\\/bb65d0283347e303893ba14f0692005417c1e0e690a325a4c5d8bb2b3943ee14?s=96&d=mm&r=g\",\"contentUrl\":\"https:\\\/\\\/secure.gravatar.com\\\/avatar\\\/bb65d0283347e303893ba14f0692005417c1e0e690a325a4c5d8bb2b3943ee14?s=96&d=mm&r=g\",\"caption\":\"Cope Alcoy\"}}]}<\/script>\n<!-- \/ Yoast SEO plugin. -->","yoast_head_json":{"title":"As\u00ed ser\u00e1 el fin de semana dedicado a la patrona de Alcoy - COPE Alcoy","robots":{"index":"index","follow":"follow","max-snippet":"max-snippet:-1","max-image-preview":"max-image-preview:large","max-video-preview":"max-video-preview:-1"},"canonical":"https:\/\/www.copealcoy.es\/es\/asi-sera-el-fin-de-semana-dedicado-a-la-patrona-de-alcoy\/","og_locale":"es_ES","og_type":"article","og_title":"As\u00ed ser\u00e1 el fin de semana dedicado a la patrona de Alcoy - COPE Alcoy","og_description":"Alcoy se adentra en un intenso fin de semana en el que la ciudad rendir\u00e1 todos los honores a su...","og_url":"https:\/\/www.copealcoy.es\/es\/asi-sera-el-fin-de-semana-dedicado-a-la-patrona-de-alcoy\/","og_site_name":"COPE Alcoy","article_published_time":"2023-09-15T05:10:06+00:00","article_modified_time":"2023-09-16T21:08:12+00:00","og_image":[{"width":1440,"height":1080,"url":"https:\/\/www.copealcoy.es\/wp-content\/uploads\/2022\/09\/Ofrenda-Virgen-de-los-Lirios-2022-4-scaled.jpg","type":"image\/jpeg"}],"author":"Cope Alcoy","twitter_misc":{"Escrito por":"Cope Alcoy","Tiempo de lectura":"3 minutos"},"schema":{"@context":"https:\/\/schema.org","@graph":[{"@type":"Article","@id":"https:\/\/www.copealcoy.es\/es\/asi-sera-el-fin-de-semana-dedicado-a-la-patrona-de-alcoy\/#article","isPartOf":{"@id":"https:\/\/www.copealcoy.es\/es\/asi-sera-el-fin-de-semana-dedicado-a-la-patrona-de-alcoy\/"},"author":{"name":"Cope Alcoy","@id":"https:\/\/www.copealcoy.es\/es\/#\/schema\/person\/e777c87fa024e57d40170af9df39882c"},"headline":"As\u00ed ser\u00e1 el fin de semana dedicado a la patrona de Alcoy","datePublished":"2023-09-15T05:10:06+00:00","dateModified":"2023-09-16T21:08:12+00:00","mainEntityOfPage":{"@id":"https:\/\/www.copealcoy.es\/es\/asi-sera-el-fin-de-semana-dedicado-a-la-patrona-de-alcoy\/"},"wordCount":519,"commentCount":0,"image":{"@id":"https:\/\/www.copealcoy.es\/es\/asi-sera-el-fin-de-semana-dedicado-a-la-patrona-de-alcoy\/#primaryimage"},"thumbnailUrl":"https:\/\/www.copealcoy.es\/wp-content\/uploads\/2022\/09\/Ofrenda-Virgen-de-los-Lirios-2022-4-scaled.jpg","keywords":["Alcoy","Carrascal","festividad","Font Roja","Romer\u00eda","Virgen de los Lirios"],"articleSection":["Actualidad","Alcoy","Fiesta y Cultura","Noticias"],"inLanguage":"es"},{"@type":"WebPage","@id":"https:\/\/www.copealcoy.es\/es\/asi-sera-el-fin-de-semana-dedicado-a-la-patrona-de-alcoy\/","url":"https:\/\/www.copealcoy.es\/es\/asi-sera-el-fin-de-semana-dedicado-a-la-patrona-de-alcoy\/","name":"As\u00ed ser\u00e1 el fin de semana dedicado a la patrona de Alcoy - COPE Alcoy","isPartOf":{"@id":"https:\/\/www.copealcoy.es\/es\/#website"},"primaryImageOfPage":{"@id":"https:\/\/www.copealcoy.es\/es\/asi-sera-el-fin-de-semana-dedicado-a-la-patrona-de-alcoy\/#primaryimage"},"image":{"@id":"https:\/\/www.copealcoy.es\/es\/asi-sera-el-fin-de-semana-dedicado-a-la-patrona-de-alcoy\/#primaryimage"},"thumbnailUrl":"https:\/\/www.copealcoy.es\/wp-content\/uploads\/2022\/09\/Ofrenda-Virgen-de-los-Lirios-2022-4-scaled.jpg","datePublished":"2023-09-15T05:10:06+00:00","dateModified":"2023-09-16T21:08:12+00:00","author":{"@id":"https:\/\/www.copealcoy.es\/es\/#\/schema\/person\/e777c87fa024e57d40170af9df39882c"},"breadcrumb":{"@id":"https:\/\/www.copealcoy.es\/es\/asi-sera-el-fin-de-semana-dedicado-a-la-patrona-de-alcoy\/#breadcrumb"},"inLanguage":"es","potentialAction":[{"@type":"ReadAction","target":["https:\/\/www.copealcoy.es\/es\/asi-sera-el-fin-de-semana-dedicado-a-la-patrona-de-alcoy\/"]}]},{"@type":"ImageObject","inLanguage":"es","@id":"https:\/\/www.copealcoy.es\/es\/asi-sera-el-fin-de-semana-dedicado-a-la-patrona-de-alcoy\/#primaryimage","url":"https:\/\/www.copealcoy.es\/wp-content\/uploads\/2022\/09\/Ofrenda-Virgen-de-los-Lirios-2022-4-scaled.jpg","contentUrl":"https:\/\/www.copealcoy.es\/wp-content\/uploads\/2022\/09\/Ofrenda-Virgen-de-los-Lirios-2022-4-scaled.jpg","width":1440,"height":1080,"caption":"Ofrenda Virgen de los Lirios 2022"},{"@type":"BreadcrumbList","@id":"https:\/\/www.copealcoy.es\/es\/asi-sera-el-fin-de-semana-dedicado-a-la-patrona-de-alcoy\/#breadcrumb","itemListElement":[{"@type":"ListItem","position":1,"name":"Portada","item":"https:\/\/www.copealcoy.es\/es\/"},{"@type":"ListItem","position":2,"name":"As\u00ed ser\u00e1 el fin de semana dedicado a la patrona de Alcoy"}]},{"@type":"WebSite","@id":"https:\/\/www.copealcoy.es\/es\/#website","url":"https:\/\/www.copealcoy.es\/es\/","name":"COPE Alcoy","description":"Emisora COPE de radio local con emisi\u00f3n online. Pont de Sant Jordi 8-10 03803 Alcoy","potentialAction":[{"@type":"SearchAction","target":{"@type":"EntryPoint","urlTemplate":"https:\/\/www.copealcoy.es\/es\/?s={search_term_string}"},"query-input":{"@type":"PropertyValueSpecification","valueRequired":true,"valueName":"search_term_string"}}],"inLanguage":"es"},{"@type":"Person","@id":"https:\/\/www.copealcoy.es\/es\/#\/schema\/person\/e777c87fa024e57d40170af9df39882c","name":"Cope Alcoy","image":{"@type":"ImageObject","inLanguage":"es","@id":"https:\/\/secure.gravatar.com\/avatar\/bb65d0283347e303893ba14f0692005417c1e0e690a325a4c5d8bb2b3943ee14?s=96&d=mm&r=g","url":"https:\/\/secure.gravatar.com\/avatar\/bb65d0283347e303893ba14f0692005417c1e0e690a325a4c5d8bb2b3943ee14?s=96&d=mm&r=g","contentUrl":"https:\/\/secure.gravatar.com\/avatar\/bb65d0283347e303893ba14f0692005417c1e0e690a325a4c5d8bb2b3943ee14?s=96&d=mm&r=g","caption":"Cope Alcoy"}}]}},"_links":{"self":[{"href":"https:\/\/www.copealcoy.es\/es\/wp-json\/wp\/v2\/posts\/121786","targetHints":{"allow":["GET"]}}],"collection":[{"href":"https:\/\/www.copealcoy.es\/es\/wp-json\/wp\/v2\/posts"}],"about":[{"href":"https:\/\/www.copealcoy.es\/es\/wp-json\/wp\/v2\/types\/post"}],"author":[{"embeddable":true,"href":"https:\/\/www.copealcoy.es\/es\/wp-json\/wp\/v2\/users\/1"}],"replies":[{"embeddable":true,"href":"https:\/\/www.copealcoy.es\/es\/wp-json\/wp\/v2\/comments?post=121786"}],"version-history":[{"count":0,"href":"https:\/\/www.copealcoy.es\/es\/wp-json\/wp\/v2\/posts\/121786\/revisions"}],"wp:featuredmedia":[{"embeddable":true,"href":"https:\/\/www.copealcoy.es\/es\/wp-json\/wp\/v2\/media\/91783"}],"wp:attachment":[{"href":"https:\/\/www.copealcoy.es\/es\/wp-json\/wp\/v2\/media?parent=121786"}],"wp:term":[{"taxonomy":"category","embeddable":true,"href":"https:\/\/www.copealcoy.es\/es\/wp-json\/wp\/v2\/categories?post=121786"},{"taxonomy":"post_tag","embeddable":true,"href":"https:\/\/www.copealcoy.es\/es\/wp-json\/wp\/v2\/tags?post=121786"}],"curies":[{"name":"wp","href":"https:\/\/api.w.org\/{rel}","templated":true}]}}