{"id":121734,"date":"2023-09-14T09:31:52","date_gmt":"2023-09-14T08:31:52","guid":{"rendered":"https:\/\/www.copealcoy.es\/?p=121734"},"modified":"2023-09-14T09:35:06","modified_gmt":"2023-09-14T08:35:06","slug":"18-viviendas-intergeneracionales-para-regenerar-el-partidor","status":"publish","type":"post","link":"https:\/\/www.copealcoy.es\/es\/18-viviendas-intergeneracionales-para-regenerar-el-partidor\/","title":{"rendered":"18 viviendas intergeneracionales para regenerar El Partidor"},"content":{"rendered":"<p style=\"text-align: justify;\"><strong>Regenerar el barrio del Partidor<\/strong> de Alcoy es uno de los objetivos que se persiguen desde hace unos a\u00f1os y ahora <strong>se da un nuevo paso hacia adelante<\/strong> en un proyecto del que <a href=\"https:\/\/www.copealcoy.es\/el-psoe-apuesta-por-la-revitalizacion-de-el-partidor\/\" target=\"_blank\" rel=\"noopener\"><span style=\"color: #0000ff;\"><strong>ya hablaba el Partido Socialista<\/strong><\/span><\/a> en la campa\u00f1a para las Elecciones Municipales de 2019. Y es que el Ayuntamiento de la ciudad<strong> ha sacado recientemente a licitaci\u00f3n la construcci\u00f3n de un edificio de 18 viviendas intergeneracionales<\/strong> que se ubicar\u00e1 entre el n\u00famero 102 de la calle Sant Mateu as\u00ed como el 104 de la Placeta Les Eres.<\/p>\n<p style=\"text-align: justify;\">El inmueble que se ha previsto en la zona <strong>contar\u00eda con alojamientos para j\u00f3venes y personas de edad avanzada<\/strong> al igual que <strong>se ha previsto habilitar espacios comunes y jardines<\/strong>. Adem\u00e1s, <strong>la planta baja tendr\u00e1 espacios accesibles a los vecinos del barrio<\/strong> mediante entrada controlada &#8220;<em>esta acci\u00f3n, junto con otros que estamos llevando a cabo desde el Ayuntamiento de Alcoy, como por ejemplo las obras para rehabilitar un edificio municipal en la calle Sant Maure contribuir\u00e1n a ofrecer acceso a la vivienda a los colectivos con m\u00e1s dificultades, sobre todo a las personas j\u00f3venes y a las personas mayores de 65 a\u00f1os y adem\u00e1s aprovechar\u00e1n para rehabilitar una zona<\/em>&#8220;, explica al respecto la edil de Vivienda; <strong>Tere Sanju\u00e1n<\/strong>.<\/p>\n<p style=\"text-align: justify;\">La construcci\u00f3n <strong>apostar\u00e1 por cuestiones como la sostenibilidad<\/strong> y <strong>servir\u00e1 para consolidar un entorno del casco hist\u00f3rico de Alcoy<\/strong> que ha sufrido una importante degradaci\u00f3n en los \u00faltimos a\u00f1os. De igual forma <strong>fomentar\u00e1 la relaci\u00f3n vecinal y la vida aut\u00f3noma<\/strong> al igual que se tendr\u00e1 en cuenta el <strong>refuerzo de la accesibilidad\u00a0en los alojamientos as\u00ed como en zonas comunes del edificio<\/strong>. Recordar que el <strong>presupuesto base de licitaci\u00f3n<\/strong> es de 2.025.351,56 euros y el plazo de ejecuci\u00f3n de 21 meses. Finalmente el proyecto <strong>cuenta con una ayuda<\/strong> de 810.000\u20ac dentro del marco del Programa de Fomento de la Regeneraci\u00f3n y Renovaci\u00f3n urbana y rural (ARRUR) del Plan Estatal de Vivienda 2018-2021. Esta cantidad, seg\u00fan informa el Consistorio, ha servido para financiar parte de los honorarios y de las obras.<\/p>\n","protected":false},"excerpt":{"rendered":"<p>Regenerar el barrio del Partidor de Alcoy es uno de los objetivos que se persiguen desde hace unos a\u00f1os y&#8230;<\/p>\n","protected":false},"author":1,"featured_media":121735,"comment_status":"open","ping_status":"open","sticky":false,"template":"","format":"standard","meta":{"footnotes":""},"categories":[6909,97,75,125],"tags":[1494,8732,257,427,15534],"class_list":["post-121734","post","type-post","status-publish","format-standard","has-post-thumbnail","hentry","category-actualidad","category-alcoy","category-noticias","category-portada","tag-alcoy","tag-el-partidor","tag-licitacion","tag-regeneracion","tag-viviendas-intergeneracionales"],"yoast_head":"<!-- This site is optimized with the Yoast SEO plugin v27.3 - https:\/\/yoast.com\/product\/yoast-seo-wordpress\/ -->\n<title>18 viviendas intergeneracionales para regenerar El Partidor - COPE Alcoy<\/title>\n<meta name=\"description\" content=\"El Ayuntamiento de Alcoy ha sacado a licitaci\u00f3n la construcci\u00f3n de un edificio de 18 viviendas intergeneracionales en El Partidor\" \/>\n<meta name=\"robots\" content=\"index, follow, max-snippet:-1, max-image-preview:large, max-video-preview:-1\" \/>\n<link rel=\"canonical\" href=\"https:\/\/www.copealcoy.es\/es\/18-viviendas-intergeneracionales-para-regenerar-el-partidor\/\" \/>\n<meta property=\"og:locale\" content=\"es_ES\" \/>\n<meta property=\"og:type\" content=\"article\" \/>\n<meta property=\"og:title\" content=\"18 viviendas intergeneracionales para regenerar El Partidor - COPE Alcoy\" \/>\n<meta property=\"og:description\" content=\"El Ayuntamiento de Alcoy ha sacado a licitaci\u00f3n la construcci\u00f3n de un edificio de 18 viviendas intergeneracionales en El Partidor\" \/>\n<meta property=\"og:url\" content=\"https:\/\/www.copealcoy.es\/es\/18-viviendas-intergeneracionales-para-regenerar-el-partidor\/\" \/>\n<meta property=\"og:site_name\" content=\"COPE Alcoy\" \/>\n<meta property=\"article:published_time\" content=\"2023-09-14T08:31:52+00:00\" \/>\n<meta property=\"article:modified_time\" content=\"2023-09-14T08:35:06+00:00\" \/>\n<meta property=\"og:image\" content=\"https:\/\/www.copealcoy.es\/wp-content\/uploads\/2023\/09\/Sant-Mateu-102-104-3.jpg\" \/>\n\t<meta property=\"og:image:width\" content=\"625\" \/>\n\t<meta property=\"og:image:height\" content=\"236\" \/>\n\t<meta property=\"og:image:type\" content=\"image\/jpeg\" \/>\n<meta name=\"author\" content=\"Cope Alcoy\" \/>\n<meta name=\"twitter:label1\" content=\"Escrito por\" \/>\n\t<meta name=\"twitter:data1\" content=\"Cope Alcoy\" \/>\n\t<meta name=\"twitter:label2\" content=\"Tiempo de lectura\" \/>\n\t<meta name=\"twitter:data2\" content=\"2 minutos\" \/>\n<script type=\"application\/ld+json\" class=\"yoast-schema-graph\">{\"@context\":\"https:\\\/\\\/schema.org\",\"@graph\":[{\"@type\":\"Article\",\"@id\":\"https:\\\/\\\/www.copealcoy.es\\\/es\\\/18-viviendas-intergeneracionales-para-regenerar-el-partidor\\\/#article\",\"isPartOf\":{\"@id\":\"https:\\\/\\\/www.copealcoy.es\\\/es\\\/18-viviendas-intergeneracionales-para-regenerar-el-partidor\\\/\"},\"author\":{\"name\":\"Cope Alcoy\",\"@id\":\"https:\\\/\\\/www.copealcoy.es\\\/es\\\/#\\\/schema\\\/person\\\/e777c87fa024e57d40170af9df39882c\"},\"headline\":\"18 viviendas intergeneracionales para regenerar El Partidor\",\"datePublished\":\"2023-09-14T08:31:52+00:00\",\"dateModified\":\"2023-09-14T08:35:06+00:00\",\"mainEntityOfPage\":{\"@id\":\"https:\\\/\\\/www.copealcoy.es\\\/es\\\/18-viviendas-intergeneracionales-para-regenerar-el-partidor\\\/\"},\"wordCount\":363,\"commentCount\":0,\"image\":{\"@id\":\"https:\\\/\\\/www.copealcoy.es\\\/es\\\/18-viviendas-intergeneracionales-para-regenerar-el-partidor\\\/#primaryimage\"},\"thumbnailUrl\":\"https:\\\/\\\/www.copealcoy.es\\\/wp-content\\\/uploads\\\/2023\\\/09\\\/Sant-Mateu-102-104-3.jpg\",\"keywords\":[\"Alcoy\",\"El Partidor\",\"Licitaci\u00f3n\",\"Regeneraci\u00f3n\",\"viviendas intergeneracionales\"],\"articleSection\":[\"Actualidad\",\"Alcoy\",\"Noticias\",\"Portada\"],\"inLanguage\":\"es\"},{\"@type\":\"WebPage\",\"@id\":\"https:\\\/\\\/www.copealcoy.es\\\/es\\\/18-viviendas-intergeneracionales-para-regenerar-el-partidor\\\/\",\"url\":\"https:\\\/\\\/www.copealcoy.es\\\/es\\\/18-viviendas-intergeneracionales-para-regenerar-el-partidor\\\/\",\"name\":\"18 viviendas intergeneracionales para regenerar El Partidor - COPE Alcoy\",\"isPartOf\":{\"@id\":\"https:\\\/\\\/www.copealcoy.es\\\/es\\\/#website\"},\"primaryImageOfPage\":{\"@id\":\"https:\\\/\\\/www.copealcoy.es\\\/es\\\/18-viviendas-intergeneracionales-para-regenerar-el-partidor\\\/#primaryimage\"},\"image\":{\"@id\":\"https:\\\/\\\/www.copealcoy.es\\\/es\\\/18-viviendas-intergeneracionales-para-regenerar-el-partidor\\\/#primaryimage\"},\"thumbnailUrl\":\"https:\\\/\\\/www.copealcoy.es\\\/wp-content\\\/uploads\\\/2023\\\/09\\\/Sant-Mateu-102-104-3.jpg\",\"datePublished\":\"2023-09-14T08:31:52+00:00\",\"dateModified\":\"2023-09-14T08:35:06+00:00\",\"author\":{\"@id\":\"https:\\\/\\\/www.copealcoy.es\\\/es\\\/#\\\/schema\\\/person\\\/e777c87fa024e57d40170af9df39882c\"},\"description\":\"El Ayuntamiento de Alcoy ha sacado a licitaci\u00f3n la construcci\u00f3n de un edificio de 18 viviendas intergeneracionales en El Partidor\",\"breadcrumb\":{\"@id\":\"https:\\\/\\\/www.copealcoy.es\\\/es\\\/18-viviendas-intergeneracionales-para-regenerar-el-partidor\\\/#breadcrumb\"},\"inLanguage\":\"es\",\"potentialAction\":[{\"@type\":\"ReadAction\",\"target\":[\"https:\\\/\\\/www.copealcoy.es\\\/es\\\/18-viviendas-intergeneracionales-para-regenerar-el-partidor\\\/\"]}]},{\"@type\":\"ImageObject\",\"inLanguage\":\"es\",\"@id\":\"https:\\\/\\\/www.copealcoy.es\\\/es\\\/18-viviendas-intergeneracionales-para-regenerar-el-partidor\\\/#primaryimage\",\"url\":\"https:\\\/\\\/www.copealcoy.es\\\/wp-content\\\/uploads\\\/2023\\\/09\\\/Sant-Mateu-102-104-3.jpg\",\"contentUrl\":\"https:\\\/\\\/www.copealcoy.es\\\/wp-content\\\/uploads\\\/2023\\\/09\\\/Sant-Mateu-102-104-3.jpg\",\"width\":625,\"height\":236},{\"@type\":\"BreadcrumbList\",\"@id\":\"https:\\\/\\\/www.copealcoy.es\\\/es\\\/18-viviendas-intergeneracionales-para-regenerar-el-partidor\\\/#breadcrumb\",\"itemListElement\":[{\"@type\":\"ListItem\",\"position\":1,\"name\":\"Portada\",\"item\":\"https:\\\/\\\/www.copealcoy.es\\\/es\\\/\"},{\"@type\":\"ListItem\",\"position\":2,\"name\":\"18 viviendas intergeneracionales para regenerar El Partidor\"}]},{\"@type\":\"WebSite\",\"@id\":\"https:\\\/\\\/www.copealcoy.es\\\/es\\\/#website\",\"url\":\"https:\\\/\\\/www.copealcoy.es\\\/es\\\/\",\"name\":\"COPE Alcoy\",\"description\":\"Emisora COPE de radio local con emisi\u00f3n online. Pont de Sant Jordi 8-10 03803 Alcoy\",\"potentialAction\":[{\"@type\":\"SearchAction\",\"target\":{\"@type\":\"EntryPoint\",\"urlTemplate\":\"https:\\\/\\\/www.copealcoy.es\\\/es\\\/?s={search_term_string}\"},\"query-input\":{\"@type\":\"PropertyValueSpecification\",\"valueRequired\":true,\"valueName\":\"search_term_string\"}}],\"inLanguage\":\"es\"},{\"@type\":\"Person\",\"@id\":\"https:\\\/\\\/www.copealcoy.es\\\/es\\\/#\\\/schema\\\/person\\\/e777c87fa024e57d40170af9df39882c\",\"name\":\"Cope Alcoy\",\"image\":{\"@type\":\"ImageObject\",\"inLanguage\":\"es\",\"@id\":\"https:\\\/\\\/secure.gravatar.com\\\/avatar\\\/bb65d0283347e303893ba14f0692005417c1e0e690a325a4c5d8bb2b3943ee14?s=96&d=mm&r=g\",\"url\":\"https:\\\/\\\/secure.gravatar.com\\\/avatar\\\/bb65d0283347e303893ba14f0692005417c1e0e690a325a4c5d8bb2b3943ee14?s=96&d=mm&r=g\",\"contentUrl\":\"https:\\\/\\\/secure.gravatar.com\\\/avatar\\\/bb65d0283347e303893ba14f0692005417c1e0e690a325a4c5d8bb2b3943ee14?s=96&d=mm&r=g\",\"caption\":\"Cope Alcoy\"}}]}<\/script>\n<!-- \/ Yoast SEO plugin. -->","yoast_head_json":{"title":"18 viviendas intergeneracionales para regenerar El Partidor - COPE Alcoy","description":"El Ayuntamiento de Alcoy ha sacado a licitaci\u00f3n la construcci\u00f3n de un edificio de 18 viviendas intergeneracionales en El Partidor","robots":{"index":"index","follow":"follow","max-snippet":"max-snippet:-1","max-image-preview":"max-image-preview:large","max-video-preview":"max-video-preview:-1"},"canonical":"https:\/\/www.copealcoy.es\/es\/18-viviendas-intergeneracionales-para-regenerar-el-partidor\/","og_locale":"es_ES","og_type":"article","og_title":"18 viviendas intergeneracionales para regenerar El Partidor - COPE Alcoy","og_description":"El Ayuntamiento de Alcoy ha sacado a licitaci\u00f3n la construcci\u00f3n de un edificio de 18 viviendas intergeneracionales en El Partidor","og_url":"https:\/\/www.copealcoy.es\/es\/18-viviendas-intergeneracionales-para-regenerar-el-partidor\/","og_site_name":"COPE Alcoy","article_published_time":"2023-09-14T08:31:52+00:00","article_modified_time":"2023-09-14T08:35:06+00:00","og_image":[{"width":625,"height":236,"url":"https:\/\/www.copealcoy.es\/wp-content\/uploads\/2023\/09\/Sant-Mateu-102-104-3.jpg","type":"image\/jpeg"}],"author":"Cope Alcoy","twitter_misc":{"Escrito por":"Cope Alcoy","Tiempo de lectura":"2 minutos"},"schema":{"@context":"https:\/\/schema.org","@graph":[{"@type":"Article","@id":"https:\/\/www.copealcoy.es\/es\/18-viviendas-intergeneracionales-para-regenerar-el-partidor\/#article","isPartOf":{"@id":"https:\/\/www.copealcoy.es\/es\/18-viviendas-intergeneracionales-para-regenerar-el-partidor\/"},"author":{"name":"Cope Alcoy","@id":"https:\/\/www.copealcoy.es\/es\/#\/schema\/person\/e777c87fa024e57d40170af9df39882c"},"headline":"18 viviendas intergeneracionales para regenerar El Partidor","datePublished":"2023-09-14T08:31:52+00:00","dateModified":"2023-09-14T08:35:06+00:00","mainEntityOfPage":{"@id":"https:\/\/www.copealcoy.es\/es\/18-viviendas-intergeneracionales-para-regenerar-el-partidor\/"},"wordCount":363,"commentCount":0,"image":{"@id":"https:\/\/www.copealcoy.es\/es\/18-viviendas-intergeneracionales-para-regenerar-el-partidor\/#primaryimage"},"thumbnailUrl":"https:\/\/www.copealcoy.es\/wp-content\/uploads\/2023\/09\/Sant-Mateu-102-104-3.jpg","keywords":["Alcoy","El Partidor","Licitaci\u00f3n","Regeneraci\u00f3n","viviendas intergeneracionales"],"articleSection":["Actualidad","Alcoy","Noticias","Portada"],"inLanguage":"es"},{"@type":"WebPage","@id":"https:\/\/www.copealcoy.es\/es\/18-viviendas-intergeneracionales-para-regenerar-el-partidor\/","url":"https:\/\/www.copealcoy.es\/es\/18-viviendas-intergeneracionales-para-regenerar-el-partidor\/","name":"18 viviendas intergeneracionales para regenerar El Partidor - COPE Alcoy","isPartOf":{"@id":"https:\/\/www.copealcoy.es\/es\/#website"},"primaryImageOfPage":{"@id":"https:\/\/www.copealcoy.es\/es\/18-viviendas-intergeneracionales-para-regenerar-el-partidor\/#primaryimage"},"image":{"@id":"https:\/\/www.copealcoy.es\/es\/18-viviendas-intergeneracionales-para-regenerar-el-partidor\/#primaryimage"},"thumbnailUrl":"https:\/\/www.copealcoy.es\/wp-content\/uploads\/2023\/09\/Sant-Mateu-102-104-3.jpg","datePublished":"2023-09-14T08:31:52+00:00","dateModified":"2023-09-14T08:35:06+00:00","author":{"@id":"https:\/\/www.copealcoy.es\/es\/#\/schema\/person\/e777c87fa024e57d40170af9df39882c"},"description":"El Ayuntamiento de Alcoy ha sacado a licitaci\u00f3n la construcci\u00f3n de un edificio de 18 viviendas intergeneracionales en El Partidor","breadcrumb":{"@id":"https:\/\/www.copealcoy.es\/es\/18-viviendas-intergeneracionales-para-regenerar-el-partidor\/#breadcrumb"},"inLanguage":"es","potentialAction":[{"@type":"ReadAction","target":["https:\/\/www.copealcoy.es\/es\/18-viviendas-intergeneracionales-para-regenerar-el-partidor\/"]}]},{"@type":"ImageObject","inLanguage":"es","@id":"https:\/\/www.copealcoy.es\/es\/18-viviendas-intergeneracionales-para-regenerar-el-partidor\/#primaryimage","url":"https:\/\/www.copealcoy.es\/wp-content\/uploads\/2023\/09\/Sant-Mateu-102-104-3.jpg","contentUrl":"https:\/\/www.copealcoy.es\/wp-content\/uploads\/2023\/09\/Sant-Mateu-102-104-3.jpg","width":625,"height":236},{"@type":"BreadcrumbList","@id":"https:\/\/www.copealcoy.es\/es\/18-viviendas-intergeneracionales-para-regenerar-el-partidor\/#breadcrumb","itemListElement":[{"@type":"ListItem","position":1,"name":"Portada","item":"https:\/\/www.copealcoy.es\/es\/"},{"@type":"ListItem","position":2,"name":"18 viviendas intergeneracionales para regenerar El Partidor"}]},{"@type":"WebSite","@id":"https:\/\/www.copealcoy.es\/es\/#website","url":"https:\/\/www.copealcoy.es\/es\/","name":"COPE Alcoy","description":"Emisora COPE de radio local con emisi\u00f3n online. Pont de Sant Jordi 8-10 03803 Alcoy","potentialAction":[{"@type":"SearchAction","target":{"@type":"EntryPoint","urlTemplate":"https:\/\/www.copealcoy.es\/es\/?s={search_term_string}"},"query-input":{"@type":"PropertyValueSpecification","valueRequired":true,"valueName":"search_term_string"}}],"inLanguage":"es"},{"@type":"Person","@id":"https:\/\/www.copealcoy.es\/es\/#\/schema\/person\/e777c87fa024e57d40170af9df39882c","name":"Cope Alcoy","image":{"@type":"ImageObject","inLanguage":"es","@id":"https:\/\/secure.gravatar.com\/avatar\/bb65d0283347e303893ba14f0692005417c1e0e690a325a4c5d8bb2b3943ee14?s=96&d=mm&r=g","url":"https:\/\/secure.gravatar.com\/avatar\/bb65d0283347e303893ba14f0692005417c1e0e690a325a4c5d8bb2b3943ee14?s=96&d=mm&r=g","contentUrl":"https:\/\/secure.gravatar.com\/avatar\/bb65d0283347e303893ba14f0692005417c1e0e690a325a4c5d8bb2b3943ee14?s=96&d=mm&r=g","caption":"Cope Alcoy"}}]}},"_links":{"self":[{"href":"https:\/\/www.copealcoy.es\/es\/wp-json\/wp\/v2\/posts\/121734","targetHints":{"allow":["GET"]}}],"collection":[{"href":"https:\/\/www.copealcoy.es\/es\/wp-json\/wp\/v2\/posts"}],"about":[{"href":"https:\/\/www.copealcoy.es\/es\/wp-json\/wp\/v2\/types\/post"}],"author":[{"embeddable":true,"href":"https:\/\/www.copealcoy.es\/es\/wp-json\/wp\/v2\/users\/1"}],"replies":[{"embeddable":true,"href":"https:\/\/www.copealcoy.es\/es\/wp-json\/wp\/v2\/comments?post=121734"}],"version-history":[{"count":0,"href":"https:\/\/www.copealcoy.es\/es\/wp-json\/wp\/v2\/posts\/121734\/revisions"}],"wp:featuredmedia":[{"embeddable":true,"href":"https:\/\/www.copealcoy.es\/es\/wp-json\/wp\/v2\/media\/121735"}],"wp:attachment":[{"href":"https:\/\/www.copealcoy.es\/es\/wp-json\/wp\/v2\/media?parent=121734"}],"wp:term":[{"taxonomy":"category","embeddable":true,"href":"https:\/\/www.copealcoy.es\/es\/wp-json\/wp\/v2\/categories?post=121734"},{"taxonomy":"post_tag","embeddable":true,"href":"https:\/\/www.copealcoy.es\/es\/wp-json\/wp\/v2\/tags?post=121734"}],"curies":[{"name":"wp","href":"https:\/\/api.w.org\/{rel}","templated":true}]}}