{"id":121717,"date":"2023-09-14T08:43:34","date_gmt":"2023-09-14T07:43:34","guid":{"rendered":"https:\/\/www.copealcoy.es\/?p=121717"},"modified":"2023-09-14T08:43:34","modified_gmt":"2023-09-14T07:43:34","slug":"el-pregon-marca-el-camino-hacia-los-dias-grandes-en-honor-a-la-virgen-de-los-lirios","status":"publish","type":"post","link":"https:\/\/www.copealcoy.es\/es\/el-pregon-marca-el-camino-hacia-los-dias-grandes-en-honor-a-la-virgen-de-los-lirios\/","title":{"rendered":"El Preg\u00f3n marca el camino hac\u00eda los d\u00edas grandes en honor a la Virgen de los Lirios"},"content":{"rendered":"<p style=\"text-align: justify;\">Alcoy <strong>avanza en la semana grande en honor a <a href=\"https:\/\/www.facebook.com\/arxiconfrariavergedelslliris\" target=\"_blank\" rel=\"noopener\"><span style=\"color: #0000ff;\">la Virgen de los Lirios<\/span><\/a><\/strong> y a medida que se acercan los d\u00edas grandes <strong>se intensifican los actos<\/strong> organizados para rendir homenaje a la patrona de la ciudad. El martes por la tarde, <strong>la Parroquia de San Mauro y San Francisco acogi\u00f3 el Preg\u00f3n<\/strong> con el que se anunciaron momentos como la llegada de la festividad de la Mare de D\u00e9u o la esperada Romer\u00eda al Carrascal de la Font Roja.<\/p>\n<p style=\"text-align: justify;\">En esta ocasi\u00f3n, <strong>el Preg\u00f3n corri\u00f3 a cargo del sacerdote Don Jorge Mir\u00f3 Mir\u00f3<\/strong>; el cual ahora mismo es Canciller Secretario General del Arzobispado de Valencia y Can\u00f3nigo de la Catedral Metropolitana. Durante su intervenci\u00f3n<strong> anim\u00f3 a vivir con fe y devoci\u00f3n los festejos de la Virgen de los Lirios<\/strong> al igual que puso el acento en <strong>el car\u00e1cter significativo de esta tradici\u00f3n alcoyana<\/strong> &#8220;<em>las Fiestas ayudan a recordar nuestra identidad<\/em>&#8220;, manifest\u00f3. El acto incluy\u00f3 <strong>la celebraci\u00f3n solemne de la eucarist\u00eda<\/strong> as\u00ed como <strong>una actuaci\u00f3n musical<\/strong> de la que disfrutaron todos los que acudieron al templo.<\/p>\n<p style=\"text-align: justify;\">Tras el Preg\u00f3n, <strong>ha comenzado ya el Triduo<\/strong> que predica este a\u00f1o el Director de la Comunidad Salesiana de Alcoy <strong>Don Rosendo Soler Mir\u00f3<\/strong>. Los cultos comienzan a las 19:30h con el <strong>rezo de la sabatina<\/strong> y media hora despu\u00e9s arranca <strong>la solemne eucarist\u00eda<\/strong> dedicada cada d\u00eda a un grupo de la comunidad cristiana de la ciudad. El primero sirvi\u00f3 para <strong>homenajear a los matrimonios<\/strong>, que celebran este a\u00f1o sus Bodas de Oro y Plata, mientras que <strong>hoy las Camareras as\u00ed como los Asociados<\/strong> ser\u00e1n los protagonistas en una celebraci\u00f3n en la que tambi\u00e9n recibir\u00e1n la medalla de la patrona. Ya ma\u00f1ana <strong>se presentar\u00e1n los peque\u00f1os a la Virgen<\/strong> e incluso <strong>los alumnos de quinto de primaria visitar\u00e1n a la patrona<\/strong> siendo los j\u00f3venes quienes participen de manera activa en la misa vespertina.<\/p>\n","protected":false},"excerpt":{"rendered":"<p>Alcoy avanza en la semana grande en honor a la Virgen de los Lirios y a medida que se acercan&#8230;<\/p>\n","protected":false},"author":1,"featured_media":121718,"comment_status":"open","ping_status":"open","sticky":false,"template":"","format":"standard","meta":{"footnotes":""},"categories":[6909,97,78,75],"tags":[1494,15529,6997,1426,1347],"class_list":["post-121717","post","type-post","status-publish","format-standard","has-post-thumbnail","hentry","category-actualidad","category-alcoy","category-fiestaycultura","category-noticias","tag-alcoy","tag-don-jorge-miro-miro","tag-festividad","tag-pregon","tag-virgen-de-los-lirios"],"yoast_head":"<!-- This site is optimized with the Yoast SEO plugin v27.3 - https:\/\/yoast.com\/product\/yoast-seo-wordpress\/ -->\n<title>El Preg\u00f3n marca el camino hac\u00eda los d\u00edas grandes en honor a la Virgen de los Lirios - COPE Alcoy<\/title>\n<meta name=\"description\" content=\"El sacerdote Don Jorge Mir\u00f3 Mir\u00f3 ha sido este a\u00f1o el pregonero de las Fiestas que la ciudad dedica a la Virgen de los Lirios\" \/>\n<meta name=\"robots\" content=\"index, follow, max-snippet:-1, max-image-preview:large, max-video-preview:-1\" \/>\n<link rel=\"canonical\" href=\"https:\/\/www.copealcoy.es\/es\/el-pregon-marca-el-camino-hacia-los-dias-grandes-en-honor-a-la-virgen-de-los-lirios\/\" \/>\n<meta property=\"og:locale\" content=\"es_ES\" \/>\n<meta property=\"og:type\" content=\"article\" \/>\n<meta property=\"og:title\" content=\"El Preg\u00f3n marca el camino hac\u00eda los d\u00edas grandes en honor a la Virgen de los Lirios - COPE Alcoy\" \/>\n<meta property=\"og:description\" content=\"El sacerdote Don Jorge Mir\u00f3 Mir\u00f3 ha sido este a\u00f1o el pregonero de las Fiestas que la ciudad dedica a la Virgen de los Lirios\" \/>\n<meta property=\"og:url\" content=\"https:\/\/www.copealcoy.es\/es\/el-pregon-marca-el-camino-hacia-los-dias-grandes-en-honor-a-la-virgen-de-los-lirios\/\" \/>\n<meta property=\"og:site_name\" content=\"COPE Alcoy\" \/>\n<meta property=\"article:published_time\" content=\"2023-09-14T07:43:34+00:00\" \/>\n<meta property=\"og:image\" content=\"https:\/\/www.copealcoy.es\/wp-content\/uploads\/2023\/09\/378600317_802412468551189_1423083457381239216_n-scaled.jpg\" \/>\n\t<meta property=\"og:image:width\" content=\"1440\" \/>\n\t<meta property=\"og:image:height\" content=\"1080\" \/>\n\t<meta property=\"og:image:type\" content=\"image\/jpeg\" \/>\n<meta name=\"author\" content=\"Cope Alcoy\" \/>\n<meta name=\"twitter:label1\" content=\"Escrito por\" \/>\n\t<meta name=\"twitter:data1\" content=\"Cope Alcoy\" \/>\n\t<meta name=\"twitter:label2\" content=\"Tiempo de lectura\" \/>\n\t<meta name=\"twitter:data2\" content=\"2 minutos\" \/>\n<script type=\"application\/ld+json\" class=\"yoast-schema-graph\">{\"@context\":\"https:\\\/\\\/schema.org\",\"@graph\":[{\"@type\":\"Article\",\"@id\":\"https:\\\/\\\/www.copealcoy.es\\\/es\\\/el-pregon-marca-el-camino-hacia-los-dias-grandes-en-honor-a-la-virgen-de-los-lirios\\\/#article\",\"isPartOf\":{\"@id\":\"https:\\\/\\\/www.copealcoy.es\\\/es\\\/el-pregon-marca-el-camino-hacia-los-dias-grandes-en-honor-a-la-virgen-de-los-lirios\\\/\"},\"author\":{\"name\":\"Cope Alcoy\",\"@id\":\"https:\\\/\\\/www.copealcoy.es\\\/es\\\/#\\\/schema\\\/person\\\/e777c87fa024e57d40170af9df39882c\"},\"headline\":\"El Preg\u00f3n marca el camino hac\u00eda los d\u00edas grandes en honor a la Virgen de los Lirios\",\"datePublished\":\"2023-09-14T07:43:34+00:00\",\"mainEntityOfPage\":{\"@id\":\"https:\\\/\\\/www.copealcoy.es\\\/es\\\/el-pregon-marca-el-camino-hacia-los-dias-grandes-en-honor-a-la-virgen-de-los-lirios\\\/\"},\"wordCount\":358,\"commentCount\":0,\"image\":{\"@id\":\"https:\\\/\\\/www.copealcoy.es\\\/es\\\/el-pregon-marca-el-camino-hacia-los-dias-grandes-en-honor-a-la-virgen-de-los-lirios\\\/#primaryimage\"},\"thumbnailUrl\":\"https:\\\/\\\/www.copealcoy.es\\\/wp-content\\\/uploads\\\/2023\\\/09\\\/378600317_802412468551189_1423083457381239216_n-scaled.jpg\",\"keywords\":[\"Alcoy\",\"Don Jorge Mir\u00f3 Mir\u00f3\",\"festividad\",\"preg\u00f3n\",\"Virgen de los Lirios\"],\"articleSection\":[\"Actualidad\",\"Alcoy\",\"Fiesta y Cultura\",\"Noticias\"],\"inLanguage\":\"es\"},{\"@type\":\"WebPage\",\"@id\":\"https:\\\/\\\/www.copealcoy.es\\\/es\\\/el-pregon-marca-el-camino-hacia-los-dias-grandes-en-honor-a-la-virgen-de-los-lirios\\\/\",\"url\":\"https:\\\/\\\/www.copealcoy.es\\\/es\\\/el-pregon-marca-el-camino-hacia-los-dias-grandes-en-honor-a-la-virgen-de-los-lirios\\\/\",\"name\":\"El Preg\u00f3n marca el camino hac\u00eda los d\u00edas grandes en honor a la Virgen de los Lirios - COPE Alcoy\",\"isPartOf\":{\"@id\":\"https:\\\/\\\/www.copealcoy.es\\\/es\\\/#website\"},\"primaryImageOfPage\":{\"@id\":\"https:\\\/\\\/www.copealcoy.es\\\/es\\\/el-pregon-marca-el-camino-hacia-los-dias-grandes-en-honor-a-la-virgen-de-los-lirios\\\/#primaryimage\"},\"image\":{\"@id\":\"https:\\\/\\\/www.copealcoy.es\\\/es\\\/el-pregon-marca-el-camino-hacia-los-dias-grandes-en-honor-a-la-virgen-de-los-lirios\\\/#primaryimage\"},\"thumbnailUrl\":\"https:\\\/\\\/www.copealcoy.es\\\/wp-content\\\/uploads\\\/2023\\\/09\\\/378600317_802412468551189_1423083457381239216_n-scaled.jpg\",\"datePublished\":\"2023-09-14T07:43:34+00:00\",\"author\":{\"@id\":\"https:\\\/\\\/www.copealcoy.es\\\/es\\\/#\\\/schema\\\/person\\\/e777c87fa024e57d40170af9df39882c\"},\"description\":\"El sacerdote Don Jorge Mir\u00f3 Mir\u00f3 ha sido este a\u00f1o el pregonero de las Fiestas que la ciudad dedica a la Virgen de los Lirios\",\"breadcrumb\":{\"@id\":\"https:\\\/\\\/www.copealcoy.es\\\/es\\\/el-pregon-marca-el-camino-hacia-los-dias-grandes-en-honor-a-la-virgen-de-los-lirios\\\/#breadcrumb\"},\"inLanguage\":\"es\",\"potentialAction\":[{\"@type\":\"ReadAction\",\"target\":[\"https:\\\/\\\/www.copealcoy.es\\\/es\\\/el-pregon-marca-el-camino-hacia-los-dias-grandes-en-honor-a-la-virgen-de-los-lirios\\\/\"]}]},{\"@type\":\"ImageObject\",\"inLanguage\":\"es\",\"@id\":\"https:\\\/\\\/www.copealcoy.es\\\/es\\\/el-pregon-marca-el-camino-hacia-los-dias-grandes-en-honor-a-la-virgen-de-los-lirios\\\/#primaryimage\",\"url\":\"https:\\\/\\\/www.copealcoy.es\\\/wp-content\\\/uploads\\\/2023\\\/09\\\/378600317_802412468551189_1423083457381239216_n-scaled.jpg\",\"contentUrl\":\"https:\\\/\\\/www.copealcoy.es\\\/wp-content\\\/uploads\\\/2023\\\/09\\\/378600317_802412468551189_1423083457381239216_n-scaled.jpg\",\"width\":1440,\"height\":1080},{\"@type\":\"BreadcrumbList\",\"@id\":\"https:\\\/\\\/www.copealcoy.es\\\/es\\\/el-pregon-marca-el-camino-hacia-los-dias-grandes-en-honor-a-la-virgen-de-los-lirios\\\/#breadcrumb\",\"itemListElement\":[{\"@type\":\"ListItem\",\"position\":1,\"name\":\"Portada\",\"item\":\"https:\\\/\\\/www.copealcoy.es\\\/es\\\/\"},{\"@type\":\"ListItem\",\"position\":2,\"name\":\"El Preg\u00f3n marca el camino hac\u00eda los d\u00edas grandes en honor a la Virgen de los Lirios\"}]},{\"@type\":\"WebSite\",\"@id\":\"https:\\\/\\\/www.copealcoy.es\\\/es\\\/#website\",\"url\":\"https:\\\/\\\/www.copealcoy.es\\\/es\\\/\",\"name\":\"COPE Alcoy\",\"description\":\"Emisora COPE de radio local con emisi\u00f3n online. Pont de Sant Jordi 8-10 03803 Alcoy\",\"potentialAction\":[{\"@type\":\"SearchAction\",\"target\":{\"@type\":\"EntryPoint\",\"urlTemplate\":\"https:\\\/\\\/www.copealcoy.es\\\/es\\\/?s={search_term_string}\"},\"query-input\":{\"@type\":\"PropertyValueSpecification\",\"valueRequired\":true,\"valueName\":\"search_term_string\"}}],\"inLanguage\":\"es\"},{\"@type\":\"Person\",\"@id\":\"https:\\\/\\\/www.copealcoy.es\\\/es\\\/#\\\/schema\\\/person\\\/e777c87fa024e57d40170af9df39882c\",\"name\":\"Cope Alcoy\",\"image\":{\"@type\":\"ImageObject\",\"inLanguage\":\"es\",\"@id\":\"https:\\\/\\\/secure.gravatar.com\\\/avatar\\\/bb65d0283347e303893ba14f0692005417c1e0e690a325a4c5d8bb2b3943ee14?s=96&d=mm&r=g\",\"url\":\"https:\\\/\\\/secure.gravatar.com\\\/avatar\\\/bb65d0283347e303893ba14f0692005417c1e0e690a325a4c5d8bb2b3943ee14?s=96&d=mm&r=g\",\"contentUrl\":\"https:\\\/\\\/secure.gravatar.com\\\/avatar\\\/bb65d0283347e303893ba14f0692005417c1e0e690a325a4c5d8bb2b3943ee14?s=96&d=mm&r=g\",\"caption\":\"Cope Alcoy\"}}]}<\/script>\n<!-- \/ Yoast SEO plugin. -->","yoast_head_json":{"title":"El Preg\u00f3n marca el camino hac\u00eda los d\u00edas grandes en honor a la Virgen de los Lirios - COPE Alcoy","description":"El sacerdote Don Jorge Mir\u00f3 Mir\u00f3 ha sido este a\u00f1o el pregonero de las Fiestas que la ciudad dedica a la Virgen de los Lirios","robots":{"index":"index","follow":"follow","max-snippet":"max-snippet:-1","max-image-preview":"max-image-preview:large","max-video-preview":"max-video-preview:-1"},"canonical":"https:\/\/www.copealcoy.es\/es\/el-pregon-marca-el-camino-hacia-los-dias-grandes-en-honor-a-la-virgen-de-los-lirios\/","og_locale":"es_ES","og_type":"article","og_title":"El Preg\u00f3n marca el camino hac\u00eda los d\u00edas grandes en honor a la Virgen de los Lirios - COPE Alcoy","og_description":"El sacerdote Don Jorge Mir\u00f3 Mir\u00f3 ha sido este a\u00f1o el pregonero de las Fiestas que la ciudad dedica a la Virgen de los Lirios","og_url":"https:\/\/www.copealcoy.es\/es\/el-pregon-marca-el-camino-hacia-los-dias-grandes-en-honor-a-la-virgen-de-los-lirios\/","og_site_name":"COPE Alcoy","article_published_time":"2023-09-14T07:43:34+00:00","og_image":[{"width":1440,"height":1080,"url":"https:\/\/www.copealcoy.es\/wp-content\/uploads\/2023\/09\/378600317_802412468551189_1423083457381239216_n-scaled.jpg","type":"image\/jpeg"}],"author":"Cope Alcoy","twitter_misc":{"Escrito por":"Cope Alcoy","Tiempo de lectura":"2 minutos"},"schema":{"@context":"https:\/\/schema.org","@graph":[{"@type":"Article","@id":"https:\/\/www.copealcoy.es\/es\/el-pregon-marca-el-camino-hacia-los-dias-grandes-en-honor-a-la-virgen-de-los-lirios\/#article","isPartOf":{"@id":"https:\/\/www.copealcoy.es\/es\/el-pregon-marca-el-camino-hacia-los-dias-grandes-en-honor-a-la-virgen-de-los-lirios\/"},"author":{"name":"Cope Alcoy","@id":"https:\/\/www.copealcoy.es\/es\/#\/schema\/person\/e777c87fa024e57d40170af9df39882c"},"headline":"El Preg\u00f3n marca el camino hac\u00eda los d\u00edas grandes en honor a la Virgen de los Lirios","datePublished":"2023-09-14T07:43:34+00:00","mainEntityOfPage":{"@id":"https:\/\/www.copealcoy.es\/es\/el-pregon-marca-el-camino-hacia-los-dias-grandes-en-honor-a-la-virgen-de-los-lirios\/"},"wordCount":358,"commentCount":0,"image":{"@id":"https:\/\/www.copealcoy.es\/es\/el-pregon-marca-el-camino-hacia-los-dias-grandes-en-honor-a-la-virgen-de-los-lirios\/#primaryimage"},"thumbnailUrl":"https:\/\/www.copealcoy.es\/wp-content\/uploads\/2023\/09\/378600317_802412468551189_1423083457381239216_n-scaled.jpg","keywords":["Alcoy","Don Jorge Mir\u00f3 Mir\u00f3","festividad","preg\u00f3n","Virgen de los Lirios"],"articleSection":["Actualidad","Alcoy","Fiesta y Cultura","Noticias"],"inLanguage":"es"},{"@type":"WebPage","@id":"https:\/\/www.copealcoy.es\/es\/el-pregon-marca-el-camino-hacia-los-dias-grandes-en-honor-a-la-virgen-de-los-lirios\/","url":"https:\/\/www.copealcoy.es\/es\/el-pregon-marca-el-camino-hacia-los-dias-grandes-en-honor-a-la-virgen-de-los-lirios\/","name":"El Preg\u00f3n marca el camino hac\u00eda los d\u00edas grandes en honor a la Virgen de los Lirios - COPE Alcoy","isPartOf":{"@id":"https:\/\/www.copealcoy.es\/es\/#website"},"primaryImageOfPage":{"@id":"https:\/\/www.copealcoy.es\/es\/el-pregon-marca-el-camino-hacia-los-dias-grandes-en-honor-a-la-virgen-de-los-lirios\/#primaryimage"},"image":{"@id":"https:\/\/www.copealcoy.es\/es\/el-pregon-marca-el-camino-hacia-los-dias-grandes-en-honor-a-la-virgen-de-los-lirios\/#primaryimage"},"thumbnailUrl":"https:\/\/www.copealcoy.es\/wp-content\/uploads\/2023\/09\/378600317_802412468551189_1423083457381239216_n-scaled.jpg","datePublished":"2023-09-14T07:43:34+00:00","author":{"@id":"https:\/\/www.copealcoy.es\/es\/#\/schema\/person\/e777c87fa024e57d40170af9df39882c"},"description":"El sacerdote Don Jorge Mir\u00f3 Mir\u00f3 ha sido este a\u00f1o el pregonero de las Fiestas que la ciudad dedica a la Virgen de los Lirios","breadcrumb":{"@id":"https:\/\/www.copealcoy.es\/es\/el-pregon-marca-el-camino-hacia-los-dias-grandes-en-honor-a-la-virgen-de-los-lirios\/#breadcrumb"},"inLanguage":"es","potentialAction":[{"@type":"ReadAction","target":["https:\/\/www.copealcoy.es\/es\/el-pregon-marca-el-camino-hacia-los-dias-grandes-en-honor-a-la-virgen-de-los-lirios\/"]}]},{"@type":"ImageObject","inLanguage":"es","@id":"https:\/\/www.copealcoy.es\/es\/el-pregon-marca-el-camino-hacia-los-dias-grandes-en-honor-a-la-virgen-de-los-lirios\/#primaryimage","url":"https:\/\/www.copealcoy.es\/wp-content\/uploads\/2023\/09\/378600317_802412468551189_1423083457381239216_n-scaled.jpg","contentUrl":"https:\/\/www.copealcoy.es\/wp-content\/uploads\/2023\/09\/378600317_802412468551189_1423083457381239216_n-scaled.jpg","width":1440,"height":1080},{"@type":"BreadcrumbList","@id":"https:\/\/www.copealcoy.es\/es\/el-pregon-marca-el-camino-hacia-los-dias-grandes-en-honor-a-la-virgen-de-los-lirios\/#breadcrumb","itemListElement":[{"@type":"ListItem","position":1,"name":"Portada","item":"https:\/\/www.copealcoy.es\/es\/"},{"@type":"ListItem","position":2,"name":"El Preg\u00f3n marca el camino hac\u00eda los d\u00edas grandes en honor a la Virgen de los Lirios"}]},{"@type":"WebSite","@id":"https:\/\/www.copealcoy.es\/es\/#website","url":"https:\/\/www.copealcoy.es\/es\/","name":"COPE Alcoy","description":"Emisora COPE de radio local con emisi\u00f3n online. Pont de Sant Jordi 8-10 03803 Alcoy","potentialAction":[{"@type":"SearchAction","target":{"@type":"EntryPoint","urlTemplate":"https:\/\/www.copealcoy.es\/es\/?s={search_term_string}"},"query-input":{"@type":"PropertyValueSpecification","valueRequired":true,"valueName":"search_term_string"}}],"inLanguage":"es"},{"@type":"Person","@id":"https:\/\/www.copealcoy.es\/es\/#\/schema\/person\/e777c87fa024e57d40170af9df39882c","name":"Cope Alcoy","image":{"@type":"ImageObject","inLanguage":"es","@id":"https:\/\/secure.gravatar.com\/avatar\/bb65d0283347e303893ba14f0692005417c1e0e690a325a4c5d8bb2b3943ee14?s=96&d=mm&r=g","url":"https:\/\/secure.gravatar.com\/avatar\/bb65d0283347e303893ba14f0692005417c1e0e690a325a4c5d8bb2b3943ee14?s=96&d=mm&r=g","contentUrl":"https:\/\/secure.gravatar.com\/avatar\/bb65d0283347e303893ba14f0692005417c1e0e690a325a4c5d8bb2b3943ee14?s=96&d=mm&r=g","caption":"Cope Alcoy"}}]}},"_links":{"self":[{"href":"https:\/\/www.copealcoy.es\/es\/wp-json\/wp\/v2\/posts\/121717","targetHints":{"allow":["GET"]}}],"collection":[{"href":"https:\/\/www.copealcoy.es\/es\/wp-json\/wp\/v2\/posts"}],"about":[{"href":"https:\/\/www.copealcoy.es\/es\/wp-json\/wp\/v2\/types\/post"}],"author":[{"embeddable":true,"href":"https:\/\/www.copealcoy.es\/es\/wp-json\/wp\/v2\/users\/1"}],"replies":[{"embeddable":true,"href":"https:\/\/www.copealcoy.es\/es\/wp-json\/wp\/v2\/comments?post=121717"}],"version-history":[{"count":0,"href":"https:\/\/www.copealcoy.es\/es\/wp-json\/wp\/v2\/posts\/121717\/revisions"}],"wp:featuredmedia":[{"embeddable":true,"href":"https:\/\/www.copealcoy.es\/es\/wp-json\/wp\/v2\/media\/121718"}],"wp:attachment":[{"href":"https:\/\/www.copealcoy.es\/es\/wp-json\/wp\/v2\/media?parent=121717"}],"wp:term":[{"taxonomy":"category","embeddable":true,"href":"https:\/\/www.copealcoy.es\/es\/wp-json\/wp\/v2\/categories?post=121717"},{"taxonomy":"post_tag","embeddable":true,"href":"https:\/\/www.copealcoy.es\/es\/wp-json\/wp\/v2\/tags?post=121717"}],"curies":[{"name":"wp","href":"https:\/\/api.w.org\/{rel}","templated":true}]}}