{"id":121639,"date":"2023-09-13T10:11:54","date_gmt":"2023-09-13T09:11:54","guid":{"rendered":"https:\/\/www.copealcoy.es\/?p=121639"},"modified":"2023-09-13T11:00:20","modified_gmt":"2023-09-13T10:00:20","slug":"la-venta-de-material-escolar-se-concentra-en-internet-como-sobrevive-el-pequeno-comercio-de-alcoy","status":"publish","type":"post","link":"https:\/\/www.copealcoy.es\/es\/la-venta-de-material-escolar-se-concentra-en-internet-como-sobrevive-el-pequeno-comercio-de-alcoy\/","title":{"rendered":"La venta de material escolar se concentra en Internet: \u00bfc\u00f3mo sobrevive el peque\u00f1o comercio de Alcoy?"},"content":{"rendered":"<p style=\"text-align: justify;\">Con el<strong><span style=\"color: #0000ff;\"><a style=\"color: #0000ff;\" href=\"https:\/\/www.copealcoy.es\/mas-de-14-500-alumnos-han-vuelto-hoy-a-las-aulas-en-alcoy\/\" target=\"_blank\" rel=\"noopener\"> curso escolar 2023-2024 ya en marcha<\/a><\/span><\/strong>, las familias han dedicado los \u00faltimos d\u00edas (y tambi\u00e9n las semanas previas a la vuelta al cole) a<strong> preparar el material necesario para el regreso a las aulas<\/strong>.<\/p>\n<p style=\"text-align: justify;\">Mochilas, libros, estuches, bol\u00edgrafos, pinturas&#8230; Una compra que se busca sobrellevar de la mejor manera posible. Y, en esta sociedad en la que la inmediatez est\u00e1 a la orden del d\u00eda, tambi\u00e9n lo m\u00e1s r\u00e1pido que se pueda.<\/p>\n<p style=\"text-align: justify;\">Las <strong>tradicionales papeler\u00edas y negocios de venta de material escolar<\/strong> han visto c\u00f3mo en los \u00faltimos a\u00f1os sus ingresos han descendido dr\u00e1sticamente de cara al inicio de curso. La venta en l\u00ednea es un gigante al que cuesta hacer frente.\u00a0 &#8220;Est\u00e1 bastante dif\u00edcil, como el a\u00f1o pasado. <strong>El peque\u00f1o comercio vamos a remolque de lo que es la situaci\u00f3n<\/strong>, con el comercio en l\u00ednea y las grandes superficies&#8221;, ha explicado <strong>Paco Rico<\/strong>, gerente de una conocida copister\u00eda de la ciudad, en declaraciones a <strong>Cope Alcoy<\/strong>.<\/p>\n<p style=\"text-align: justify;\">Para poder salvar la situaci\u00f3n tienen que recurrir a la <strong>diferenciaci\u00f3n del producto<\/strong>. &#8220;Tenemos que defendernos con productos distintos, nuevos&#8230; Una agenda que sea diferente, por ejemplo. Es la \u00fanica manera de tratar de sobrevivir un poco&#8221;.<\/p>\n<p style=\"text-align: justify;\">Sin embargo, siguen contando con los clientes &#8216;de toda la vida&#8217;. &#8220;<strong>El cliente que es fiel no te falla<\/strong>. El que viene todos los a\u00f1os a por libretas o bol\u00edgrafos normalmente repite.<strong> Si no fuera por ellos no s\u00e9 si aguantar\u00edamos<\/strong>&#8220;, ha asegurado Rico. Con este tipo de clientela la relaci\u00f3n es m\u00e1s estrecha, lo que da pie a descuentos u otras ventajas.<\/p>\n<p style=\"text-align: justify;\"><span style=\"color: #0000ff;\"><strong>El Bono Consumo<\/strong><\/span><\/p>\n<p style=\"text-align: justify;\">Desde el Ayuntamiento de Alcoy se han puesto en marcha<strong> iniciativas para reactivar el comercio de proximidad<\/strong>. Precisamente ahora <strong>est\u00e1 en marcha la tercera edici\u00f3n de la campa\u00f1a de Bono Consumo.<\/strong> Una iniciativa que, seg\u00fan Rico, est\u00e1 teniendo su repercusi\u00f3n. &#8220;De momento, algo se est\u00e1 moviendo. No todo lo que yo quisiera, pero est\u00e1 ayudando un poco&#8221;.<\/p>\n<p style=\"text-align: justify;\">Imagen: Cope<\/p>\n","protected":false},"excerpt":{"rendered":"<p>Con el curso escolar 2023-2024 ya en marcha, las familias han dedicado los \u00faltimos d\u00edas (y tambi\u00e9n las semanas previas&#8230;<\/p>\n","protected":false},"author":1,"featured_media":121653,"comment_status":"open","ping_status":"open","sticky":false,"template":"","format":"standard","meta":{"footnotes":""},"categories":[6909,97,900,75],"tags":[1494,423,15521,4570],"class_list":["post-121639","post","type-post","status-publish","format-standard","has-post-thumbnail","hentry","category-actualidad","category-alcoy","category-educacion","category-noticias","tag-alcoy","tag-educacion","tag-material-escolar","tag-vuelta-al-cole"],"yoast_head":"<!-- This site is optimized with the Yoast SEO plugin v27.3 - https:\/\/yoast.com\/product\/yoast-seo-wordpress\/ -->\n<title>La venta de material escolar se concentra en Internet: \u00bfc\u00f3mo sobrevive el peque\u00f1o comercio de Alcoy? - COPE Alcoy<\/title>\n<meta name=\"description\" content=\"Con el curso escolar 2023-2024 ya en marcha, las familias han dedicado los \u00faltimos d\u00edas (y tambi\u00e9n las semanas previas a la vuelta al cole) a preparar el material necesario para el regreso a las aulas.\" \/>\n<meta name=\"robots\" content=\"index, follow, max-snippet:-1, max-image-preview:large, max-video-preview:-1\" \/>\n<link rel=\"canonical\" href=\"https:\/\/www.copealcoy.es\/es\/la-venta-de-material-escolar-se-concentra-en-internet-como-sobrevive-el-pequeno-comercio-de-alcoy\/\" \/>\n<meta property=\"og:locale\" content=\"es_ES\" \/>\n<meta property=\"og:type\" content=\"article\" \/>\n<meta property=\"og:title\" content=\"La venta de material escolar se concentra en Internet: \u00bfc\u00f3mo sobrevive el peque\u00f1o comercio de Alcoy? - COPE Alcoy\" \/>\n<meta property=\"og:description\" content=\"Con el curso escolar 2023-2024 ya en marcha, las familias han dedicado los \u00faltimos d\u00edas (y tambi\u00e9n las semanas previas a la vuelta al cole) a preparar el material necesario para el regreso a las aulas.\" \/>\n<meta property=\"og:url\" content=\"https:\/\/www.copealcoy.es\/es\/la-venta-de-material-escolar-se-concentra-en-internet-como-sobrevive-el-pequeno-comercio-de-alcoy\/\" \/>\n<meta property=\"og:site_name\" content=\"COPE Alcoy\" \/>\n<meta property=\"article:published_time\" content=\"2023-09-13T09:11:54+00:00\" \/>\n<meta property=\"article:modified_time\" content=\"2023-09-13T10:00:20+00:00\" \/>\n<meta property=\"og:image\" content=\"https:\/\/www.copealcoy.es\/wp-content\/uploads\/2023\/09\/1587985139890.jpg\" \/>\n\t<meta property=\"og:image:width\" content=\"976\" \/>\n\t<meta property=\"og:image:height\" content=\"771\" \/>\n\t<meta property=\"og:image:type\" content=\"image\/jpeg\" \/>\n<meta name=\"author\" content=\"Cope Alcoy\" \/>\n<meta name=\"twitter:label1\" content=\"Escrito por\" \/>\n\t<meta name=\"twitter:data1\" content=\"Cope Alcoy\" \/>\n\t<meta name=\"twitter:label2\" content=\"Tiempo de lectura\" \/>\n\t<meta name=\"twitter:data2\" content=\"2 minutos\" \/>\n<script type=\"application\/ld+json\" class=\"yoast-schema-graph\">{\"@context\":\"https:\\\/\\\/schema.org\",\"@graph\":[{\"@type\":\"Article\",\"@id\":\"https:\\\/\\\/www.copealcoy.es\\\/es\\\/la-venta-de-material-escolar-se-concentra-en-internet-como-sobrevive-el-pequeno-comercio-de-alcoy\\\/#article\",\"isPartOf\":{\"@id\":\"https:\\\/\\\/www.copealcoy.es\\\/es\\\/la-venta-de-material-escolar-se-concentra-en-internet-como-sobrevive-el-pequeno-comercio-de-alcoy\\\/\"},\"author\":{\"name\":\"Cope Alcoy\",\"@id\":\"https:\\\/\\\/www.copealcoy.es\\\/es\\\/#\\\/schema\\\/person\\\/e777c87fa024e57d40170af9df39882c\"},\"headline\":\"La venta de material escolar se concentra en Internet: \u00bfc\u00f3mo sobrevive el peque\u00f1o comercio de Alcoy?\",\"datePublished\":\"2023-09-13T09:11:54+00:00\",\"dateModified\":\"2023-09-13T10:00:20+00:00\",\"mainEntityOfPage\":{\"@id\":\"https:\\\/\\\/www.copealcoy.es\\\/es\\\/la-venta-de-material-escolar-se-concentra-en-internet-como-sobrevive-el-pequeno-comercio-de-alcoy\\\/\"},\"wordCount\":368,\"commentCount\":0,\"image\":{\"@id\":\"https:\\\/\\\/www.copealcoy.es\\\/es\\\/la-venta-de-material-escolar-se-concentra-en-internet-como-sobrevive-el-pequeno-comercio-de-alcoy\\\/#primaryimage\"},\"thumbnailUrl\":\"https:\\\/\\\/www.copealcoy.es\\\/wp-content\\\/uploads\\\/2023\\\/09\\\/1587985139890.jpg\",\"keywords\":[\"Alcoy\",\"Educaci\u00f3n\",\"material escolar\",\"Vuelta al Cole\"],\"articleSection\":[\"Actualidad\",\"Alcoy\",\"Educaci\u00f3n\",\"Noticias\"],\"inLanguage\":\"es\"},{\"@type\":\"WebPage\",\"@id\":\"https:\\\/\\\/www.copealcoy.es\\\/es\\\/la-venta-de-material-escolar-se-concentra-en-internet-como-sobrevive-el-pequeno-comercio-de-alcoy\\\/\",\"url\":\"https:\\\/\\\/www.copealcoy.es\\\/es\\\/la-venta-de-material-escolar-se-concentra-en-internet-como-sobrevive-el-pequeno-comercio-de-alcoy\\\/\",\"name\":\"La venta de material escolar se concentra en Internet: \u00bfc\u00f3mo sobrevive el peque\u00f1o comercio de Alcoy? - COPE Alcoy\",\"isPartOf\":{\"@id\":\"https:\\\/\\\/www.copealcoy.es\\\/es\\\/#website\"},\"primaryImageOfPage\":{\"@id\":\"https:\\\/\\\/www.copealcoy.es\\\/es\\\/la-venta-de-material-escolar-se-concentra-en-internet-como-sobrevive-el-pequeno-comercio-de-alcoy\\\/#primaryimage\"},\"image\":{\"@id\":\"https:\\\/\\\/www.copealcoy.es\\\/es\\\/la-venta-de-material-escolar-se-concentra-en-internet-como-sobrevive-el-pequeno-comercio-de-alcoy\\\/#primaryimage\"},\"thumbnailUrl\":\"https:\\\/\\\/www.copealcoy.es\\\/wp-content\\\/uploads\\\/2023\\\/09\\\/1587985139890.jpg\",\"datePublished\":\"2023-09-13T09:11:54+00:00\",\"dateModified\":\"2023-09-13T10:00:20+00:00\",\"author\":{\"@id\":\"https:\\\/\\\/www.copealcoy.es\\\/es\\\/#\\\/schema\\\/person\\\/e777c87fa024e57d40170af9df39882c\"},\"description\":\"Con el curso escolar 2023-2024 ya en marcha, las familias han dedicado los \u00faltimos d\u00edas (y tambi\u00e9n las semanas previas a la vuelta al cole) a preparar el material necesario para el regreso a las aulas.\",\"breadcrumb\":{\"@id\":\"https:\\\/\\\/www.copealcoy.es\\\/es\\\/la-venta-de-material-escolar-se-concentra-en-internet-como-sobrevive-el-pequeno-comercio-de-alcoy\\\/#breadcrumb\"},\"inLanguage\":\"es\",\"potentialAction\":[{\"@type\":\"ReadAction\",\"target\":[\"https:\\\/\\\/www.copealcoy.es\\\/es\\\/la-venta-de-material-escolar-se-concentra-en-internet-como-sobrevive-el-pequeno-comercio-de-alcoy\\\/\"]}]},{\"@type\":\"ImageObject\",\"inLanguage\":\"es\",\"@id\":\"https:\\\/\\\/www.copealcoy.es\\\/es\\\/la-venta-de-material-escolar-se-concentra-en-internet-como-sobrevive-el-pequeno-comercio-de-alcoy\\\/#primaryimage\",\"url\":\"https:\\\/\\\/www.copealcoy.es\\\/wp-content\\\/uploads\\\/2023\\\/09\\\/1587985139890.jpg\",\"contentUrl\":\"https:\\\/\\\/www.copealcoy.es\\\/wp-content\\\/uploads\\\/2023\\\/09\\\/1587985139890.jpg\",\"width\":976,\"height\":771},{\"@type\":\"BreadcrumbList\",\"@id\":\"https:\\\/\\\/www.copealcoy.es\\\/es\\\/la-venta-de-material-escolar-se-concentra-en-internet-como-sobrevive-el-pequeno-comercio-de-alcoy\\\/#breadcrumb\",\"itemListElement\":[{\"@type\":\"ListItem\",\"position\":1,\"name\":\"Portada\",\"item\":\"https:\\\/\\\/www.copealcoy.es\\\/es\\\/\"},{\"@type\":\"ListItem\",\"position\":2,\"name\":\"La venta de material escolar se concentra en Internet: \u00bfc\u00f3mo sobrevive el peque\u00f1o comercio de Alcoy?\"}]},{\"@type\":\"WebSite\",\"@id\":\"https:\\\/\\\/www.copealcoy.es\\\/es\\\/#website\",\"url\":\"https:\\\/\\\/www.copealcoy.es\\\/es\\\/\",\"name\":\"COPE Alcoy\",\"description\":\"Emisora COPE de radio local con emisi\u00f3n online. Pont de Sant Jordi 8-10 03803 Alcoy\",\"potentialAction\":[{\"@type\":\"SearchAction\",\"target\":{\"@type\":\"EntryPoint\",\"urlTemplate\":\"https:\\\/\\\/www.copealcoy.es\\\/es\\\/?s={search_term_string}\"},\"query-input\":{\"@type\":\"PropertyValueSpecification\",\"valueRequired\":true,\"valueName\":\"search_term_string\"}}],\"inLanguage\":\"es\"},{\"@type\":\"Person\",\"@id\":\"https:\\\/\\\/www.copealcoy.es\\\/es\\\/#\\\/schema\\\/person\\\/e777c87fa024e57d40170af9df39882c\",\"name\":\"Cope Alcoy\",\"image\":{\"@type\":\"ImageObject\",\"inLanguage\":\"es\",\"@id\":\"https:\\\/\\\/secure.gravatar.com\\\/avatar\\\/bb65d0283347e303893ba14f0692005417c1e0e690a325a4c5d8bb2b3943ee14?s=96&d=mm&r=g\",\"url\":\"https:\\\/\\\/secure.gravatar.com\\\/avatar\\\/bb65d0283347e303893ba14f0692005417c1e0e690a325a4c5d8bb2b3943ee14?s=96&d=mm&r=g\",\"contentUrl\":\"https:\\\/\\\/secure.gravatar.com\\\/avatar\\\/bb65d0283347e303893ba14f0692005417c1e0e690a325a4c5d8bb2b3943ee14?s=96&d=mm&r=g\",\"caption\":\"Cope Alcoy\"}}]}<\/script>\n<!-- \/ Yoast SEO plugin. -->","yoast_head_json":{"title":"La venta de material escolar se concentra en Internet: \u00bfc\u00f3mo sobrevive el peque\u00f1o comercio de Alcoy? - COPE Alcoy","description":"Con el curso escolar 2023-2024 ya en marcha, las familias han dedicado los \u00faltimos d\u00edas (y tambi\u00e9n las semanas previas a la vuelta al cole) a preparar el material necesario para el regreso a las aulas.","robots":{"index":"index","follow":"follow","max-snippet":"max-snippet:-1","max-image-preview":"max-image-preview:large","max-video-preview":"max-video-preview:-1"},"canonical":"https:\/\/www.copealcoy.es\/es\/la-venta-de-material-escolar-se-concentra-en-internet-como-sobrevive-el-pequeno-comercio-de-alcoy\/","og_locale":"es_ES","og_type":"article","og_title":"La venta de material escolar se concentra en Internet: \u00bfc\u00f3mo sobrevive el peque\u00f1o comercio de Alcoy? - COPE Alcoy","og_description":"Con el curso escolar 2023-2024 ya en marcha, las familias han dedicado los \u00faltimos d\u00edas (y tambi\u00e9n las semanas previas a la vuelta al cole) a preparar el material necesario para el regreso a las aulas.","og_url":"https:\/\/www.copealcoy.es\/es\/la-venta-de-material-escolar-se-concentra-en-internet-como-sobrevive-el-pequeno-comercio-de-alcoy\/","og_site_name":"COPE Alcoy","article_published_time":"2023-09-13T09:11:54+00:00","article_modified_time":"2023-09-13T10:00:20+00:00","og_image":[{"width":976,"height":771,"url":"https:\/\/www.copealcoy.es\/wp-content\/uploads\/2023\/09\/1587985139890.jpg","type":"image\/jpeg"}],"author":"Cope Alcoy","twitter_misc":{"Escrito por":"Cope Alcoy","Tiempo de lectura":"2 minutos"},"schema":{"@context":"https:\/\/schema.org","@graph":[{"@type":"Article","@id":"https:\/\/www.copealcoy.es\/es\/la-venta-de-material-escolar-se-concentra-en-internet-como-sobrevive-el-pequeno-comercio-de-alcoy\/#article","isPartOf":{"@id":"https:\/\/www.copealcoy.es\/es\/la-venta-de-material-escolar-se-concentra-en-internet-como-sobrevive-el-pequeno-comercio-de-alcoy\/"},"author":{"name":"Cope Alcoy","@id":"https:\/\/www.copealcoy.es\/es\/#\/schema\/person\/e777c87fa024e57d40170af9df39882c"},"headline":"La venta de material escolar se concentra en Internet: \u00bfc\u00f3mo sobrevive el peque\u00f1o comercio de Alcoy?","datePublished":"2023-09-13T09:11:54+00:00","dateModified":"2023-09-13T10:00:20+00:00","mainEntityOfPage":{"@id":"https:\/\/www.copealcoy.es\/es\/la-venta-de-material-escolar-se-concentra-en-internet-como-sobrevive-el-pequeno-comercio-de-alcoy\/"},"wordCount":368,"commentCount":0,"image":{"@id":"https:\/\/www.copealcoy.es\/es\/la-venta-de-material-escolar-se-concentra-en-internet-como-sobrevive-el-pequeno-comercio-de-alcoy\/#primaryimage"},"thumbnailUrl":"https:\/\/www.copealcoy.es\/wp-content\/uploads\/2023\/09\/1587985139890.jpg","keywords":["Alcoy","Educaci\u00f3n","material escolar","Vuelta al Cole"],"articleSection":["Actualidad","Alcoy","Educaci\u00f3n","Noticias"],"inLanguage":"es"},{"@type":"WebPage","@id":"https:\/\/www.copealcoy.es\/es\/la-venta-de-material-escolar-se-concentra-en-internet-como-sobrevive-el-pequeno-comercio-de-alcoy\/","url":"https:\/\/www.copealcoy.es\/es\/la-venta-de-material-escolar-se-concentra-en-internet-como-sobrevive-el-pequeno-comercio-de-alcoy\/","name":"La venta de material escolar se concentra en Internet: \u00bfc\u00f3mo sobrevive el peque\u00f1o comercio de Alcoy? - COPE Alcoy","isPartOf":{"@id":"https:\/\/www.copealcoy.es\/es\/#website"},"primaryImageOfPage":{"@id":"https:\/\/www.copealcoy.es\/es\/la-venta-de-material-escolar-se-concentra-en-internet-como-sobrevive-el-pequeno-comercio-de-alcoy\/#primaryimage"},"image":{"@id":"https:\/\/www.copealcoy.es\/es\/la-venta-de-material-escolar-se-concentra-en-internet-como-sobrevive-el-pequeno-comercio-de-alcoy\/#primaryimage"},"thumbnailUrl":"https:\/\/www.copealcoy.es\/wp-content\/uploads\/2023\/09\/1587985139890.jpg","datePublished":"2023-09-13T09:11:54+00:00","dateModified":"2023-09-13T10:00:20+00:00","author":{"@id":"https:\/\/www.copealcoy.es\/es\/#\/schema\/person\/e777c87fa024e57d40170af9df39882c"},"description":"Con el curso escolar 2023-2024 ya en marcha, las familias han dedicado los \u00faltimos d\u00edas (y tambi\u00e9n las semanas previas a la vuelta al cole) a preparar el material necesario para el regreso a las aulas.","breadcrumb":{"@id":"https:\/\/www.copealcoy.es\/es\/la-venta-de-material-escolar-se-concentra-en-internet-como-sobrevive-el-pequeno-comercio-de-alcoy\/#breadcrumb"},"inLanguage":"es","potentialAction":[{"@type":"ReadAction","target":["https:\/\/www.copealcoy.es\/es\/la-venta-de-material-escolar-se-concentra-en-internet-como-sobrevive-el-pequeno-comercio-de-alcoy\/"]}]},{"@type":"ImageObject","inLanguage":"es","@id":"https:\/\/www.copealcoy.es\/es\/la-venta-de-material-escolar-se-concentra-en-internet-como-sobrevive-el-pequeno-comercio-de-alcoy\/#primaryimage","url":"https:\/\/www.copealcoy.es\/wp-content\/uploads\/2023\/09\/1587985139890.jpg","contentUrl":"https:\/\/www.copealcoy.es\/wp-content\/uploads\/2023\/09\/1587985139890.jpg","width":976,"height":771},{"@type":"BreadcrumbList","@id":"https:\/\/www.copealcoy.es\/es\/la-venta-de-material-escolar-se-concentra-en-internet-como-sobrevive-el-pequeno-comercio-de-alcoy\/#breadcrumb","itemListElement":[{"@type":"ListItem","position":1,"name":"Portada","item":"https:\/\/www.copealcoy.es\/es\/"},{"@type":"ListItem","position":2,"name":"La venta de material escolar se concentra en Internet: \u00bfc\u00f3mo sobrevive el peque\u00f1o comercio de Alcoy?"}]},{"@type":"WebSite","@id":"https:\/\/www.copealcoy.es\/es\/#website","url":"https:\/\/www.copealcoy.es\/es\/","name":"COPE Alcoy","description":"Emisora COPE de radio local con emisi\u00f3n online. Pont de Sant Jordi 8-10 03803 Alcoy","potentialAction":[{"@type":"SearchAction","target":{"@type":"EntryPoint","urlTemplate":"https:\/\/www.copealcoy.es\/es\/?s={search_term_string}"},"query-input":{"@type":"PropertyValueSpecification","valueRequired":true,"valueName":"search_term_string"}}],"inLanguage":"es"},{"@type":"Person","@id":"https:\/\/www.copealcoy.es\/es\/#\/schema\/person\/e777c87fa024e57d40170af9df39882c","name":"Cope Alcoy","image":{"@type":"ImageObject","inLanguage":"es","@id":"https:\/\/secure.gravatar.com\/avatar\/bb65d0283347e303893ba14f0692005417c1e0e690a325a4c5d8bb2b3943ee14?s=96&d=mm&r=g","url":"https:\/\/secure.gravatar.com\/avatar\/bb65d0283347e303893ba14f0692005417c1e0e690a325a4c5d8bb2b3943ee14?s=96&d=mm&r=g","contentUrl":"https:\/\/secure.gravatar.com\/avatar\/bb65d0283347e303893ba14f0692005417c1e0e690a325a4c5d8bb2b3943ee14?s=96&d=mm&r=g","caption":"Cope Alcoy"}}]}},"_links":{"self":[{"href":"https:\/\/www.copealcoy.es\/es\/wp-json\/wp\/v2\/posts\/121639","targetHints":{"allow":["GET"]}}],"collection":[{"href":"https:\/\/www.copealcoy.es\/es\/wp-json\/wp\/v2\/posts"}],"about":[{"href":"https:\/\/www.copealcoy.es\/es\/wp-json\/wp\/v2\/types\/post"}],"author":[{"embeddable":true,"href":"https:\/\/www.copealcoy.es\/es\/wp-json\/wp\/v2\/users\/1"}],"replies":[{"embeddable":true,"href":"https:\/\/www.copealcoy.es\/es\/wp-json\/wp\/v2\/comments?post=121639"}],"version-history":[{"count":0,"href":"https:\/\/www.copealcoy.es\/es\/wp-json\/wp\/v2\/posts\/121639\/revisions"}],"wp:featuredmedia":[{"embeddable":true,"href":"https:\/\/www.copealcoy.es\/es\/wp-json\/wp\/v2\/media\/121653"}],"wp:attachment":[{"href":"https:\/\/www.copealcoy.es\/es\/wp-json\/wp\/v2\/media?parent=121639"}],"wp:term":[{"taxonomy":"category","embeddable":true,"href":"https:\/\/www.copealcoy.es\/es\/wp-json\/wp\/v2\/categories?post=121639"},{"taxonomy":"post_tag","embeddable":true,"href":"https:\/\/www.copealcoy.es\/es\/wp-json\/wp\/v2\/tags?post=121639"}],"curies":[{"name":"wp","href":"https:\/\/api.w.org\/{rel}","templated":true}]}}