{"id":12156,"date":"2015-04-13T15:26:22","date_gmt":"2015-04-13T15:26:22","guid":{"rendered":"http:\/\/copealcoi.es\/new\/?p=12156"},"modified":"2015-04-13T15:26:22","modified_gmt":"2015-04-13T15:26:22","slug":"buch-un-gobierno-local-del-pp-garantizaria-alcoinnova","status":"publish","type":"post","link":"https:\/\/www.copealcoy.es\/es\/buch-un-gobierno-local-del-pp-garantizaria-alcoinnova\/","title":{"rendered":"Buch: &#8220;Un Gobierno Local del PP garantizar\u00eda Alcoinnova&#8221;"},"content":{"rendered":"<p style=\"text-align: justify;\">La Generalitat Valenciana ha vuelto a expresar su respaldo al proyecto Alcoinnova que el Grupo Empresarial La Espa\u00f1ola pretende desarrollar en la zona de La Canal. As\u00ed lo manifest\u00f3 el pasado viernes el Conseller de Empleo, M\u00e1ximo Buch, durante su visita al I Encuentro sobre la Integraci\u00f3n Laboral de los Discapacitados que se desarroll\u00f3 durante gran parte de la jornada en las instalaciones del Campus de la UPV. \u00a0Buch recalc\u00f3 que Alcoinnova es un proyecto basado en la innovaci\u00f3n y el desarrollo al mismo tiempo que respetuoso con el medio ambiente. De igual forma indic\u00f3 que la iniciativa empresarial del Grupo La Espa\u00f1ola ha pasado todos los controles y que apostar\u00e1 por el desarrollo industrial de Alcoy. Por \u00faltimo en clave pol\u00edtica M\u00e1ximo Buch afirm\u00f3 que un Gobierno Local del PP en la ciudad tras las elecciones del 24 de mayo permitir\u00eda sacar adelante el proyecto sin ponerle trabas &#8220;no es porque est\u00e9 aqu\u00ed Rafa cerca pero estoy seguro que si en mayo se produce un cambio de Gobierno en Alcoy este proyecto ir\u00e1 adelante y permitir\u00e1 que Alcoy vuelva a recuperar la importancia industrial que siempre ha tenido&#8221;, concluy\u00f3.<\/p>\n","protected":false},"excerpt":{"rendered":"<p>La Generalitat Valenciana ha vuelto a expresar su respaldo al proyecto Alcoinnova que el Grupo Empresarial La Espa\u00f1ola pretende desarrollar&#8230;<\/p>\n","protected":false},"author":1,"featured_media":12087,"comment_status":"open","ping_status":"open","sticky":false,"template":"","format":"standard","meta":{"footnotes":""},"categories":[75,79],"tags":[478,1494,243,145,633],"class_list":["post-12156","post","type-post","status-publish","format-standard","has-post-thumbnail","hentry","category-noticias","category-politicayeconomia","tag-alcoinnova","tag-alcoy","tag-generalitat","tag-obras","tag-urbanismo"],"yoast_head":"<!-- This site is optimized with the Yoast SEO plugin v27.3 - https:\/\/yoast.com\/product\/yoast-seo-wordpress\/ -->\n<title>Buch: &quot;Un Gobierno Local del PP garantizar\u00eda Alcoinnova&quot; - COPE Alcoy<\/title>\n<meta name=\"robots\" content=\"index, follow, max-snippet:-1, max-image-preview:large, max-video-preview:-1\" \/>\n<link rel=\"canonical\" href=\"https:\/\/www.copealcoy.es\/es\/buch-un-gobierno-local-del-pp-garantizaria-alcoinnova\/\" \/>\n<meta property=\"og:locale\" content=\"es_ES\" \/>\n<meta property=\"og:type\" content=\"article\" \/>\n<meta property=\"og:title\" content=\"Buch: &quot;Un Gobierno Local del PP garantizar\u00eda Alcoinnova&quot; - COPE Alcoy\" \/>\n<meta property=\"og:description\" content=\"La Generalitat Valenciana ha vuelto a expresar su respaldo al proyecto Alcoinnova que el Grupo Empresarial La Espa\u00f1ola pretende desarrollar...\" \/>\n<meta property=\"og:url\" content=\"https:\/\/www.copealcoy.es\/es\/buch-un-gobierno-local-del-pp-garantizaria-alcoinnova\/\" \/>\n<meta property=\"og:site_name\" content=\"COPE Alcoy\" \/>\n<meta property=\"article:published_time\" content=\"2015-04-13T15:26:22+00:00\" \/>\n<meta property=\"og:image\" content=\"https:\/\/www.copealcoy.es\/wp-content\/uploads\/2015\/04\/IMG_1698.jpg\" \/>\n\t<meta property=\"og:image:width\" content=\"1024\" \/>\n\t<meta property=\"og:image:height\" content=\"356\" \/>\n\t<meta property=\"og:image:type\" content=\"image\/jpeg\" \/>\n<meta name=\"author\" content=\"Cope Alcoy\" \/>\n<meta name=\"twitter:label1\" content=\"Escrito por\" \/>\n\t<meta name=\"twitter:data1\" content=\"Cope Alcoy\" \/>\n\t<meta name=\"twitter:label2\" content=\"Tiempo de lectura\" \/>\n\t<meta name=\"twitter:data2\" content=\"1 minuto\" \/>\n<script type=\"application\/ld+json\" class=\"yoast-schema-graph\">{\"@context\":\"https:\\\/\\\/schema.org\",\"@graph\":[{\"@type\":\"Article\",\"@id\":\"https:\\\/\\\/www.copealcoy.es\\\/es\\\/buch-un-gobierno-local-del-pp-garantizaria-alcoinnova\\\/#article\",\"isPartOf\":{\"@id\":\"https:\\\/\\\/www.copealcoy.es\\\/es\\\/buch-un-gobierno-local-del-pp-garantizaria-alcoinnova\\\/\"},\"author\":{\"name\":\"Cope Alcoy\",\"@id\":\"https:\\\/\\\/www.copealcoy.es\\\/es\\\/#\\\/schema\\\/person\\\/e777c87fa024e57d40170af9df39882c\"},\"headline\":\"Buch: &#8220;Un Gobierno Local del PP garantizar\u00eda Alcoinnova&#8221;\",\"datePublished\":\"2015-04-13T15:26:22+00:00\",\"mainEntityOfPage\":{\"@id\":\"https:\\\/\\\/www.copealcoy.es\\\/es\\\/buch-un-gobierno-local-del-pp-garantizaria-alcoinnova\\\/\"},\"wordCount\":206,\"commentCount\":0,\"image\":{\"@id\":\"https:\\\/\\\/www.copealcoy.es\\\/es\\\/buch-un-gobierno-local-del-pp-garantizaria-alcoinnova\\\/#primaryimage\"},\"thumbnailUrl\":\"https:\\\/\\\/www.copealcoy.es\\\/wp-content\\\/uploads\\\/2015\\\/04\\\/IMG_1698.jpg\",\"keywords\":[\"Alcoinnova\",\"Alcoy\",\"Generalitat\",\"Obras\",\"Urbanismo\"],\"articleSection\":[\"Noticias\",\"Pol\u00edtica y Econom\u00eda\"],\"inLanguage\":\"es\"},{\"@type\":\"WebPage\",\"@id\":\"https:\\\/\\\/www.copealcoy.es\\\/es\\\/buch-un-gobierno-local-del-pp-garantizaria-alcoinnova\\\/\",\"url\":\"https:\\\/\\\/www.copealcoy.es\\\/es\\\/buch-un-gobierno-local-del-pp-garantizaria-alcoinnova\\\/\",\"name\":\"Buch: \\\"Un Gobierno Local del PP garantizar\u00eda Alcoinnova\\\" - COPE Alcoy\",\"isPartOf\":{\"@id\":\"https:\\\/\\\/www.copealcoy.es\\\/es\\\/#website\"},\"primaryImageOfPage\":{\"@id\":\"https:\\\/\\\/www.copealcoy.es\\\/es\\\/buch-un-gobierno-local-del-pp-garantizaria-alcoinnova\\\/#primaryimage\"},\"image\":{\"@id\":\"https:\\\/\\\/www.copealcoy.es\\\/es\\\/buch-un-gobierno-local-del-pp-garantizaria-alcoinnova\\\/#primaryimage\"},\"thumbnailUrl\":\"https:\\\/\\\/www.copealcoy.es\\\/wp-content\\\/uploads\\\/2015\\\/04\\\/IMG_1698.jpg\",\"datePublished\":\"2015-04-13T15:26:22+00:00\",\"author\":{\"@id\":\"https:\\\/\\\/www.copealcoy.es\\\/es\\\/#\\\/schema\\\/person\\\/e777c87fa024e57d40170af9df39882c\"},\"breadcrumb\":{\"@id\":\"https:\\\/\\\/www.copealcoy.es\\\/es\\\/buch-un-gobierno-local-del-pp-garantizaria-alcoinnova\\\/#breadcrumb\"},\"inLanguage\":\"es\",\"potentialAction\":[{\"@type\":\"ReadAction\",\"target\":[\"https:\\\/\\\/www.copealcoy.es\\\/es\\\/buch-un-gobierno-local-del-pp-garantizaria-alcoinnova\\\/\"]}]},{\"@type\":\"ImageObject\",\"inLanguage\":\"es\",\"@id\":\"https:\\\/\\\/www.copealcoy.es\\\/es\\\/buch-un-gobierno-local-del-pp-garantizaria-alcoinnova\\\/#primaryimage\",\"url\":\"https:\\\/\\\/www.copealcoy.es\\\/wp-content\\\/uploads\\\/2015\\\/04\\\/IMG_1698.jpg\",\"contentUrl\":\"https:\\\/\\\/www.copealcoy.es\\\/wp-content\\\/uploads\\\/2015\\\/04\\\/IMG_1698.jpg\",\"width\":1024,\"height\":356,\"caption\":\"El Conseller Buch interviene en el Congreso celebrado en el Campus de Alcoy\"},{\"@type\":\"BreadcrumbList\",\"@id\":\"https:\\\/\\\/www.copealcoy.es\\\/es\\\/buch-un-gobierno-local-del-pp-garantizaria-alcoinnova\\\/#breadcrumb\",\"itemListElement\":[{\"@type\":\"ListItem\",\"position\":1,\"name\":\"Portada\",\"item\":\"https:\\\/\\\/www.copealcoy.es\\\/es\\\/\"},{\"@type\":\"ListItem\",\"position\":2,\"name\":\"Buch: &#8220;Un Gobierno Local del PP garantizar\u00eda Alcoinnova&#8221;\"}]},{\"@type\":\"WebSite\",\"@id\":\"https:\\\/\\\/www.copealcoy.es\\\/es\\\/#website\",\"url\":\"https:\\\/\\\/www.copealcoy.es\\\/es\\\/\",\"name\":\"COPE Alcoy\",\"description\":\"Emisora COPE de radio local con emisi\u00f3n online. Pont de Sant Jordi 8-10 03803 Alcoy\",\"potentialAction\":[{\"@type\":\"SearchAction\",\"target\":{\"@type\":\"EntryPoint\",\"urlTemplate\":\"https:\\\/\\\/www.copealcoy.es\\\/es\\\/?s={search_term_string}\"},\"query-input\":{\"@type\":\"PropertyValueSpecification\",\"valueRequired\":true,\"valueName\":\"search_term_string\"}}],\"inLanguage\":\"es\"},{\"@type\":\"Person\",\"@id\":\"https:\\\/\\\/www.copealcoy.es\\\/es\\\/#\\\/schema\\\/person\\\/e777c87fa024e57d40170af9df39882c\",\"name\":\"Cope Alcoy\",\"image\":{\"@type\":\"ImageObject\",\"inLanguage\":\"es\",\"@id\":\"https:\\\/\\\/secure.gravatar.com\\\/avatar\\\/bb65d0283347e303893ba14f0692005417c1e0e690a325a4c5d8bb2b3943ee14?s=96&d=mm&r=g\",\"url\":\"https:\\\/\\\/secure.gravatar.com\\\/avatar\\\/bb65d0283347e303893ba14f0692005417c1e0e690a325a4c5d8bb2b3943ee14?s=96&d=mm&r=g\",\"contentUrl\":\"https:\\\/\\\/secure.gravatar.com\\\/avatar\\\/bb65d0283347e303893ba14f0692005417c1e0e690a325a4c5d8bb2b3943ee14?s=96&d=mm&r=g\",\"caption\":\"Cope Alcoy\"}}]}<\/script>\n<!-- \/ Yoast SEO plugin. -->","yoast_head_json":{"title":"Buch: \"Un Gobierno Local del PP garantizar\u00eda Alcoinnova\" - COPE Alcoy","robots":{"index":"index","follow":"follow","max-snippet":"max-snippet:-1","max-image-preview":"max-image-preview:large","max-video-preview":"max-video-preview:-1"},"canonical":"https:\/\/www.copealcoy.es\/es\/buch-un-gobierno-local-del-pp-garantizaria-alcoinnova\/","og_locale":"es_ES","og_type":"article","og_title":"Buch: \"Un Gobierno Local del PP garantizar\u00eda Alcoinnova\" - COPE Alcoy","og_description":"La Generalitat Valenciana ha vuelto a expresar su respaldo al proyecto Alcoinnova que el Grupo Empresarial La Espa\u00f1ola pretende desarrollar...","og_url":"https:\/\/www.copealcoy.es\/es\/buch-un-gobierno-local-del-pp-garantizaria-alcoinnova\/","og_site_name":"COPE Alcoy","article_published_time":"2015-04-13T15:26:22+00:00","og_image":[{"width":1024,"height":356,"url":"https:\/\/www.copealcoy.es\/wp-content\/uploads\/2015\/04\/IMG_1698.jpg","type":"image\/jpeg"}],"author":"Cope Alcoy","twitter_misc":{"Escrito por":"Cope Alcoy","Tiempo de lectura":"1 minuto"},"schema":{"@context":"https:\/\/schema.org","@graph":[{"@type":"Article","@id":"https:\/\/www.copealcoy.es\/es\/buch-un-gobierno-local-del-pp-garantizaria-alcoinnova\/#article","isPartOf":{"@id":"https:\/\/www.copealcoy.es\/es\/buch-un-gobierno-local-del-pp-garantizaria-alcoinnova\/"},"author":{"name":"Cope Alcoy","@id":"https:\/\/www.copealcoy.es\/es\/#\/schema\/person\/e777c87fa024e57d40170af9df39882c"},"headline":"Buch: &#8220;Un Gobierno Local del PP garantizar\u00eda Alcoinnova&#8221;","datePublished":"2015-04-13T15:26:22+00:00","mainEntityOfPage":{"@id":"https:\/\/www.copealcoy.es\/es\/buch-un-gobierno-local-del-pp-garantizaria-alcoinnova\/"},"wordCount":206,"commentCount":0,"image":{"@id":"https:\/\/www.copealcoy.es\/es\/buch-un-gobierno-local-del-pp-garantizaria-alcoinnova\/#primaryimage"},"thumbnailUrl":"https:\/\/www.copealcoy.es\/wp-content\/uploads\/2015\/04\/IMG_1698.jpg","keywords":["Alcoinnova","Alcoy","Generalitat","Obras","Urbanismo"],"articleSection":["Noticias","Pol\u00edtica y Econom\u00eda"],"inLanguage":"es"},{"@type":"WebPage","@id":"https:\/\/www.copealcoy.es\/es\/buch-un-gobierno-local-del-pp-garantizaria-alcoinnova\/","url":"https:\/\/www.copealcoy.es\/es\/buch-un-gobierno-local-del-pp-garantizaria-alcoinnova\/","name":"Buch: \"Un Gobierno Local del PP garantizar\u00eda Alcoinnova\" - COPE Alcoy","isPartOf":{"@id":"https:\/\/www.copealcoy.es\/es\/#website"},"primaryImageOfPage":{"@id":"https:\/\/www.copealcoy.es\/es\/buch-un-gobierno-local-del-pp-garantizaria-alcoinnova\/#primaryimage"},"image":{"@id":"https:\/\/www.copealcoy.es\/es\/buch-un-gobierno-local-del-pp-garantizaria-alcoinnova\/#primaryimage"},"thumbnailUrl":"https:\/\/www.copealcoy.es\/wp-content\/uploads\/2015\/04\/IMG_1698.jpg","datePublished":"2015-04-13T15:26:22+00:00","author":{"@id":"https:\/\/www.copealcoy.es\/es\/#\/schema\/person\/e777c87fa024e57d40170af9df39882c"},"breadcrumb":{"@id":"https:\/\/www.copealcoy.es\/es\/buch-un-gobierno-local-del-pp-garantizaria-alcoinnova\/#breadcrumb"},"inLanguage":"es","potentialAction":[{"@type":"ReadAction","target":["https:\/\/www.copealcoy.es\/es\/buch-un-gobierno-local-del-pp-garantizaria-alcoinnova\/"]}]},{"@type":"ImageObject","inLanguage":"es","@id":"https:\/\/www.copealcoy.es\/es\/buch-un-gobierno-local-del-pp-garantizaria-alcoinnova\/#primaryimage","url":"https:\/\/www.copealcoy.es\/wp-content\/uploads\/2015\/04\/IMG_1698.jpg","contentUrl":"https:\/\/www.copealcoy.es\/wp-content\/uploads\/2015\/04\/IMG_1698.jpg","width":1024,"height":356,"caption":"El Conseller Buch interviene en el Congreso celebrado en el Campus de Alcoy"},{"@type":"BreadcrumbList","@id":"https:\/\/www.copealcoy.es\/es\/buch-un-gobierno-local-del-pp-garantizaria-alcoinnova\/#breadcrumb","itemListElement":[{"@type":"ListItem","position":1,"name":"Portada","item":"https:\/\/www.copealcoy.es\/es\/"},{"@type":"ListItem","position":2,"name":"Buch: &#8220;Un Gobierno Local del PP garantizar\u00eda Alcoinnova&#8221;"}]},{"@type":"WebSite","@id":"https:\/\/www.copealcoy.es\/es\/#website","url":"https:\/\/www.copealcoy.es\/es\/","name":"COPE Alcoy","description":"Emisora COPE de radio local con emisi\u00f3n online. Pont de Sant Jordi 8-10 03803 Alcoy","potentialAction":[{"@type":"SearchAction","target":{"@type":"EntryPoint","urlTemplate":"https:\/\/www.copealcoy.es\/es\/?s={search_term_string}"},"query-input":{"@type":"PropertyValueSpecification","valueRequired":true,"valueName":"search_term_string"}}],"inLanguage":"es"},{"@type":"Person","@id":"https:\/\/www.copealcoy.es\/es\/#\/schema\/person\/e777c87fa024e57d40170af9df39882c","name":"Cope Alcoy","image":{"@type":"ImageObject","inLanguage":"es","@id":"https:\/\/secure.gravatar.com\/avatar\/bb65d0283347e303893ba14f0692005417c1e0e690a325a4c5d8bb2b3943ee14?s=96&d=mm&r=g","url":"https:\/\/secure.gravatar.com\/avatar\/bb65d0283347e303893ba14f0692005417c1e0e690a325a4c5d8bb2b3943ee14?s=96&d=mm&r=g","contentUrl":"https:\/\/secure.gravatar.com\/avatar\/bb65d0283347e303893ba14f0692005417c1e0e690a325a4c5d8bb2b3943ee14?s=96&d=mm&r=g","caption":"Cope Alcoy"}}]}},"_links":{"self":[{"href":"https:\/\/www.copealcoy.es\/es\/wp-json\/wp\/v2\/posts\/12156","targetHints":{"allow":["GET"]}}],"collection":[{"href":"https:\/\/www.copealcoy.es\/es\/wp-json\/wp\/v2\/posts"}],"about":[{"href":"https:\/\/www.copealcoy.es\/es\/wp-json\/wp\/v2\/types\/post"}],"author":[{"embeddable":true,"href":"https:\/\/www.copealcoy.es\/es\/wp-json\/wp\/v2\/users\/1"}],"replies":[{"embeddable":true,"href":"https:\/\/www.copealcoy.es\/es\/wp-json\/wp\/v2\/comments?post=12156"}],"version-history":[{"count":0,"href":"https:\/\/www.copealcoy.es\/es\/wp-json\/wp\/v2\/posts\/12156\/revisions"}],"wp:featuredmedia":[{"embeddable":true,"href":"https:\/\/www.copealcoy.es\/es\/wp-json\/wp\/v2\/media\/12087"}],"wp:attachment":[{"href":"https:\/\/www.copealcoy.es\/es\/wp-json\/wp\/v2\/media?parent=12156"}],"wp:term":[{"taxonomy":"category","embeddable":true,"href":"https:\/\/www.copealcoy.es\/es\/wp-json\/wp\/v2\/categories?post=12156"},{"taxonomy":"post_tag","embeddable":true,"href":"https:\/\/www.copealcoy.es\/es\/wp-json\/wp\/v2\/tags?post=12156"}],"curies":[{"name":"wp","href":"https:\/\/api.w.org\/{rel}","templated":true}]}}