{"id":121525,"date":"2023-09-11T17:30:30","date_gmt":"2023-09-11T16:30:30","guid":{"rendered":"https:\/\/www.copealcoy.es\/?p=121525"},"modified":"2023-09-11T17:30:30","modified_gmt":"2023-09-11T16:30:30","slug":"mas-de-14-500-alumnos-han-vuelto-hoy-a-las-aulas-en-alcoy","status":"publish","type":"post","link":"https:\/\/www.copealcoy.es\/es\/mas-de-14-500-alumnos-han-vuelto-hoy-a-las-aulas-en-alcoy\/","title":{"rendered":"M\u00e1s de 14.500 alumnos han vuelto hoy a las aulas en Alcoy"},"content":{"rendered":"<p>Comienza el curso escolar para <strong>m\u00e1s de 14.500 estudiantes en Alcoy<\/strong>. Hoy <strong>vuelven a las aulas<\/strong> los alumnos de todas als etapas educativas, desde la guarder\u00eda hasta los universitarios.<\/p>\n<p>Un inicio de curso que se ha desarrollado con normalidad, seg\u00fan ha informado Toni Franc\u00e9s, alcalde de Alcoy, que ha asistido a unas de las escuelas infantiles municipales de la ciudad. &#8220;Destacar el normal inicio del curso. Los centros educativos lo ten\u00edan todo preparado. Tambi\u00e9n el dispositivo por parte de la Polic\u00eda Local para organizar el tr\u00e1nsito en un d\u00eda que sabemos que empieza a ser complicado&#8221;.<\/p>\n<p>Tambi\u00e9n desde los centros educativos afrontan el curso escolar con ilusi\u00f3n. &#8220;Comenzamos un unevos curso con muchas ganas de reencotnrarnos con los alumnos que ven\u00edan del a\u00f1o pasado y de conocer a los nuevos&#8221;, ha asegurado Patricia Haro, directora de la Escuela Infantil de la Zona Norte.<\/p>\n<p><strong>Oferta en las aulas de 2 A\u00f1os<\/strong><\/p>\n<p>Si se analizan los datos, explica Alberto Belda -edil de Educaci\u00f3n-, existen diferencias en el n\u00famero de matriculaciones entre diferentes cursos acad\u00e9micos. &#8220;En 4\u00ba, 5\u00ba y 6\u00ba de Primaria podemos decir que en la ciudad apenas hay vacantes. Sin embargo, en el tramo de 2 a\u00f1os, por razones de natalidad y porque hay mucha oferta en la ciudad, hay m\u00e1s vacantes&#8221;.<\/p>\n<p><strong>Comienzo de curso en la comarca<\/strong><\/p>\n<p>Tambi\u00e9n en los municipios de la comarca el inicio del curso escolar se ha desarrollado con normalidad. M\u00e1s de 1.000 alumnos han vuelto a las aulas en poblaciones como Cocentaina y Muro. Precisamente la Ciudad Condal ha estrenado hoy el CEIP Bosco, que abre sus puertas tras m\u00e1s de 30 a\u00f1os esperando ser reformado.<\/p>\n<p>En Castalla, el CEIP Rico Sapena tambi\u00e9n ha estrenado este lunes su ampliaci\u00f3n.<\/p>\n","protected":false},"excerpt":{"rendered":"<p>Comienza el curso escolar para m\u00e1s de 14.500 estudiantes en Alcoy. Hoy vuelven a las aulas los alumnos de todas&#8230;<\/p>\n","protected":false},"author":1,"featured_media":121583,"comment_status":"open","ping_status":"open","sticky":false,"template":"","format":"standard","meta":{"footnotes":""},"categories":[6909,97,900,75,125],"tags":[1494,236,423,4570],"class_list":["post-121525","post","type-post","status-publish","format-standard","has-post-thumbnail","hentry","category-actualidad","category-alcoy","category-educacion","category-noticias","category-portada","tag-alcoy","tag-comarca","tag-educacion","tag-vuelta-al-cole"],"yoast_head":"<!-- This site is optimized with the Yoast SEO plugin v27.3 - https:\/\/yoast.com\/product\/yoast-seo-wordpress\/ -->\n<title>M\u00e1s de 14.500 alumnos han vuelto hoy a las aulas en Alcoy - COPE Alcoy<\/title>\n<meta name=\"description\" content=\"Comienza el curso escolar para m\u00e1s de 14.500 estudiantes en Alcoy. Hoy vuelven a las aulas los alumnos de todas als etapas educativas, desde la guarder\u00eda hasta los universitarios.\" \/>\n<meta name=\"robots\" content=\"index, follow, max-snippet:-1, max-image-preview:large, max-video-preview:-1\" \/>\n<link rel=\"canonical\" href=\"https:\/\/www.copealcoy.es\/es\/mas-de-14-500-alumnos-han-vuelto-hoy-a-las-aulas-en-alcoy\/\" \/>\n<meta property=\"og:locale\" content=\"es_ES\" \/>\n<meta property=\"og:type\" content=\"article\" \/>\n<meta property=\"og:title\" content=\"M\u00e1s de 14.500 alumnos han vuelto hoy a las aulas en Alcoy - COPE Alcoy\" \/>\n<meta property=\"og:description\" content=\"Comienza el curso escolar para m\u00e1s de 14.500 estudiantes en Alcoy. Hoy vuelven a las aulas los alumnos de todas als etapas educativas, desde la guarder\u00eda hasta los universitarios.\" \/>\n<meta property=\"og:url\" content=\"https:\/\/www.copealcoy.es\/es\/mas-de-14-500-alumnos-han-vuelto-hoy-a-las-aulas-en-alcoy\/\" \/>\n<meta property=\"og:site_name\" content=\"COPE Alcoy\" \/>\n<meta property=\"article:published_time\" content=\"2023-09-11T16:30:30+00:00\" \/>\n<meta property=\"og:image\" content=\"https:\/\/www.copealcoy.es\/wp-content\/uploads\/2023\/09\/IMG_0800.jpg\" \/>\n\t<meta property=\"og:image:width\" content=\"640\" \/>\n\t<meta property=\"og:image:height\" content=\"480\" \/>\n\t<meta property=\"og:image:type\" content=\"image\/jpeg\" \/>\n<meta name=\"author\" content=\"Cope Alcoy\" \/>\n<meta name=\"twitter:label1\" content=\"Escrito por\" \/>\n\t<meta name=\"twitter:data1\" content=\"Cope Alcoy\" \/>\n\t<meta name=\"twitter:label2\" content=\"Tiempo de lectura\" \/>\n\t<meta name=\"twitter:data2\" content=\"2 minutos\" \/>\n<script type=\"application\/ld+json\" class=\"yoast-schema-graph\">{\"@context\":\"https:\\\/\\\/schema.org\",\"@graph\":[{\"@type\":\"Article\",\"@id\":\"https:\\\/\\\/www.copealcoy.es\\\/es\\\/mas-de-14-500-alumnos-han-vuelto-hoy-a-las-aulas-en-alcoy\\\/#article\",\"isPartOf\":{\"@id\":\"https:\\\/\\\/www.copealcoy.es\\\/es\\\/mas-de-14-500-alumnos-han-vuelto-hoy-a-las-aulas-en-alcoy\\\/\"},\"author\":{\"name\":\"Cope Alcoy\",\"@id\":\"https:\\\/\\\/www.copealcoy.es\\\/es\\\/#\\\/schema\\\/person\\\/e777c87fa024e57d40170af9df39882c\"},\"headline\":\"M\u00e1s de 14.500 alumnos han vuelto hoy a las aulas en Alcoy\",\"datePublished\":\"2023-09-11T16:30:30+00:00\",\"mainEntityOfPage\":{\"@id\":\"https:\\\/\\\/www.copealcoy.es\\\/es\\\/mas-de-14-500-alumnos-han-vuelto-hoy-a-las-aulas-en-alcoy\\\/\"},\"wordCount\":313,\"commentCount\":0,\"image\":{\"@id\":\"https:\\\/\\\/www.copealcoy.es\\\/es\\\/mas-de-14-500-alumnos-han-vuelto-hoy-a-las-aulas-en-alcoy\\\/#primaryimage\"},\"thumbnailUrl\":\"https:\\\/\\\/www.copealcoy.es\\\/wp-content\\\/uploads\\\/2023\\\/09\\\/IMG_0800.jpg\",\"keywords\":[\"Alcoy\",\"Comarca\",\"Educaci\u00f3n\",\"Vuelta al Cole\"],\"articleSection\":[\"Actualidad\",\"Alcoy\",\"Educaci\u00f3n\",\"Noticias\",\"Portada\"],\"inLanguage\":\"es\"},{\"@type\":\"WebPage\",\"@id\":\"https:\\\/\\\/www.copealcoy.es\\\/es\\\/mas-de-14-500-alumnos-han-vuelto-hoy-a-las-aulas-en-alcoy\\\/\",\"url\":\"https:\\\/\\\/www.copealcoy.es\\\/es\\\/mas-de-14-500-alumnos-han-vuelto-hoy-a-las-aulas-en-alcoy\\\/\",\"name\":\"M\u00e1s de 14.500 alumnos han vuelto hoy a las aulas en Alcoy - COPE Alcoy\",\"isPartOf\":{\"@id\":\"https:\\\/\\\/www.copealcoy.es\\\/es\\\/#website\"},\"primaryImageOfPage\":{\"@id\":\"https:\\\/\\\/www.copealcoy.es\\\/es\\\/mas-de-14-500-alumnos-han-vuelto-hoy-a-las-aulas-en-alcoy\\\/#primaryimage\"},\"image\":{\"@id\":\"https:\\\/\\\/www.copealcoy.es\\\/es\\\/mas-de-14-500-alumnos-han-vuelto-hoy-a-las-aulas-en-alcoy\\\/#primaryimage\"},\"thumbnailUrl\":\"https:\\\/\\\/www.copealcoy.es\\\/wp-content\\\/uploads\\\/2023\\\/09\\\/IMG_0800.jpg\",\"datePublished\":\"2023-09-11T16:30:30+00:00\",\"author\":{\"@id\":\"https:\\\/\\\/www.copealcoy.es\\\/es\\\/#\\\/schema\\\/person\\\/e777c87fa024e57d40170af9df39882c\"},\"description\":\"Comienza el curso escolar para m\u00e1s de 14.500 estudiantes en Alcoy. Hoy vuelven a las aulas los alumnos de todas als etapas educativas, desde la guarder\u00eda hasta los universitarios.\",\"breadcrumb\":{\"@id\":\"https:\\\/\\\/www.copealcoy.es\\\/es\\\/mas-de-14-500-alumnos-han-vuelto-hoy-a-las-aulas-en-alcoy\\\/#breadcrumb\"},\"inLanguage\":\"es\",\"potentialAction\":[{\"@type\":\"ReadAction\",\"target\":[\"https:\\\/\\\/www.copealcoy.es\\\/es\\\/mas-de-14-500-alumnos-han-vuelto-hoy-a-las-aulas-en-alcoy\\\/\"]}]},{\"@type\":\"ImageObject\",\"inLanguage\":\"es\",\"@id\":\"https:\\\/\\\/www.copealcoy.es\\\/es\\\/mas-de-14-500-alumnos-han-vuelto-hoy-a-las-aulas-en-alcoy\\\/#primaryimage\",\"url\":\"https:\\\/\\\/www.copealcoy.es\\\/wp-content\\\/uploads\\\/2023\\\/09\\\/IMG_0800.jpg\",\"contentUrl\":\"https:\\\/\\\/www.copealcoy.es\\\/wp-content\\\/uploads\\\/2023\\\/09\\\/IMG_0800.jpg\",\"width\":640,\"height\":480},{\"@type\":\"BreadcrumbList\",\"@id\":\"https:\\\/\\\/www.copealcoy.es\\\/es\\\/mas-de-14-500-alumnos-han-vuelto-hoy-a-las-aulas-en-alcoy\\\/#breadcrumb\",\"itemListElement\":[{\"@type\":\"ListItem\",\"position\":1,\"name\":\"Portada\",\"item\":\"https:\\\/\\\/www.copealcoy.es\\\/es\\\/\"},{\"@type\":\"ListItem\",\"position\":2,\"name\":\"M\u00e1s de 14.500 alumnos han vuelto hoy a las aulas en Alcoy\"}]},{\"@type\":\"WebSite\",\"@id\":\"https:\\\/\\\/www.copealcoy.es\\\/es\\\/#website\",\"url\":\"https:\\\/\\\/www.copealcoy.es\\\/es\\\/\",\"name\":\"COPE Alcoy\",\"description\":\"Emisora COPE de radio local con emisi\u00f3n online. Pont de Sant Jordi 8-10 03803 Alcoy\",\"potentialAction\":[{\"@type\":\"SearchAction\",\"target\":{\"@type\":\"EntryPoint\",\"urlTemplate\":\"https:\\\/\\\/www.copealcoy.es\\\/es\\\/?s={search_term_string}\"},\"query-input\":{\"@type\":\"PropertyValueSpecification\",\"valueRequired\":true,\"valueName\":\"search_term_string\"}}],\"inLanguage\":\"es\"},{\"@type\":\"Person\",\"@id\":\"https:\\\/\\\/www.copealcoy.es\\\/es\\\/#\\\/schema\\\/person\\\/e777c87fa024e57d40170af9df39882c\",\"name\":\"Cope Alcoy\",\"image\":{\"@type\":\"ImageObject\",\"inLanguage\":\"es\",\"@id\":\"https:\\\/\\\/secure.gravatar.com\\\/avatar\\\/bb65d0283347e303893ba14f0692005417c1e0e690a325a4c5d8bb2b3943ee14?s=96&d=mm&r=g\",\"url\":\"https:\\\/\\\/secure.gravatar.com\\\/avatar\\\/bb65d0283347e303893ba14f0692005417c1e0e690a325a4c5d8bb2b3943ee14?s=96&d=mm&r=g\",\"contentUrl\":\"https:\\\/\\\/secure.gravatar.com\\\/avatar\\\/bb65d0283347e303893ba14f0692005417c1e0e690a325a4c5d8bb2b3943ee14?s=96&d=mm&r=g\",\"caption\":\"Cope Alcoy\"}}]}<\/script>\n<!-- \/ Yoast SEO plugin. -->","yoast_head_json":{"title":"M\u00e1s de 14.500 alumnos han vuelto hoy a las aulas en Alcoy - COPE Alcoy","description":"Comienza el curso escolar para m\u00e1s de 14.500 estudiantes en Alcoy. Hoy vuelven a las aulas los alumnos de todas als etapas educativas, desde la guarder\u00eda hasta los universitarios.","robots":{"index":"index","follow":"follow","max-snippet":"max-snippet:-1","max-image-preview":"max-image-preview:large","max-video-preview":"max-video-preview:-1"},"canonical":"https:\/\/www.copealcoy.es\/es\/mas-de-14-500-alumnos-han-vuelto-hoy-a-las-aulas-en-alcoy\/","og_locale":"es_ES","og_type":"article","og_title":"M\u00e1s de 14.500 alumnos han vuelto hoy a las aulas en Alcoy - COPE Alcoy","og_description":"Comienza el curso escolar para m\u00e1s de 14.500 estudiantes en Alcoy. Hoy vuelven a las aulas los alumnos de todas als etapas educativas, desde la guarder\u00eda hasta los universitarios.","og_url":"https:\/\/www.copealcoy.es\/es\/mas-de-14-500-alumnos-han-vuelto-hoy-a-las-aulas-en-alcoy\/","og_site_name":"COPE Alcoy","article_published_time":"2023-09-11T16:30:30+00:00","og_image":[{"width":640,"height":480,"url":"https:\/\/www.copealcoy.es\/wp-content\/uploads\/2023\/09\/IMG_0800.jpg","type":"image\/jpeg"}],"author":"Cope Alcoy","twitter_misc":{"Escrito por":"Cope Alcoy","Tiempo de lectura":"2 minutos"},"schema":{"@context":"https:\/\/schema.org","@graph":[{"@type":"Article","@id":"https:\/\/www.copealcoy.es\/es\/mas-de-14-500-alumnos-han-vuelto-hoy-a-las-aulas-en-alcoy\/#article","isPartOf":{"@id":"https:\/\/www.copealcoy.es\/es\/mas-de-14-500-alumnos-han-vuelto-hoy-a-las-aulas-en-alcoy\/"},"author":{"name":"Cope Alcoy","@id":"https:\/\/www.copealcoy.es\/es\/#\/schema\/person\/e777c87fa024e57d40170af9df39882c"},"headline":"M\u00e1s de 14.500 alumnos han vuelto hoy a las aulas en Alcoy","datePublished":"2023-09-11T16:30:30+00:00","mainEntityOfPage":{"@id":"https:\/\/www.copealcoy.es\/es\/mas-de-14-500-alumnos-han-vuelto-hoy-a-las-aulas-en-alcoy\/"},"wordCount":313,"commentCount":0,"image":{"@id":"https:\/\/www.copealcoy.es\/es\/mas-de-14-500-alumnos-han-vuelto-hoy-a-las-aulas-en-alcoy\/#primaryimage"},"thumbnailUrl":"https:\/\/www.copealcoy.es\/wp-content\/uploads\/2023\/09\/IMG_0800.jpg","keywords":["Alcoy","Comarca","Educaci\u00f3n","Vuelta al Cole"],"articleSection":["Actualidad","Alcoy","Educaci\u00f3n","Noticias","Portada"],"inLanguage":"es"},{"@type":"WebPage","@id":"https:\/\/www.copealcoy.es\/es\/mas-de-14-500-alumnos-han-vuelto-hoy-a-las-aulas-en-alcoy\/","url":"https:\/\/www.copealcoy.es\/es\/mas-de-14-500-alumnos-han-vuelto-hoy-a-las-aulas-en-alcoy\/","name":"M\u00e1s de 14.500 alumnos han vuelto hoy a las aulas en Alcoy - COPE Alcoy","isPartOf":{"@id":"https:\/\/www.copealcoy.es\/es\/#website"},"primaryImageOfPage":{"@id":"https:\/\/www.copealcoy.es\/es\/mas-de-14-500-alumnos-han-vuelto-hoy-a-las-aulas-en-alcoy\/#primaryimage"},"image":{"@id":"https:\/\/www.copealcoy.es\/es\/mas-de-14-500-alumnos-han-vuelto-hoy-a-las-aulas-en-alcoy\/#primaryimage"},"thumbnailUrl":"https:\/\/www.copealcoy.es\/wp-content\/uploads\/2023\/09\/IMG_0800.jpg","datePublished":"2023-09-11T16:30:30+00:00","author":{"@id":"https:\/\/www.copealcoy.es\/es\/#\/schema\/person\/e777c87fa024e57d40170af9df39882c"},"description":"Comienza el curso escolar para m\u00e1s de 14.500 estudiantes en Alcoy. Hoy vuelven a las aulas los alumnos de todas als etapas educativas, desde la guarder\u00eda hasta los universitarios.","breadcrumb":{"@id":"https:\/\/www.copealcoy.es\/es\/mas-de-14-500-alumnos-han-vuelto-hoy-a-las-aulas-en-alcoy\/#breadcrumb"},"inLanguage":"es","potentialAction":[{"@type":"ReadAction","target":["https:\/\/www.copealcoy.es\/es\/mas-de-14-500-alumnos-han-vuelto-hoy-a-las-aulas-en-alcoy\/"]}]},{"@type":"ImageObject","inLanguage":"es","@id":"https:\/\/www.copealcoy.es\/es\/mas-de-14-500-alumnos-han-vuelto-hoy-a-las-aulas-en-alcoy\/#primaryimage","url":"https:\/\/www.copealcoy.es\/wp-content\/uploads\/2023\/09\/IMG_0800.jpg","contentUrl":"https:\/\/www.copealcoy.es\/wp-content\/uploads\/2023\/09\/IMG_0800.jpg","width":640,"height":480},{"@type":"BreadcrumbList","@id":"https:\/\/www.copealcoy.es\/es\/mas-de-14-500-alumnos-han-vuelto-hoy-a-las-aulas-en-alcoy\/#breadcrumb","itemListElement":[{"@type":"ListItem","position":1,"name":"Portada","item":"https:\/\/www.copealcoy.es\/es\/"},{"@type":"ListItem","position":2,"name":"M\u00e1s de 14.500 alumnos han vuelto hoy a las aulas en Alcoy"}]},{"@type":"WebSite","@id":"https:\/\/www.copealcoy.es\/es\/#website","url":"https:\/\/www.copealcoy.es\/es\/","name":"COPE Alcoy","description":"Emisora COPE de radio local con emisi\u00f3n online. Pont de Sant Jordi 8-10 03803 Alcoy","potentialAction":[{"@type":"SearchAction","target":{"@type":"EntryPoint","urlTemplate":"https:\/\/www.copealcoy.es\/es\/?s={search_term_string}"},"query-input":{"@type":"PropertyValueSpecification","valueRequired":true,"valueName":"search_term_string"}}],"inLanguage":"es"},{"@type":"Person","@id":"https:\/\/www.copealcoy.es\/es\/#\/schema\/person\/e777c87fa024e57d40170af9df39882c","name":"Cope Alcoy","image":{"@type":"ImageObject","inLanguage":"es","@id":"https:\/\/secure.gravatar.com\/avatar\/bb65d0283347e303893ba14f0692005417c1e0e690a325a4c5d8bb2b3943ee14?s=96&d=mm&r=g","url":"https:\/\/secure.gravatar.com\/avatar\/bb65d0283347e303893ba14f0692005417c1e0e690a325a4c5d8bb2b3943ee14?s=96&d=mm&r=g","contentUrl":"https:\/\/secure.gravatar.com\/avatar\/bb65d0283347e303893ba14f0692005417c1e0e690a325a4c5d8bb2b3943ee14?s=96&d=mm&r=g","caption":"Cope Alcoy"}}]}},"_links":{"self":[{"href":"https:\/\/www.copealcoy.es\/es\/wp-json\/wp\/v2\/posts\/121525","targetHints":{"allow":["GET"]}}],"collection":[{"href":"https:\/\/www.copealcoy.es\/es\/wp-json\/wp\/v2\/posts"}],"about":[{"href":"https:\/\/www.copealcoy.es\/es\/wp-json\/wp\/v2\/types\/post"}],"author":[{"embeddable":true,"href":"https:\/\/www.copealcoy.es\/es\/wp-json\/wp\/v2\/users\/1"}],"replies":[{"embeddable":true,"href":"https:\/\/www.copealcoy.es\/es\/wp-json\/wp\/v2\/comments?post=121525"}],"version-history":[{"count":0,"href":"https:\/\/www.copealcoy.es\/es\/wp-json\/wp\/v2\/posts\/121525\/revisions"}],"wp:featuredmedia":[{"embeddable":true,"href":"https:\/\/www.copealcoy.es\/es\/wp-json\/wp\/v2\/media\/121583"}],"wp:attachment":[{"href":"https:\/\/www.copealcoy.es\/es\/wp-json\/wp\/v2\/media?parent=121525"}],"wp:term":[{"taxonomy":"category","embeddable":true,"href":"https:\/\/www.copealcoy.es\/es\/wp-json\/wp\/v2\/categories?post=121525"},{"taxonomy":"post_tag","embeddable":true,"href":"https:\/\/www.copealcoy.es\/es\/wp-json\/wp\/v2\/tags?post=121525"}],"curies":[{"name":"wp","href":"https:\/\/api.w.org\/{rel}","templated":true}]}}