{"id":121521,"date":"2023-09-11T10:00:07","date_gmt":"2023-09-11T09:00:07","guid":{"rendered":"https:\/\/www.copealcoy.es\/?p=121521"},"modified":"2023-09-11T16:04:15","modified_gmt":"2023-09-11T15:04:15","slug":"la-unificacion-del-bosco-es-ya-una-realidad-mas-de-treinta-anos-despues","status":"publish","type":"post","link":"https:\/\/www.copealcoy.es\/es\/la-unificacion-del-bosco-es-ya-una-realidad-mas-de-treinta-anos-despues\/","title":{"rendered":"La unificaci\u00f3n del Bosco es ya una realidad m\u00e1s de treinta a\u00f1os despu\u00e9s"},"content":{"rendered":"<p style=\"text-align: justify;\">La <strong>vuelta al cole de este 2023<\/strong> ser\u00e1 especialmente recordada en Cocentaina puesto que <strong>los alumnos y las alumnas del <a href=\"https:\/\/www.facebook.com\/profile.php?id=100002199212256\" target=\"_blank\" rel=\"noopener\"><span style=\"color: #0000ff;\">Bosco<\/span><\/a> han estrenado nuevo colegio en un solo edificio<\/strong>, un hecho que <strong>ha tardado m\u00e1s de tres d\u00e9cadas en ser una realidad<\/strong>. Atr\u00e1s quedan muchos a\u00f1os en los que la comunidad educativa y el Ayuntamiento de Cocentaina <strong>no han dejado de luchar para conseguir que un \u00fanico inmueble albergara un centro educativo<\/strong> cuyas instalaciones han estado separadas por m\u00e1s de 800 metros de distancia a lo largo de treinta a\u00f1os.<\/p>\n<p style=\"text-align: justify;\">El estreno ha sido significativo y al filo de las nueve de la ma\u00f1ana <strong>ya se notaba gran ambiente a las puertas del nuevo cole<\/strong>. All\u00ed han sido recibidos los alumnos de Infantil y Primaria,con grandes aplausos por parte de los profesores, e incluso con l\u00e1grimas de emoci\u00f3n de unos docentes que <strong>siempre han estado implicados en conseguir un centro educativo unificado<\/strong>. La directora, <strong>Inma Calatayud<\/strong>, se\u00f1alaba que hoy se hac\u00eda realidad un sue\u00f1o y recordaba tambi\u00e9n que se ha trabajado contrarreloj en los \u00faltimos d\u00edas para que el nuevo Bosco abriera hoy sus puertas:<\/p>\n<audio class=\"wp-audio-shortcode\" id=\"audio-121521-1\" preload=\"none\" style=\"width: 100%;\" controls=\"controls\"><source type=\"audio\/mpeg\" src=\"https:\/\/www.copealcoy.es\/wp-content\/uploads\/2023\/09\/Tall-Inma-Calatayud-Bosco-1.mp3?_=1\" \/><a href=\"https:\/\/www.copealcoy.es\/wp-content\/uploads\/2023\/09\/Tall-Inma-Calatayud-Bosco-1.mp3\">https:\/\/www.copealcoy.es\/wp-content\/uploads\/2023\/09\/Tall-Inma-Calatayud-Bosco-1.mp3<\/a><\/audio>\n<p>&nbsp;<\/p>\n<p style=\"text-align: justify;\">Parte de <strong>la Corporaci\u00f3n Municipal<\/strong> tambi\u00e9n ha estado presente en el momento de dar la bienvenida a los estudiantes del Bosco y tanto alcalde, como concejales, coincid\u00edan en que <strong>se estaba viviendo un momento hist\u00f3rico.<\/strong> <strong>Jordi Pla<\/strong>, primer edil de la capital del Comtat, pon\u00eda el acento en el trabajo que han hecho los arquitectos, los t\u00e9cnicos e incluso la Comunidad Educativa para perfilar un proyecto que ha dado como resultado una escuela actual adaptada plenamente a las nuevas necesidades del \u00e1mbito de la educaci\u00f3n:<\/p>\n<audio class=\"wp-audio-shortcode\" id=\"audio-121521-2\" preload=\"none\" style=\"width: 100%;\" controls=\"controls\"><source type=\"audio\/mpeg\" src=\"https:\/\/www.copealcoy.es\/wp-content\/uploads\/2023\/09\/Tall-Jordi-Pla-Bosco.mp3?_=2\" \/><a href=\"https:\/\/www.copealcoy.es\/wp-content\/uploads\/2023\/09\/Tall-Jordi-Pla-Bosco.mp3\">https:\/\/www.copealcoy.es\/wp-content\/uploads\/2023\/09\/Tall-Jordi-Pla-Bosco.mp3<\/a><\/audio>\n<p>&nbsp;<\/p>\n<p style=\"text-align: justify;\">Tambi\u00e9n <strong>Rub\u00e9n Mu\u00f1oz<\/strong>, primer Teniente de Alcalde y portavoz del PSOE, hac\u00eda memoria recordando que la tan ansiada unificaci\u00f3n se hab\u00eda hecho posible a trav\u00e9s del &#8216;Plan Edificant&#8217; impulsado por el gobierno auton\u00f3mico liderado por Ximo Puig. Por otro lado agradec\u00eda la labor desempe\u00f1ada por el Ejecutivo Municipal, encabezado por Mireia Estepa, a la hora de hacer la tramitaci\u00f3n que permiti\u00f3 agilizar &#8216;Edificant&#8217; al igual que elogiaba el trabajo de tantos alcaldes y concejales de Educaci\u00f3n que durante treinta a\u00f1os han centrado sus esfuerzos en hacer posible un Bosco Unificado:<\/p>\n<audio class=\"wp-audio-shortcode\" id=\"audio-121521-3\" preload=\"none\" style=\"width: 100%;\" controls=\"controls\"><source type=\"audio\/mpeg\" src=\"https:\/\/www.copealcoy.es\/wp-content\/uploads\/2023\/09\/Tall-Ruben-Munoz-Bosco.mp3?_=3\" \/><a href=\"https:\/\/www.copealcoy.es\/wp-content\/uploads\/2023\/09\/Tall-Ruben-Munoz-Bosco.mp3\">https:\/\/www.copealcoy.es\/wp-content\/uploads\/2023\/09\/Tall-Ruben-Munoz-Bosco.mp3<\/a><\/audio>\n<p>&nbsp;<\/p>\n<p style=\"text-align: justify;\">La concejala de Educaci\u00f3n, <strong>Berta \u00cd\u00f1iguez<\/strong>, aprovechaba para apuntar que la vuelta al cole hab\u00eda transcurrido con normalidad en Cocentaina y tambi\u00e9n se mostraba contenta por la apertura del Bosco. Adem\u00e1s avanzaba que el pr\u00f3ximo 29 de septiembre, si no hay cambios de \u00faltima hora, se har\u00e1 la inauguraci\u00f3n oficial:<\/p>\n<audio class=\"wp-audio-shortcode\" id=\"audio-121521-4\" preload=\"none\" style=\"width: 100%;\" controls=\"controls\"><source type=\"audio\/mpeg\" src=\"https:\/\/www.copealcoy.es\/wp-content\/uploads\/2023\/09\/Tall-Berta-Iniguez-Bosco.mp3?_=4\" \/><a href=\"https:\/\/www.copealcoy.es\/wp-content\/uploads\/2023\/09\/Tall-Berta-Iniguez-Bosco.mp3\">https:\/\/www.copealcoy.es\/wp-content\/uploads\/2023\/09\/Tall-Berta-Iniguez-Bosco.mp3<\/a><\/audio>\n<p>&nbsp;<\/p>\n<p style=\"text-align: justify;\">El nuevo Bosco de Cocentaina<strong> cuenta<\/strong> con seis aulas para infantil, doce para primaria, comedor, biblioteca, salas polivalentes, aulas de m\u00fasica e inform\u00e1tica o pistas deportivas. \u00a0A todo ello se le ha incorporado el gimnasio, que fue construido a principios de la d\u00e9cada del dos mil, y el proyecto total supone <strong>una inversi\u00f3n de m\u00e1s de seis millones de euros<\/strong>.<\/p>\n<div id='gallery-1' class='gallery galleryid-121521 gallery-columns-2 gallery-size-full'><figure class='gallery-item'>\n\t\t\t<div class='gallery-icon landscape'>\n\t\t\t\t<a href='https:\/\/www.copealcoy.es\/es\/la-unificacion-del-bosco-es-ya-una-realidad-mas-de-treinta-anos-despues\/img-4883\/'><img loading=\"lazy\" decoding=\"async\" width=\"1440\" height=\"1080\" src=\"https:\/\/www.copealcoy.es\/wp-content\/uploads\/2023\/09\/IMG-4883-scaled.jpg\" class=\"attachment-full size-full\" alt=\"\" srcset=\"https:\/\/www.copealcoy.es\/wp-content\/uploads\/2023\/09\/IMG-4883-scaled.jpg 1440w, https:\/\/www.copealcoy.es\/wp-content\/uploads\/2023\/09\/IMG-4883-768x576.jpg 768w, https:\/\/www.copealcoy.es\/wp-content\/uploads\/2023\/09\/IMG-4883-1536x1152.jpg 1536w, https:\/\/www.copealcoy.es\/wp-content\/uploads\/2023\/09\/IMG-4883-2048x1536.jpg 2048w\" sizes=\"auto, (max-width: 1440px) 100vw, 1440px\" \/><\/a>\n\t\t\t<\/div><\/figure><figure class='gallery-item'>\n\t\t\t<div class='gallery-icon landscape'>\n\t\t\t\t<a href='https:\/\/www.copealcoy.es\/es\/la-unificacion-del-bosco-es-ya-una-realidad-mas-de-treinta-anos-despues\/img-4867\/'><img loading=\"lazy\" decoding=\"async\" width=\"1440\" height=\"1080\" src=\"https:\/\/www.copealcoy.es\/wp-content\/uploads\/2023\/09\/IMG-4867-scaled.jpg\" class=\"attachment-full size-full\" alt=\"\" srcset=\"https:\/\/www.copealcoy.es\/wp-content\/uploads\/2023\/09\/IMG-4867-scaled.jpg 1440w, https:\/\/www.copealcoy.es\/wp-content\/uploads\/2023\/09\/IMG-4867-768x576.jpg 768w, https:\/\/www.copealcoy.es\/wp-content\/uploads\/2023\/09\/IMG-4867-1536x1152.jpg 1536w, https:\/\/www.copealcoy.es\/wp-content\/uploads\/2023\/09\/IMG-4867-2048x1536.jpg 2048w\" sizes=\"auto, (max-width: 1440px) 100vw, 1440px\" \/><\/a>\n\t\t\t<\/div><\/figure><figure class='gallery-item'>\n\t\t\t<div class='gallery-icon landscape'>\n\t\t\t\t<a href='https:\/\/www.copealcoy.es\/es\/la-unificacion-del-bosco-es-ya-una-realidad-mas-de-treinta-anos-despues\/img-4873\/'><img loading=\"lazy\" decoding=\"async\" width=\"1440\" height=\"1080\" src=\"https:\/\/www.copealcoy.es\/wp-content\/uploads\/2023\/09\/IMG-4873-scaled.jpg\" class=\"attachment-full size-full\" alt=\"\" srcset=\"https:\/\/www.copealcoy.es\/wp-content\/uploads\/2023\/09\/IMG-4873-scaled.jpg 1440w, https:\/\/www.copealcoy.es\/wp-content\/uploads\/2023\/09\/IMG-4873-768x576.jpg 768w, https:\/\/www.copealcoy.es\/wp-content\/uploads\/2023\/09\/IMG-4873-1536x1152.jpg 1536w, https:\/\/www.copealcoy.es\/wp-content\/uploads\/2023\/09\/IMG-4873-2048x1536.jpg 2048w\" sizes=\"auto, (max-width: 1440px) 100vw, 1440px\" \/><\/a>\n\t\t\t<\/div><\/figure><figure class='gallery-item'>\n\t\t\t<div class='gallery-icon landscape'>\n\t\t\t\t<a href='https:\/\/www.copealcoy.es\/es\/la-unificacion-del-bosco-es-ya-una-realidad-mas-de-treinta-anos-despues\/img-4875\/'><img loading=\"lazy\" decoding=\"async\" width=\"1440\" height=\"1080\" src=\"https:\/\/www.copealcoy.es\/wp-content\/uploads\/2023\/09\/IMG-4875-scaled.jpg\" class=\"attachment-full size-full\" alt=\"\" srcset=\"https:\/\/www.copealcoy.es\/wp-content\/uploads\/2023\/09\/IMG-4875-scaled.jpg 1440w, https:\/\/www.copealcoy.es\/wp-content\/uploads\/2023\/09\/IMG-4875-768x576.jpg 768w, https:\/\/www.copealcoy.es\/wp-content\/uploads\/2023\/09\/IMG-4875-1536x1152.jpg 1536w, https:\/\/www.copealcoy.es\/wp-content\/uploads\/2023\/09\/IMG-4875-2048x1536.jpg 2048w\" sizes=\"auto, (max-width: 1440px) 100vw, 1440px\" \/><\/a>\n\t\t\t<\/div><\/figure>\n\t\t<\/div>\n\n","protected":false},"excerpt":{"rendered":"<p>La vuelta al cole de este 2023 ser\u00e1 especialmente recordada en Cocentaina puesto que los alumnos y las alumnas del&#8230;<\/p>\n","protected":false},"author":1,"featured_media":121529,"comment_status":"open","ping_status":"open","sticky":false,"template":"","format":"standard","meta":{"footnotes":""},"categories":[98,75],"tags":[132,424,1785,796,4570],"class_list":["post-121521","post","type-post","status-publish","format-standard","has-post-thumbnail","hentry","category-comarcas","category-noticias","tag-cocentaina","tag-colegio","tag-san-juan-bosco","tag-unificacion","tag-vuelta-al-cole"],"yoast_head":"<!-- This site is optimized with the Yoast SEO plugin v27.3 - https:\/\/yoast.com\/product\/yoast-seo-wordpress\/ -->\n<title>La unificaci\u00f3n del Bosco es ya una realidad m\u00e1s de treinta a\u00f1os despu\u00e9s - COPE Alcoy<\/title>\n<meta name=\"description\" content=\"La vuelta al cole ser\u00e1 recordada en Cocentaina puesto que los alumnos el Bosco han estrenado nuevo colegio en un solo edificio\" \/>\n<meta name=\"robots\" content=\"index, follow, max-snippet:-1, max-image-preview:large, max-video-preview:-1\" \/>\n<link rel=\"canonical\" href=\"https:\/\/www.copealcoy.es\/es\/la-unificacion-del-bosco-es-ya-una-realidad-mas-de-treinta-anos-despues\/\" \/>\n<meta property=\"og:locale\" content=\"es_ES\" \/>\n<meta property=\"og:type\" content=\"article\" \/>\n<meta property=\"og:title\" content=\"La unificaci\u00f3n del Bosco es ya una realidad m\u00e1s de treinta a\u00f1os despu\u00e9s - COPE Alcoy\" \/>\n<meta property=\"og:description\" content=\"La vuelta al cole ser\u00e1 recordada en Cocentaina puesto que los alumnos el Bosco han estrenado nuevo colegio en un solo edificio\" \/>\n<meta property=\"og:url\" content=\"https:\/\/www.copealcoy.es\/es\/la-unificacion-del-bosco-es-ya-una-realidad-mas-de-treinta-anos-despues\/\" \/>\n<meta property=\"og:site_name\" content=\"COPE Alcoy\" \/>\n<meta property=\"article:published_time\" content=\"2023-09-11T09:00:07+00:00\" \/>\n<meta property=\"article:modified_time\" content=\"2023-09-11T15:04:15+00:00\" \/>\n<meta property=\"og:image\" content=\"https:\/\/www.copealcoy.es\/wp-content\/uploads\/2023\/09\/unnamed-1-4-e1694427257175.jpg\" \/>\n\t<meta property=\"og:image:width\" content=\"640\" \/>\n\t<meta property=\"og:image:height\" content=\"519\" \/>\n\t<meta property=\"og:image:type\" content=\"image\/jpeg\" \/>\n<meta name=\"author\" content=\"Cope Alcoy\" \/>\n<meta name=\"twitter:label1\" content=\"Escrito por\" \/>\n\t<meta name=\"twitter:data1\" content=\"Cope Alcoy\" \/>\n\t<meta name=\"twitter:label2\" content=\"Tiempo de lectura\" \/>\n\t<meta name=\"twitter:data2\" content=\"3 minutos\" \/>\n<script type=\"application\/ld+json\" class=\"yoast-schema-graph\">{\"@context\":\"https:\\\/\\\/schema.org\",\"@graph\":[{\"@type\":\"Article\",\"@id\":\"https:\\\/\\\/www.copealcoy.es\\\/es\\\/la-unificacion-del-bosco-es-ya-una-realidad-mas-de-treinta-anos-despues\\\/#article\",\"isPartOf\":{\"@id\":\"https:\\\/\\\/www.copealcoy.es\\\/es\\\/la-unificacion-del-bosco-es-ya-una-realidad-mas-de-treinta-anos-despues\\\/\"},\"author\":{\"name\":\"Cope Alcoy\",\"@id\":\"https:\\\/\\\/www.copealcoy.es\\\/es\\\/#\\\/schema\\\/person\\\/e777c87fa024e57d40170af9df39882c\"},\"headline\":\"La unificaci\u00f3n del Bosco es ya una realidad m\u00e1s de treinta a\u00f1os despu\u00e9s\",\"datePublished\":\"2023-09-11T09:00:07+00:00\",\"dateModified\":\"2023-09-11T15:04:15+00:00\",\"mainEntityOfPage\":{\"@id\":\"https:\\\/\\\/www.copealcoy.es\\\/es\\\/la-unificacion-del-bosco-es-ya-una-realidad-mas-de-treinta-anos-despues\\\/\"},\"wordCount\":583,\"commentCount\":0,\"image\":{\"@id\":\"https:\\\/\\\/www.copealcoy.es\\\/es\\\/la-unificacion-del-bosco-es-ya-una-realidad-mas-de-treinta-anos-despues\\\/#primaryimage\"},\"thumbnailUrl\":\"https:\\\/\\\/www.copealcoy.es\\\/wp-content\\\/uploads\\\/2023\\\/09\\\/unnamed-1-4-e1694427257175.jpg\",\"keywords\":[\"Cocentaina\",\"Colegio\",\"San Juan Bosco\",\"Unificaci\u00f3n\",\"Vuelta al Cole\"],\"articleSection\":[\"Comarcas\",\"Noticias\"],\"inLanguage\":\"es\"},{\"@type\":\"WebPage\",\"@id\":\"https:\\\/\\\/www.copealcoy.es\\\/es\\\/la-unificacion-del-bosco-es-ya-una-realidad-mas-de-treinta-anos-despues\\\/\",\"url\":\"https:\\\/\\\/www.copealcoy.es\\\/es\\\/la-unificacion-del-bosco-es-ya-una-realidad-mas-de-treinta-anos-despues\\\/\",\"name\":\"La unificaci\u00f3n del Bosco es ya una realidad m\u00e1s de treinta a\u00f1os despu\u00e9s - COPE Alcoy\",\"isPartOf\":{\"@id\":\"https:\\\/\\\/www.copealcoy.es\\\/es\\\/#website\"},\"primaryImageOfPage\":{\"@id\":\"https:\\\/\\\/www.copealcoy.es\\\/es\\\/la-unificacion-del-bosco-es-ya-una-realidad-mas-de-treinta-anos-despues\\\/#primaryimage\"},\"image\":{\"@id\":\"https:\\\/\\\/www.copealcoy.es\\\/es\\\/la-unificacion-del-bosco-es-ya-una-realidad-mas-de-treinta-anos-despues\\\/#primaryimage\"},\"thumbnailUrl\":\"https:\\\/\\\/www.copealcoy.es\\\/wp-content\\\/uploads\\\/2023\\\/09\\\/unnamed-1-4-e1694427257175.jpg\",\"datePublished\":\"2023-09-11T09:00:07+00:00\",\"dateModified\":\"2023-09-11T15:04:15+00:00\",\"author\":{\"@id\":\"https:\\\/\\\/www.copealcoy.es\\\/es\\\/#\\\/schema\\\/person\\\/e777c87fa024e57d40170af9df39882c\"},\"description\":\"La vuelta al cole ser\u00e1 recordada en Cocentaina puesto que los alumnos el Bosco han estrenado nuevo colegio en un solo edificio\",\"breadcrumb\":{\"@id\":\"https:\\\/\\\/www.copealcoy.es\\\/es\\\/la-unificacion-del-bosco-es-ya-una-realidad-mas-de-treinta-anos-despues\\\/#breadcrumb\"},\"inLanguage\":\"es\",\"potentialAction\":[{\"@type\":\"ReadAction\",\"target\":[\"https:\\\/\\\/www.copealcoy.es\\\/es\\\/la-unificacion-del-bosco-es-ya-una-realidad-mas-de-treinta-anos-despues\\\/\"]}]},{\"@type\":\"ImageObject\",\"inLanguage\":\"es\",\"@id\":\"https:\\\/\\\/www.copealcoy.es\\\/es\\\/la-unificacion-del-bosco-es-ya-una-realidad-mas-de-treinta-anos-despues\\\/#primaryimage\",\"url\":\"https:\\\/\\\/www.copealcoy.es\\\/wp-content\\\/uploads\\\/2023\\\/09\\\/unnamed-1-4-e1694427257175.jpg\",\"contentUrl\":\"https:\\\/\\\/www.copealcoy.es\\\/wp-content\\\/uploads\\\/2023\\\/09\\\/unnamed-1-4-e1694427257175.jpg\",\"width\":640,\"height\":519},{\"@type\":\"BreadcrumbList\",\"@id\":\"https:\\\/\\\/www.copealcoy.es\\\/es\\\/la-unificacion-del-bosco-es-ya-una-realidad-mas-de-treinta-anos-despues\\\/#breadcrumb\",\"itemListElement\":[{\"@type\":\"ListItem\",\"position\":1,\"name\":\"Portada\",\"item\":\"https:\\\/\\\/www.copealcoy.es\\\/es\\\/\"},{\"@type\":\"ListItem\",\"position\":2,\"name\":\"La unificaci\u00f3n del Bosco es ya una realidad m\u00e1s de treinta a\u00f1os despu\u00e9s\"}]},{\"@type\":\"WebSite\",\"@id\":\"https:\\\/\\\/www.copealcoy.es\\\/es\\\/#website\",\"url\":\"https:\\\/\\\/www.copealcoy.es\\\/es\\\/\",\"name\":\"COPE Alcoy\",\"description\":\"Emisora COPE de radio local con emisi\u00f3n online. Pont de Sant Jordi 8-10 03803 Alcoy\",\"potentialAction\":[{\"@type\":\"SearchAction\",\"target\":{\"@type\":\"EntryPoint\",\"urlTemplate\":\"https:\\\/\\\/www.copealcoy.es\\\/es\\\/?s={search_term_string}\"},\"query-input\":{\"@type\":\"PropertyValueSpecification\",\"valueRequired\":true,\"valueName\":\"search_term_string\"}}],\"inLanguage\":\"es\"},{\"@type\":\"Person\",\"@id\":\"https:\\\/\\\/www.copealcoy.es\\\/es\\\/#\\\/schema\\\/person\\\/e777c87fa024e57d40170af9df39882c\",\"name\":\"Cope Alcoy\",\"image\":{\"@type\":\"ImageObject\",\"inLanguage\":\"es\",\"@id\":\"https:\\\/\\\/secure.gravatar.com\\\/avatar\\\/bb65d0283347e303893ba14f0692005417c1e0e690a325a4c5d8bb2b3943ee14?s=96&d=mm&r=g\",\"url\":\"https:\\\/\\\/secure.gravatar.com\\\/avatar\\\/bb65d0283347e303893ba14f0692005417c1e0e690a325a4c5d8bb2b3943ee14?s=96&d=mm&r=g\",\"contentUrl\":\"https:\\\/\\\/secure.gravatar.com\\\/avatar\\\/bb65d0283347e303893ba14f0692005417c1e0e690a325a4c5d8bb2b3943ee14?s=96&d=mm&r=g\",\"caption\":\"Cope Alcoy\"}}]}<\/script>\n<!-- \/ Yoast SEO plugin. -->","yoast_head_json":{"title":"La unificaci\u00f3n del Bosco es ya una realidad m\u00e1s de treinta a\u00f1os despu\u00e9s - COPE Alcoy","description":"La vuelta al cole ser\u00e1 recordada en Cocentaina puesto que los alumnos el Bosco han estrenado nuevo colegio en un solo edificio","robots":{"index":"index","follow":"follow","max-snippet":"max-snippet:-1","max-image-preview":"max-image-preview:large","max-video-preview":"max-video-preview:-1"},"canonical":"https:\/\/www.copealcoy.es\/es\/la-unificacion-del-bosco-es-ya-una-realidad-mas-de-treinta-anos-despues\/","og_locale":"es_ES","og_type":"article","og_title":"La unificaci\u00f3n del Bosco es ya una realidad m\u00e1s de treinta a\u00f1os despu\u00e9s - COPE Alcoy","og_description":"La vuelta al cole ser\u00e1 recordada en Cocentaina puesto que los alumnos el Bosco han estrenado nuevo colegio en un solo edificio","og_url":"https:\/\/www.copealcoy.es\/es\/la-unificacion-del-bosco-es-ya-una-realidad-mas-de-treinta-anos-despues\/","og_site_name":"COPE Alcoy","article_published_time":"2023-09-11T09:00:07+00:00","article_modified_time":"2023-09-11T15:04:15+00:00","og_image":[{"width":640,"height":519,"url":"https:\/\/www.copealcoy.es\/wp-content\/uploads\/2023\/09\/unnamed-1-4-e1694427257175.jpg","type":"image\/jpeg"}],"author":"Cope Alcoy","twitter_misc":{"Escrito por":"Cope Alcoy","Tiempo de lectura":"3 minutos"},"schema":{"@context":"https:\/\/schema.org","@graph":[{"@type":"Article","@id":"https:\/\/www.copealcoy.es\/es\/la-unificacion-del-bosco-es-ya-una-realidad-mas-de-treinta-anos-despues\/#article","isPartOf":{"@id":"https:\/\/www.copealcoy.es\/es\/la-unificacion-del-bosco-es-ya-una-realidad-mas-de-treinta-anos-despues\/"},"author":{"name":"Cope Alcoy","@id":"https:\/\/www.copealcoy.es\/es\/#\/schema\/person\/e777c87fa024e57d40170af9df39882c"},"headline":"La unificaci\u00f3n del Bosco es ya una realidad m\u00e1s de treinta a\u00f1os despu\u00e9s","datePublished":"2023-09-11T09:00:07+00:00","dateModified":"2023-09-11T15:04:15+00:00","mainEntityOfPage":{"@id":"https:\/\/www.copealcoy.es\/es\/la-unificacion-del-bosco-es-ya-una-realidad-mas-de-treinta-anos-despues\/"},"wordCount":583,"commentCount":0,"image":{"@id":"https:\/\/www.copealcoy.es\/es\/la-unificacion-del-bosco-es-ya-una-realidad-mas-de-treinta-anos-despues\/#primaryimage"},"thumbnailUrl":"https:\/\/www.copealcoy.es\/wp-content\/uploads\/2023\/09\/unnamed-1-4-e1694427257175.jpg","keywords":["Cocentaina","Colegio","San Juan Bosco","Unificaci\u00f3n","Vuelta al Cole"],"articleSection":["Comarcas","Noticias"],"inLanguage":"es"},{"@type":"WebPage","@id":"https:\/\/www.copealcoy.es\/es\/la-unificacion-del-bosco-es-ya-una-realidad-mas-de-treinta-anos-despues\/","url":"https:\/\/www.copealcoy.es\/es\/la-unificacion-del-bosco-es-ya-una-realidad-mas-de-treinta-anos-despues\/","name":"La unificaci\u00f3n del Bosco es ya una realidad m\u00e1s de treinta a\u00f1os despu\u00e9s - COPE Alcoy","isPartOf":{"@id":"https:\/\/www.copealcoy.es\/es\/#website"},"primaryImageOfPage":{"@id":"https:\/\/www.copealcoy.es\/es\/la-unificacion-del-bosco-es-ya-una-realidad-mas-de-treinta-anos-despues\/#primaryimage"},"image":{"@id":"https:\/\/www.copealcoy.es\/es\/la-unificacion-del-bosco-es-ya-una-realidad-mas-de-treinta-anos-despues\/#primaryimage"},"thumbnailUrl":"https:\/\/www.copealcoy.es\/wp-content\/uploads\/2023\/09\/unnamed-1-4-e1694427257175.jpg","datePublished":"2023-09-11T09:00:07+00:00","dateModified":"2023-09-11T15:04:15+00:00","author":{"@id":"https:\/\/www.copealcoy.es\/es\/#\/schema\/person\/e777c87fa024e57d40170af9df39882c"},"description":"La vuelta al cole ser\u00e1 recordada en Cocentaina puesto que los alumnos el Bosco han estrenado nuevo colegio en un solo edificio","breadcrumb":{"@id":"https:\/\/www.copealcoy.es\/es\/la-unificacion-del-bosco-es-ya-una-realidad-mas-de-treinta-anos-despues\/#breadcrumb"},"inLanguage":"es","potentialAction":[{"@type":"ReadAction","target":["https:\/\/www.copealcoy.es\/es\/la-unificacion-del-bosco-es-ya-una-realidad-mas-de-treinta-anos-despues\/"]}]},{"@type":"ImageObject","inLanguage":"es","@id":"https:\/\/www.copealcoy.es\/es\/la-unificacion-del-bosco-es-ya-una-realidad-mas-de-treinta-anos-despues\/#primaryimage","url":"https:\/\/www.copealcoy.es\/wp-content\/uploads\/2023\/09\/unnamed-1-4-e1694427257175.jpg","contentUrl":"https:\/\/www.copealcoy.es\/wp-content\/uploads\/2023\/09\/unnamed-1-4-e1694427257175.jpg","width":640,"height":519},{"@type":"BreadcrumbList","@id":"https:\/\/www.copealcoy.es\/es\/la-unificacion-del-bosco-es-ya-una-realidad-mas-de-treinta-anos-despues\/#breadcrumb","itemListElement":[{"@type":"ListItem","position":1,"name":"Portada","item":"https:\/\/www.copealcoy.es\/es\/"},{"@type":"ListItem","position":2,"name":"La unificaci\u00f3n del Bosco es ya una realidad m\u00e1s de treinta a\u00f1os despu\u00e9s"}]},{"@type":"WebSite","@id":"https:\/\/www.copealcoy.es\/es\/#website","url":"https:\/\/www.copealcoy.es\/es\/","name":"COPE Alcoy","description":"Emisora COPE de radio local con emisi\u00f3n online. Pont de Sant Jordi 8-10 03803 Alcoy","potentialAction":[{"@type":"SearchAction","target":{"@type":"EntryPoint","urlTemplate":"https:\/\/www.copealcoy.es\/es\/?s={search_term_string}"},"query-input":{"@type":"PropertyValueSpecification","valueRequired":true,"valueName":"search_term_string"}}],"inLanguage":"es"},{"@type":"Person","@id":"https:\/\/www.copealcoy.es\/es\/#\/schema\/person\/e777c87fa024e57d40170af9df39882c","name":"Cope Alcoy","image":{"@type":"ImageObject","inLanguage":"es","@id":"https:\/\/secure.gravatar.com\/avatar\/bb65d0283347e303893ba14f0692005417c1e0e690a325a4c5d8bb2b3943ee14?s=96&d=mm&r=g","url":"https:\/\/secure.gravatar.com\/avatar\/bb65d0283347e303893ba14f0692005417c1e0e690a325a4c5d8bb2b3943ee14?s=96&d=mm&r=g","contentUrl":"https:\/\/secure.gravatar.com\/avatar\/bb65d0283347e303893ba14f0692005417c1e0e690a325a4c5d8bb2b3943ee14?s=96&d=mm&r=g","caption":"Cope Alcoy"}}]}},"_links":{"self":[{"href":"https:\/\/www.copealcoy.es\/es\/wp-json\/wp\/v2\/posts\/121521","targetHints":{"allow":["GET"]}}],"collection":[{"href":"https:\/\/www.copealcoy.es\/es\/wp-json\/wp\/v2\/posts"}],"about":[{"href":"https:\/\/www.copealcoy.es\/es\/wp-json\/wp\/v2\/types\/post"}],"author":[{"embeddable":true,"href":"https:\/\/www.copealcoy.es\/es\/wp-json\/wp\/v2\/users\/1"}],"replies":[{"embeddable":true,"href":"https:\/\/www.copealcoy.es\/es\/wp-json\/wp\/v2\/comments?post=121521"}],"version-history":[{"count":0,"href":"https:\/\/www.copealcoy.es\/es\/wp-json\/wp\/v2\/posts\/121521\/revisions"}],"wp:featuredmedia":[{"embeddable":true,"href":"https:\/\/www.copealcoy.es\/es\/wp-json\/wp\/v2\/media\/121529"}],"wp:attachment":[{"href":"https:\/\/www.copealcoy.es\/es\/wp-json\/wp\/v2\/media?parent=121521"}],"wp:term":[{"taxonomy":"category","embeddable":true,"href":"https:\/\/www.copealcoy.es\/es\/wp-json\/wp\/v2\/categories?post=121521"},{"taxonomy":"post_tag","embeddable":true,"href":"https:\/\/www.copealcoy.es\/es\/wp-json\/wp\/v2\/tags?post=121521"}],"curies":[{"name":"wp","href":"https:\/\/api.w.org\/{rel}","templated":true}]}}