{"id":121421,"date":"2023-09-08T05:00:27","date_gmt":"2023-09-08T04:00:27","guid":{"rendered":"https:\/\/www.copealcoy.es\/?p=121421"},"modified":"2023-09-08T07:45:30","modified_gmt":"2023-09-08T06:45:30","slug":"informativo-matinal-viernes-8-de-septiembre-2023-0720h","status":"publish","type":"post","link":"https:\/\/www.copealcoy.es\/es\/informativo-matinal-viernes-8-de-septiembre-2023-0720h\/","title":{"rendered":"Informativo matinal viernes 8 de septiembre 2023 (07:20h)"},"content":{"rendered":"<p><iframe loading=\"lazy\" title=\"Informatiu Matinal Divendres 8 De Setembre 2023 (07:20h)\" width=\"100%\" height=\"120\" src=\"https:\/\/www.mixcloud.com\/widget\/iframe\/?feed=https%3A%2F%2Fwww.mixcloud.com%2FCOPEAlcoy%2Finformatiu-matinal-divendres-8-de-setembre-2023-0720h%2F&amp;hide_cover=1\" frameborder=\"0\"><\/iframe><\/p>\n<p style=\"text-align: justify;\">La <strong>fecha de inicio del juicio por las 74 muertes en la residencia DomusVi Alcoy<\/strong> durante la primera ola de la pandemia y la <strong>decoraci\u00f3n de las calles de cara a la romer\u00eda de la Virgen de los Lirios<\/strong> son algunas de las noticias destacadas de este 8 de septiembre de 2023.<\/p>\n<p style=\"text-align: justify;\">M\u00e1s de tres a\u00f1os despu\u00e9s de los hechos,\u00a0<strong>arranca la vista previa del juicio por los 74 fallecidos en la residencia geri\u00e1trica DomusVi Alcoy<\/strong>\u00a0durante la primera ola de la pandemia.<\/p>\n<p class=\"p1\" style=\"text-align: justify;\"><span class=\"s1\">\u201c<strong>Ahora sabemos que se nos ocult\u00f3 informaci\u00f3n de manera premeditada por parte de la empresa gestora y de la Conselleria<\/strong>. Ahora somos conscientes de que\u00a0<strong>actuaron de mala fe<\/strong>\u00a0porque hemos tenido acceso a ciertos documentos\u201d<\/span>, ha asegurado\u00a0<strong>Josele Garc\u00eda<\/strong>, representante de los familiares de los fallecidos, antes de de la vista previa.<\/p>\n<p style=\"text-align: justify;\">En la vista previa, que tiene lugar en el Juzgado n\u00famero 3 de Alcoy,\u00a0<strong>han estado presentes representantes de 18 de las 74 personas fallecidas, junto a los abogados que llevan el caso<\/strong>. Reuni\u00f3n con el juez a la que tambi\u00e9n ha acudido <strong>la parte demandada<\/strong> y en la que se ha establecido el calendario del juicio y se han presentado las pruebas y testimonios que se utilizar\u00e1n. \u00abPensamos que hay suficientes documentos para saber qu\u00e9 es lo que ocurri\u00f3 all\u00ed dentro durante los meses de marzo y abril de 2020\u00bb, ha explicado Garc\u00eda.<\/p>\n<p style=\"text-align: justify;\">Los demandantes est\u00e1n representados por\u00a0<strong>los abogados Pepe Guillem, Pilar L\u00f3pez y Vicente Garc\u00eda<\/strong>. Afrontan el proceso y con optimismo. \u00abYa ha comenzado el procedimiento y esperamos lo mejor en defensa de nuestros clientes\u00bb, ha asegurado Guillem.<\/p>\n<p class=\"p1\" style=\"text-align: justify;\"><span style=\"color: #0000ff;\"><strong><span class=\"s1\">El dolor de los familiares<\/span><\/strong><\/span><\/p>\n<p class=\"p1\" style=\"text-align: justify;\"><span class=\"s2\">Los familiares\u00a0<strong>afrontan el proceso judicial con esperanza<\/strong>. Piden que\u00a0<strong>se haga justicia<\/strong>\u00a0m\u00e1s de tres a\u00f1os despu\u00e9s de que tuvieran lugar las muertes.<\/span><\/p>\n<p class=\"p1\" style=\"text-align: justify;\"><span class=\"s2\">Y es que algunos de ellos\u00a0<strong>ni siquiera pudieron hablar con sus madres y padres antes de morir<\/strong>, a pesar de disponer de tel\u00e9fono m\u00f3vil y encontrarse bien. As\u00ed lo explican algunos de los familiares.<\/span><\/p>\n","protected":false},"excerpt":{"rendered":"<p>La fecha de inicio del juicio por las 74 muertes en la residencia DomusVi Alcoy durante la primera ola de&#8230;<\/p>\n","protected":false},"author":1,"featured_media":110612,"comment_status":"open","ping_status":"open","sticky":false,"template":"","format":"standard","meta":{"footnotes":""},"categories":[6909,89,91],"tags":[],"class_list":["post-121421","post","type-post","status-publish","format-standard","has-post-thumbnail","hentry","category-actualidad","category-audiosdelosprogramas","category-informativos"],"yoast_head":"<!-- This site is optimized with the Yoast SEO plugin v27.3 - https:\/\/yoast.com\/product\/yoast-seo-wordpress\/ -->\n<title>Informativo matinal viernes 8 de septiembre 2023 (07:20h) - COPE Alcoy<\/title>\n<meta name=\"description\" content=\"La fecha de inicio del juicio por las 74 muertes en la residencia DomusVi Alcoy durante la primera ola de la pandemia y la decoraci\u00f3n de las calles de cara a la romer\u00eda de la Virgen de los Lirios son algunas de las noticias destacadas de este 8 de septiembre de 2023.\" \/>\n<meta name=\"robots\" content=\"index, follow, max-snippet:-1, max-image-preview:large, max-video-preview:-1\" \/>\n<link rel=\"canonical\" href=\"https:\/\/www.copealcoy.es\/es\/informativo-matinal-viernes-8-de-septiembre-2023-0720h\/\" \/>\n<meta property=\"og:locale\" content=\"es_ES\" \/>\n<meta property=\"og:type\" content=\"article\" \/>\n<meta property=\"og:title\" content=\"Informativo matinal viernes 8 de septiembre 2023 (07:20h) - COPE Alcoy\" \/>\n<meta property=\"og:description\" content=\"La fecha de inicio del juicio por las 74 muertes en la residencia DomusVi Alcoy durante la primera ola de la pandemia y la decoraci\u00f3n de las calles de cara a la romer\u00eda de la Virgen de los Lirios son algunas de las noticias destacadas de este 8 de septiembre de 2023.\" \/>\n<meta property=\"og:url\" content=\"https:\/\/www.copealcoy.es\/es\/informativo-matinal-viernes-8-de-septiembre-2023-0720h\/\" \/>\n<meta property=\"og:site_name\" content=\"COPE Alcoy\" \/>\n<meta property=\"article:published_time\" content=\"2023-09-08T04:00:27+00:00\" \/>\n<meta property=\"article:modified_time\" content=\"2023-09-08T06:45:30+00:00\" \/>\n<meta property=\"og:image\" content=\"https:\/\/www.copealcoy.es\/wp-content\/uploads\/2023\/02\/Herrera-en-COPE-Alcoy-4.png\" \/>\n\t<meta property=\"og:image:width\" content=\"357\" \/>\n\t<meta property=\"og:image:height\" content=\"290\" \/>\n\t<meta property=\"og:image:type\" content=\"image\/png\" \/>\n<meta name=\"author\" content=\"Cope Alcoy\" \/>\n<meta name=\"twitter:label1\" content=\"Escrito por\" \/>\n\t<meta name=\"twitter:data1\" content=\"Cope Alcoy\" \/>\n\t<meta name=\"twitter:label2\" content=\"Tiempo de lectura\" \/>\n\t<meta name=\"twitter:data2\" content=\"2 minutos\" \/>\n<script type=\"application\/ld+json\" class=\"yoast-schema-graph\">{\"@context\":\"https:\\\/\\\/schema.org\",\"@graph\":[{\"@type\":\"Article\",\"@id\":\"https:\\\/\\\/www.copealcoy.es\\\/es\\\/informativo-matinal-viernes-8-de-septiembre-2023-0720h\\\/#article\",\"isPartOf\":{\"@id\":\"https:\\\/\\\/www.copealcoy.es\\\/es\\\/informativo-matinal-viernes-8-de-septiembre-2023-0720h\\\/\"},\"author\":{\"name\":\"Cope Alcoy\",\"@id\":\"https:\\\/\\\/www.copealcoy.es\\\/es\\\/#\\\/schema\\\/person\\\/e777c87fa024e57d40170af9df39882c\"},\"headline\":\"Informativo matinal viernes 8 de septiembre 2023 (07:20h)\",\"datePublished\":\"2023-09-08T04:00:27+00:00\",\"dateModified\":\"2023-09-08T06:45:30+00:00\",\"mainEntityOfPage\":{\"@id\":\"https:\\\/\\\/www.copealcoy.es\\\/es\\\/informativo-matinal-viernes-8-de-septiembre-2023-0720h\\\/\"},\"wordCount\":359,\"commentCount\":0,\"image\":{\"@id\":\"https:\\\/\\\/www.copealcoy.es\\\/es\\\/informativo-matinal-viernes-8-de-septiembre-2023-0720h\\\/#primaryimage\"},\"thumbnailUrl\":\"https:\\\/\\\/www.copealcoy.es\\\/wp-content\\\/uploads\\\/2023\\\/02\\\/Herrera-en-COPE-Alcoy-4.png\",\"articleSection\":[\"Actualidad\",\"Audios de los programas\",\"Informativos\"],\"inLanguage\":\"es\"},{\"@type\":\"WebPage\",\"@id\":\"https:\\\/\\\/www.copealcoy.es\\\/es\\\/informativo-matinal-viernes-8-de-septiembre-2023-0720h\\\/\",\"url\":\"https:\\\/\\\/www.copealcoy.es\\\/es\\\/informativo-matinal-viernes-8-de-septiembre-2023-0720h\\\/\",\"name\":\"Informativo matinal viernes 8 de septiembre 2023 (07:20h) - COPE Alcoy\",\"isPartOf\":{\"@id\":\"https:\\\/\\\/www.copealcoy.es\\\/es\\\/#website\"},\"primaryImageOfPage\":{\"@id\":\"https:\\\/\\\/www.copealcoy.es\\\/es\\\/informativo-matinal-viernes-8-de-septiembre-2023-0720h\\\/#primaryimage\"},\"image\":{\"@id\":\"https:\\\/\\\/www.copealcoy.es\\\/es\\\/informativo-matinal-viernes-8-de-septiembre-2023-0720h\\\/#primaryimage\"},\"thumbnailUrl\":\"https:\\\/\\\/www.copealcoy.es\\\/wp-content\\\/uploads\\\/2023\\\/02\\\/Herrera-en-COPE-Alcoy-4.png\",\"datePublished\":\"2023-09-08T04:00:27+00:00\",\"dateModified\":\"2023-09-08T06:45:30+00:00\",\"author\":{\"@id\":\"https:\\\/\\\/www.copealcoy.es\\\/es\\\/#\\\/schema\\\/person\\\/e777c87fa024e57d40170af9df39882c\"},\"description\":\"La fecha de inicio del juicio por las 74 muertes en la residencia DomusVi Alcoy durante la primera ola de la pandemia y la decoraci\u00f3n de las calles de cara a la romer\u00eda de la Virgen de los Lirios son algunas de las noticias destacadas de este 8 de septiembre de 2023.\",\"breadcrumb\":{\"@id\":\"https:\\\/\\\/www.copealcoy.es\\\/es\\\/informativo-matinal-viernes-8-de-septiembre-2023-0720h\\\/#breadcrumb\"},\"inLanguage\":\"es\",\"potentialAction\":[{\"@type\":\"ReadAction\",\"target\":[\"https:\\\/\\\/www.copealcoy.es\\\/es\\\/informativo-matinal-viernes-8-de-septiembre-2023-0720h\\\/\"]}]},{\"@type\":\"ImageObject\",\"inLanguage\":\"es\",\"@id\":\"https:\\\/\\\/www.copealcoy.es\\\/es\\\/informativo-matinal-viernes-8-de-septiembre-2023-0720h\\\/#primaryimage\",\"url\":\"https:\\\/\\\/www.copealcoy.es\\\/wp-content\\\/uploads\\\/2023\\\/02\\\/Herrera-en-COPE-Alcoy-4.png\",\"contentUrl\":\"https:\\\/\\\/www.copealcoy.es\\\/wp-content\\\/uploads\\\/2023\\\/02\\\/Herrera-en-COPE-Alcoy-4.png\",\"width\":357,\"height\":290},{\"@type\":\"BreadcrumbList\",\"@id\":\"https:\\\/\\\/www.copealcoy.es\\\/es\\\/informativo-matinal-viernes-8-de-septiembre-2023-0720h\\\/#breadcrumb\",\"itemListElement\":[{\"@type\":\"ListItem\",\"position\":1,\"name\":\"Portada\",\"item\":\"https:\\\/\\\/www.copealcoy.es\\\/es\\\/\"},{\"@type\":\"ListItem\",\"position\":2,\"name\":\"Informativo matinal viernes 8 de septiembre 2023 (07:20h)\"}]},{\"@type\":\"WebSite\",\"@id\":\"https:\\\/\\\/www.copealcoy.es\\\/es\\\/#website\",\"url\":\"https:\\\/\\\/www.copealcoy.es\\\/es\\\/\",\"name\":\"COPE Alcoy\",\"description\":\"Emisora COPE de radio local con emisi\u00f3n online. Pont de Sant Jordi 8-10 03803 Alcoy\",\"potentialAction\":[{\"@type\":\"SearchAction\",\"target\":{\"@type\":\"EntryPoint\",\"urlTemplate\":\"https:\\\/\\\/www.copealcoy.es\\\/es\\\/?s={search_term_string}\"},\"query-input\":{\"@type\":\"PropertyValueSpecification\",\"valueRequired\":true,\"valueName\":\"search_term_string\"}}],\"inLanguage\":\"es\"},{\"@type\":\"Person\",\"@id\":\"https:\\\/\\\/www.copealcoy.es\\\/es\\\/#\\\/schema\\\/person\\\/e777c87fa024e57d40170af9df39882c\",\"name\":\"Cope Alcoy\",\"image\":{\"@type\":\"ImageObject\",\"inLanguage\":\"es\",\"@id\":\"https:\\\/\\\/secure.gravatar.com\\\/avatar\\\/bb65d0283347e303893ba14f0692005417c1e0e690a325a4c5d8bb2b3943ee14?s=96&d=mm&r=g\",\"url\":\"https:\\\/\\\/secure.gravatar.com\\\/avatar\\\/bb65d0283347e303893ba14f0692005417c1e0e690a325a4c5d8bb2b3943ee14?s=96&d=mm&r=g\",\"contentUrl\":\"https:\\\/\\\/secure.gravatar.com\\\/avatar\\\/bb65d0283347e303893ba14f0692005417c1e0e690a325a4c5d8bb2b3943ee14?s=96&d=mm&r=g\",\"caption\":\"Cope Alcoy\"}}]}<\/script>\n<!-- \/ Yoast SEO plugin. -->","yoast_head_json":{"title":"Informativo matinal viernes 8 de septiembre 2023 (07:20h) - COPE Alcoy","description":"La fecha de inicio del juicio por las 74 muertes en la residencia DomusVi Alcoy durante la primera ola de la pandemia y la decoraci\u00f3n de las calles de cara a la romer\u00eda de la Virgen de los Lirios son algunas de las noticias destacadas de este 8 de septiembre de 2023.","robots":{"index":"index","follow":"follow","max-snippet":"max-snippet:-1","max-image-preview":"max-image-preview:large","max-video-preview":"max-video-preview:-1"},"canonical":"https:\/\/www.copealcoy.es\/es\/informativo-matinal-viernes-8-de-septiembre-2023-0720h\/","og_locale":"es_ES","og_type":"article","og_title":"Informativo matinal viernes 8 de septiembre 2023 (07:20h) - COPE Alcoy","og_description":"La fecha de inicio del juicio por las 74 muertes en la residencia DomusVi Alcoy durante la primera ola de la pandemia y la decoraci\u00f3n de las calles de cara a la romer\u00eda de la Virgen de los Lirios son algunas de las noticias destacadas de este 8 de septiembre de 2023.","og_url":"https:\/\/www.copealcoy.es\/es\/informativo-matinal-viernes-8-de-septiembre-2023-0720h\/","og_site_name":"COPE Alcoy","article_published_time":"2023-09-08T04:00:27+00:00","article_modified_time":"2023-09-08T06:45:30+00:00","og_image":[{"width":357,"height":290,"url":"https:\/\/www.copealcoy.es\/wp-content\/uploads\/2023\/02\/Herrera-en-COPE-Alcoy-4.png","type":"image\/png"}],"author":"Cope Alcoy","twitter_misc":{"Escrito por":"Cope Alcoy","Tiempo de lectura":"2 minutos"},"schema":{"@context":"https:\/\/schema.org","@graph":[{"@type":"Article","@id":"https:\/\/www.copealcoy.es\/es\/informativo-matinal-viernes-8-de-septiembre-2023-0720h\/#article","isPartOf":{"@id":"https:\/\/www.copealcoy.es\/es\/informativo-matinal-viernes-8-de-septiembre-2023-0720h\/"},"author":{"name":"Cope Alcoy","@id":"https:\/\/www.copealcoy.es\/es\/#\/schema\/person\/e777c87fa024e57d40170af9df39882c"},"headline":"Informativo matinal viernes 8 de septiembre 2023 (07:20h)","datePublished":"2023-09-08T04:00:27+00:00","dateModified":"2023-09-08T06:45:30+00:00","mainEntityOfPage":{"@id":"https:\/\/www.copealcoy.es\/es\/informativo-matinal-viernes-8-de-septiembre-2023-0720h\/"},"wordCount":359,"commentCount":0,"image":{"@id":"https:\/\/www.copealcoy.es\/es\/informativo-matinal-viernes-8-de-septiembre-2023-0720h\/#primaryimage"},"thumbnailUrl":"https:\/\/www.copealcoy.es\/wp-content\/uploads\/2023\/02\/Herrera-en-COPE-Alcoy-4.png","articleSection":["Actualidad","Audios de los programas","Informativos"],"inLanguage":"es"},{"@type":"WebPage","@id":"https:\/\/www.copealcoy.es\/es\/informativo-matinal-viernes-8-de-septiembre-2023-0720h\/","url":"https:\/\/www.copealcoy.es\/es\/informativo-matinal-viernes-8-de-septiembre-2023-0720h\/","name":"Informativo matinal viernes 8 de septiembre 2023 (07:20h) - COPE Alcoy","isPartOf":{"@id":"https:\/\/www.copealcoy.es\/es\/#website"},"primaryImageOfPage":{"@id":"https:\/\/www.copealcoy.es\/es\/informativo-matinal-viernes-8-de-septiembre-2023-0720h\/#primaryimage"},"image":{"@id":"https:\/\/www.copealcoy.es\/es\/informativo-matinal-viernes-8-de-septiembre-2023-0720h\/#primaryimage"},"thumbnailUrl":"https:\/\/www.copealcoy.es\/wp-content\/uploads\/2023\/02\/Herrera-en-COPE-Alcoy-4.png","datePublished":"2023-09-08T04:00:27+00:00","dateModified":"2023-09-08T06:45:30+00:00","author":{"@id":"https:\/\/www.copealcoy.es\/es\/#\/schema\/person\/e777c87fa024e57d40170af9df39882c"},"description":"La fecha de inicio del juicio por las 74 muertes en la residencia DomusVi Alcoy durante la primera ola de la pandemia y la decoraci\u00f3n de las calles de cara a la romer\u00eda de la Virgen de los Lirios son algunas de las noticias destacadas de este 8 de septiembre de 2023.","breadcrumb":{"@id":"https:\/\/www.copealcoy.es\/es\/informativo-matinal-viernes-8-de-septiembre-2023-0720h\/#breadcrumb"},"inLanguage":"es","potentialAction":[{"@type":"ReadAction","target":["https:\/\/www.copealcoy.es\/es\/informativo-matinal-viernes-8-de-septiembre-2023-0720h\/"]}]},{"@type":"ImageObject","inLanguage":"es","@id":"https:\/\/www.copealcoy.es\/es\/informativo-matinal-viernes-8-de-septiembre-2023-0720h\/#primaryimage","url":"https:\/\/www.copealcoy.es\/wp-content\/uploads\/2023\/02\/Herrera-en-COPE-Alcoy-4.png","contentUrl":"https:\/\/www.copealcoy.es\/wp-content\/uploads\/2023\/02\/Herrera-en-COPE-Alcoy-4.png","width":357,"height":290},{"@type":"BreadcrumbList","@id":"https:\/\/www.copealcoy.es\/es\/informativo-matinal-viernes-8-de-septiembre-2023-0720h\/#breadcrumb","itemListElement":[{"@type":"ListItem","position":1,"name":"Portada","item":"https:\/\/www.copealcoy.es\/es\/"},{"@type":"ListItem","position":2,"name":"Informativo matinal viernes 8 de septiembre 2023 (07:20h)"}]},{"@type":"WebSite","@id":"https:\/\/www.copealcoy.es\/es\/#website","url":"https:\/\/www.copealcoy.es\/es\/","name":"COPE Alcoy","description":"Emisora COPE de radio local con emisi\u00f3n online. Pont de Sant Jordi 8-10 03803 Alcoy","potentialAction":[{"@type":"SearchAction","target":{"@type":"EntryPoint","urlTemplate":"https:\/\/www.copealcoy.es\/es\/?s={search_term_string}"},"query-input":{"@type":"PropertyValueSpecification","valueRequired":true,"valueName":"search_term_string"}}],"inLanguage":"es"},{"@type":"Person","@id":"https:\/\/www.copealcoy.es\/es\/#\/schema\/person\/e777c87fa024e57d40170af9df39882c","name":"Cope Alcoy","image":{"@type":"ImageObject","inLanguage":"es","@id":"https:\/\/secure.gravatar.com\/avatar\/bb65d0283347e303893ba14f0692005417c1e0e690a325a4c5d8bb2b3943ee14?s=96&d=mm&r=g","url":"https:\/\/secure.gravatar.com\/avatar\/bb65d0283347e303893ba14f0692005417c1e0e690a325a4c5d8bb2b3943ee14?s=96&d=mm&r=g","contentUrl":"https:\/\/secure.gravatar.com\/avatar\/bb65d0283347e303893ba14f0692005417c1e0e690a325a4c5d8bb2b3943ee14?s=96&d=mm&r=g","caption":"Cope Alcoy"}}]}},"_links":{"self":[{"href":"https:\/\/www.copealcoy.es\/es\/wp-json\/wp\/v2\/posts\/121421","targetHints":{"allow":["GET"]}}],"collection":[{"href":"https:\/\/www.copealcoy.es\/es\/wp-json\/wp\/v2\/posts"}],"about":[{"href":"https:\/\/www.copealcoy.es\/es\/wp-json\/wp\/v2\/types\/post"}],"author":[{"embeddable":true,"href":"https:\/\/www.copealcoy.es\/es\/wp-json\/wp\/v2\/users\/1"}],"replies":[{"embeddable":true,"href":"https:\/\/www.copealcoy.es\/es\/wp-json\/wp\/v2\/comments?post=121421"}],"version-history":[{"count":0,"href":"https:\/\/www.copealcoy.es\/es\/wp-json\/wp\/v2\/posts\/121421\/revisions"}],"wp:featuredmedia":[{"embeddable":true,"href":"https:\/\/www.copealcoy.es\/es\/wp-json\/wp\/v2\/media\/110612"}],"wp:attachment":[{"href":"https:\/\/www.copealcoy.es\/es\/wp-json\/wp\/v2\/media?parent=121421"}],"wp:term":[{"taxonomy":"category","embeddable":true,"href":"https:\/\/www.copealcoy.es\/es\/wp-json\/wp\/v2\/categories?post=121421"},{"taxonomy":"post_tag","embeddable":true,"href":"https:\/\/www.copealcoy.es\/es\/wp-json\/wp\/v2\/tags?post=121421"}],"curies":[{"name":"wp","href":"https:\/\/api.w.org\/{rel}","templated":true}]}}