{"id":121345,"date":"2023-09-07T09:05:17","date_gmt":"2023-09-07T08:05:17","guid":{"rendered":"https:\/\/www.copealcoy.es\/?p=121345"},"modified":"2023-09-07T09:06:22","modified_gmt":"2023-09-07T08:06:22","slug":"camilo-sesto-siempre-en-el-recuerdo-de-alcoy","status":"publish","type":"post","link":"https:\/\/www.copealcoy.es\/es\/camilo-sesto-siempre-en-el-recuerdo-de-alcoy\/","title":{"rendered":"Camilo Sesto, siempre en el recuerdo de Alcoy"},"content":{"rendered":"<p style=\"text-align: justify;\">Este viernes 8 de septiembre <strong>se cumplen cuatro a\u00f1os del fallecimiento de Camilo Sesto<\/strong> y la ciudad de Alcoy <strong>sigue teniendo muy presente a quien fue su artista m\u00e1s internacional<\/strong>. A d\u00eda de hoy <strong>avanzan a buen ritmo dos proyectos importantes<\/strong> que har\u00e1n que <strong>la memoria del cantante perviva para siempre<\/strong> en la tierra que lo vio nacer en aquel 16 de septiembre del a\u00f1o 1946.<\/p>\n<p style=\"text-align: justify;\">Por una parte, han comenzado a ser una realidad en el Cementerio Municipal <strong>las obras de construcci\u00f3n del mausoleo<\/strong> donde reposar\u00e1n las cenizas de Camilo Sesto junto a los restos de sus padres. El monumento ha sido dise\u00f1ado por el arquitecto Miguel Botella Ruiz Castillo y est\u00e1 siendo construido en una parcela que cedi\u00f3 el Ayuntamiento en su d\u00eda para este fin. Los trabajos est\u00e1 previsto que finalicen dentro de ocho semanas y la financiaci\u00f3n del dise\u00f1o as\u00ed como la construcci\u00f3n del pante\u00f3n-mausoleo ir\u00e1n a cargo de Camilo Blanes Ornelas; hijo del artista y heredero universal de este \u00faltimo. Por su parte el mantenimiento del espacio exterior ser\u00e1 asumido por el personal municipal del Cementerio &#8220;<em>queremos agradecer al heredero Camilo Blanes Ornelas y tambi\u00e9n a su madre Lourdes Ornelas hacer realidad el deseo de Camilo Sesto en nuestra ciudad. Al mismo tiempo es importante destacar que estamos informando puntualmente al Club de Fans, que est\u00e1n haciendo una gran labor por la memoria de Camilo Sesto<\/em>&#8220;, explica edil de Patrimonio Cultural; <strong>Ignacio Trelis<\/strong>.<\/p>\n<p style=\"text-align: justify;\">Adem\u00e1s <strong>sigue la intervenci\u00f3n para hacer posible el Museo dedicado a Camilo Blanes<\/strong> en el edificio del antiguo asilo que se ubica entre los n\u00fameros 38 y 40 de la calle El Cam\u00ed. All\u00ed, seg\u00fan inform\u00f3 el Consistorio en su d\u00eda, se expondr\u00e1n <strong>objetos permanentes como los <\/strong><strong>discos de oro y platino\u00a0<\/strong>as\u00ed como diferentes distinciones. Tambi\u00e9n se destinar\u00e1n\u00a0 espacios para ir reemplazando los materiales que tiene depositado el Ayuntamiento por parte del mismo artista y que suman m\u00e1s de 800 piezas. A ello se le a\u00f1adir\u00e1n los objetos donados, fotograf\u00edas, materiales personales, fondos que eran propiedad de Pepito Sanz o el patrimonio que custodia el <a href=\"https:\/\/www.facebook.com\/camilofansalcoy\" target=\"_blank\" rel=\"noopener\"><strong><span style=\"color: #0000ff;\">Fans Club de Alcoy<\/span><\/strong><\/a> &#8220;<em>ser\u00e1 el mejor homenaje p\u00f3stumo que le puede hacer la ciudad y toda la gente que venga podr\u00e1 conocer de cerca la gran figura que fue Camilo Sesto. Pero adem\u00e1s de esto, tambi\u00e9n tendr\u00e1 presente que fue de aqu\u00ed y que es en Alcoy donde descansa para siempre<\/em>&#8220;, se\u00f1ala el presidente del colectivo; <strong>Gilberto Molina<\/strong>.<\/p>\n<p style=\"text-align: justify;\">A\u00f1adir que este viernes 8 de septiembre, a las 19:30h,\u00a0 <strong>se har\u00e1 una misa en memoria de Camilo Blanes Cort\u00e9s con motivo del cuarto aniversario de su fallecimiento<\/strong>. Ser\u00e1 en en el Santuario de Mar\u00eda Auxiliadora y\u00a0 junto al Colegio Salesianos San Vicente Ferrer en el que Camilo Sesto curs\u00f3 sus estudios en la infancia.<\/p>\n","protected":false},"excerpt":{"rendered":"<p>Este viernes 8 de septiembre se cumplen cuatro a\u00f1os del fallecimiento de Camilo Sesto y la ciudad de Alcoy sigue&#8230;<\/p>\n","protected":false},"author":1,"featured_media":26675,"comment_status":"open","ping_status":"open","sticky":false,"template":"","format":"standard","meta":{"footnotes":""},"categories":[6909,97,75],"tags":[1494,3800,2559,253,901,12779,1114],"class_list":["post-121345","post","type-post","status-publish","format-standard","has-post-thumbnail","hentry","category-actualidad","category-alcoy","category-noticias","tag-alcoy","tag-aniversario","tag-camilo-sesto","tag-fallecimiento","tag-homenaje","tag-mausoleo","tag-museo"],"yoast_head":"<!-- This site is optimized with the Yoast SEO plugin v27.3 - https:\/\/yoast.com\/product\/yoast-seo-wordpress\/ -->\n<title>Camilo Sesto, siempre en el recuerdo de Alcoy - COPE Alcoy<\/title>\n<meta name=\"description\" content=\"Alcoy sigue teniendo muy presente a Camilo Sesto cuando se cumplen cuatro a\u00f1os de su fallecimiento el 8 de septiembre del a\u00f1o 2019\" \/>\n<meta name=\"robots\" content=\"index, follow, max-snippet:-1, max-image-preview:large, max-video-preview:-1\" \/>\n<link rel=\"canonical\" href=\"https:\/\/www.copealcoy.es\/es\/camilo-sesto-siempre-en-el-recuerdo-de-alcoy\/\" \/>\n<meta property=\"og:locale\" content=\"es_ES\" \/>\n<meta property=\"og:type\" content=\"article\" \/>\n<meta property=\"og:title\" content=\"Camilo Sesto, siempre en el recuerdo de Alcoy - COPE Alcoy\" \/>\n<meta property=\"og:description\" content=\"Alcoy sigue teniendo muy presente a Camilo Sesto cuando se cumplen cuatro a\u00f1os de su fallecimiento el 8 de septiembre del a\u00f1o 2019\" \/>\n<meta property=\"og:url\" content=\"https:\/\/www.copealcoy.es\/es\/camilo-sesto-siempre-en-el-recuerdo-de-alcoy\/\" \/>\n<meta property=\"og:site_name\" content=\"COPE Alcoy\" \/>\n<meta property=\"article:published_time\" content=\"2023-09-07T08:05:17+00:00\" \/>\n<meta property=\"article:modified_time\" content=\"2023-09-07T08:06:22+00:00\" \/>\n<meta property=\"og:image\" content=\"https:\/\/www.copealcoy.es\/wp-content\/uploads\/2016\/11\/IMG_5654.jpg\" \/>\n\t<meta property=\"og:image:width\" content=\"2048\" \/>\n\t<meta property=\"og:image:height\" content=\"1356\" \/>\n\t<meta property=\"og:image:type\" content=\"image\/jpeg\" \/>\n<meta name=\"author\" content=\"Cope Alcoy\" \/>\n<meta name=\"twitter:label1\" content=\"Escrito por\" \/>\n\t<meta name=\"twitter:data1\" content=\"Cope Alcoy\" \/>\n\t<meta name=\"twitter:label2\" content=\"Tiempo de lectura\" \/>\n\t<meta name=\"twitter:data2\" content=\"3 minutos\" \/>\n<script type=\"application\/ld+json\" class=\"yoast-schema-graph\">{\"@context\":\"https:\\\/\\\/schema.org\",\"@graph\":[{\"@type\":\"Article\",\"@id\":\"https:\\\/\\\/www.copealcoy.es\\\/es\\\/camilo-sesto-siempre-en-el-recuerdo-de-alcoy\\\/#article\",\"isPartOf\":{\"@id\":\"https:\\\/\\\/www.copealcoy.es\\\/es\\\/camilo-sesto-siempre-en-el-recuerdo-de-alcoy\\\/\"},\"author\":{\"name\":\"Cope Alcoy\",\"@id\":\"https:\\\/\\\/www.copealcoy.es\\\/es\\\/#\\\/schema\\\/person\\\/e777c87fa024e57d40170af9df39882c\"},\"headline\":\"Camilo Sesto, siempre en el recuerdo de Alcoy\",\"datePublished\":\"2023-09-07T08:05:17+00:00\",\"dateModified\":\"2023-09-07T08:06:22+00:00\",\"mainEntityOfPage\":{\"@id\":\"https:\\\/\\\/www.copealcoy.es\\\/es\\\/camilo-sesto-siempre-en-el-recuerdo-de-alcoy\\\/\"},\"wordCount\":494,\"commentCount\":0,\"image\":{\"@id\":\"https:\\\/\\\/www.copealcoy.es\\\/es\\\/camilo-sesto-siempre-en-el-recuerdo-de-alcoy\\\/#primaryimage\"},\"thumbnailUrl\":\"https:\\\/\\\/www.copealcoy.es\\\/wp-content\\\/uploads\\\/2016\\\/11\\\/IMG_5654.jpg\",\"keywords\":[\"Alcoy\",\"aniversario\",\"Camilo Sesto\",\"Fallecimiento\",\"Homenaje\",\"Mausoleo\",\"Museo\"],\"articleSection\":[\"Actualidad\",\"Alcoy\",\"Noticias\"],\"inLanguage\":\"es\"},{\"@type\":\"WebPage\",\"@id\":\"https:\\\/\\\/www.copealcoy.es\\\/es\\\/camilo-sesto-siempre-en-el-recuerdo-de-alcoy\\\/\",\"url\":\"https:\\\/\\\/www.copealcoy.es\\\/es\\\/camilo-sesto-siempre-en-el-recuerdo-de-alcoy\\\/\",\"name\":\"Camilo Sesto, siempre en el recuerdo de Alcoy - COPE Alcoy\",\"isPartOf\":{\"@id\":\"https:\\\/\\\/www.copealcoy.es\\\/es\\\/#website\"},\"primaryImageOfPage\":{\"@id\":\"https:\\\/\\\/www.copealcoy.es\\\/es\\\/camilo-sesto-siempre-en-el-recuerdo-de-alcoy\\\/#primaryimage\"},\"image\":{\"@id\":\"https:\\\/\\\/www.copealcoy.es\\\/es\\\/camilo-sesto-siempre-en-el-recuerdo-de-alcoy\\\/#primaryimage\"},\"thumbnailUrl\":\"https:\\\/\\\/www.copealcoy.es\\\/wp-content\\\/uploads\\\/2016\\\/11\\\/IMG_5654.jpg\",\"datePublished\":\"2023-09-07T08:05:17+00:00\",\"dateModified\":\"2023-09-07T08:06:22+00:00\",\"author\":{\"@id\":\"https:\\\/\\\/www.copealcoy.es\\\/es\\\/#\\\/schema\\\/person\\\/e777c87fa024e57d40170af9df39882c\"},\"description\":\"Alcoy sigue teniendo muy presente a Camilo Sesto cuando se cumplen cuatro a\u00f1os de su fallecimiento el 8 de septiembre del a\u00f1o 2019\",\"breadcrumb\":{\"@id\":\"https:\\\/\\\/www.copealcoy.es\\\/es\\\/camilo-sesto-siempre-en-el-recuerdo-de-alcoy\\\/#breadcrumb\"},\"inLanguage\":\"es\",\"potentialAction\":[{\"@type\":\"ReadAction\",\"target\":[\"https:\\\/\\\/www.copealcoy.es\\\/es\\\/camilo-sesto-siempre-en-el-recuerdo-de-alcoy\\\/\"]}]},{\"@type\":\"ImageObject\",\"inLanguage\":\"es\",\"@id\":\"https:\\\/\\\/www.copealcoy.es\\\/es\\\/camilo-sesto-siempre-en-el-recuerdo-de-alcoy\\\/#primaryimage\",\"url\":\"https:\\\/\\\/www.copealcoy.es\\\/wp-content\\\/uploads\\\/2016\\\/11\\\/IMG_5654.jpg\",\"contentUrl\":\"https:\\\/\\\/www.copealcoy.es\\\/wp-content\\\/uploads\\\/2016\\\/11\\\/IMG_5654.jpg\",\"width\":2048,\"height\":1356},{\"@type\":\"BreadcrumbList\",\"@id\":\"https:\\\/\\\/www.copealcoy.es\\\/es\\\/camilo-sesto-siempre-en-el-recuerdo-de-alcoy\\\/#breadcrumb\",\"itemListElement\":[{\"@type\":\"ListItem\",\"position\":1,\"name\":\"Portada\",\"item\":\"https:\\\/\\\/www.copealcoy.es\\\/es\\\/\"},{\"@type\":\"ListItem\",\"position\":2,\"name\":\"Camilo Sesto, siempre en el recuerdo de Alcoy\"}]},{\"@type\":\"WebSite\",\"@id\":\"https:\\\/\\\/www.copealcoy.es\\\/es\\\/#website\",\"url\":\"https:\\\/\\\/www.copealcoy.es\\\/es\\\/\",\"name\":\"COPE Alcoy\",\"description\":\"Emisora COPE de radio local con emisi\u00f3n online. Pont de Sant Jordi 8-10 03803 Alcoy\",\"potentialAction\":[{\"@type\":\"SearchAction\",\"target\":{\"@type\":\"EntryPoint\",\"urlTemplate\":\"https:\\\/\\\/www.copealcoy.es\\\/es\\\/?s={search_term_string}\"},\"query-input\":{\"@type\":\"PropertyValueSpecification\",\"valueRequired\":true,\"valueName\":\"search_term_string\"}}],\"inLanguage\":\"es\"},{\"@type\":\"Person\",\"@id\":\"https:\\\/\\\/www.copealcoy.es\\\/es\\\/#\\\/schema\\\/person\\\/e777c87fa024e57d40170af9df39882c\",\"name\":\"Cope Alcoy\",\"image\":{\"@type\":\"ImageObject\",\"inLanguage\":\"es\",\"@id\":\"https:\\\/\\\/secure.gravatar.com\\\/avatar\\\/bb65d0283347e303893ba14f0692005417c1e0e690a325a4c5d8bb2b3943ee14?s=96&d=mm&r=g\",\"url\":\"https:\\\/\\\/secure.gravatar.com\\\/avatar\\\/bb65d0283347e303893ba14f0692005417c1e0e690a325a4c5d8bb2b3943ee14?s=96&d=mm&r=g\",\"contentUrl\":\"https:\\\/\\\/secure.gravatar.com\\\/avatar\\\/bb65d0283347e303893ba14f0692005417c1e0e690a325a4c5d8bb2b3943ee14?s=96&d=mm&r=g\",\"caption\":\"Cope Alcoy\"}}]}<\/script>\n<!-- \/ Yoast SEO plugin. -->","yoast_head_json":{"title":"Camilo Sesto, siempre en el recuerdo de Alcoy - COPE Alcoy","description":"Alcoy sigue teniendo muy presente a Camilo Sesto cuando se cumplen cuatro a\u00f1os de su fallecimiento el 8 de septiembre del a\u00f1o 2019","robots":{"index":"index","follow":"follow","max-snippet":"max-snippet:-1","max-image-preview":"max-image-preview:large","max-video-preview":"max-video-preview:-1"},"canonical":"https:\/\/www.copealcoy.es\/es\/camilo-sesto-siempre-en-el-recuerdo-de-alcoy\/","og_locale":"es_ES","og_type":"article","og_title":"Camilo Sesto, siempre en el recuerdo de Alcoy - COPE Alcoy","og_description":"Alcoy sigue teniendo muy presente a Camilo Sesto cuando se cumplen cuatro a\u00f1os de su fallecimiento el 8 de septiembre del a\u00f1o 2019","og_url":"https:\/\/www.copealcoy.es\/es\/camilo-sesto-siempre-en-el-recuerdo-de-alcoy\/","og_site_name":"COPE Alcoy","article_published_time":"2023-09-07T08:05:17+00:00","article_modified_time":"2023-09-07T08:06:22+00:00","og_image":[{"width":2048,"height":1356,"url":"https:\/\/www.copealcoy.es\/wp-content\/uploads\/2016\/11\/IMG_5654.jpg","type":"image\/jpeg"}],"author":"Cope Alcoy","twitter_misc":{"Escrito por":"Cope Alcoy","Tiempo de lectura":"3 minutos"},"schema":{"@context":"https:\/\/schema.org","@graph":[{"@type":"Article","@id":"https:\/\/www.copealcoy.es\/es\/camilo-sesto-siempre-en-el-recuerdo-de-alcoy\/#article","isPartOf":{"@id":"https:\/\/www.copealcoy.es\/es\/camilo-sesto-siempre-en-el-recuerdo-de-alcoy\/"},"author":{"name":"Cope Alcoy","@id":"https:\/\/www.copealcoy.es\/es\/#\/schema\/person\/e777c87fa024e57d40170af9df39882c"},"headline":"Camilo Sesto, siempre en el recuerdo de Alcoy","datePublished":"2023-09-07T08:05:17+00:00","dateModified":"2023-09-07T08:06:22+00:00","mainEntityOfPage":{"@id":"https:\/\/www.copealcoy.es\/es\/camilo-sesto-siempre-en-el-recuerdo-de-alcoy\/"},"wordCount":494,"commentCount":0,"image":{"@id":"https:\/\/www.copealcoy.es\/es\/camilo-sesto-siempre-en-el-recuerdo-de-alcoy\/#primaryimage"},"thumbnailUrl":"https:\/\/www.copealcoy.es\/wp-content\/uploads\/2016\/11\/IMG_5654.jpg","keywords":["Alcoy","aniversario","Camilo Sesto","Fallecimiento","Homenaje","Mausoleo","Museo"],"articleSection":["Actualidad","Alcoy","Noticias"],"inLanguage":"es"},{"@type":"WebPage","@id":"https:\/\/www.copealcoy.es\/es\/camilo-sesto-siempre-en-el-recuerdo-de-alcoy\/","url":"https:\/\/www.copealcoy.es\/es\/camilo-sesto-siempre-en-el-recuerdo-de-alcoy\/","name":"Camilo Sesto, siempre en el recuerdo de Alcoy - COPE Alcoy","isPartOf":{"@id":"https:\/\/www.copealcoy.es\/es\/#website"},"primaryImageOfPage":{"@id":"https:\/\/www.copealcoy.es\/es\/camilo-sesto-siempre-en-el-recuerdo-de-alcoy\/#primaryimage"},"image":{"@id":"https:\/\/www.copealcoy.es\/es\/camilo-sesto-siempre-en-el-recuerdo-de-alcoy\/#primaryimage"},"thumbnailUrl":"https:\/\/www.copealcoy.es\/wp-content\/uploads\/2016\/11\/IMG_5654.jpg","datePublished":"2023-09-07T08:05:17+00:00","dateModified":"2023-09-07T08:06:22+00:00","author":{"@id":"https:\/\/www.copealcoy.es\/es\/#\/schema\/person\/e777c87fa024e57d40170af9df39882c"},"description":"Alcoy sigue teniendo muy presente a Camilo Sesto cuando se cumplen cuatro a\u00f1os de su fallecimiento el 8 de septiembre del a\u00f1o 2019","breadcrumb":{"@id":"https:\/\/www.copealcoy.es\/es\/camilo-sesto-siempre-en-el-recuerdo-de-alcoy\/#breadcrumb"},"inLanguage":"es","potentialAction":[{"@type":"ReadAction","target":["https:\/\/www.copealcoy.es\/es\/camilo-sesto-siempre-en-el-recuerdo-de-alcoy\/"]}]},{"@type":"ImageObject","inLanguage":"es","@id":"https:\/\/www.copealcoy.es\/es\/camilo-sesto-siempre-en-el-recuerdo-de-alcoy\/#primaryimage","url":"https:\/\/www.copealcoy.es\/wp-content\/uploads\/2016\/11\/IMG_5654.jpg","contentUrl":"https:\/\/www.copealcoy.es\/wp-content\/uploads\/2016\/11\/IMG_5654.jpg","width":2048,"height":1356},{"@type":"BreadcrumbList","@id":"https:\/\/www.copealcoy.es\/es\/camilo-sesto-siempre-en-el-recuerdo-de-alcoy\/#breadcrumb","itemListElement":[{"@type":"ListItem","position":1,"name":"Portada","item":"https:\/\/www.copealcoy.es\/es\/"},{"@type":"ListItem","position":2,"name":"Camilo Sesto, siempre en el recuerdo de Alcoy"}]},{"@type":"WebSite","@id":"https:\/\/www.copealcoy.es\/es\/#website","url":"https:\/\/www.copealcoy.es\/es\/","name":"COPE Alcoy","description":"Emisora COPE de radio local con emisi\u00f3n online. Pont de Sant Jordi 8-10 03803 Alcoy","potentialAction":[{"@type":"SearchAction","target":{"@type":"EntryPoint","urlTemplate":"https:\/\/www.copealcoy.es\/es\/?s={search_term_string}"},"query-input":{"@type":"PropertyValueSpecification","valueRequired":true,"valueName":"search_term_string"}}],"inLanguage":"es"},{"@type":"Person","@id":"https:\/\/www.copealcoy.es\/es\/#\/schema\/person\/e777c87fa024e57d40170af9df39882c","name":"Cope Alcoy","image":{"@type":"ImageObject","inLanguage":"es","@id":"https:\/\/secure.gravatar.com\/avatar\/bb65d0283347e303893ba14f0692005417c1e0e690a325a4c5d8bb2b3943ee14?s=96&d=mm&r=g","url":"https:\/\/secure.gravatar.com\/avatar\/bb65d0283347e303893ba14f0692005417c1e0e690a325a4c5d8bb2b3943ee14?s=96&d=mm&r=g","contentUrl":"https:\/\/secure.gravatar.com\/avatar\/bb65d0283347e303893ba14f0692005417c1e0e690a325a4c5d8bb2b3943ee14?s=96&d=mm&r=g","caption":"Cope Alcoy"}}]}},"_links":{"self":[{"href":"https:\/\/www.copealcoy.es\/es\/wp-json\/wp\/v2\/posts\/121345","targetHints":{"allow":["GET"]}}],"collection":[{"href":"https:\/\/www.copealcoy.es\/es\/wp-json\/wp\/v2\/posts"}],"about":[{"href":"https:\/\/www.copealcoy.es\/es\/wp-json\/wp\/v2\/types\/post"}],"author":[{"embeddable":true,"href":"https:\/\/www.copealcoy.es\/es\/wp-json\/wp\/v2\/users\/1"}],"replies":[{"embeddable":true,"href":"https:\/\/www.copealcoy.es\/es\/wp-json\/wp\/v2\/comments?post=121345"}],"version-history":[{"count":0,"href":"https:\/\/www.copealcoy.es\/es\/wp-json\/wp\/v2\/posts\/121345\/revisions"}],"wp:featuredmedia":[{"embeddable":true,"href":"https:\/\/www.copealcoy.es\/es\/wp-json\/wp\/v2\/media\/26675"}],"wp:attachment":[{"href":"https:\/\/www.copealcoy.es\/es\/wp-json\/wp\/v2\/media?parent=121345"}],"wp:term":[{"taxonomy":"category","embeddable":true,"href":"https:\/\/www.copealcoy.es\/es\/wp-json\/wp\/v2\/categories?post=121345"},{"taxonomy":"post_tag","embeddable":true,"href":"https:\/\/www.copealcoy.es\/es\/wp-json\/wp\/v2\/tags?post=121345"}],"curies":[{"name":"wp","href":"https:\/\/api.w.org\/{rel}","templated":true}]}}