{"id":121342,"date":"2023-09-07T09:15:07","date_gmt":"2023-09-07T08:15:07","guid":{"rendered":"https:\/\/www.copealcoy.es\/?p=121342"},"modified":"2023-09-07T11:11:45","modified_gmt":"2023-09-07T10:11:45","slug":"familiares-de-los-fallecidos-en-alcoy-ahora-sabemos-que-domusvi-y-la-conselleria-nos-ocultaron-informacion","status":"publish","type":"post","link":"https:\/\/www.copealcoy.es\/es\/familiares-de-los-fallecidos-en-alcoy-ahora-sabemos-que-domusvi-y-la-conselleria-nos-ocultaron-informacion\/","title":{"rendered":"Familiares de los fallecidos en Alcoy: \u201cAhora sabemos que DomusVi y la Conselleria nos ocultaron informaci\u00f3n\u201d"},"content":{"rendered":"<p style=\"text-align: justify;\">M\u00e1s de tres a\u00f1os despu\u00e9s de los hechos, <strong>arranca la vista previa del juicio por los 74 fallecidos en la residencia geri\u00e1trica DomusVi Alcoy<\/strong> durante la primera ola de la pandemia.<\/p>\n<p class=\"p1\" style=\"text-align: justify;\"><span class=\"s1\">\u201c<strong>Ahora sabemos que se nos ocult\u00f3 informaci\u00f3n de manera premeditada por parte de la empresa gestora y de la Conselleria<\/strong>. Ahora somos conscientes de que <strong>actuaron de mala fe<\/strong> porque hemos tenido acceso a ciertos documentos\u201d<\/span>, ha asegurado <strong>Josele Garc\u00eda<\/strong>, representante de los familiares de los fallecidos, antes de de la vista previa.<\/p>\n<audio class=\"wp-audio-shortcode\" id=\"audio-121342-1\" preload=\"none\" style=\"width: 100%;\" controls=\"controls\"><source type=\"audio\/mpeg\" src=\"https:\/\/www.copealcoy.es\/wp-content\/uploads\/2023\/09\/2023.09.07.-JOSELE-GARCIA-INFORMACION.mp3?_=1\" \/><a href=\"https:\/\/www.copealcoy.es\/wp-content\/uploads\/2023\/09\/2023.09.07.-JOSELE-GARCIA-INFORMACION.mp3\">https:\/\/www.copealcoy.es\/wp-content\/uploads\/2023\/09\/2023.09.07.-JOSELE-GARCIA-INFORMACION.mp3<\/a><\/audio>\n<p>&nbsp;<\/p>\n<p style=\"text-align: justify;\">En la vista previa, que tiene lugar en el Juzgado n\u00famero 3 de Alcoy, <strong>est\u00e1n presentes representantes de 18 de las 74 personas fallecidas, junto a los abogados que llevan el caso<\/strong>. Reuni\u00f3n con el juez a la que tambi\u00e9n acuden <strong>los demandados<\/strong> y en la que se establecer\u00e1 el calendario del juicio y se presentar\u00e1n las pruebas y testimonios que se utilizar\u00e1n. &#8220;Pensamos que hay suficientes documentos para saber qu\u00e9 es lo que ocurri\u00f3 all\u00ed dentro durante los meses de marzo y abril de 2020&#8221;, ha explicado Garc\u00eda.<\/p>\n<p>Los demandantes est\u00e1n representados por <strong>los abogados Pepe Guillem, Pilar L\u00f3pez y Vicente Garc\u00eda<\/strong>. Afrontan el proceso y con optimismo. &#8220;Ya ha comenzado el procedimiento y esperamos lo mejor en defensa de nuestros clientes&#8221;, ha asegurado Guillem.<\/p>\n<p class=\"p1\" style=\"text-align: justify;\"><strong><span class=\"s1\">El dolor de los familiares<\/span><\/strong><\/p>\n<p class=\"p1\" style=\"text-align: justify;\"><span class=\"s2\">Los familiares <strong>afrontan el proceso judicial con esperanza<\/strong>. Piden que <strong>se haga justicia<\/strong> m\u00e1s de tres a\u00f1os despu\u00e9s de que tuvieran lugar las muertes. <\/span><\/p>\n<p class=\"p1\" style=\"text-align: justify;\"><span class=\"s2\">Y es que algunos de ellos <strong>ni siquiera pudieron hablar con sus madres y padres antes de morir<\/strong>, a pesar de disponer de tel\u00e9fono m\u00f3vil y encontrarse bien. As\u00ed lo explican algunos de los familiares.<\/span><\/p>\n<p style=\"text-align: justify;\"><strong>Reivindicaciones de los familiares<\/strong><\/p>\n<p style=\"text-align: justify;\"><span style=\"color: #000080;\"><a style=\"color: #000080;\" href=\"https:\/\/www.copealcoy.es\/semana-clave-para-los-familiares-afectados-por-las-muertes-en-domus-vi-alcoy\/\" target=\"_blank\" rel=\"noopener\"><strong>Los familiares de<\/strong><strong> los afectados denuncian tambi\u00e9n que no se haya abierto en les Corts una Comisi\u00f3n de Investigaci\u00f3n <\/strong><\/a><\/span>para esclarecer lo sucedido.<strong> Siguen sin respuesta por parte de la Administraci\u00f3n Auton\u00f3mica a una petici\u00f3n que solicit\u00f3 el Pleno del Ayuntamiento de Alcoy<\/strong>. &#8220;Es un aut\u00e9ntico desprecio por parte de los representantes pol\u00edticos de Valencia a nuestro Consistorio, ya que lo dejan en muy mal lugar, pero tambi\u00e9n hacia las familias de las v\u00edctimas que sufrimos un aut\u00e9ntica pesadilla hace casi cuatro a\u00f1os&#8221;, lamentaba Josele Garc\u00eda, en declaraciones a <strong>Cope Alcoy<\/strong> esta semana.<\/p>\n","protected":false},"excerpt":{"rendered":"<p>M\u00e1s de tres a\u00f1os despu\u00e9s de los hechos, arranca la vista previa del juicio por los 74 fallecidos en la&#8230;<\/p>\n","protected":false},"author":1,"featured_media":121368,"comment_status":"open","ping_status":"open","sticky":false,"template":"","format":"standard","meta":{"footnotes":""},"categories":[6909,97,75,125],"tags":[1494,13731,7338,14302],"class_list":["post-121342","post","type-post","status-publish","format-standard","has-post-thumbnail","hentry","category-actualidad","category-alcoy","category-noticias","category-portada","tag-alcoy","tag-domusvi","tag-fallecidos","tag-juicio"],"yoast_head":"<!-- This site is optimized with the Yoast SEO plugin v27.3 - https:\/\/yoast.com\/product\/yoast-seo-wordpress\/ -->\n<title>Familiares de los fallecidos en Alcoy: \u201cAhora sabemos que DomusVi y la Conselleria nos ocultaron informaci\u00f3n\u201d - COPE Alcoy<\/title>\n<meta name=\"description\" content=\"M\u00e1s de tres a\u00f1os despu\u00e9s de los hechos, arranca la vista previa del juicio por los 74 fallecidos en la residencia geri\u00e1trica DomusVi Alcoy durante la primera ola de la pandemia.\" \/>\n<meta name=\"robots\" content=\"index, follow, max-snippet:-1, max-image-preview:large, max-video-preview:-1\" \/>\n<link rel=\"canonical\" href=\"https:\/\/www.copealcoy.es\/es\/familiares-de-los-fallecidos-en-alcoy-ahora-sabemos-que-domusvi-y-la-conselleria-nos-ocultaron-informacion\/\" \/>\n<meta property=\"og:locale\" content=\"es_ES\" \/>\n<meta property=\"og:type\" content=\"article\" \/>\n<meta property=\"og:title\" content=\"Familiares de los fallecidos en Alcoy: \u201cAhora sabemos que DomusVi y la Conselleria nos ocultaron informaci\u00f3n\u201d - COPE Alcoy\" \/>\n<meta property=\"og:description\" content=\"M\u00e1s de tres a\u00f1os despu\u00e9s de los hechos, arranca la vista previa del juicio por los 74 fallecidos en la residencia geri\u00e1trica DomusVi Alcoy durante la primera ola de la pandemia.\" \/>\n<meta property=\"og:url\" content=\"https:\/\/www.copealcoy.es\/es\/familiares-de-los-fallecidos-en-alcoy-ahora-sabemos-que-domusvi-y-la-conselleria-nos-ocultaron-informacion\/\" \/>\n<meta property=\"og:site_name\" content=\"COPE Alcoy\" \/>\n<meta property=\"article:published_time\" content=\"2023-09-07T08:15:07+00:00\" \/>\n<meta property=\"article:modified_time\" content=\"2023-09-07T10:11:45+00:00\" \/>\n<meta property=\"og:image\" content=\"https:\/\/www.copealcoy.es\/wp-content\/uploads\/2023\/09\/unnamed-1-1.jpg\" \/>\n\t<meta property=\"og:image:width\" content=\"1920\" \/>\n\t<meta property=\"og:image:height\" content=\"1115\" \/>\n\t<meta property=\"og:image:type\" content=\"image\/jpeg\" \/>\n<meta name=\"author\" content=\"Cope Alcoy\" \/>\n<meta name=\"twitter:label1\" content=\"Escrito por\" \/>\n\t<meta name=\"twitter:data1\" content=\"Cope Alcoy\" \/>\n\t<meta name=\"twitter:label2\" content=\"Tiempo de lectura\" \/>\n\t<meta name=\"twitter:data2\" content=\"2 minutos\" \/>\n<script type=\"application\/ld+json\" class=\"yoast-schema-graph\">{\"@context\":\"https:\\\/\\\/schema.org\",\"@graph\":[{\"@type\":\"Article\",\"@id\":\"https:\\\/\\\/www.copealcoy.es\\\/es\\\/familiares-de-los-fallecidos-en-alcoy-ahora-sabemos-que-domusvi-y-la-conselleria-nos-ocultaron-informacion\\\/#article\",\"isPartOf\":{\"@id\":\"https:\\\/\\\/www.copealcoy.es\\\/es\\\/familiares-de-los-fallecidos-en-alcoy-ahora-sabemos-que-domusvi-y-la-conselleria-nos-ocultaron-informacion\\\/\"},\"author\":{\"name\":\"Cope Alcoy\",\"@id\":\"https:\\\/\\\/www.copealcoy.es\\\/es\\\/#\\\/schema\\\/person\\\/e777c87fa024e57d40170af9df39882c\"},\"headline\":\"Familiares de los fallecidos en Alcoy: \u201cAhora sabemos que DomusVi y la Conselleria nos ocultaron informaci\u00f3n\u201d\",\"datePublished\":\"2023-09-07T08:15:07+00:00\",\"dateModified\":\"2023-09-07T10:11:45+00:00\",\"mainEntityOfPage\":{\"@id\":\"https:\\\/\\\/www.copealcoy.es\\\/es\\\/familiares-de-los-fallecidos-en-alcoy-ahora-sabemos-que-domusvi-y-la-conselleria-nos-ocultaron-informacion\\\/\"},\"wordCount\":429,\"commentCount\":0,\"image\":{\"@id\":\"https:\\\/\\\/www.copealcoy.es\\\/es\\\/familiares-de-los-fallecidos-en-alcoy-ahora-sabemos-que-domusvi-y-la-conselleria-nos-ocultaron-informacion\\\/#primaryimage\"},\"thumbnailUrl\":\"https:\\\/\\\/www.copealcoy.es\\\/wp-content\\\/uploads\\\/2023\\\/09\\\/unnamed-1-1.jpg\",\"keywords\":[\"Alcoy\",\"DomusVi\",\"fallecidos\",\"juicio\"],\"articleSection\":[\"Actualidad\",\"Alcoy\",\"Noticias\",\"Portada\"],\"inLanguage\":\"es\"},{\"@type\":\"WebPage\",\"@id\":\"https:\\\/\\\/www.copealcoy.es\\\/es\\\/familiares-de-los-fallecidos-en-alcoy-ahora-sabemos-que-domusvi-y-la-conselleria-nos-ocultaron-informacion\\\/\",\"url\":\"https:\\\/\\\/www.copealcoy.es\\\/es\\\/familiares-de-los-fallecidos-en-alcoy-ahora-sabemos-que-domusvi-y-la-conselleria-nos-ocultaron-informacion\\\/\",\"name\":\"Familiares de los fallecidos en Alcoy: \u201cAhora sabemos que DomusVi y la Conselleria nos ocultaron informaci\u00f3n\u201d - COPE Alcoy\",\"isPartOf\":{\"@id\":\"https:\\\/\\\/www.copealcoy.es\\\/es\\\/#website\"},\"primaryImageOfPage\":{\"@id\":\"https:\\\/\\\/www.copealcoy.es\\\/es\\\/familiares-de-los-fallecidos-en-alcoy-ahora-sabemos-que-domusvi-y-la-conselleria-nos-ocultaron-informacion\\\/#primaryimage\"},\"image\":{\"@id\":\"https:\\\/\\\/www.copealcoy.es\\\/es\\\/familiares-de-los-fallecidos-en-alcoy-ahora-sabemos-que-domusvi-y-la-conselleria-nos-ocultaron-informacion\\\/#primaryimage\"},\"thumbnailUrl\":\"https:\\\/\\\/www.copealcoy.es\\\/wp-content\\\/uploads\\\/2023\\\/09\\\/unnamed-1-1.jpg\",\"datePublished\":\"2023-09-07T08:15:07+00:00\",\"dateModified\":\"2023-09-07T10:11:45+00:00\",\"author\":{\"@id\":\"https:\\\/\\\/www.copealcoy.es\\\/es\\\/#\\\/schema\\\/person\\\/e777c87fa024e57d40170af9df39882c\"},\"description\":\"M\u00e1s de tres a\u00f1os despu\u00e9s de los hechos, arranca la vista previa del juicio por los 74 fallecidos en la residencia geri\u00e1trica DomusVi Alcoy durante la primera ola de la pandemia.\",\"breadcrumb\":{\"@id\":\"https:\\\/\\\/www.copealcoy.es\\\/es\\\/familiares-de-los-fallecidos-en-alcoy-ahora-sabemos-que-domusvi-y-la-conselleria-nos-ocultaron-informacion\\\/#breadcrumb\"},\"inLanguage\":\"es\",\"potentialAction\":[{\"@type\":\"ReadAction\",\"target\":[\"https:\\\/\\\/www.copealcoy.es\\\/es\\\/familiares-de-los-fallecidos-en-alcoy-ahora-sabemos-que-domusvi-y-la-conselleria-nos-ocultaron-informacion\\\/\"]}]},{\"@type\":\"ImageObject\",\"inLanguage\":\"es\",\"@id\":\"https:\\\/\\\/www.copealcoy.es\\\/es\\\/familiares-de-los-fallecidos-en-alcoy-ahora-sabemos-que-domusvi-y-la-conselleria-nos-ocultaron-informacion\\\/#primaryimage\",\"url\":\"https:\\\/\\\/www.copealcoy.es\\\/wp-content\\\/uploads\\\/2023\\\/09\\\/unnamed-1-1.jpg\",\"contentUrl\":\"https:\\\/\\\/www.copealcoy.es\\\/wp-content\\\/uploads\\\/2023\\\/09\\\/unnamed-1-1.jpg\",\"width\":1920,\"height\":1115},{\"@type\":\"BreadcrumbList\",\"@id\":\"https:\\\/\\\/www.copealcoy.es\\\/es\\\/familiares-de-los-fallecidos-en-alcoy-ahora-sabemos-que-domusvi-y-la-conselleria-nos-ocultaron-informacion\\\/#breadcrumb\",\"itemListElement\":[{\"@type\":\"ListItem\",\"position\":1,\"name\":\"Portada\",\"item\":\"https:\\\/\\\/www.copealcoy.es\\\/es\\\/\"},{\"@type\":\"ListItem\",\"position\":2,\"name\":\"Familiares de los fallecidos en Alcoy: \u201cAhora sabemos que DomusVi y la Conselleria nos ocultaron informaci\u00f3n\u201d\"}]},{\"@type\":\"WebSite\",\"@id\":\"https:\\\/\\\/www.copealcoy.es\\\/es\\\/#website\",\"url\":\"https:\\\/\\\/www.copealcoy.es\\\/es\\\/\",\"name\":\"COPE Alcoy\",\"description\":\"Emisora COPE de radio local con emisi\u00f3n online. Pont de Sant Jordi 8-10 03803 Alcoy\",\"potentialAction\":[{\"@type\":\"SearchAction\",\"target\":{\"@type\":\"EntryPoint\",\"urlTemplate\":\"https:\\\/\\\/www.copealcoy.es\\\/es\\\/?s={search_term_string}\"},\"query-input\":{\"@type\":\"PropertyValueSpecification\",\"valueRequired\":true,\"valueName\":\"search_term_string\"}}],\"inLanguage\":\"es\"},{\"@type\":\"Person\",\"@id\":\"https:\\\/\\\/www.copealcoy.es\\\/es\\\/#\\\/schema\\\/person\\\/e777c87fa024e57d40170af9df39882c\",\"name\":\"Cope Alcoy\",\"image\":{\"@type\":\"ImageObject\",\"inLanguage\":\"es\",\"@id\":\"https:\\\/\\\/secure.gravatar.com\\\/avatar\\\/bb65d0283347e303893ba14f0692005417c1e0e690a325a4c5d8bb2b3943ee14?s=96&d=mm&r=g\",\"url\":\"https:\\\/\\\/secure.gravatar.com\\\/avatar\\\/bb65d0283347e303893ba14f0692005417c1e0e690a325a4c5d8bb2b3943ee14?s=96&d=mm&r=g\",\"contentUrl\":\"https:\\\/\\\/secure.gravatar.com\\\/avatar\\\/bb65d0283347e303893ba14f0692005417c1e0e690a325a4c5d8bb2b3943ee14?s=96&d=mm&r=g\",\"caption\":\"Cope Alcoy\"}}]}<\/script>\n<!-- \/ Yoast SEO plugin. -->","yoast_head_json":{"title":"Familiares de los fallecidos en Alcoy: \u201cAhora sabemos que DomusVi y la Conselleria nos ocultaron informaci\u00f3n\u201d - COPE Alcoy","description":"M\u00e1s de tres a\u00f1os despu\u00e9s de los hechos, arranca la vista previa del juicio por los 74 fallecidos en la residencia geri\u00e1trica DomusVi Alcoy durante la primera ola de la pandemia.","robots":{"index":"index","follow":"follow","max-snippet":"max-snippet:-1","max-image-preview":"max-image-preview:large","max-video-preview":"max-video-preview:-1"},"canonical":"https:\/\/www.copealcoy.es\/es\/familiares-de-los-fallecidos-en-alcoy-ahora-sabemos-que-domusvi-y-la-conselleria-nos-ocultaron-informacion\/","og_locale":"es_ES","og_type":"article","og_title":"Familiares de los fallecidos en Alcoy: \u201cAhora sabemos que DomusVi y la Conselleria nos ocultaron informaci\u00f3n\u201d - COPE Alcoy","og_description":"M\u00e1s de tres a\u00f1os despu\u00e9s de los hechos, arranca la vista previa del juicio por los 74 fallecidos en la residencia geri\u00e1trica DomusVi Alcoy durante la primera ola de la pandemia.","og_url":"https:\/\/www.copealcoy.es\/es\/familiares-de-los-fallecidos-en-alcoy-ahora-sabemos-que-domusvi-y-la-conselleria-nos-ocultaron-informacion\/","og_site_name":"COPE Alcoy","article_published_time":"2023-09-07T08:15:07+00:00","article_modified_time":"2023-09-07T10:11:45+00:00","og_image":[{"width":1920,"height":1115,"url":"https:\/\/www.copealcoy.es\/wp-content\/uploads\/2023\/09\/unnamed-1-1.jpg","type":"image\/jpeg"}],"author":"Cope Alcoy","twitter_misc":{"Escrito por":"Cope Alcoy","Tiempo de lectura":"2 minutos"},"schema":{"@context":"https:\/\/schema.org","@graph":[{"@type":"Article","@id":"https:\/\/www.copealcoy.es\/es\/familiares-de-los-fallecidos-en-alcoy-ahora-sabemos-que-domusvi-y-la-conselleria-nos-ocultaron-informacion\/#article","isPartOf":{"@id":"https:\/\/www.copealcoy.es\/es\/familiares-de-los-fallecidos-en-alcoy-ahora-sabemos-que-domusvi-y-la-conselleria-nos-ocultaron-informacion\/"},"author":{"name":"Cope Alcoy","@id":"https:\/\/www.copealcoy.es\/es\/#\/schema\/person\/e777c87fa024e57d40170af9df39882c"},"headline":"Familiares de los fallecidos en Alcoy: \u201cAhora sabemos que DomusVi y la Conselleria nos ocultaron informaci\u00f3n\u201d","datePublished":"2023-09-07T08:15:07+00:00","dateModified":"2023-09-07T10:11:45+00:00","mainEntityOfPage":{"@id":"https:\/\/www.copealcoy.es\/es\/familiares-de-los-fallecidos-en-alcoy-ahora-sabemos-que-domusvi-y-la-conselleria-nos-ocultaron-informacion\/"},"wordCount":429,"commentCount":0,"image":{"@id":"https:\/\/www.copealcoy.es\/es\/familiares-de-los-fallecidos-en-alcoy-ahora-sabemos-que-domusvi-y-la-conselleria-nos-ocultaron-informacion\/#primaryimage"},"thumbnailUrl":"https:\/\/www.copealcoy.es\/wp-content\/uploads\/2023\/09\/unnamed-1-1.jpg","keywords":["Alcoy","DomusVi","fallecidos","juicio"],"articleSection":["Actualidad","Alcoy","Noticias","Portada"],"inLanguage":"es"},{"@type":"WebPage","@id":"https:\/\/www.copealcoy.es\/es\/familiares-de-los-fallecidos-en-alcoy-ahora-sabemos-que-domusvi-y-la-conselleria-nos-ocultaron-informacion\/","url":"https:\/\/www.copealcoy.es\/es\/familiares-de-los-fallecidos-en-alcoy-ahora-sabemos-que-domusvi-y-la-conselleria-nos-ocultaron-informacion\/","name":"Familiares de los fallecidos en Alcoy: \u201cAhora sabemos que DomusVi y la Conselleria nos ocultaron informaci\u00f3n\u201d - COPE Alcoy","isPartOf":{"@id":"https:\/\/www.copealcoy.es\/es\/#website"},"primaryImageOfPage":{"@id":"https:\/\/www.copealcoy.es\/es\/familiares-de-los-fallecidos-en-alcoy-ahora-sabemos-que-domusvi-y-la-conselleria-nos-ocultaron-informacion\/#primaryimage"},"image":{"@id":"https:\/\/www.copealcoy.es\/es\/familiares-de-los-fallecidos-en-alcoy-ahora-sabemos-que-domusvi-y-la-conselleria-nos-ocultaron-informacion\/#primaryimage"},"thumbnailUrl":"https:\/\/www.copealcoy.es\/wp-content\/uploads\/2023\/09\/unnamed-1-1.jpg","datePublished":"2023-09-07T08:15:07+00:00","dateModified":"2023-09-07T10:11:45+00:00","author":{"@id":"https:\/\/www.copealcoy.es\/es\/#\/schema\/person\/e777c87fa024e57d40170af9df39882c"},"description":"M\u00e1s de tres a\u00f1os despu\u00e9s de los hechos, arranca la vista previa del juicio por los 74 fallecidos en la residencia geri\u00e1trica DomusVi Alcoy durante la primera ola de la pandemia.","breadcrumb":{"@id":"https:\/\/www.copealcoy.es\/es\/familiares-de-los-fallecidos-en-alcoy-ahora-sabemos-que-domusvi-y-la-conselleria-nos-ocultaron-informacion\/#breadcrumb"},"inLanguage":"es","potentialAction":[{"@type":"ReadAction","target":["https:\/\/www.copealcoy.es\/es\/familiares-de-los-fallecidos-en-alcoy-ahora-sabemos-que-domusvi-y-la-conselleria-nos-ocultaron-informacion\/"]}]},{"@type":"ImageObject","inLanguage":"es","@id":"https:\/\/www.copealcoy.es\/es\/familiares-de-los-fallecidos-en-alcoy-ahora-sabemos-que-domusvi-y-la-conselleria-nos-ocultaron-informacion\/#primaryimage","url":"https:\/\/www.copealcoy.es\/wp-content\/uploads\/2023\/09\/unnamed-1-1.jpg","contentUrl":"https:\/\/www.copealcoy.es\/wp-content\/uploads\/2023\/09\/unnamed-1-1.jpg","width":1920,"height":1115},{"@type":"BreadcrumbList","@id":"https:\/\/www.copealcoy.es\/es\/familiares-de-los-fallecidos-en-alcoy-ahora-sabemos-que-domusvi-y-la-conselleria-nos-ocultaron-informacion\/#breadcrumb","itemListElement":[{"@type":"ListItem","position":1,"name":"Portada","item":"https:\/\/www.copealcoy.es\/es\/"},{"@type":"ListItem","position":2,"name":"Familiares de los fallecidos en Alcoy: \u201cAhora sabemos que DomusVi y la Conselleria nos ocultaron informaci\u00f3n\u201d"}]},{"@type":"WebSite","@id":"https:\/\/www.copealcoy.es\/es\/#website","url":"https:\/\/www.copealcoy.es\/es\/","name":"COPE Alcoy","description":"Emisora COPE de radio local con emisi\u00f3n online. Pont de Sant Jordi 8-10 03803 Alcoy","potentialAction":[{"@type":"SearchAction","target":{"@type":"EntryPoint","urlTemplate":"https:\/\/www.copealcoy.es\/es\/?s={search_term_string}"},"query-input":{"@type":"PropertyValueSpecification","valueRequired":true,"valueName":"search_term_string"}}],"inLanguage":"es"},{"@type":"Person","@id":"https:\/\/www.copealcoy.es\/es\/#\/schema\/person\/e777c87fa024e57d40170af9df39882c","name":"Cope Alcoy","image":{"@type":"ImageObject","inLanguage":"es","@id":"https:\/\/secure.gravatar.com\/avatar\/bb65d0283347e303893ba14f0692005417c1e0e690a325a4c5d8bb2b3943ee14?s=96&d=mm&r=g","url":"https:\/\/secure.gravatar.com\/avatar\/bb65d0283347e303893ba14f0692005417c1e0e690a325a4c5d8bb2b3943ee14?s=96&d=mm&r=g","contentUrl":"https:\/\/secure.gravatar.com\/avatar\/bb65d0283347e303893ba14f0692005417c1e0e690a325a4c5d8bb2b3943ee14?s=96&d=mm&r=g","caption":"Cope Alcoy"}}]}},"_links":{"self":[{"href":"https:\/\/www.copealcoy.es\/es\/wp-json\/wp\/v2\/posts\/121342","targetHints":{"allow":["GET"]}}],"collection":[{"href":"https:\/\/www.copealcoy.es\/es\/wp-json\/wp\/v2\/posts"}],"about":[{"href":"https:\/\/www.copealcoy.es\/es\/wp-json\/wp\/v2\/types\/post"}],"author":[{"embeddable":true,"href":"https:\/\/www.copealcoy.es\/es\/wp-json\/wp\/v2\/users\/1"}],"replies":[{"embeddable":true,"href":"https:\/\/www.copealcoy.es\/es\/wp-json\/wp\/v2\/comments?post=121342"}],"version-history":[{"count":0,"href":"https:\/\/www.copealcoy.es\/es\/wp-json\/wp\/v2\/posts\/121342\/revisions"}],"wp:featuredmedia":[{"embeddable":true,"href":"https:\/\/www.copealcoy.es\/es\/wp-json\/wp\/v2\/media\/121368"}],"wp:attachment":[{"href":"https:\/\/www.copealcoy.es\/es\/wp-json\/wp\/v2\/media?parent=121342"}],"wp:term":[{"taxonomy":"category","embeddable":true,"href":"https:\/\/www.copealcoy.es\/es\/wp-json\/wp\/v2\/categories?post=121342"},{"taxonomy":"post_tag","embeddable":true,"href":"https:\/\/www.copealcoy.es\/es\/wp-json\/wp\/v2\/tags?post=121342"}],"curies":[{"name":"wp","href":"https:\/\/api.w.org\/{rel}","templated":true}]}}