{"id":121338,"date":"2023-09-07T11:00:02","date_gmt":"2023-09-07T10:00:02","guid":{"rendered":"https:\/\/www.copealcoy.es\/?p=121338"},"modified":"2023-09-07T11:44:10","modified_gmt":"2023-09-07T10:44:10","slug":"el-desmontaje-de-la-enramada-de-alcoy-comenzara-este-domingo-por-la-noche","status":"publish","type":"post","link":"https:\/\/www.copealcoy.es\/es\/el-desmontaje-de-la-enramada-de-alcoy-comenzara-este-domingo-por-la-noche\/","title":{"rendered":"El desmontaje de la Enramada de Alcoy comenzar\u00e1 este domingo por la noche"},"content":{"rendered":"<p style=\"text-align: justify;\">Ya hay fecha para el inicio del <strong>desmontaje de la Enramada<\/strong>.Tras siete meses en la calle, <strong>el domingo 10 de septiembre por la noche se iniciar\u00e1n las tareas<\/strong> para retirar este elemento de las Fiestas de Moros y Cristianos. As\u00ed lo ha ha explicado <strong>Jordi Mart\u00ednez<\/strong>, concejal de Fiestas, en rueda de prensa este jueves.<\/p>\n<p style=\"text-align: justify;\">El desmontaje -que se realizar\u00e1 de noche-<strong> comenzar\u00e1 por la plaza de Espa\u00f1a<\/strong>. El lunes se retirar\u00e1 un tramo de San Nicol\u00e1s y el inicio de San Lorenzo. Y as\u00ed, progresivamente, el resto de tramos.<\/p>\n<p style=\"text-align: justify;\">Adem\u00e1s, Mart\u00ednez ha anunciat que <strong>se trabaja en un contrato para el montaje y desmontaje de la Enramada de cara a los pr\u00f3ximos a\u00f1os<\/strong>, que incluir\u00e1 tambi\u00e9n la <strong>progresiva remodelaci\u00f3n de las partes de la Enramada m\u00e1s desgastadas<\/strong>. Y es que esperan que pueda ser renovada antes de que llegue al final de su vida \u00fatil, que es de unos 50 a\u00f1os. Sin embargo, la Enramada ya tiene 30. Tambi\u00e9n se elaborar\u00e1 un <strong>contrato para el montaje y desmontaje, en concreto, del Castillo de Fiestas.<\/strong><\/p>\n<audio class=\"wp-audio-shortcode\" id=\"audio-121338-1\" preload=\"none\" style=\"width: 100%;\" controls=\"controls\"><source type=\"audio\/mpeg\" src=\"https:\/\/www.copealcoy.es\/wp-content\/uploads\/2023\/09\/2023.09.07.-JORDI-MARTINEZ-RENOVACION.mp3?_=1\" \/><a href=\"https:\/\/www.copealcoy.es\/wp-content\/uploads\/2023\/09\/2023.09.07.-JORDI-MARTINEZ-RENOVACION.mp3\">https:\/\/www.copealcoy.es\/wp-content\/uploads\/2023\/09\/2023.09.07.-JORDI-MARTINEZ-RENOVACION.mp3<\/a><\/audio>\n<p>&nbsp;<\/p>\n<p style=\"text-align: justify;\">El edil<strong> ha pedido tambi\u00e9n disculpas a los alcoyanos<\/strong> \u201cque consideren que tener un retraso en la retirada de la Enramada no era beneficioso para la imagen de la ciudad\u201d.<\/p>\n<p style=\"text-align: justify;\">&#8220;Prefiero la cr\u00edtica al retraso que otra cuesti\u00f3n que pueda poner en tela de juicio la seguridad de estos trabajos&#8221;, ha afirmado Mart\u00ednez. Y es que asegura que los tiempos se han demorado por varios motivos. En primer lugar, porque <strong>no se pod\u00eda sacar el concurso antes de la aprobaci\u00f3n del Presupuesto Municipal de 2023<\/strong> -que se aprob\u00f3 en mayo, cinco meses m\u00e1s tarde de lo que marca la ley-, y porque se deb\u00edan cumplir todos los tr\u00e1mites posteriores necesarios para garantizar un proceso seguro.<\/p>\n<p style=\"text-align: justify;\"><span style=\"color: #0000ff;\"><strong>La licitaci\u00f3n para su retirada<\/strong><\/span><\/p>\n<p style=\"text-align: justify;\">A mediados del mes de julio <strong><span style=\"color: #0000ff;\"><a style=\"color: #0000ff;\" href=\"https:\/\/www.copealcoy.es\/la-enramada-dara-la-bienvenida-al-mes-de-agosto-en-las-calles-de-alcoy\/\" target=\"_blank\" rel=\"noopener\">se public\u00f3 la licitaci\u00f3n para la retirada de la Enramada<\/a>,<\/span><\/strong> que fue adjudicada a una empresa a mitad de agosto. Los tr\u00e1mites para poder iniciar el desmontaje -previsiblemente- iban a alargarse hasta el 24 de agosto, cuando la Junta de Gobierno aprobara y firmara el contrato. A partir de este momento, la empresa tendr\u00eda tres semanas para retirar la Enramada.<\/p>\n<p style=\"text-align: justify;\">Su <strong><span style=\"color: #0000ff;\"><a style=\"color: #0000ff;\" href=\"https:\/\/www.copealcoy.es\/la-enramada-ya-advierte-de-la-cuenta-atras-hacia-las-fiestas-de-alcoy\/\" target=\"_blank\" rel=\"noopener\">instalaci\u00f3n comenz\u00f3 a mediados del mes de febrero<\/a> <\/span><\/strong>y, en estos momentos, lleva casi siete meses en la calle.<\/p>\n","protected":false},"excerpt":{"rendered":"<p>Ya hay fecha para el inicio del desmontaje de la Enramada.Tras siete meses en la calle, el domingo 10 de&#8230;<\/p>\n","protected":false},"author":1,"featured_media":121380,"comment_status":"open","ping_status":"open","sticky":false,"template":"","format":"standard","meta":{"footnotes":""},"categories":[6909,97,78,75],"tags":[1494,756,565,927],"class_list":["post-121338","post","type-post","status-publish","format-standard","has-post-thumbnail","hentry","category-actualidad","category-alcoy","category-fiestaycultura","category-noticias","tag-alcoy","tag-enramada","tag-fiestas","tag-jordi-martinez"],"yoast_head":"<!-- This site is optimized with the Yoast SEO plugin v27.3 - https:\/\/yoast.com\/product\/yoast-seo-wordpress\/ -->\n<title>El desmontaje de la Enramada de Alcoy comenzar\u00e1 este domingo por la noche - COPE Alcoy<\/title>\n<meta name=\"description\" content=\"Ya hay fecha para el inicio del desmontaje de la Enramada.Tras siete meses en la calle, el domingo 10 de septiembre por la noche se iniciar\u00e1n las tareas para retirar este elemento de las Fiestas de Moros y Cristianos. As\u00ed lo ha ha explicado Jordi Mart\u00ednez, concejal de Fiestas, en rueda de prensa este jueves.\" \/>\n<meta name=\"robots\" content=\"index, follow, max-snippet:-1, max-image-preview:large, max-video-preview:-1\" \/>\n<link rel=\"canonical\" href=\"https:\/\/www.copealcoy.es\/es\/el-desmontaje-de-la-enramada-de-alcoy-comenzara-este-domingo-por-la-noche\/\" \/>\n<meta property=\"og:locale\" content=\"es_ES\" \/>\n<meta property=\"og:type\" content=\"article\" \/>\n<meta property=\"og:title\" content=\"El desmontaje de la Enramada de Alcoy comenzar\u00e1 este domingo por la noche - COPE Alcoy\" \/>\n<meta property=\"og:description\" content=\"Ya hay fecha para el inicio del desmontaje de la Enramada.Tras siete meses en la calle, el domingo 10 de septiembre por la noche se iniciar\u00e1n las tareas para retirar este elemento de las Fiestas de Moros y Cristianos. As\u00ed lo ha ha explicado Jordi Mart\u00ednez, concejal de Fiestas, en rueda de prensa este jueves.\" \/>\n<meta property=\"og:url\" content=\"https:\/\/www.copealcoy.es\/es\/el-desmontaje-de-la-enramada-de-alcoy-comenzara-este-domingo-por-la-noche\/\" \/>\n<meta property=\"og:site_name\" content=\"COPE Alcoy\" \/>\n<meta property=\"article:published_time\" content=\"2023-09-07T10:00:02+00:00\" \/>\n<meta property=\"article:modified_time\" content=\"2023-09-07T10:44:10+00:00\" \/>\n<meta property=\"og:image\" content=\"https:\/\/www.copealcoy.es\/wp-content\/uploads\/2023\/09\/375134492_10224270789343098_2925274943497547302_n-scaled.jpg\" \/>\n\t<meta property=\"og:image:width\" content=\"1440\" \/>\n\t<meta property=\"og:image:height\" content=\"1080\" \/>\n\t<meta property=\"og:image:type\" content=\"image\/jpeg\" \/>\n<meta name=\"author\" content=\"Cope Alcoy\" \/>\n<meta name=\"twitter:label1\" content=\"Escrito por\" \/>\n\t<meta name=\"twitter:data1\" content=\"Cope Alcoy\" \/>\n\t<meta name=\"twitter:label2\" content=\"Tiempo de lectura\" \/>\n\t<meta name=\"twitter:data2\" content=\"2 minutos\" \/>\n<script type=\"application\/ld+json\" class=\"yoast-schema-graph\">{\"@context\":\"https:\\\/\\\/schema.org\",\"@graph\":[{\"@type\":\"Article\",\"@id\":\"https:\\\/\\\/www.copealcoy.es\\\/es\\\/el-desmontaje-de-la-enramada-de-alcoy-comenzara-este-domingo-por-la-noche\\\/#article\",\"isPartOf\":{\"@id\":\"https:\\\/\\\/www.copealcoy.es\\\/es\\\/el-desmontaje-de-la-enramada-de-alcoy-comenzara-este-domingo-por-la-noche\\\/\"},\"author\":{\"name\":\"Cope Alcoy\",\"@id\":\"https:\\\/\\\/www.copealcoy.es\\\/es\\\/#\\\/schema\\\/person\\\/e777c87fa024e57d40170af9df39882c\"},\"headline\":\"El desmontaje de la Enramada de Alcoy comenzar\u00e1 este domingo por la noche\",\"datePublished\":\"2023-09-07T10:00:02+00:00\",\"dateModified\":\"2023-09-07T10:44:10+00:00\",\"mainEntityOfPage\":{\"@id\":\"https:\\\/\\\/www.copealcoy.es\\\/es\\\/el-desmontaje-de-la-enramada-de-alcoy-comenzara-este-domingo-por-la-noche\\\/\"},\"wordCount\":429,\"commentCount\":0,\"image\":{\"@id\":\"https:\\\/\\\/www.copealcoy.es\\\/es\\\/el-desmontaje-de-la-enramada-de-alcoy-comenzara-este-domingo-por-la-noche\\\/#primaryimage\"},\"thumbnailUrl\":\"https:\\\/\\\/www.copealcoy.es\\\/wp-content\\\/uploads\\\/2023\\\/09\\\/375134492_10224270789343098_2925274943497547302_n-scaled.jpg\",\"keywords\":[\"Alcoy\",\"Enramada\",\"Fiestas\",\"Jordi Mart\u00ednez\"],\"articleSection\":[\"Actualidad\",\"Alcoy\",\"Fiesta y Cultura\",\"Noticias\"],\"inLanguage\":\"es\"},{\"@type\":\"WebPage\",\"@id\":\"https:\\\/\\\/www.copealcoy.es\\\/es\\\/el-desmontaje-de-la-enramada-de-alcoy-comenzara-este-domingo-por-la-noche\\\/\",\"url\":\"https:\\\/\\\/www.copealcoy.es\\\/es\\\/el-desmontaje-de-la-enramada-de-alcoy-comenzara-este-domingo-por-la-noche\\\/\",\"name\":\"El desmontaje de la Enramada de Alcoy comenzar\u00e1 este domingo por la noche - COPE Alcoy\",\"isPartOf\":{\"@id\":\"https:\\\/\\\/www.copealcoy.es\\\/es\\\/#website\"},\"primaryImageOfPage\":{\"@id\":\"https:\\\/\\\/www.copealcoy.es\\\/es\\\/el-desmontaje-de-la-enramada-de-alcoy-comenzara-este-domingo-por-la-noche\\\/#primaryimage\"},\"image\":{\"@id\":\"https:\\\/\\\/www.copealcoy.es\\\/es\\\/el-desmontaje-de-la-enramada-de-alcoy-comenzara-este-domingo-por-la-noche\\\/#primaryimage\"},\"thumbnailUrl\":\"https:\\\/\\\/www.copealcoy.es\\\/wp-content\\\/uploads\\\/2023\\\/09\\\/375134492_10224270789343098_2925274943497547302_n-scaled.jpg\",\"datePublished\":\"2023-09-07T10:00:02+00:00\",\"dateModified\":\"2023-09-07T10:44:10+00:00\",\"author\":{\"@id\":\"https:\\\/\\\/www.copealcoy.es\\\/es\\\/#\\\/schema\\\/person\\\/e777c87fa024e57d40170af9df39882c\"},\"description\":\"Ya hay fecha para el inicio del desmontaje de la Enramada.Tras siete meses en la calle, el domingo 10 de septiembre por la noche se iniciar\u00e1n las tareas para retirar este elemento de las Fiestas de Moros y Cristianos. As\u00ed lo ha ha explicado Jordi Mart\u00ednez, concejal de Fiestas, en rueda de prensa este jueves.\",\"breadcrumb\":{\"@id\":\"https:\\\/\\\/www.copealcoy.es\\\/es\\\/el-desmontaje-de-la-enramada-de-alcoy-comenzara-este-domingo-por-la-noche\\\/#breadcrumb\"},\"inLanguage\":\"es\",\"potentialAction\":[{\"@type\":\"ReadAction\",\"target\":[\"https:\\\/\\\/www.copealcoy.es\\\/es\\\/el-desmontaje-de-la-enramada-de-alcoy-comenzara-este-domingo-por-la-noche\\\/\"]}]},{\"@type\":\"ImageObject\",\"inLanguage\":\"es\",\"@id\":\"https:\\\/\\\/www.copealcoy.es\\\/es\\\/el-desmontaje-de-la-enramada-de-alcoy-comenzara-este-domingo-por-la-noche\\\/#primaryimage\",\"url\":\"https:\\\/\\\/www.copealcoy.es\\\/wp-content\\\/uploads\\\/2023\\\/09\\\/375134492_10224270789343098_2925274943497547302_n-scaled.jpg\",\"contentUrl\":\"https:\\\/\\\/www.copealcoy.es\\\/wp-content\\\/uploads\\\/2023\\\/09\\\/375134492_10224270789343098_2925274943497547302_n-scaled.jpg\",\"width\":1440,\"height\":1080},{\"@type\":\"BreadcrumbList\",\"@id\":\"https:\\\/\\\/www.copealcoy.es\\\/es\\\/el-desmontaje-de-la-enramada-de-alcoy-comenzara-este-domingo-por-la-noche\\\/#breadcrumb\",\"itemListElement\":[{\"@type\":\"ListItem\",\"position\":1,\"name\":\"Portada\",\"item\":\"https:\\\/\\\/www.copealcoy.es\\\/es\\\/\"},{\"@type\":\"ListItem\",\"position\":2,\"name\":\"El desmontaje de la Enramada de Alcoy comenzar\u00e1 este domingo por la noche\"}]},{\"@type\":\"WebSite\",\"@id\":\"https:\\\/\\\/www.copealcoy.es\\\/es\\\/#website\",\"url\":\"https:\\\/\\\/www.copealcoy.es\\\/es\\\/\",\"name\":\"COPE Alcoy\",\"description\":\"Emisora COPE de radio local con emisi\u00f3n online. Pont de Sant Jordi 8-10 03803 Alcoy\",\"potentialAction\":[{\"@type\":\"SearchAction\",\"target\":{\"@type\":\"EntryPoint\",\"urlTemplate\":\"https:\\\/\\\/www.copealcoy.es\\\/es\\\/?s={search_term_string}\"},\"query-input\":{\"@type\":\"PropertyValueSpecification\",\"valueRequired\":true,\"valueName\":\"search_term_string\"}}],\"inLanguage\":\"es\"},{\"@type\":\"Person\",\"@id\":\"https:\\\/\\\/www.copealcoy.es\\\/es\\\/#\\\/schema\\\/person\\\/e777c87fa024e57d40170af9df39882c\",\"name\":\"Cope Alcoy\",\"image\":{\"@type\":\"ImageObject\",\"inLanguage\":\"es\",\"@id\":\"https:\\\/\\\/secure.gravatar.com\\\/avatar\\\/bb65d0283347e303893ba14f0692005417c1e0e690a325a4c5d8bb2b3943ee14?s=96&d=mm&r=g\",\"url\":\"https:\\\/\\\/secure.gravatar.com\\\/avatar\\\/bb65d0283347e303893ba14f0692005417c1e0e690a325a4c5d8bb2b3943ee14?s=96&d=mm&r=g\",\"contentUrl\":\"https:\\\/\\\/secure.gravatar.com\\\/avatar\\\/bb65d0283347e303893ba14f0692005417c1e0e690a325a4c5d8bb2b3943ee14?s=96&d=mm&r=g\",\"caption\":\"Cope Alcoy\"}}]}<\/script>\n<!-- \/ Yoast SEO plugin. -->","yoast_head_json":{"title":"El desmontaje de la Enramada de Alcoy comenzar\u00e1 este domingo por la noche - COPE Alcoy","description":"Ya hay fecha para el inicio del desmontaje de la Enramada.Tras siete meses en la calle, el domingo 10 de septiembre por la noche se iniciar\u00e1n las tareas para retirar este elemento de las Fiestas de Moros y Cristianos. As\u00ed lo ha ha explicado Jordi Mart\u00ednez, concejal de Fiestas, en rueda de prensa este jueves.","robots":{"index":"index","follow":"follow","max-snippet":"max-snippet:-1","max-image-preview":"max-image-preview:large","max-video-preview":"max-video-preview:-1"},"canonical":"https:\/\/www.copealcoy.es\/es\/el-desmontaje-de-la-enramada-de-alcoy-comenzara-este-domingo-por-la-noche\/","og_locale":"es_ES","og_type":"article","og_title":"El desmontaje de la Enramada de Alcoy comenzar\u00e1 este domingo por la noche - COPE Alcoy","og_description":"Ya hay fecha para el inicio del desmontaje de la Enramada.Tras siete meses en la calle, el domingo 10 de septiembre por la noche se iniciar\u00e1n las tareas para retirar este elemento de las Fiestas de Moros y Cristianos. As\u00ed lo ha ha explicado Jordi Mart\u00ednez, concejal de Fiestas, en rueda de prensa este jueves.","og_url":"https:\/\/www.copealcoy.es\/es\/el-desmontaje-de-la-enramada-de-alcoy-comenzara-este-domingo-por-la-noche\/","og_site_name":"COPE Alcoy","article_published_time":"2023-09-07T10:00:02+00:00","article_modified_time":"2023-09-07T10:44:10+00:00","og_image":[{"width":1440,"height":1080,"url":"https:\/\/www.copealcoy.es\/wp-content\/uploads\/2023\/09\/375134492_10224270789343098_2925274943497547302_n-scaled.jpg","type":"image\/jpeg"}],"author":"Cope Alcoy","twitter_misc":{"Escrito por":"Cope Alcoy","Tiempo de lectura":"2 minutos"},"schema":{"@context":"https:\/\/schema.org","@graph":[{"@type":"Article","@id":"https:\/\/www.copealcoy.es\/es\/el-desmontaje-de-la-enramada-de-alcoy-comenzara-este-domingo-por-la-noche\/#article","isPartOf":{"@id":"https:\/\/www.copealcoy.es\/es\/el-desmontaje-de-la-enramada-de-alcoy-comenzara-este-domingo-por-la-noche\/"},"author":{"name":"Cope Alcoy","@id":"https:\/\/www.copealcoy.es\/es\/#\/schema\/person\/e777c87fa024e57d40170af9df39882c"},"headline":"El desmontaje de la Enramada de Alcoy comenzar\u00e1 este domingo por la noche","datePublished":"2023-09-07T10:00:02+00:00","dateModified":"2023-09-07T10:44:10+00:00","mainEntityOfPage":{"@id":"https:\/\/www.copealcoy.es\/es\/el-desmontaje-de-la-enramada-de-alcoy-comenzara-este-domingo-por-la-noche\/"},"wordCount":429,"commentCount":0,"image":{"@id":"https:\/\/www.copealcoy.es\/es\/el-desmontaje-de-la-enramada-de-alcoy-comenzara-este-domingo-por-la-noche\/#primaryimage"},"thumbnailUrl":"https:\/\/www.copealcoy.es\/wp-content\/uploads\/2023\/09\/375134492_10224270789343098_2925274943497547302_n-scaled.jpg","keywords":["Alcoy","Enramada","Fiestas","Jordi Mart\u00ednez"],"articleSection":["Actualidad","Alcoy","Fiesta y Cultura","Noticias"],"inLanguage":"es"},{"@type":"WebPage","@id":"https:\/\/www.copealcoy.es\/es\/el-desmontaje-de-la-enramada-de-alcoy-comenzara-este-domingo-por-la-noche\/","url":"https:\/\/www.copealcoy.es\/es\/el-desmontaje-de-la-enramada-de-alcoy-comenzara-este-domingo-por-la-noche\/","name":"El desmontaje de la Enramada de Alcoy comenzar\u00e1 este domingo por la noche - COPE Alcoy","isPartOf":{"@id":"https:\/\/www.copealcoy.es\/es\/#website"},"primaryImageOfPage":{"@id":"https:\/\/www.copealcoy.es\/es\/el-desmontaje-de-la-enramada-de-alcoy-comenzara-este-domingo-por-la-noche\/#primaryimage"},"image":{"@id":"https:\/\/www.copealcoy.es\/es\/el-desmontaje-de-la-enramada-de-alcoy-comenzara-este-domingo-por-la-noche\/#primaryimage"},"thumbnailUrl":"https:\/\/www.copealcoy.es\/wp-content\/uploads\/2023\/09\/375134492_10224270789343098_2925274943497547302_n-scaled.jpg","datePublished":"2023-09-07T10:00:02+00:00","dateModified":"2023-09-07T10:44:10+00:00","author":{"@id":"https:\/\/www.copealcoy.es\/es\/#\/schema\/person\/e777c87fa024e57d40170af9df39882c"},"description":"Ya hay fecha para el inicio del desmontaje de la Enramada.Tras siete meses en la calle, el domingo 10 de septiembre por la noche se iniciar\u00e1n las tareas para retirar este elemento de las Fiestas de Moros y Cristianos. As\u00ed lo ha ha explicado Jordi Mart\u00ednez, concejal de Fiestas, en rueda de prensa este jueves.","breadcrumb":{"@id":"https:\/\/www.copealcoy.es\/es\/el-desmontaje-de-la-enramada-de-alcoy-comenzara-este-domingo-por-la-noche\/#breadcrumb"},"inLanguage":"es","potentialAction":[{"@type":"ReadAction","target":["https:\/\/www.copealcoy.es\/es\/el-desmontaje-de-la-enramada-de-alcoy-comenzara-este-domingo-por-la-noche\/"]}]},{"@type":"ImageObject","inLanguage":"es","@id":"https:\/\/www.copealcoy.es\/es\/el-desmontaje-de-la-enramada-de-alcoy-comenzara-este-domingo-por-la-noche\/#primaryimage","url":"https:\/\/www.copealcoy.es\/wp-content\/uploads\/2023\/09\/375134492_10224270789343098_2925274943497547302_n-scaled.jpg","contentUrl":"https:\/\/www.copealcoy.es\/wp-content\/uploads\/2023\/09\/375134492_10224270789343098_2925274943497547302_n-scaled.jpg","width":1440,"height":1080},{"@type":"BreadcrumbList","@id":"https:\/\/www.copealcoy.es\/es\/el-desmontaje-de-la-enramada-de-alcoy-comenzara-este-domingo-por-la-noche\/#breadcrumb","itemListElement":[{"@type":"ListItem","position":1,"name":"Portada","item":"https:\/\/www.copealcoy.es\/es\/"},{"@type":"ListItem","position":2,"name":"El desmontaje de la Enramada de Alcoy comenzar\u00e1 este domingo por la noche"}]},{"@type":"WebSite","@id":"https:\/\/www.copealcoy.es\/es\/#website","url":"https:\/\/www.copealcoy.es\/es\/","name":"COPE Alcoy","description":"Emisora COPE de radio local con emisi\u00f3n online. Pont de Sant Jordi 8-10 03803 Alcoy","potentialAction":[{"@type":"SearchAction","target":{"@type":"EntryPoint","urlTemplate":"https:\/\/www.copealcoy.es\/es\/?s={search_term_string}"},"query-input":{"@type":"PropertyValueSpecification","valueRequired":true,"valueName":"search_term_string"}}],"inLanguage":"es"},{"@type":"Person","@id":"https:\/\/www.copealcoy.es\/es\/#\/schema\/person\/e777c87fa024e57d40170af9df39882c","name":"Cope Alcoy","image":{"@type":"ImageObject","inLanguage":"es","@id":"https:\/\/secure.gravatar.com\/avatar\/bb65d0283347e303893ba14f0692005417c1e0e690a325a4c5d8bb2b3943ee14?s=96&d=mm&r=g","url":"https:\/\/secure.gravatar.com\/avatar\/bb65d0283347e303893ba14f0692005417c1e0e690a325a4c5d8bb2b3943ee14?s=96&d=mm&r=g","contentUrl":"https:\/\/secure.gravatar.com\/avatar\/bb65d0283347e303893ba14f0692005417c1e0e690a325a4c5d8bb2b3943ee14?s=96&d=mm&r=g","caption":"Cope Alcoy"}}]}},"_links":{"self":[{"href":"https:\/\/www.copealcoy.es\/es\/wp-json\/wp\/v2\/posts\/121338","targetHints":{"allow":["GET"]}}],"collection":[{"href":"https:\/\/www.copealcoy.es\/es\/wp-json\/wp\/v2\/posts"}],"about":[{"href":"https:\/\/www.copealcoy.es\/es\/wp-json\/wp\/v2\/types\/post"}],"author":[{"embeddable":true,"href":"https:\/\/www.copealcoy.es\/es\/wp-json\/wp\/v2\/users\/1"}],"replies":[{"embeddable":true,"href":"https:\/\/www.copealcoy.es\/es\/wp-json\/wp\/v2\/comments?post=121338"}],"version-history":[{"count":0,"href":"https:\/\/www.copealcoy.es\/es\/wp-json\/wp\/v2\/posts\/121338\/revisions"}],"wp:featuredmedia":[{"embeddable":true,"href":"https:\/\/www.copealcoy.es\/es\/wp-json\/wp\/v2\/media\/121380"}],"wp:attachment":[{"href":"https:\/\/www.copealcoy.es\/es\/wp-json\/wp\/v2\/media?parent=121338"}],"wp:term":[{"taxonomy":"category","embeddable":true,"href":"https:\/\/www.copealcoy.es\/es\/wp-json\/wp\/v2\/categories?post=121338"},{"taxonomy":"post_tag","embeddable":true,"href":"https:\/\/www.copealcoy.es\/es\/wp-json\/wp\/v2\/tags?post=121338"}],"curies":[{"name":"wp","href":"https:\/\/api.w.org\/{rel}","templated":true}]}}