{"id":121231,"date":"2023-09-06T06:00:44","date_gmt":"2023-09-06T05:00:44","guid":{"rendered":"https:\/\/www.copealcoy.es\/?p=121231"},"modified":"2023-09-06T07:29:42","modified_gmt":"2023-09-06T06:29:42","slug":"luces-de-navidad-instaladas-a-tiempo-el-objetivo-que-persigue-el-ayuntamiento-de-alcoy","status":"publish","type":"post","link":"https:\/\/www.copealcoy.es\/es\/luces-de-navidad-instaladas-a-tiempo-el-objetivo-que-persigue-el-ayuntamiento-de-alcoy\/","title":{"rendered":"Luces de Navidad instaladas a tiempo, el objetivo que persigue el Ayuntamiento de Alcoy"},"content":{"rendered":"<p style=\"text-align: justify;\">El <strong><span style=\"color: #0000ff;\">Ayuntamiento de Alcoy<\/span><\/strong> quiere que las luces de Navidad est\u00e9n instaladas este a\u00f1o a tiempo y para ello ha adoptado <strong>la decisi\u00f3n de incluir el montaje de las mismas en el nuevo contrato del alumbrado p\u00fablico<\/strong>. De esta forma se quiere evitar que ocurra lo que sucedi\u00f3 el pasado a\u00f1o <strong>cuando el concurso de la iluminaci\u00f3n Navide\u00f1a qued\u00f3 desierto<\/strong> y el Consistorio<strong> tuvo que asumir la colocaci\u00f3n de la ornamentaci\u00f3n casi in-extremis<\/strong>, hecho que propici\u00f3 a que una vez formalizado el encendido oficial de las mencionadas luces todav\u00eda hubiera zonas de Alcoy sin ambientaci\u00f3n navide\u00f1a.<\/p>\n<p style=\"text-align: justify;\">La empresa que resulte adjudicataria <strong>se encargar\u00e1 de montar la enramada de la Navidad alcoyana<\/strong>, que es propiedad del Ayuntamiento, y que se reparte por las principales calles del Centro de la ciudad. Adem\u00e1s <strong>asumir\u00e1 la instalaci\u00f3n de un \u00e1rbol en la Plaza de Espa\u00f1a<\/strong> y de las luminarias que por estas fechas lucen en los diferentes barrios alcoyanos. Tambi\u00e9n se encargar\u00e1 del <strong>mantenimiento del alumbrado p\u00fablico<\/strong> <strong>o de los sem\u00e1foros del casco urbano de Alcoy<\/strong> &#8220;<em>es un contrato para dos a\u00f1os que tendr\u00e1 opci\u00f3n a dos pr\u00f3rrogas de un a\u00f1o cada una<\/em>&#8220;, comenta al respecto el edil de Obras y Servicios; Jordi Mart\u00ednez.<\/p>\n<p style=\"text-align: justify;\">Cabe destacar que <strong>el concurso sale a licitaci\u00f3n por 1,4 millones de euros<\/strong> y las empresas interesadas <strong>ya pueden presentar sus ofertas<\/strong>. El plazo <strong>finaliza el pr\u00f3ximo 4 de octubre<\/strong>.<\/p>\n<p><strong><span style=\"color: #0000ff;\">La Enramada de Fiestas todav\u00eda en la calle\u00a0<\/span><\/strong><\/p>\n<p style=\"text-align: justify;\">Por otra parte, <strong>ya ha sido adjudicada la retirada de la Enramada de las Fiestas de Moros y Cristianos<\/strong>. Los arcos siguen todav\u00eda instalados en las calles del Centro de la ciudad, casi siete meses despu\u00e9s de su montaje, y el desmontaje <strong>fue licitado por un importe cercano a los 46.000 euros<\/strong>. Se determina que el\u00a0<strong>plazo de ejecuci\u00f3n es de tres semanas<\/strong>\u00a0y ha habido <strong>una oferta presentada<\/strong> para optar a este contrato.<\/p>\n","protected":false},"excerpt":{"rendered":"<p>El Ayuntamiento de Alcoy quiere que las luces de Navidad est\u00e9n instaladas este a\u00f1o a tiempo y para ello ha&#8230;<\/p>\n","protected":false},"author":1,"featured_media":44606,"comment_status":"open","ping_status":"open","sticky":false,"template":"","format":"standard","meta":{"footnotes":""},"categories":[6909,97,78,75],"tags":[1494,3348,137,756,11281,453,174],"class_list":["post-121231","post","type-post","status-publish","format-standard","has-post-thumbnail","hentry","category-actualidad","category-alcoy","category-fiestaycultura","category-noticias","tag-alcoy","tag-alumbrado-publico","tag-contrato","tag-enramada","tag-fiestas-moros-y-cristianos","tag-mantenimiento","tag-navidad"],"yoast_head":"<!-- This site is optimized with the Yoast SEO plugin v27.3 - https:\/\/yoast.com\/product\/yoast-seo-wordpress\/ -->\n<title>Luces de Navidad instaladas a tiempo, el objetivo que persigue el Ayuntamiento de Alcoy - COPE Alcoy<\/title>\n<meta name=\"description\" content=\"El Ayuntamiento ha incluido el montaje de las iluminaci\u00f3n de Navidad en el nuevo contrato de mantenimiento del alumbrado p\u00fablico\" \/>\n<meta name=\"robots\" content=\"index, follow, max-snippet:-1, max-image-preview:large, max-video-preview:-1\" \/>\n<link rel=\"canonical\" href=\"https:\/\/www.copealcoy.es\/es\/luces-de-navidad-instaladas-a-tiempo-el-objetivo-que-persigue-el-ayuntamiento-de-alcoy\/\" \/>\n<meta property=\"og:locale\" content=\"es_ES\" \/>\n<meta property=\"og:type\" content=\"article\" \/>\n<meta property=\"og:title\" content=\"Luces de Navidad instaladas a tiempo, el objetivo que persigue el Ayuntamiento de Alcoy - COPE Alcoy\" \/>\n<meta property=\"og:description\" content=\"El Ayuntamiento ha incluido el montaje de las iluminaci\u00f3n de Navidad en el nuevo contrato de mantenimiento del alumbrado p\u00fablico\" \/>\n<meta property=\"og:url\" content=\"https:\/\/www.copealcoy.es\/es\/luces-de-navidad-instaladas-a-tiempo-el-objetivo-que-persigue-el-ayuntamiento-de-alcoy\/\" \/>\n<meta property=\"og:site_name\" content=\"COPE Alcoy\" \/>\n<meta property=\"article:published_time\" content=\"2023-09-06T05:00:44+00:00\" \/>\n<meta property=\"article:modified_time\" content=\"2023-09-06T06:29:42+00:00\" \/>\n<meta property=\"og:image\" content=\"https:\/\/www.copealcoy.es\/wp-content\/uploads\/2018\/08\/IMG_3385-e1666702562866.jpg\" \/>\n\t<meta property=\"og:image:width\" content=\"600\" \/>\n\t<meta property=\"og:image:height\" content=\"338\" \/>\n\t<meta property=\"og:image:type\" content=\"image\/jpeg\" \/>\n<meta name=\"author\" content=\"Cope Alcoy\" \/>\n<meta name=\"twitter:label1\" content=\"Escrito por\" \/>\n\t<meta name=\"twitter:data1\" content=\"Cope Alcoy\" \/>\n\t<meta name=\"twitter:label2\" content=\"Tiempo de lectura\" \/>\n\t<meta name=\"twitter:data2\" content=\"2 minutos\" \/>\n<script type=\"application\/ld+json\" class=\"yoast-schema-graph\">{\"@context\":\"https:\\\/\\\/schema.org\",\"@graph\":[{\"@type\":\"Article\",\"@id\":\"https:\\\/\\\/www.copealcoy.es\\\/es\\\/luces-de-navidad-instaladas-a-tiempo-el-objetivo-que-persigue-el-ayuntamiento-de-alcoy\\\/#article\",\"isPartOf\":{\"@id\":\"https:\\\/\\\/www.copealcoy.es\\\/es\\\/luces-de-navidad-instaladas-a-tiempo-el-objetivo-que-persigue-el-ayuntamiento-de-alcoy\\\/\"},\"author\":{\"name\":\"Cope Alcoy\",\"@id\":\"https:\\\/\\\/www.copealcoy.es\\\/es\\\/#\\\/schema\\\/person\\\/e777c87fa024e57d40170af9df39882c\"},\"headline\":\"Luces de Navidad instaladas a tiempo, el objetivo que persigue el Ayuntamiento de Alcoy\",\"datePublished\":\"2023-09-06T05:00:44+00:00\",\"dateModified\":\"2023-09-06T06:29:42+00:00\",\"mainEntityOfPage\":{\"@id\":\"https:\\\/\\\/www.copealcoy.es\\\/es\\\/luces-de-navidad-instaladas-a-tiempo-el-objetivo-que-persigue-el-ayuntamiento-de-alcoy\\\/\"},\"wordCount\":352,\"commentCount\":0,\"image\":{\"@id\":\"https:\\\/\\\/www.copealcoy.es\\\/es\\\/luces-de-navidad-instaladas-a-tiempo-el-objetivo-que-persigue-el-ayuntamiento-de-alcoy\\\/#primaryimage\"},\"thumbnailUrl\":\"https:\\\/\\\/www.copealcoy.es\\\/wp-content\\\/uploads\\\/2018\\\/08\\\/IMG_3385-e1666702562866.jpg\",\"keywords\":[\"Alcoy\",\"alumbrado p\u00fablico\",\"Contrato\",\"Enramada\",\"Fiestas Moros y Cristianos\",\"Mantenimiento\",\"Navidad\"],\"articleSection\":[\"Actualidad\",\"Alcoy\",\"Fiesta y Cultura\",\"Noticias\"],\"inLanguage\":\"es\"},{\"@type\":\"WebPage\",\"@id\":\"https:\\\/\\\/www.copealcoy.es\\\/es\\\/luces-de-navidad-instaladas-a-tiempo-el-objetivo-que-persigue-el-ayuntamiento-de-alcoy\\\/\",\"url\":\"https:\\\/\\\/www.copealcoy.es\\\/es\\\/luces-de-navidad-instaladas-a-tiempo-el-objetivo-que-persigue-el-ayuntamiento-de-alcoy\\\/\",\"name\":\"Luces de Navidad instaladas a tiempo, el objetivo que persigue el Ayuntamiento de Alcoy - COPE Alcoy\",\"isPartOf\":{\"@id\":\"https:\\\/\\\/www.copealcoy.es\\\/es\\\/#website\"},\"primaryImageOfPage\":{\"@id\":\"https:\\\/\\\/www.copealcoy.es\\\/es\\\/luces-de-navidad-instaladas-a-tiempo-el-objetivo-que-persigue-el-ayuntamiento-de-alcoy\\\/#primaryimage\"},\"image\":{\"@id\":\"https:\\\/\\\/www.copealcoy.es\\\/es\\\/luces-de-navidad-instaladas-a-tiempo-el-objetivo-que-persigue-el-ayuntamiento-de-alcoy\\\/#primaryimage\"},\"thumbnailUrl\":\"https:\\\/\\\/www.copealcoy.es\\\/wp-content\\\/uploads\\\/2018\\\/08\\\/IMG_3385-e1666702562866.jpg\",\"datePublished\":\"2023-09-06T05:00:44+00:00\",\"dateModified\":\"2023-09-06T06:29:42+00:00\",\"author\":{\"@id\":\"https:\\\/\\\/www.copealcoy.es\\\/es\\\/#\\\/schema\\\/person\\\/e777c87fa024e57d40170af9df39882c\"},\"description\":\"El Ayuntamiento ha incluido el montaje de las iluminaci\u00f3n de Navidad en el nuevo contrato de mantenimiento del alumbrado p\u00fablico\",\"breadcrumb\":{\"@id\":\"https:\\\/\\\/www.copealcoy.es\\\/es\\\/luces-de-navidad-instaladas-a-tiempo-el-objetivo-que-persigue-el-ayuntamiento-de-alcoy\\\/#breadcrumb\"},\"inLanguage\":\"es\",\"potentialAction\":[{\"@type\":\"ReadAction\",\"target\":[\"https:\\\/\\\/www.copealcoy.es\\\/es\\\/luces-de-navidad-instaladas-a-tiempo-el-objetivo-que-persigue-el-ayuntamiento-de-alcoy\\\/\"]}]},{\"@type\":\"ImageObject\",\"inLanguage\":\"es\",\"@id\":\"https:\\\/\\\/www.copealcoy.es\\\/es\\\/luces-de-navidad-instaladas-a-tiempo-el-objetivo-que-persigue-el-ayuntamiento-de-alcoy\\\/#primaryimage\",\"url\":\"https:\\\/\\\/www.copealcoy.es\\\/wp-content\\\/uploads\\\/2018\\\/08\\\/IMG_3385-e1666702562866.jpg\",\"contentUrl\":\"https:\\\/\\\/www.copealcoy.es\\\/wp-content\\\/uploads\\\/2018\\\/08\\\/IMG_3385-e1666702562866.jpg\",\"width\":600,\"height\":338},{\"@type\":\"BreadcrumbList\",\"@id\":\"https:\\\/\\\/www.copealcoy.es\\\/es\\\/luces-de-navidad-instaladas-a-tiempo-el-objetivo-que-persigue-el-ayuntamiento-de-alcoy\\\/#breadcrumb\",\"itemListElement\":[{\"@type\":\"ListItem\",\"position\":1,\"name\":\"Portada\",\"item\":\"https:\\\/\\\/www.copealcoy.es\\\/es\\\/\"},{\"@type\":\"ListItem\",\"position\":2,\"name\":\"Luces de Navidad instaladas a tiempo, el objetivo que persigue el Ayuntamiento de Alcoy\"}]},{\"@type\":\"WebSite\",\"@id\":\"https:\\\/\\\/www.copealcoy.es\\\/es\\\/#website\",\"url\":\"https:\\\/\\\/www.copealcoy.es\\\/es\\\/\",\"name\":\"COPE Alcoy\",\"description\":\"Emisora COPE de radio local con emisi\u00f3n online. Pont de Sant Jordi 8-10 03803 Alcoy\",\"potentialAction\":[{\"@type\":\"SearchAction\",\"target\":{\"@type\":\"EntryPoint\",\"urlTemplate\":\"https:\\\/\\\/www.copealcoy.es\\\/es\\\/?s={search_term_string}\"},\"query-input\":{\"@type\":\"PropertyValueSpecification\",\"valueRequired\":true,\"valueName\":\"search_term_string\"}}],\"inLanguage\":\"es\"},{\"@type\":\"Person\",\"@id\":\"https:\\\/\\\/www.copealcoy.es\\\/es\\\/#\\\/schema\\\/person\\\/e777c87fa024e57d40170af9df39882c\",\"name\":\"Cope Alcoy\",\"image\":{\"@type\":\"ImageObject\",\"inLanguage\":\"es\",\"@id\":\"https:\\\/\\\/secure.gravatar.com\\\/avatar\\\/bb65d0283347e303893ba14f0692005417c1e0e690a325a4c5d8bb2b3943ee14?s=96&d=mm&r=g\",\"url\":\"https:\\\/\\\/secure.gravatar.com\\\/avatar\\\/bb65d0283347e303893ba14f0692005417c1e0e690a325a4c5d8bb2b3943ee14?s=96&d=mm&r=g\",\"contentUrl\":\"https:\\\/\\\/secure.gravatar.com\\\/avatar\\\/bb65d0283347e303893ba14f0692005417c1e0e690a325a4c5d8bb2b3943ee14?s=96&d=mm&r=g\",\"caption\":\"Cope Alcoy\"}}]}<\/script>\n<!-- \/ Yoast SEO plugin. -->","yoast_head_json":{"title":"Luces de Navidad instaladas a tiempo, el objetivo que persigue el Ayuntamiento de Alcoy - COPE Alcoy","description":"El Ayuntamiento ha incluido el montaje de las iluminaci\u00f3n de Navidad en el nuevo contrato de mantenimiento del alumbrado p\u00fablico","robots":{"index":"index","follow":"follow","max-snippet":"max-snippet:-1","max-image-preview":"max-image-preview:large","max-video-preview":"max-video-preview:-1"},"canonical":"https:\/\/www.copealcoy.es\/es\/luces-de-navidad-instaladas-a-tiempo-el-objetivo-que-persigue-el-ayuntamiento-de-alcoy\/","og_locale":"es_ES","og_type":"article","og_title":"Luces de Navidad instaladas a tiempo, el objetivo que persigue el Ayuntamiento de Alcoy - COPE Alcoy","og_description":"El Ayuntamiento ha incluido el montaje de las iluminaci\u00f3n de Navidad en el nuevo contrato de mantenimiento del alumbrado p\u00fablico","og_url":"https:\/\/www.copealcoy.es\/es\/luces-de-navidad-instaladas-a-tiempo-el-objetivo-que-persigue-el-ayuntamiento-de-alcoy\/","og_site_name":"COPE Alcoy","article_published_time":"2023-09-06T05:00:44+00:00","article_modified_time":"2023-09-06T06:29:42+00:00","og_image":[{"width":600,"height":338,"url":"https:\/\/www.copealcoy.es\/wp-content\/uploads\/2018\/08\/IMG_3385-e1666702562866.jpg","type":"image\/jpeg"}],"author":"Cope Alcoy","twitter_misc":{"Escrito por":"Cope Alcoy","Tiempo de lectura":"2 minutos"},"schema":{"@context":"https:\/\/schema.org","@graph":[{"@type":"Article","@id":"https:\/\/www.copealcoy.es\/es\/luces-de-navidad-instaladas-a-tiempo-el-objetivo-que-persigue-el-ayuntamiento-de-alcoy\/#article","isPartOf":{"@id":"https:\/\/www.copealcoy.es\/es\/luces-de-navidad-instaladas-a-tiempo-el-objetivo-que-persigue-el-ayuntamiento-de-alcoy\/"},"author":{"name":"Cope Alcoy","@id":"https:\/\/www.copealcoy.es\/es\/#\/schema\/person\/e777c87fa024e57d40170af9df39882c"},"headline":"Luces de Navidad instaladas a tiempo, el objetivo que persigue el Ayuntamiento de Alcoy","datePublished":"2023-09-06T05:00:44+00:00","dateModified":"2023-09-06T06:29:42+00:00","mainEntityOfPage":{"@id":"https:\/\/www.copealcoy.es\/es\/luces-de-navidad-instaladas-a-tiempo-el-objetivo-que-persigue-el-ayuntamiento-de-alcoy\/"},"wordCount":352,"commentCount":0,"image":{"@id":"https:\/\/www.copealcoy.es\/es\/luces-de-navidad-instaladas-a-tiempo-el-objetivo-que-persigue-el-ayuntamiento-de-alcoy\/#primaryimage"},"thumbnailUrl":"https:\/\/www.copealcoy.es\/wp-content\/uploads\/2018\/08\/IMG_3385-e1666702562866.jpg","keywords":["Alcoy","alumbrado p\u00fablico","Contrato","Enramada","Fiestas Moros y Cristianos","Mantenimiento","Navidad"],"articleSection":["Actualidad","Alcoy","Fiesta y Cultura","Noticias"],"inLanguage":"es"},{"@type":"WebPage","@id":"https:\/\/www.copealcoy.es\/es\/luces-de-navidad-instaladas-a-tiempo-el-objetivo-que-persigue-el-ayuntamiento-de-alcoy\/","url":"https:\/\/www.copealcoy.es\/es\/luces-de-navidad-instaladas-a-tiempo-el-objetivo-que-persigue-el-ayuntamiento-de-alcoy\/","name":"Luces de Navidad instaladas a tiempo, el objetivo que persigue el Ayuntamiento de Alcoy - COPE Alcoy","isPartOf":{"@id":"https:\/\/www.copealcoy.es\/es\/#website"},"primaryImageOfPage":{"@id":"https:\/\/www.copealcoy.es\/es\/luces-de-navidad-instaladas-a-tiempo-el-objetivo-que-persigue-el-ayuntamiento-de-alcoy\/#primaryimage"},"image":{"@id":"https:\/\/www.copealcoy.es\/es\/luces-de-navidad-instaladas-a-tiempo-el-objetivo-que-persigue-el-ayuntamiento-de-alcoy\/#primaryimage"},"thumbnailUrl":"https:\/\/www.copealcoy.es\/wp-content\/uploads\/2018\/08\/IMG_3385-e1666702562866.jpg","datePublished":"2023-09-06T05:00:44+00:00","dateModified":"2023-09-06T06:29:42+00:00","author":{"@id":"https:\/\/www.copealcoy.es\/es\/#\/schema\/person\/e777c87fa024e57d40170af9df39882c"},"description":"El Ayuntamiento ha incluido el montaje de las iluminaci\u00f3n de Navidad en el nuevo contrato de mantenimiento del alumbrado p\u00fablico","breadcrumb":{"@id":"https:\/\/www.copealcoy.es\/es\/luces-de-navidad-instaladas-a-tiempo-el-objetivo-que-persigue-el-ayuntamiento-de-alcoy\/#breadcrumb"},"inLanguage":"es","potentialAction":[{"@type":"ReadAction","target":["https:\/\/www.copealcoy.es\/es\/luces-de-navidad-instaladas-a-tiempo-el-objetivo-que-persigue-el-ayuntamiento-de-alcoy\/"]}]},{"@type":"ImageObject","inLanguage":"es","@id":"https:\/\/www.copealcoy.es\/es\/luces-de-navidad-instaladas-a-tiempo-el-objetivo-que-persigue-el-ayuntamiento-de-alcoy\/#primaryimage","url":"https:\/\/www.copealcoy.es\/wp-content\/uploads\/2018\/08\/IMG_3385-e1666702562866.jpg","contentUrl":"https:\/\/www.copealcoy.es\/wp-content\/uploads\/2018\/08\/IMG_3385-e1666702562866.jpg","width":600,"height":338},{"@type":"BreadcrumbList","@id":"https:\/\/www.copealcoy.es\/es\/luces-de-navidad-instaladas-a-tiempo-el-objetivo-que-persigue-el-ayuntamiento-de-alcoy\/#breadcrumb","itemListElement":[{"@type":"ListItem","position":1,"name":"Portada","item":"https:\/\/www.copealcoy.es\/es\/"},{"@type":"ListItem","position":2,"name":"Luces de Navidad instaladas a tiempo, el objetivo que persigue el Ayuntamiento de Alcoy"}]},{"@type":"WebSite","@id":"https:\/\/www.copealcoy.es\/es\/#website","url":"https:\/\/www.copealcoy.es\/es\/","name":"COPE Alcoy","description":"Emisora COPE de radio local con emisi\u00f3n online. Pont de Sant Jordi 8-10 03803 Alcoy","potentialAction":[{"@type":"SearchAction","target":{"@type":"EntryPoint","urlTemplate":"https:\/\/www.copealcoy.es\/es\/?s={search_term_string}"},"query-input":{"@type":"PropertyValueSpecification","valueRequired":true,"valueName":"search_term_string"}}],"inLanguage":"es"},{"@type":"Person","@id":"https:\/\/www.copealcoy.es\/es\/#\/schema\/person\/e777c87fa024e57d40170af9df39882c","name":"Cope Alcoy","image":{"@type":"ImageObject","inLanguage":"es","@id":"https:\/\/secure.gravatar.com\/avatar\/bb65d0283347e303893ba14f0692005417c1e0e690a325a4c5d8bb2b3943ee14?s=96&d=mm&r=g","url":"https:\/\/secure.gravatar.com\/avatar\/bb65d0283347e303893ba14f0692005417c1e0e690a325a4c5d8bb2b3943ee14?s=96&d=mm&r=g","contentUrl":"https:\/\/secure.gravatar.com\/avatar\/bb65d0283347e303893ba14f0692005417c1e0e690a325a4c5d8bb2b3943ee14?s=96&d=mm&r=g","caption":"Cope Alcoy"}}]}},"_links":{"self":[{"href":"https:\/\/www.copealcoy.es\/es\/wp-json\/wp\/v2\/posts\/121231","targetHints":{"allow":["GET"]}}],"collection":[{"href":"https:\/\/www.copealcoy.es\/es\/wp-json\/wp\/v2\/posts"}],"about":[{"href":"https:\/\/www.copealcoy.es\/es\/wp-json\/wp\/v2\/types\/post"}],"author":[{"embeddable":true,"href":"https:\/\/www.copealcoy.es\/es\/wp-json\/wp\/v2\/users\/1"}],"replies":[{"embeddable":true,"href":"https:\/\/www.copealcoy.es\/es\/wp-json\/wp\/v2\/comments?post=121231"}],"version-history":[{"count":0,"href":"https:\/\/www.copealcoy.es\/es\/wp-json\/wp\/v2\/posts\/121231\/revisions"}],"wp:featuredmedia":[{"embeddable":true,"href":"https:\/\/www.copealcoy.es\/es\/wp-json\/wp\/v2\/media\/44606"}],"wp:attachment":[{"href":"https:\/\/www.copealcoy.es\/es\/wp-json\/wp\/v2\/media?parent=121231"}],"wp:term":[{"taxonomy":"category","embeddable":true,"href":"https:\/\/www.copealcoy.es\/es\/wp-json\/wp\/v2\/categories?post=121231"},{"taxonomy":"post_tag","embeddable":true,"href":"https:\/\/www.copealcoy.es\/es\/wp-json\/wp\/v2\/tags?post=121231"}],"curies":[{"name":"wp","href":"https:\/\/api.w.org\/{rel}","templated":true}]}}