{"id":12121,"date":"2015-04-12T12:53:19","date_gmt":"2015-04-12T12:53:19","guid":{"rendered":"http:\/\/copealcoi.es\/new\/?p=12121"},"modified":"2015-04-12T12:53:43","modified_gmt":"2015-04-12T12:53:43","slug":"compromis-col-lectiu-03820-presenta-las-lineas-de-su-programa","status":"publish","type":"post","link":"https:\/\/www.copealcoy.es\/es\/compromis-col-lectiu-03820-presenta-las-lineas-de-su-programa\/","title":{"rendered":"Comprom\u00eds &#8211; Col.lectiu 03820 presenta las l\u00edneas b\u00e1sicas de su programa"},"content":{"rendered":"<p style=\"text-align: justify;\">El Centre Social Real Blanc de Cocentaina acogi\u00f3 el pasado viernes un acto en el que la coalici\u00f3n Comprom\u00eds &#8211; Col-lectiu 03820 present\u00f3 la l\u00edneas b\u00e1sicas de su programa electoral para los comicios de mayo de 2015. Bajo el lema &#8220;La\u00a0Cocentaina que farem: Idees per a un Programa de Govern&#8221; el acto p\u00fablico cont\u00f3 con la presencia de Joan Baldov\u00ed, Diputado Nacional por la formaci\u00f3n pol\u00edtica en el Congreso de los Diputados. Adem\u00e1s el candidato a la alcald\u00eda, Xavi Anduix, desgran\u00f3 que el programa de la coalici\u00f3n destaca por la participaci\u00f3n al incorporar las propuestas que se han recogido de los contestanos y de las asociaciones as\u00ed como de las\u00a0entidades en las diferentes asambleas que se han celebrado en los \u00faltimos meses.<\/p>\n<p style=\"text-align: justify;\">Por otra parte se present\u00f3 la candidatura completa e intervinieron Jordi Pla y Paula Figuerola de Comprom\u00eds as\u00ed como la actual portavoz del Col.lectiu 03820 en la Corporaci\u00f3n Municipal, Esther Blanes.<\/p>\n","protected":false},"excerpt":{"rendered":"<p>El Centre Social Real Blanc de Cocentaina acogi\u00f3 el pasado viernes un acto en el que la coalici\u00f3n Comprom\u00eds &#8211;&#8230;<\/p>\n","protected":false},"author":1,"featured_media":12122,"comment_status":"open","ping_status":"open","sticky":false,"template":"","format":"standard","meta":{"footnotes":""},"categories":[744,75],"tags":[132,610,152,237,307],"class_list":["post-12121","post","type-post","status-publish","format-standard","has-post-thumbnail","hentry","category-elecciones","category-noticias","tag-cocentaina","tag-col-lectiu-03820","tag-compromis","tag-comtat","tag-elecciones"],"yoast_head":"<!-- This site is optimized with the Yoast SEO plugin v27.3 - https:\/\/yoast.com\/product\/yoast-seo-wordpress\/ -->\n<title>Comprom\u00eds - Col.lectiu 03820 presenta las l\u00edneas b\u00e1sicas de su programa - COPE Alcoy<\/title>\n<meta name=\"robots\" content=\"index, follow, max-snippet:-1, max-image-preview:large, max-video-preview:-1\" \/>\n<link rel=\"canonical\" href=\"https:\/\/www.copealcoy.es\/es\/compromis-col-lectiu-03820-presenta-las-lineas-de-su-programa\/\" \/>\n<meta property=\"og:locale\" content=\"es_ES\" \/>\n<meta property=\"og:type\" content=\"article\" \/>\n<meta property=\"og:title\" content=\"Comprom\u00eds - Col.lectiu 03820 presenta las l\u00edneas b\u00e1sicas de su programa - COPE Alcoy\" \/>\n<meta property=\"og:description\" content=\"El Centre Social Real Blanc de Cocentaina acogi\u00f3 el pasado viernes un acto en el que la coalici\u00f3n Comprom\u00eds &#8211;...\" \/>\n<meta property=\"og:url\" content=\"https:\/\/www.copealcoy.es\/es\/compromis-col-lectiu-03820-presenta-las-lineas-de-su-programa\/\" \/>\n<meta property=\"og:site_name\" content=\"COPE Alcoy\" \/>\n<meta property=\"article:published_time\" content=\"2015-04-12T12:53:19+00:00\" \/>\n<meta property=\"article:modified_time\" content=\"2015-04-12T12:53:43+00:00\" \/>\n<meta property=\"og:image\" content=\"https:\/\/www.copealcoy.es\/wp-content\/uploads\/2015\/04\/Captura-de-pantalla-2015-04-12-a-las-14.41.27.jpg\" \/>\n\t<meta property=\"og:image:width\" content=\"780\" \/>\n\t<meta property=\"og:image:height\" content=\"497\" \/>\n\t<meta property=\"og:image:type\" content=\"image\/jpeg\" \/>\n<meta name=\"author\" content=\"Cope Alcoy\" \/>\n<meta name=\"twitter:label1\" content=\"Escrito por\" \/>\n\t<meta name=\"twitter:data1\" content=\"Cope Alcoy\" \/>\n\t<meta name=\"twitter:label2\" content=\"Tiempo de lectura\" \/>\n\t<meta name=\"twitter:data2\" content=\"1 minuto\" \/>\n<script type=\"application\/ld+json\" class=\"yoast-schema-graph\">{\"@context\":\"https:\\\/\\\/schema.org\",\"@graph\":[{\"@type\":\"Article\",\"@id\":\"https:\\\/\\\/www.copealcoy.es\\\/es\\\/compromis-col-lectiu-03820-presenta-las-lineas-de-su-programa\\\/#article\",\"isPartOf\":{\"@id\":\"https:\\\/\\\/www.copealcoy.es\\\/es\\\/compromis-col-lectiu-03820-presenta-las-lineas-de-su-programa\\\/\"},\"author\":{\"name\":\"Cope Alcoy\",\"@id\":\"https:\\\/\\\/www.copealcoy.es\\\/es\\\/#\\\/schema\\\/person\\\/e777c87fa024e57d40170af9df39882c\"},\"headline\":\"Comprom\u00eds &#8211; Col.lectiu 03820 presenta las l\u00edneas b\u00e1sicas de su programa\",\"datePublished\":\"2015-04-12T12:53:19+00:00\",\"dateModified\":\"2015-04-12T12:53:43+00:00\",\"mainEntityOfPage\":{\"@id\":\"https:\\\/\\\/www.copealcoy.es\\\/es\\\/compromis-col-lectiu-03820-presenta-las-lineas-de-su-programa\\\/\"},\"wordCount\":180,\"commentCount\":0,\"image\":{\"@id\":\"https:\\\/\\\/www.copealcoy.es\\\/es\\\/compromis-col-lectiu-03820-presenta-las-lineas-de-su-programa\\\/#primaryimage\"},\"thumbnailUrl\":\"https:\\\/\\\/www.copealcoy.es\\\/wp-content\\\/uploads\\\/2015\\\/04\\\/Captura-de-pantalla-2015-04-12-a-las-14.41.27.jpg\",\"keywords\":[\"Cocentaina\",\"Col.lectiu 03820\",\"Comprom\u00eds\",\"Comtat\",\"Elecciones\"],\"articleSection\":[\"Elecciones\",\"Noticias\"],\"inLanguage\":\"es\"},{\"@type\":\"WebPage\",\"@id\":\"https:\\\/\\\/www.copealcoy.es\\\/es\\\/compromis-col-lectiu-03820-presenta-las-lineas-de-su-programa\\\/\",\"url\":\"https:\\\/\\\/www.copealcoy.es\\\/es\\\/compromis-col-lectiu-03820-presenta-las-lineas-de-su-programa\\\/\",\"name\":\"Comprom\u00eds - Col.lectiu 03820 presenta las l\u00edneas b\u00e1sicas de su programa - COPE Alcoy\",\"isPartOf\":{\"@id\":\"https:\\\/\\\/www.copealcoy.es\\\/es\\\/#website\"},\"primaryImageOfPage\":{\"@id\":\"https:\\\/\\\/www.copealcoy.es\\\/es\\\/compromis-col-lectiu-03820-presenta-las-lineas-de-su-programa\\\/#primaryimage\"},\"image\":{\"@id\":\"https:\\\/\\\/www.copealcoy.es\\\/es\\\/compromis-col-lectiu-03820-presenta-las-lineas-de-su-programa\\\/#primaryimage\"},\"thumbnailUrl\":\"https:\\\/\\\/www.copealcoy.es\\\/wp-content\\\/uploads\\\/2015\\\/04\\\/Captura-de-pantalla-2015-04-12-a-las-14.41.27.jpg\",\"datePublished\":\"2015-04-12T12:53:19+00:00\",\"dateModified\":\"2015-04-12T12:53:43+00:00\",\"author\":{\"@id\":\"https:\\\/\\\/www.copealcoy.es\\\/es\\\/#\\\/schema\\\/person\\\/e777c87fa024e57d40170af9df39882c\"},\"breadcrumb\":{\"@id\":\"https:\\\/\\\/www.copealcoy.es\\\/es\\\/compromis-col-lectiu-03820-presenta-las-lineas-de-su-programa\\\/#breadcrumb\"},\"inLanguage\":\"es\",\"potentialAction\":[{\"@type\":\"ReadAction\",\"target\":[\"https:\\\/\\\/www.copealcoy.es\\\/es\\\/compromis-col-lectiu-03820-presenta-las-lineas-de-su-programa\\\/\"]}]},{\"@type\":\"ImageObject\",\"inLanguage\":\"es\",\"@id\":\"https:\\\/\\\/www.copealcoy.es\\\/es\\\/compromis-col-lectiu-03820-presenta-las-lineas-de-su-programa\\\/#primaryimage\",\"url\":\"https:\\\/\\\/www.copealcoy.es\\\/wp-content\\\/uploads\\\/2015\\\/04\\\/Captura-de-pantalla-2015-04-12-a-las-14.41.27.jpg\",\"contentUrl\":\"https:\\\/\\\/www.copealcoy.es\\\/wp-content\\\/uploads\\\/2015\\\/04\\\/Captura-de-pantalla-2015-04-12-a-las-14.41.27.jpg\",\"width\":780,\"height\":497,\"caption\":\"Jordi Pla interviene en el acto p\u00fablico. Foto: Comprom\u00eds Cocentaina\"},{\"@type\":\"BreadcrumbList\",\"@id\":\"https:\\\/\\\/www.copealcoy.es\\\/es\\\/compromis-col-lectiu-03820-presenta-las-lineas-de-su-programa\\\/#breadcrumb\",\"itemListElement\":[{\"@type\":\"ListItem\",\"position\":1,\"name\":\"Portada\",\"item\":\"https:\\\/\\\/www.copealcoy.es\\\/es\\\/\"},{\"@type\":\"ListItem\",\"position\":2,\"name\":\"Comprom\u00eds &#8211; Col.lectiu 03820 presenta las l\u00edneas b\u00e1sicas de su programa\"}]},{\"@type\":\"WebSite\",\"@id\":\"https:\\\/\\\/www.copealcoy.es\\\/es\\\/#website\",\"url\":\"https:\\\/\\\/www.copealcoy.es\\\/es\\\/\",\"name\":\"COPE Alcoy\",\"description\":\"Emisora COPE de radio local con emisi\u00f3n online. Pont de Sant Jordi 8-10 03803 Alcoy\",\"potentialAction\":[{\"@type\":\"SearchAction\",\"target\":{\"@type\":\"EntryPoint\",\"urlTemplate\":\"https:\\\/\\\/www.copealcoy.es\\\/es\\\/?s={search_term_string}\"},\"query-input\":{\"@type\":\"PropertyValueSpecification\",\"valueRequired\":true,\"valueName\":\"search_term_string\"}}],\"inLanguage\":\"es\"},{\"@type\":\"Person\",\"@id\":\"https:\\\/\\\/www.copealcoy.es\\\/es\\\/#\\\/schema\\\/person\\\/e777c87fa024e57d40170af9df39882c\",\"name\":\"Cope Alcoy\",\"image\":{\"@type\":\"ImageObject\",\"inLanguage\":\"es\",\"@id\":\"https:\\\/\\\/secure.gravatar.com\\\/avatar\\\/bb65d0283347e303893ba14f0692005417c1e0e690a325a4c5d8bb2b3943ee14?s=96&d=mm&r=g\",\"url\":\"https:\\\/\\\/secure.gravatar.com\\\/avatar\\\/bb65d0283347e303893ba14f0692005417c1e0e690a325a4c5d8bb2b3943ee14?s=96&d=mm&r=g\",\"contentUrl\":\"https:\\\/\\\/secure.gravatar.com\\\/avatar\\\/bb65d0283347e303893ba14f0692005417c1e0e690a325a4c5d8bb2b3943ee14?s=96&d=mm&r=g\",\"caption\":\"Cope Alcoy\"}}]}<\/script>\n<!-- \/ Yoast SEO plugin. -->","yoast_head_json":{"title":"Comprom\u00eds - Col.lectiu 03820 presenta las l\u00edneas b\u00e1sicas de su programa - COPE Alcoy","robots":{"index":"index","follow":"follow","max-snippet":"max-snippet:-1","max-image-preview":"max-image-preview:large","max-video-preview":"max-video-preview:-1"},"canonical":"https:\/\/www.copealcoy.es\/es\/compromis-col-lectiu-03820-presenta-las-lineas-de-su-programa\/","og_locale":"es_ES","og_type":"article","og_title":"Comprom\u00eds - Col.lectiu 03820 presenta las l\u00edneas b\u00e1sicas de su programa - COPE Alcoy","og_description":"El Centre Social Real Blanc de Cocentaina acogi\u00f3 el pasado viernes un acto en el que la coalici\u00f3n Comprom\u00eds &#8211;...","og_url":"https:\/\/www.copealcoy.es\/es\/compromis-col-lectiu-03820-presenta-las-lineas-de-su-programa\/","og_site_name":"COPE Alcoy","article_published_time":"2015-04-12T12:53:19+00:00","article_modified_time":"2015-04-12T12:53:43+00:00","og_image":[{"width":780,"height":497,"url":"https:\/\/www.copealcoy.es\/wp-content\/uploads\/2015\/04\/Captura-de-pantalla-2015-04-12-a-las-14.41.27.jpg","type":"image\/jpeg"}],"author":"Cope Alcoy","twitter_misc":{"Escrito por":"Cope Alcoy","Tiempo de lectura":"1 minuto"},"schema":{"@context":"https:\/\/schema.org","@graph":[{"@type":"Article","@id":"https:\/\/www.copealcoy.es\/es\/compromis-col-lectiu-03820-presenta-las-lineas-de-su-programa\/#article","isPartOf":{"@id":"https:\/\/www.copealcoy.es\/es\/compromis-col-lectiu-03820-presenta-las-lineas-de-su-programa\/"},"author":{"name":"Cope Alcoy","@id":"https:\/\/www.copealcoy.es\/es\/#\/schema\/person\/e777c87fa024e57d40170af9df39882c"},"headline":"Comprom\u00eds &#8211; Col.lectiu 03820 presenta las l\u00edneas b\u00e1sicas de su programa","datePublished":"2015-04-12T12:53:19+00:00","dateModified":"2015-04-12T12:53:43+00:00","mainEntityOfPage":{"@id":"https:\/\/www.copealcoy.es\/es\/compromis-col-lectiu-03820-presenta-las-lineas-de-su-programa\/"},"wordCount":180,"commentCount":0,"image":{"@id":"https:\/\/www.copealcoy.es\/es\/compromis-col-lectiu-03820-presenta-las-lineas-de-su-programa\/#primaryimage"},"thumbnailUrl":"https:\/\/www.copealcoy.es\/wp-content\/uploads\/2015\/04\/Captura-de-pantalla-2015-04-12-a-las-14.41.27.jpg","keywords":["Cocentaina","Col.lectiu 03820","Comprom\u00eds","Comtat","Elecciones"],"articleSection":["Elecciones","Noticias"],"inLanguage":"es"},{"@type":"WebPage","@id":"https:\/\/www.copealcoy.es\/es\/compromis-col-lectiu-03820-presenta-las-lineas-de-su-programa\/","url":"https:\/\/www.copealcoy.es\/es\/compromis-col-lectiu-03820-presenta-las-lineas-de-su-programa\/","name":"Comprom\u00eds - Col.lectiu 03820 presenta las l\u00edneas b\u00e1sicas de su programa - COPE Alcoy","isPartOf":{"@id":"https:\/\/www.copealcoy.es\/es\/#website"},"primaryImageOfPage":{"@id":"https:\/\/www.copealcoy.es\/es\/compromis-col-lectiu-03820-presenta-las-lineas-de-su-programa\/#primaryimage"},"image":{"@id":"https:\/\/www.copealcoy.es\/es\/compromis-col-lectiu-03820-presenta-las-lineas-de-su-programa\/#primaryimage"},"thumbnailUrl":"https:\/\/www.copealcoy.es\/wp-content\/uploads\/2015\/04\/Captura-de-pantalla-2015-04-12-a-las-14.41.27.jpg","datePublished":"2015-04-12T12:53:19+00:00","dateModified":"2015-04-12T12:53:43+00:00","author":{"@id":"https:\/\/www.copealcoy.es\/es\/#\/schema\/person\/e777c87fa024e57d40170af9df39882c"},"breadcrumb":{"@id":"https:\/\/www.copealcoy.es\/es\/compromis-col-lectiu-03820-presenta-las-lineas-de-su-programa\/#breadcrumb"},"inLanguage":"es","potentialAction":[{"@type":"ReadAction","target":["https:\/\/www.copealcoy.es\/es\/compromis-col-lectiu-03820-presenta-las-lineas-de-su-programa\/"]}]},{"@type":"ImageObject","inLanguage":"es","@id":"https:\/\/www.copealcoy.es\/es\/compromis-col-lectiu-03820-presenta-las-lineas-de-su-programa\/#primaryimage","url":"https:\/\/www.copealcoy.es\/wp-content\/uploads\/2015\/04\/Captura-de-pantalla-2015-04-12-a-las-14.41.27.jpg","contentUrl":"https:\/\/www.copealcoy.es\/wp-content\/uploads\/2015\/04\/Captura-de-pantalla-2015-04-12-a-las-14.41.27.jpg","width":780,"height":497,"caption":"Jordi Pla interviene en el acto p\u00fablico. Foto: Comprom\u00eds Cocentaina"},{"@type":"BreadcrumbList","@id":"https:\/\/www.copealcoy.es\/es\/compromis-col-lectiu-03820-presenta-las-lineas-de-su-programa\/#breadcrumb","itemListElement":[{"@type":"ListItem","position":1,"name":"Portada","item":"https:\/\/www.copealcoy.es\/es\/"},{"@type":"ListItem","position":2,"name":"Comprom\u00eds &#8211; Col.lectiu 03820 presenta las l\u00edneas b\u00e1sicas de su programa"}]},{"@type":"WebSite","@id":"https:\/\/www.copealcoy.es\/es\/#website","url":"https:\/\/www.copealcoy.es\/es\/","name":"COPE Alcoy","description":"Emisora COPE de radio local con emisi\u00f3n online. Pont de Sant Jordi 8-10 03803 Alcoy","potentialAction":[{"@type":"SearchAction","target":{"@type":"EntryPoint","urlTemplate":"https:\/\/www.copealcoy.es\/es\/?s={search_term_string}"},"query-input":{"@type":"PropertyValueSpecification","valueRequired":true,"valueName":"search_term_string"}}],"inLanguage":"es"},{"@type":"Person","@id":"https:\/\/www.copealcoy.es\/es\/#\/schema\/person\/e777c87fa024e57d40170af9df39882c","name":"Cope Alcoy","image":{"@type":"ImageObject","inLanguage":"es","@id":"https:\/\/secure.gravatar.com\/avatar\/bb65d0283347e303893ba14f0692005417c1e0e690a325a4c5d8bb2b3943ee14?s=96&d=mm&r=g","url":"https:\/\/secure.gravatar.com\/avatar\/bb65d0283347e303893ba14f0692005417c1e0e690a325a4c5d8bb2b3943ee14?s=96&d=mm&r=g","contentUrl":"https:\/\/secure.gravatar.com\/avatar\/bb65d0283347e303893ba14f0692005417c1e0e690a325a4c5d8bb2b3943ee14?s=96&d=mm&r=g","caption":"Cope Alcoy"}}]}},"_links":{"self":[{"href":"https:\/\/www.copealcoy.es\/es\/wp-json\/wp\/v2\/posts\/12121","targetHints":{"allow":["GET"]}}],"collection":[{"href":"https:\/\/www.copealcoy.es\/es\/wp-json\/wp\/v2\/posts"}],"about":[{"href":"https:\/\/www.copealcoy.es\/es\/wp-json\/wp\/v2\/types\/post"}],"author":[{"embeddable":true,"href":"https:\/\/www.copealcoy.es\/es\/wp-json\/wp\/v2\/users\/1"}],"replies":[{"embeddable":true,"href":"https:\/\/www.copealcoy.es\/es\/wp-json\/wp\/v2\/comments?post=12121"}],"version-history":[{"count":0,"href":"https:\/\/www.copealcoy.es\/es\/wp-json\/wp\/v2\/posts\/12121\/revisions"}],"wp:featuredmedia":[{"embeddable":true,"href":"https:\/\/www.copealcoy.es\/es\/wp-json\/wp\/v2\/media\/12122"}],"wp:attachment":[{"href":"https:\/\/www.copealcoy.es\/es\/wp-json\/wp\/v2\/media?parent=12121"}],"wp:term":[{"taxonomy":"category","embeddable":true,"href":"https:\/\/www.copealcoy.es\/es\/wp-json\/wp\/v2\/categories?post=12121"},{"taxonomy":"post_tag","embeddable":true,"href":"https:\/\/www.copealcoy.es\/es\/wp-json\/wp\/v2\/tags?post=12121"}],"curies":[{"name":"wp","href":"https:\/\/api.w.org\/{rel}","templated":true}]}}