{"id":120995,"date":"2023-08-24T17:19:49","date_gmt":"2023-08-24T16:19:49","guid":{"rendered":"https:\/\/www.copealcoy.es\/?p=120995"},"modified":"2023-09-01T17:35:47","modified_gmt":"2023-09-01T16:35:47","slug":"llegan-novedades-a-la-zona-degustacion-de-la-fira-de-tots-sants-de-cocentaina","status":"publish","type":"post","link":"https:\/\/www.copealcoy.es\/es\/llegan-novedades-a-la-zona-degustacion-de-la-fira-de-tots-sants-de-cocentaina\/","title":{"rendered":"Llegan novedades a la zona degustaci\u00f3n de la Fira de Tots Sants de Cocentaina"},"content":{"rendered":"<p style=\"text-align: justify;\">Cocentaina <strong>ya ultima los preparativos para la celebraci\u00f3n de la pr\u00f3xima <a href=\"https:\/\/www.firadecocentaina.org\/\" target=\"_blank\" rel=\"noopener\"><span style=\"color: #0000ff;\">Fira de Tots Sants<\/span><\/a><\/strong> y una de las <strong>principales novedades<\/strong> de la edici\u00f3n 2023 ser\u00e1n <strong>los cambios que se aplicar\u00e1n en el sector de degustaci\u00f3n<\/strong>. La organizaci\u00f3n del certamen apuesta por<strong> ampliar la superficie<\/strong> de este espacio al mismo tiempo que el Ayuntamiento de la Villa Condal <strong>recupera la gesti\u00f3n directa<\/strong> de los puestos que se van a instalar en esta zona.<\/p>\n<p style=\"text-align: justify;\">El objetivo de esta decisi\u00f3n municipal es <strong>ofrecer una experiencia gastron\u00f3mica \u00fanica<\/strong> a las personas visitantes que llegan hasta Cocentaina durante los d\u00edas de la Fira. El plazo para solicitar la participaci\u00f3n <strong>est\u00e1 abierto hasta el 31 de agosto de 2023<\/strong> mediante la <a href=\"https:\/\/cocentaina.sedelectronica.es\/info.0\" target=\"_blank\" rel=\"noopener\"><strong><span style=\"color: #0000ff;\">Sede Electr\u00f3nica<\/span><\/strong><\/a> del consistorio, punto en el que tambi\u00e9n encontrar\u00e1n toda la informaci\u00f3n sobre los criterios de selecci\u00f3n para tomar parte en esta \u00e1rea de la Fira.<\/p>\n<p style=\"text-align: justify;\">La Zona de Degustaci\u00f3n \u2018Sol a Sol\u2019 de la Fira de Tots Sants de Cocentaina <strong>estar\u00e1 ubicada entre las calles Jaume I, Moss\u00e9n Eugenio Raduan y el parque Anselmo Mart\u00ed<\/strong>. El recinto estar\u00e1 abierto a productores y artesanos de productos agroalimentarios, as\u00ed como a fabricantes de bebidas y licores, que quieran exhibir sus art\u00edculos. En total, <strong>se contempla destinar m\u00e1s de 2.300 metros cuadrados a los diferentes formatos<\/strong> gastron\u00f3micos entre los que destacan las \u2018food trucks\u2019, los puestos de degustaci\u00f3n y las estructuras gastron\u00f3micas as\u00ed como contenedores de estilo industrial &#8220;l<em>a alimentaci\u00f3n es uno de los elementos clave de nuestra Fira, donde se combina la riqueza de nuestra gastronom\u00eda con la oferta de opciones variadas y de calidad para los asistentes. Por este motivo, y desde el primer momento, decidimos retomar la gesti\u00f3n directa de este sector y estamos trabajando para que esta edici\u00f3n sea una experiencia inolvidable para los visitantes, vecinos y vecinas, tanto por los sabores \u00fanicos como por el ambiente acogedor que ofreceremos<\/em>&#8220;, explica la concejala delegada de Fira; <strong>Marcela Richart<\/strong>.<\/p>\n<p style=\"text-align: justify;\">Recordar que la Fira de Tots Sants de Cocentaina de 2023 <strong>va\u00a0 ser una de las m\u00e1s largas en el calendario<\/strong> de los \u00faltimos a\u00f1os puesto que durar\u00e1 cinco d\u00edas. Arrancar\u00e1 el mi\u00e9rcoles 1 de noviembre y estar\u00e1 funcionando a pleno rendimiento hasta el domingo d\u00eda 5.<\/p>\n","protected":false},"excerpt":{"rendered":"<p>Cocentaina ya ultima los preparativos para la celebraci\u00f3n de la pr\u00f3xima Fira de Tots Sants y una de las principales&#8230;<\/p>\n","protected":false},"author":1,"featured_media":120996,"comment_status":"open","ping_status":"open","sticky":false,"template":"","format":"standard","meta":{"footnotes":""},"categories":[6909,98,75],"tags":[3996,132,635,716,15465],"class_list":["post-120995","post","type-post","status-publish","format-standard","has-post-thumbnail","hentry","category-actualidad","category-comarcas","category-noticias","tag-alimentacion","tag-cocentaina","tag-fira-de-tots-sants","tag-gastronomia","tag-sector-degustacion"],"yoast_head":"<!-- This site is optimized with the Yoast SEO plugin v27.3 - https:\/\/yoast.com\/product\/yoast-seo-wordpress\/ -->\n<title>Llegan novedades a la zona degustaci\u00f3n de la Fira de Tots Sants de Cocentaina - COPE Alcoy<\/title>\n<meta name=\"description\" content=\"Cocentaina incorpora destacadas novedades para la pr\u00f3xima edici\u00f3n de la Fira de Tots Sants en la zona dedicada a la degustaci\u00f3n\" \/>\n<meta name=\"robots\" content=\"index, follow, max-snippet:-1, max-image-preview:large, max-video-preview:-1\" \/>\n<link rel=\"canonical\" href=\"https:\/\/www.copealcoy.es\/es\/llegan-novedades-a-la-zona-degustacion-de-la-fira-de-tots-sants-de-cocentaina\/\" \/>\n<meta property=\"og:locale\" content=\"es_ES\" \/>\n<meta property=\"og:type\" content=\"article\" \/>\n<meta property=\"og:title\" content=\"Llegan novedades a la zona degustaci\u00f3n de la Fira de Tots Sants de Cocentaina - COPE Alcoy\" \/>\n<meta property=\"og:description\" content=\"Cocentaina incorpora destacadas novedades para la pr\u00f3xima edici\u00f3n de la Fira de Tots Sants en la zona dedicada a la degustaci\u00f3n\" \/>\n<meta property=\"og:url\" content=\"https:\/\/www.copealcoy.es\/es\/llegan-novedades-a-la-zona-degustacion-de-la-fira-de-tots-sants-de-cocentaina\/\" \/>\n<meta property=\"og:site_name\" content=\"COPE Alcoy\" \/>\n<meta property=\"article:published_time\" content=\"2023-08-24T16:19:49+00:00\" \/>\n<meta property=\"article:modified_time\" content=\"2023-09-01T16:35:47+00:00\" \/>\n<meta property=\"og:image\" content=\"https:\/\/www.copealcoy.es\/wp-content\/uploads\/2023\/09\/timThumb.jpg\" \/>\n\t<meta property=\"og:image:width\" content=\"800\" \/>\n\t<meta property=\"og:image:height\" content=\"533\" \/>\n\t<meta property=\"og:image:type\" content=\"image\/jpeg\" \/>\n<meta name=\"author\" content=\"Cope Alcoy\" \/>\n<meta name=\"twitter:label1\" content=\"Escrito por\" \/>\n\t<meta name=\"twitter:data1\" content=\"Cope Alcoy\" \/>\n\t<meta name=\"twitter:label2\" content=\"Tiempo de lectura\" \/>\n\t<meta name=\"twitter:data2\" content=\"2 minutos\" \/>\n<script type=\"application\/ld+json\" class=\"yoast-schema-graph\">{\"@context\":\"https:\\\/\\\/schema.org\",\"@graph\":[{\"@type\":\"Article\",\"@id\":\"https:\\\/\\\/www.copealcoy.es\\\/es\\\/llegan-novedades-a-la-zona-degustacion-de-la-fira-de-tots-sants-de-cocentaina\\\/#article\",\"isPartOf\":{\"@id\":\"https:\\\/\\\/www.copealcoy.es\\\/es\\\/llegan-novedades-a-la-zona-degustacion-de-la-fira-de-tots-sants-de-cocentaina\\\/\"},\"author\":{\"name\":\"Cope Alcoy\",\"@id\":\"https:\\\/\\\/www.copealcoy.es\\\/es\\\/#\\\/schema\\\/person\\\/e777c87fa024e57d40170af9df39882c\"},\"headline\":\"Llegan novedades a la zona degustaci\u00f3n de la Fira de Tots Sants de Cocentaina\",\"datePublished\":\"2023-08-24T16:19:49+00:00\",\"dateModified\":\"2023-09-01T16:35:47+00:00\",\"mainEntityOfPage\":{\"@id\":\"https:\\\/\\\/www.copealcoy.es\\\/es\\\/llegan-novedades-a-la-zona-degustacion-de-la-fira-de-tots-sants-de-cocentaina\\\/\"},\"wordCount\":405,\"commentCount\":0,\"image\":{\"@id\":\"https:\\\/\\\/www.copealcoy.es\\\/es\\\/llegan-novedades-a-la-zona-degustacion-de-la-fira-de-tots-sants-de-cocentaina\\\/#primaryimage\"},\"thumbnailUrl\":\"https:\\\/\\\/www.copealcoy.es\\\/wp-content\\\/uploads\\\/2023\\\/09\\\/timThumb.jpg\",\"keywords\":[\"alimentaci\u00f3n\",\"Cocentaina\",\"Fira de Tots Sants\",\"Gastronom\u00eda\",\"sector degustaci\u00f3n\"],\"articleSection\":[\"Actualidad\",\"Comarcas\",\"Noticias\"],\"inLanguage\":\"es\"},{\"@type\":\"WebPage\",\"@id\":\"https:\\\/\\\/www.copealcoy.es\\\/es\\\/llegan-novedades-a-la-zona-degustacion-de-la-fira-de-tots-sants-de-cocentaina\\\/\",\"url\":\"https:\\\/\\\/www.copealcoy.es\\\/es\\\/llegan-novedades-a-la-zona-degustacion-de-la-fira-de-tots-sants-de-cocentaina\\\/\",\"name\":\"Llegan novedades a la zona degustaci\u00f3n de la Fira de Tots Sants de Cocentaina - COPE Alcoy\",\"isPartOf\":{\"@id\":\"https:\\\/\\\/www.copealcoy.es\\\/es\\\/#website\"},\"primaryImageOfPage\":{\"@id\":\"https:\\\/\\\/www.copealcoy.es\\\/es\\\/llegan-novedades-a-la-zona-degustacion-de-la-fira-de-tots-sants-de-cocentaina\\\/#primaryimage\"},\"image\":{\"@id\":\"https:\\\/\\\/www.copealcoy.es\\\/es\\\/llegan-novedades-a-la-zona-degustacion-de-la-fira-de-tots-sants-de-cocentaina\\\/#primaryimage\"},\"thumbnailUrl\":\"https:\\\/\\\/www.copealcoy.es\\\/wp-content\\\/uploads\\\/2023\\\/09\\\/timThumb.jpg\",\"datePublished\":\"2023-08-24T16:19:49+00:00\",\"dateModified\":\"2023-09-01T16:35:47+00:00\",\"author\":{\"@id\":\"https:\\\/\\\/www.copealcoy.es\\\/es\\\/#\\\/schema\\\/person\\\/e777c87fa024e57d40170af9df39882c\"},\"description\":\"Cocentaina incorpora destacadas novedades para la pr\u00f3xima edici\u00f3n de la Fira de Tots Sants en la zona dedicada a la degustaci\u00f3n\",\"breadcrumb\":{\"@id\":\"https:\\\/\\\/www.copealcoy.es\\\/es\\\/llegan-novedades-a-la-zona-degustacion-de-la-fira-de-tots-sants-de-cocentaina\\\/#breadcrumb\"},\"inLanguage\":\"es\",\"potentialAction\":[{\"@type\":\"ReadAction\",\"target\":[\"https:\\\/\\\/www.copealcoy.es\\\/es\\\/llegan-novedades-a-la-zona-degustacion-de-la-fira-de-tots-sants-de-cocentaina\\\/\"]}]},{\"@type\":\"ImageObject\",\"inLanguage\":\"es\",\"@id\":\"https:\\\/\\\/www.copealcoy.es\\\/es\\\/llegan-novedades-a-la-zona-degustacion-de-la-fira-de-tots-sants-de-cocentaina\\\/#primaryimage\",\"url\":\"https:\\\/\\\/www.copealcoy.es\\\/wp-content\\\/uploads\\\/2023\\\/09\\\/timThumb.jpg\",\"contentUrl\":\"https:\\\/\\\/www.copealcoy.es\\\/wp-content\\\/uploads\\\/2023\\\/09\\\/timThumb.jpg\",\"width\":800,\"height\":533},{\"@type\":\"BreadcrumbList\",\"@id\":\"https:\\\/\\\/www.copealcoy.es\\\/es\\\/llegan-novedades-a-la-zona-degustacion-de-la-fira-de-tots-sants-de-cocentaina\\\/#breadcrumb\",\"itemListElement\":[{\"@type\":\"ListItem\",\"position\":1,\"name\":\"Portada\",\"item\":\"https:\\\/\\\/www.copealcoy.es\\\/es\\\/\"},{\"@type\":\"ListItem\",\"position\":2,\"name\":\"Llegan novedades a la zona degustaci\u00f3n de la Fira de Tots Sants de Cocentaina\"}]},{\"@type\":\"WebSite\",\"@id\":\"https:\\\/\\\/www.copealcoy.es\\\/es\\\/#website\",\"url\":\"https:\\\/\\\/www.copealcoy.es\\\/es\\\/\",\"name\":\"COPE Alcoy\",\"description\":\"Emisora COPE de radio local con emisi\u00f3n online. Pont de Sant Jordi 8-10 03803 Alcoy\",\"potentialAction\":[{\"@type\":\"SearchAction\",\"target\":{\"@type\":\"EntryPoint\",\"urlTemplate\":\"https:\\\/\\\/www.copealcoy.es\\\/es\\\/?s={search_term_string}\"},\"query-input\":{\"@type\":\"PropertyValueSpecification\",\"valueRequired\":true,\"valueName\":\"search_term_string\"}}],\"inLanguage\":\"es\"},{\"@type\":\"Person\",\"@id\":\"https:\\\/\\\/www.copealcoy.es\\\/es\\\/#\\\/schema\\\/person\\\/e777c87fa024e57d40170af9df39882c\",\"name\":\"Cope Alcoy\",\"image\":{\"@type\":\"ImageObject\",\"inLanguage\":\"es\",\"@id\":\"https:\\\/\\\/secure.gravatar.com\\\/avatar\\\/bb65d0283347e303893ba14f0692005417c1e0e690a325a4c5d8bb2b3943ee14?s=96&d=mm&r=g\",\"url\":\"https:\\\/\\\/secure.gravatar.com\\\/avatar\\\/bb65d0283347e303893ba14f0692005417c1e0e690a325a4c5d8bb2b3943ee14?s=96&d=mm&r=g\",\"contentUrl\":\"https:\\\/\\\/secure.gravatar.com\\\/avatar\\\/bb65d0283347e303893ba14f0692005417c1e0e690a325a4c5d8bb2b3943ee14?s=96&d=mm&r=g\",\"caption\":\"Cope Alcoy\"}}]}<\/script>\n<!-- \/ Yoast SEO plugin. -->","yoast_head_json":{"title":"Llegan novedades a la zona degustaci\u00f3n de la Fira de Tots Sants de Cocentaina - COPE Alcoy","description":"Cocentaina incorpora destacadas novedades para la pr\u00f3xima edici\u00f3n de la Fira de Tots Sants en la zona dedicada a la degustaci\u00f3n","robots":{"index":"index","follow":"follow","max-snippet":"max-snippet:-1","max-image-preview":"max-image-preview:large","max-video-preview":"max-video-preview:-1"},"canonical":"https:\/\/www.copealcoy.es\/es\/llegan-novedades-a-la-zona-degustacion-de-la-fira-de-tots-sants-de-cocentaina\/","og_locale":"es_ES","og_type":"article","og_title":"Llegan novedades a la zona degustaci\u00f3n de la Fira de Tots Sants de Cocentaina - COPE Alcoy","og_description":"Cocentaina incorpora destacadas novedades para la pr\u00f3xima edici\u00f3n de la Fira de Tots Sants en la zona dedicada a la degustaci\u00f3n","og_url":"https:\/\/www.copealcoy.es\/es\/llegan-novedades-a-la-zona-degustacion-de-la-fira-de-tots-sants-de-cocentaina\/","og_site_name":"COPE Alcoy","article_published_time":"2023-08-24T16:19:49+00:00","article_modified_time":"2023-09-01T16:35:47+00:00","og_image":[{"width":800,"height":533,"url":"https:\/\/www.copealcoy.es\/wp-content\/uploads\/2023\/09\/timThumb.jpg","type":"image\/jpeg"}],"author":"Cope Alcoy","twitter_misc":{"Escrito por":"Cope Alcoy","Tiempo de lectura":"2 minutos"},"schema":{"@context":"https:\/\/schema.org","@graph":[{"@type":"Article","@id":"https:\/\/www.copealcoy.es\/es\/llegan-novedades-a-la-zona-degustacion-de-la-fira-de-tots-sants-de-cocentaina\/#article","isPartOf":{"@id":"https:\/\/www.copealcoy.es\/es\/llegan-novedades-a-la-zona-degustacion-de-la-fira-de-tots-sants-de-cocentaina\/"},"author":{"name":"Cope Alcoy","@id":"https:\/\/www.copealcoy.es\/es\/#\/schema\/person\/e777c87fa024e57d40170af9df39882c"},"headline":"Llegan novedades a la zona degustaci\u00f3n de la Fira de Tots Sants de Cocentaina","datePublished":"2023-08-24T16:19:49+00:00","dateModified":"2023-09-01T16:35:47+00:00","mainEntityOfPage":{"@id":"https:\/\/www.copealcoy.es\/es\/llegan-novedades-a-la-zona-degustacion-de-la-fira-de-tots-sants-de-cocentaina\/"},"wordCount":405,"commentCount":0,"image":{"@id":"https:\/\/www.copealcoy.es\/es\/llegan-novedades-a-la-zona-degustacion-de-la-fira-de-tots-sants-de-cocentaina\/#primaryimage"},"thumbnailUrl":"https:\/\/www.copealcoy.es\/wp-content\/uploads\/2023\/09\/timThumb.jpg","keywords":["alimentaci\u00f3n","Cocentaina","Fira de Tots Sants","Gastronom\u00eda","sector degustaci\u00f3n"],"articleSection":["Actualidad","Comarcas","Noticias"],"inLanguage":"es"},{"@type":"WebPage","@id":"https:\/\/www.copealcoy.es\/es\/llegan-novedades-a-la-zona-degustacion-de-la-fira-de-tots-sants-de-cocentaina\/","url":"https:\/\/www.copealcoy.es\/es\/llegan-novedades-a-la-zona-degustacion-de-la-fira-de-tots-sants-de-cocentaina\/","name":"Llegan novedades a la zona degustaci\u00f3n de la Fira de Tots Sants de Cocentaina - COPE Alcoy","isPartOf":{"@id":"https:\/\/www.copealcoy.es\/es\/#website"},"primaryImageOfPage":{"@id":"https:\/\/www.copealcoy.es\/es\/llegan-novedades-a-la-zona-degustacion-de-la-fira-de-tots-sants-de-cocentaina\/#primaryimage"},"image":{"@id":"https:\/\/www.copealcoy.es\/es\/llegan-novedades-a-la-zona-degustacion-de-la-fira-de-tots-sants-de-cocentaina\/#primaryimage"},"thumbnailUrl":"https:\/\/www.copealcoy.es\/wp-content\/uploads\/2023\/09\/timThumb.jpg","datePublished":"2023-08-24T16:19:49+00:00","dateModified":"2023-09-01T16:35:47+00:00","author":{"@id":"https:\/\/www.copealcoy.es\/es\/#\/schema\/person\/e777c87fa024e57d40170af9df39882c"},"description":"Cocentaina incorpora destacadas novedades para la pr\u00f3xima edici\u00f3n de la Fira de Tots Sants en la zona dedicada a la degustaci\u00f3n","breadcrumb":{"@id":"https:\/\/www.copealcoy.es\/es\/llegan-novedades-a-la-zona-degustacion-de-la-fira-de-tots-sants-de-cocentaina\/#breadcrumb"},"inLanguage":"es","potentialAction":[{"@type":"ReadAction","target":["https:\/\/www.copealcoy.es\/es\/llegan-novedades-a-la-zona-degustacion-de-la-fira-de-tots-sants-de-cocentaina\/"]}]},{"@type":"ImageObject","inLanguage":"es","@id":"https:\/\/www.copealcoy.es\/es\/llegan-novedades-a-la-zona-degustacion-de-la-fira-de-tots-sants-de-cocentaina\/#primaryimage","url":"https:\/\/www.copealcoy.es\/wp-content\/uploads\/2023\/09\/timThumb.jpg","contentUrl":"https:\/\/www.copealcoy.es\/wp-content\/uploads\/2023\/09\/timThumb.jpg","width":800,"height":533},{"@type":"BreadcrumbList","@id":"https:\/\/www.copealcoy.es\/es\/llegan-novedades-a-la-zona-degustacion-de-la-fira-de-tots-sants-de-cocentaina\/#breadcrumb","itemListElement":[{"@type":"ListItem","position":1,"name":"Portada","item":"https:\/\/www.copealcoy.es\/es\/"},{"@type":"ListItem","position":2,"name":"Llegan novedades a la zona degustaci\u00f3n de la Fira de Tots Sants de Cocentaina"}]},{"@type":"WebSite","@id":"https:\/\/www.copealcoy.es\/es\/#website","url":"https:\/\/www.copealcoy.es\/es\/","name":"COPE Alcoy","description":"Emisora COPE de radio local con emisi\u00f3n online. Pont de Sant Jordi 8-10 03803 Alcoy","potentialAction":[{"@type":"SearchAction","target":{"@type":"EntryPoint","urlTemplate":"https:\/\/www.copealcoy.es\/es\/?s={search_term_string}"},"query-input":{"@type":"PropertyValueSpecification","valueRequired":true,"valueName":"search_term_string"}}],"inLanguage":"es"},{"@type":"Person","@id":"https:\/\/www.copealcoy.es\/es\/#\/schema\/person\/e777c87fa024e57d40170af9df39882c","name":"Cope Alcoy","image":{"@type":"ImageObject","inLanguage":"es","@id":"https:\/\/secure.gravatar.com\/avatar\/bb65d0283347e303893ba14f0692005417c1e0e690a325a4c5d8bb2b3943ee14?s=96&d=mm&r=g","url":"https:\/\/secure.gravatar.com\/avatar\/bb65d0283347e303893ba14f0692005417c1e0e690a325a4c5d8bb2b3943ee14?s=96&d=mm&r=g","contentUrl":"https:\/\/secure.gravatar.com\/avatar\/bb65d0283347e303893ba14f0692005417c1e0e690a325a4c5d8bb2b3943ee14?s=96&d=mm&r=g","caption":"Cope Alcoy"}}]}},"_links":{"self":[{"href":"https:\/\/www.copealcoy.es\/es\/wp-json\/wp\/v2\/posts\/120995","targetHints":{"allow":["GET"]}}],"collection":[{"href":"https:\/\/www.copealcoy.es\/es\/wp-json\/wp\/v2\/posts"}],"about":[{"href":"https:\/\/www.copealcoy.es\/es\/wp-json\/wp\/v2\/types\/post"}],"author":[{"embeddable":true,"href":"https:\/\/www.copealcoy.es\/es\/wp-json\/wp\/v2\/users\/1"}],"replies":[{"embeddable":true,"href":"https:\/\/www.copealcoy.es\/es\/wp-json\/wp\/v2\/comments?post=120995"}],"version-history":[{"count":0,"href":"https:\/\/www.copealcoy.es\/es\/wp-json\/wp\/v2\/posts\/120995\/revisions"}],"wp:featuredmedia":[{"embeddable":true,"href":"https:\/\/www.copealcoy.es\/es\/wp-json\/wp\/v2\/media\/120996"}],"wp:attachment":[{"href":"https:\/\/www.copealcoy.es\/es\/wp-json\/wp\/v2\/media?parent=120995"}],"wp:term":[{"taxonomy":"category","embeddable":true,"href":"https:\/\/www.copealcoy.es\/es\/wp-json\/wp\/v2\/categories?post=120995"},{"taxonomy":"post_tag","embeddable":true,"href":"https:\/\/www.copealcoy.es\/es\/wp-json\/wp\/v2\/tags?post=120995"}],"curies":[{"name":"wp","href":"https:\/\/api.w.org\/{rel}","templated":true}]}}