{"id":120918,"date":"2023-08-23T09:31:59","date_gmt":"2023-08-23T08:31:59","guid":{"rendered":"https:\/\/www.copealcoy.es\/?p=120918"},"modified":"2023-08-22T13:42:43","modified_gmt":"2023-08-22T12:42:43","slug":"el-cd-alcoyano-suma-ya-mil-abonados-para-esta-temporada","status":"publish","type":"post","link":"https:\/\/www.copealcoy.es\/es\/el-cd-alcoyano-suma-ya-mil-abonados-para-esta-temporada\/","title":{"rendered":"El CD Alcoyano suma ya mil abonados para esta temporada"},"content":{"rendered":"<p>Son ya <strong>mil las personas que han adquirido su carnet de abonado del Club Deportivo Alcoyano para esa temporada<\/strong>. As\u00ed lo ha confirmado el club a trav\u00e9s de sus redes sociales.<\/p>\n<p>Despu\u00e9s de la <strong>pol\u00e9mica generada por el precio de algunos de los abonos<\/strong>, que provoc\u00f3 numerosas quejas a trav\u00e9s de redes sociales y llev\u00f3 a que se modificaran algunas tarifas, los abonos han seguido aumentando. En las dos primeras semanas se registraron 600 y ahora el club ha llegado a los mil.<\/p>\n<p>La temporada comenzar\u00e1 este fin de semana. El<strong> primer partido para el CD Alcoyano tendr\u00e1 lugar este 27 de agosto en el Collao<\/strong>, a las ocho y media de la tarde. Se enfrentar\u00e1 al<strong> Atl\u00e9tico Sanluque\u00f1o<\/strong>.<\/p>\n<p><strong>Imagen<\/strong>: CD Alcoyano<\/p>\n","protected":false},"excerpt":{"rendered":"<p>Son ya mil las personas que han adquirido su carnet de abonado del Club Deportivo Alcoyano para esa temporada. As\u00ed&#8230;<\/p>\n","protected":false},"author":1,"featured_media":120919,"comment_status":"open","ping_status":"open","sticky":false,"template":"","format":"standard","meta":{"footnotes":""},"categories":[6909,97,92,75,125],"tags":[1494,2118,1492],"class_list":["post-120918","post","type-post","status-publish","format-standard","has-post-thumbnail","hentry","category-actualidad","category-alcoy","category-deportes","category-noticias","category-portada","tag-alcoy","tag-cd-alcoyano","tag-deportes"],"yoast_head":"<!-- This site is optimized with the Yoast SEO plugin v27.3 - https:\/\/yoast.com\/product\/yoast-seo-wordpress\/ -->\n<title>El CD Alcoyano suma ya mil abonados para esta temporada - COPE Alcoy<\/title>\n<meta name=\"description\" content=\"Son ya mil las personas que han adquirido su carnet de abonado del Club Deportivo Alcoyano para esa temporada. As\u00ed lo ha confirmado el club a trav\u00e9s de sus redes sociales.\u00a0\" \/>\n<meta name=\"robots\" content=\"index, follow, max-snippet:-1, max-image-preview:large, max-video-preview:-1\" \/>\n<link rel=\"canonical\" href=\"https:\/\/www.copealcoy.es\/es\/el-cd-alcoyano-suma-ya-mil-abonados-para-esta-temporada\/\" \/>\n<meta property=\"og:locale\" content=\"es_ES\" \/>\n<meta property=\"og:type\" content=\"article\" \/>\n<meta property=\"og:title\" content=\"El CD Alcoyano suma ya mil abonados para esta temporada - COPE Alcoy\" \/>\n<meta property=\"og:description\" content=\"Son ya mil las personas que han adquirido su carnet de abonado del Club Deportivo Alcoyano para esa temporada. As\u00ed lo ha confirmado el club a trav\u00e9s de sus redes sociales.\u00a0\" \/>\n<meta property=\"og:url\" content=\"https:\/\/www.copealcoy.es\/es\/el-cd-alcoyano-suma-ya-mil-abonados-para-esta-temporada\/\" \/>\n<meta property=\"og:site_name\" content=\"COPE Alcoy\" \/>\n<meta property=\"article:published_time\" content=\"2023-08-23T08:31:59+00:00\" \/>\n<meta property=\"og:image\" content=\"https:\/\/www.copealcoy.es\/wp-content\/uploads\/2023\/08\/366730092_762030419263617_6104248355307171330_n-scaled.jpg\" \/>\n\t<meta property=\"og:image:width\" content=\"897\" \/>\n\t<meta property=\"og:image:height\" content=\"1080\" \/>\n\t<meta property=\"og:image:type\" content=\"image\/jpeg\" \/>\n<meta name=\"author\" content=\"Cope Alcoy\" \/>\n<meta name=\"twitter:label1\" content=\"Escrito por\" \/>\n\t<meta name=\"twitter:data1\" content=\"Cope Alcoy\" \/>\n\t<meta name=\"twitter:label2\" content=\"Tiempo de lectura\" \/>\n\t<meta name=\"twitter:data2\" content=\"1 minuto\" \/>\n<script type=\"application\/ld+json\" class=\"yoast-schema-graph\">{\"@context\":\"https:\\\/\\\/schema.org\",\"@graph\":[{\"@type\":\"Article\",\"@id\":\"https:\\\/\\\/www.copealcoy.es\\\/es\\\/el-cd-alcoyano-suma-ya-mil-abonados-para-esta-temporada\\\/#article\",\"isPartOf\":{\"@id\":\"https:\\\/\\\/www.copealcoy.es\\\/es\\\/el-cd-alcoyano-suma-ya-mil-abonados-para-esta-temporada\\\/\"},\"author\":{\"name\":\"Cope Alcoy\",\"@id\":\"https:\\\/\\\/www.copealcoy.es\\\/es\\\/#\\\/schema\\\/person\\\/e777c87fa024e57d40170af9df39882c\"},\"headline\":\"El CD Alcoyano suma ya mil abonados para esta temporada\",\"datePublished\":\"2023-08-23T08:31:59+00:00\",\"mainEntityOfPage\":{\"@id\":\"https:\\\/\\\/www.copealcoy.es\\\/es\\\/el-cd-alcoyano-suma-ya-mil-abonados-para-esta-temporada\\\/\"},\"wordCount\":136,\"commentCount\":0,\"image\":{\"@id\":\"https:\\\/\\\/www.copealcoy.es\\\/es\\\/el-cd-alcoyano-suma-ya-mil-abonados-para-esta-temporada\\\/#primaryimage\"},\"thumbnailUrl\":\"https:\\\/\\\/www.copealcoy.es\\\/wp-content\\\/uploads\\\/2023\\\/08\\\/366730092_762030419263617_6104248355307171330_n-scaled.jpg\",\"keywords\":[\"Alcoy\",\"CD Alcoyano\",\"Deportes\"],\"articleSection\":[\"Actualidad\",\"Alcoy\",\"Deportes\",\"Noticias\",\"Portada\"],\"inLanguage\":\"es\"},{\"@type\":\"WebPage\",\"@id\":\"https:\\\/\\\/www.copealcoy.es\\\/es\\\/el-cd-alcoyano-suma-ya-mil-abonados-para-esta-temporada\\\/\",\"url\":\"https:\\\/\\\/www.copealcoy.es\\\/es\\\/el-cd-alcoyano-suma-ya-mil-abonados-para-esta-temporada\\\/\",\"name\":\"El CD Alcoyano suma ya mil abonados para esta temporada - COPE Alcoy\",\"isPartOf\":{\"@id\":\"https:\\\/\\\/www.copealcoy.es\\\/es\\\/#website\"},\"primaryImageOfPage\":{\"@id\":\"https:\\\/\\\/www.copealcoy.es\\\/es\\\/el-cd-alcoyano-suma-ya-mil-abonados-para-esta-temporada\\\/#primaryimage\"},\"image\":{\"@id\":\"https:\\\/\\\/www.copealcoy.es\\\/es\\\/el-cd-alcoyano-suma-ya-mil-abonados-para-esta-temporada\\\/#primaryimage\"},\"thumbnailUrl\":\"https:\\\/\\\/www.copealcoy.es\\\/wp-content\\\/uploads\\\/2023\\\/08\\\/366730092_762030419263617_6104248355307171330_n-scaled.jpg\",\"datePublished\":\"2023-08-23T08:31:59+00:00\",\"author\":{\"@id\":\"https:\\\/\\\/www.copealcoy.es\\\/es\\\/#\\\/schema\\\/person\\\/e777c87fa024e57d40170af9df39882c\"},\"description\":\"Son ya mil las personas que han adquirido su carnet de abonado del Club Deportivo Alcoyano para esa temporada. As\u00ed lo ha confirmado el club a trav\u00e9s de sus redes sociales.\u00a0\",\"breadcrumb\":{\"@id\":\"https:\\\/\\\/www.copealcoy.es\\\/es\\\/el-cd-alcoyano-suma-ya-mil-abonados-para-esta-temporada\\\/#breadcrumb\"},\"inLanguage\":\"es\",\"potentialAction\":[{\"@type\":\"ReadAction\",\"target\":[\"https:\\\/\\\/www.copealcoy.es\\\/es\\\/el-cd-alcoyano-suma-ya-mil-abonados-para-esta-temporada\\\/\"]}]},{\"@type\":\"ImageObject\",\"inLanguage\":\"es\",\"@id\":\"https:\\\/\\\/www.copealcoy.es\\\/es\\\/el-cd-alcoyano-suma-ya-mil-abonados-para-esta-temporada\\\/#primaryimage\",\"url\":\"https:\\\/\\\/www.copealcoy.es\\\/wp-content\\\/uploads\\\/2023\\\/08\\\/366730092_762030419263617_6104248355307171330_n-scaled.jpg\",\"contentUrl\":\"https:\\\/\\\/www.copealcoy.es\\\/wp-content\\\/uploads\\\/2023\\\/08\\\/366730092_762030419263617_6104248355307171330_n-scaled.jpg\",\"width\":897,\"height\":1080},{\"@type\":\"BreadcrumbList\",\"@id\":\"https:\\\/\\\/www.copealcoy.es\\\/es\\\/el-cd-alcoyano-suma-ya-mil-abonados-para-esta-temporada\\\/#breadcrumb\",\"itemListElement\":[{\"@type\":\"ListItem\",\"position\":1,\"name\":\"Portada\",\"item\":\"https:\\\/\\\/www.copealcoy.es\\\/es\\\/\"},{\"@type\":\"ListItem\",\"position\":2,\"name\":\"El CD Alcoyano suma ya mil abonados para esta temporada\"}]},{\"@type\":\"WebSite\",\"@id\":\"https:\\\/\\\/www.copealcoy.es\\\/es\\\/#website\",\"url\":\"https:\\\/\\\/www.copealcoy.es\\\/es\\\/\",\"name\":\"COPE Alcoy\",\"description\":\"Emisora COPE de radio local con emisi\u00f3n online. Pont de Sant Jordi 8-10 03803 Alcoy\",\"potentialAction\":[{\"@type\":\"SearchAction\",\"target\":{\"@type\":\"EntryPoint\",\"urlTemplate\":\"https:\\\/\\\/www.copealcoy.es\\\/es\\\/?s={search_term_string}\"},\"query-input\":{\"@type\":\"PropertyValueSpecification\",\"valueRequired\":true,\"valueName\":\"search_term_string\"}}],\"inLanguage\":\"es\"},{\"@type\":\"Person\",\"@id\":\"https:\\\/\\\/www.copealcoy.es\\\/es\\\/#\\\/schema\\\/person\\\/e777c87fa024e57d40170af9df39882c\",\"name\":\"Cope Alcoy\",\"image\":{\"@type\":\"ImageObject\",\"inLanguage\":\"es\",\"@id\":\"https:\\\/\\\/secure.gravatar.com\\\/avatar\\\/bb65d0283347e303893ba14f0692005417c1e0e690a325a4c5d8bb2b3943ee14?s=96&d=mm&r=g\",\"url\":\"https:\\\/\\\/secure.gravatar.com\\\/avatar\\\/bb65d0283347e303893ba14f0692005417c1e0e690a325a4c5d8bb2b3943ee14?s=96&d=mm&r=g\",\"contentUrl\":\"https:\\\/\\\/secure.gravatar.com\\\/avatar\\\/bb65d0283347e303893ba14f0692005417c1e0e690a325a4c5d8bb2b3943ee14?s=96&d=mm&r=g\",\"caption\":\"Cope Alcoy\"}}]}<\/script>\n<!-- \/ Yoast SEO plugin. -->","yoast_head_json":{"title":"El CD Alcoyano suma ya mil abonados para esta temporada - COPE Alcoy","description":"Son ya mil las personas que han adquirido su carnet de abonado del Club Deportivo Alcoyano para esa temporada. As\u00ed lo ha confirmado el club a trav\u00e9s de sus redes sociales.\u00a0","robots":{"index":"index","follow":"follow","max-snippet":"max-snippet:-1","max-image-preview":"max-image-preview:large","max-video-preview":"max-video-preview:-1"},"canonical":"https:\/\/www.copealcoy.es\/es\/el-cd-alcoyano-suma-ya-mil-abonados-para-esta-temporada\/","og_locale":"es_ES","og_type":"article","og_title":"El CD Alcoyano suma ya mil abonados para esta temporada - COPE Alcoy","og_description":"Son ya mil las personas que han adquirido su carnet de abonado del Club Deportivo Alcoyano para esa temporada. As\u00ed lo ha confirmado el club a trav\u00e9s de sus redes sociales.\u00a0","og_url":"https:\/\/www.copealcoy.es\/es\/el-cd-alcoyano-suma-ya-mil-abonados-para-esta-temporada\/","og_site_name":"COPE Alcoy","article_published_time":"2023-08-23T08:31:59+00:00","og_image":[{"width":897,"height":1080,"url":"https:\/\/www.copealcoy.es\/wp-content\/uploads\/2023\/08\/366730092_762030419263617_6104248355307171330_n-scaled.jpg","type":"image\/jpeg"}],"author":"Cope Alcoy","twitter_misc":{"Escrito por":"Cope Alcoy","Tiempo de lectura":"1 minuto"},"schema":{"@context":"https:\/\/schema.org","@graph":[{"@type":"Article","@id":"https:\/\/www.copealcoy.es\/es\/el-cd-alcoyano-suma-ya-mil-abonados-para-esta-temporada\/#article","isPartOf":{"@id":"https:\/\/www.copealcoy.es\/es\/el-cd-alcoyano-suma-ya-mil-abonados-para-esta-temporada\/"},"author":{"name":"Cope Alcoy","@id":"https:\/\/www.copealcoy.es\/es\/#\/schema\/person\/e777c87fa024e57d40170af9df39882c"},"headline":"El CD Alcoyano suma ya mil abonados para esta temporada","datePublished":"2023-08-23T08:31:59+00:00","mainEntityOfPage":{"@id":"https:\/\/www.copealcoy.es\/es\/el-cd-alcoyano-suma-ya-mil-abonados-para-esta-temporada\/"},"wordCount":136,"commentCount":0,"image":{"@id":"https:\/\/www.copealcoy.es\/es\/el-cd-alcoyano-suma-ya-mil-abonados-para-esta-temporada\/#primaryimage"},"thumbnailUrl":"https:\/\/www.copealcoy.es\/wp-content\/uploads\/2023\/08\/366730092_762030419263617_6104248355307171330_n-scaled.jpg","keywords":["Alcoy","CD Alcoyano","Deportes"],"articleSection":["Actualidad","Alcoy","Deportes","Noticias","Portada"],"inLanguage":"es"},{"@type":"WebPage","@id":"https:\/\/www.copealcoy.es\/es\/el-cd-alcoyano-suma-ya-mil-abonados-para-esta-temporada\/","url":"https:\/\/www.copealcoy.es\/es\/el-cd-alcoyano-suma-ya-mil-abonados-para-esta-temporada\/","name":"El CD Alcoyano suma ya mil abonados para esta temporada - COPE Alcoy","isPartOf":{"@id":"https:\/\/www.copealcoy.es\/es\/#website"},"primaryImageOfPage":{"@id":"https:\/\/www.copealcoy.es\/es\/el-cd-alcoyano-suma-ya-mil-abonados-para-esta-temporada\/#primaryimage"},"image":{"@id":"https:\/\/www.copealcoy.es\/es\/el-cd-alcoyano-suma-ya-mil-abonados-para-esta-temporada\/#primaryimage"},"thumbnailUrl":"https:\/\/www.copealcoy.es\/wp-content\/uploads\/2023\/08\/366730092_762030419263617_6104248355307171330_n-scaled.jpg","datePublished":"2023-08-23T08:31:59+00:00","author":{"@id":"https:\/\/www.copealcoy.es\/es\/#\/schema\/person\/e777c87fa024e57d40170af9df39882c"},"description":"Son ya mil las personas que han adquirido su carnet de abonado del Club Deportivo Alcoyano para esa temporada. As\u00ed lo ha confirmado el club a trav\u00e9s de sus redes sociales.\u00a0","breadcrumb":{"@id":"https:\/\/www.copealcoy.es\/es\/el-cd-alcoyano-suma-ya-mil-abonados-para-esta-temporada\/#breadcrumb"},"inLanguage":"es","potentialAction":[{"@type":"ReadAction","target":["https:\/\/www.copealcoy.es\/es\/el-cd-alcoyano-suma-ya-mil-abonados-para-esta-temporada\/"]}]},{"@type":"ImageObject","inLanguage":"es","@id":"https:\/\/www.copealcoy.es\/es\/el-cd-alcoyano-suma-ya-mil-abonados-para-esta-temporada\/#primaryimage","url":"https:\/\/www.copealcoy.es\/wp-content\/uploads\/2023\/08\/366730092_762030419263617_6104248355307171330_n-scaled.jpg","contentUrl":"https:\/\/www.copealcoy.es\/wp-content\/uploads\/2023\/08\/366730092_762030419263617_6104248355307171330_n-scaled.jpg","width":897,"height":1080},{"@type":"BreadcrumbList","@id":"https:\/\/www.copealcoy.es\/es\/el-cd-alcoyano-suma-ya-mil-abonados-para-esta-temporada\/#breadcrumb","itemListElement":[{"@type":"ListItem","position":1,"name":"Portada","item":"https:\/\/www.copealcoy.es\/es\/"},{"@type":"ListItem","position":2,"name":"El CD Alcoyano suma ya mil abonados para esta temporada"}]},{"@type":"WebSite","@id":"https:\/\/www.copealcoy.es\/es\/#website","url":"https:\/\/www.copealcoy.es\/es\/","name":"COPE Alcoy","description":"Emisora COPE de radio local con emisi\u00f3n online. Pont de Sant Jordi 8-10 03803 Alcoy","potentialAction":[{"@type":"SearchAction","target":{"@type":"EntryPoint","urlTemplate":"https:\/\/www.copealcoy.es\/es\/?s={search_term_string}"},"query-input":{"@type":"PropertyValueSpecification","valueRequired":true,"valueName":"search_term_string"}}],"inLanguage":"es"},{"@type":"Person","@id":"https:\/\/www.copealcoy.es\/es\/#\/schema\/person\/e777c87fa024e57d40170af9df39882c","name":"Cope Alcoy","image":{"@type":"ImageObject","inLanguage":"es","@id":"https:\/\/secure.gravatar.com\/avatar\/bb65d0283347e303893ba14f0692005417c1e0e690a325a4c5d8bb2b3943ee14?s=96&d=mm&r=g","url":"https:\/\/secure.gravatar.com\/avatar\/bb65d0283347e303893ba14f0692005417c1e0e690a325a4c5d8bb2b3943ee14?s=96&d=mm&r=g","contentUrl":"https:\/\/secure.gravatar.com\/avatar\/bb65d0283347e303893ba14f0692005417c1e0e690a325a4c5d8bb2b3943ee14?s=96&d=mm&r=g","caption":"Cope Alcoy"}}]}},"_links":{"self":[{"href":"https:\/\/www.copealcoy.es\/es\/wp-json\/wp\/v2\/posts\/120918","targetHints":{"allow":["GET"]}}],"collection":[{"href":"https:\/\/www.copealcoy.es\/es\/wp-json\/wp\/v2\/posts"}],"about":[{"href":"https:\/\/www.copealcoy.es\/es\/wp-json\/wp\/v2\/types\/post"}],"author":[{"embeddable":true,"href":"https:\/\/www.copealcoy.es\/es\/wp-json\/wp\/v2\/users\/1"}],"replies":[{"embeddable":true,"href":"https:\/\/www.copealcoy.es\/es\/wp-json\/wp\/v2\/comments?post=120918"}],"version-history":[{"count":0,"href":"https:\/\/www.copealcoy.es\/es\/wp-json\/wp\/v2\/posts\/120918\/revisions"}],"wp:featuredmedia":[{"embeddable":true,"href":"https:\/\/www.copealcoy.es\/es\/wp-json\/wp\/v2\/media\/120919"}],"wp:attachment":[{"href":"https:\/\/www.copealcoy.es\/es\/wp-json\/wp\/v2\/media?parent=120918"}],"wp:term":[{"taxonomy":"category","embeddable":true,"href":"https:\/\/www.copealcoy.es\/es\/wp-json\/wp\/v2\/categories?post=120918"},{"taxonomy":"post_tag","embeddable":true,"href":"https:\/\/www.copealcoy.es\/es\/wp-json\/wp\/v2\/tags?post=120918"}],"curies":[{"name":"wp","href":"https:\/\/api.w.org\/{rel}","templated":true}]}}