{"id":120891,"date":"2023-08-16T06:00:57","date_gmt":"2023-08-16T05:00:57","guid":{"rendered":"https:\/\/www.copealcoy.es\/?p=120891"},"modified":"2023-08-16T18:05:22","modified_gmt":"2023-08-16T17:05:22","slug":"la-festa-de-cocentaina-del-2023-deja-un-balance-positivo","status":"publish","type":"post","link":"https:\/\/www.copealcoy.es\/es\/la-festa-de-cocentaina-del-2023-deja-un-balance-positivo\/","title":{"rendered":"La Festa de Cocentaina del 2023 deja un balance positivo"},"content":{"rendered":"<p style=\"text-align: justify;\">Las <a href=\"https:\/\/www.facebook.com\/federacionjuntafiestas.cocentaina\" target=\"_blank\" rel=\"noopener\"><span style=\"color: #0000ff;\"><strong>Fiestas de Moros y Cristianos de Cocentaina del 2023<\/strong><\/span><\/a> ya forman parte del recuerdo despu\u00e9s de que la Villa Condal <strong>despidiese el lunes casi cuatro intensas jornadas<\/strong> en las que rindi\u00f3 homenaje a su patr\u00f3n; San Hip\u00f3lito M\u00e1rtir.\u00a0 Unos festejos de plena normalidad que <strong>han destacado por la participaci\u00f3n de festeros y de festeras<\/strong> en todos los actos, as\u00ed como por <strong>la asistencia de gran cantidad de p\u00fablico<\/strong> a instantes \u00fanicos como <em>l&#8217;arranc\u00e0 <\/em>de la Primera Diana o la Entrada de la tarde del 12 de agosto.<\/p>\n<p style=\"text-align: justify;\">Desde el Ayuntamiento de la capital del Comtat <strong>hacen un balance m\u00e1s que positivo del buen transcurso de las celebraciones<\/strong> y se\u00f1alan adem\u00e1s <strong>el esfuerzo realizado por las Filaes del municipio<\/strong> para sacar la Festa a la calle \u201c<em>merecen todo nuestro reconocimiento, pero tambi\u00e9n los cargos festeros de este a\u00f1o. Los cuatro nos ofrecieron el s\u00e1bado una espectacular Entrada, con una puesta en escena que ha vuelto a dejar el nombre de Cocentaina en lo m\u00e1s alto dentro del \u00e1mbito de las poblaciones valencianas que celebran Moros y Cristianos con id\u00e9nticas caracter\u00edsticas a las nuestras<\/em>\u201d, destacaba el alcalde; <strong>Jordi Pla<\/strong>. Los festejos tambi\u00e9n <strong>transcurrieron con normalidad<\/strong> funcionando a pleno rendimiento los operativos de seguridad o limpieza viaria que se hab\u00edan perfilado durante las jornadas previas a los d\u00edas grandes en honor a Sant Hip\u00f2lit \u201c<em>estamos muy contentos porque no hemos tenido que lamentar ning\u00fan incidente de relevancia y han sido unas Fiestas tranquilas en las que tanto festeros y festeras, como el pueblo en general, han disfrutado al m\u00e1ximo de todos los actos organizados<\/em>\u201d, manifestaba el nuevo edil de Fiestas del Consistorio; <strong>Javier Sansalvador<\/strong>. Por \u00faltimo, la Junta de Festes tambi\u00e9n coincid\u00eda en hacer un balance positivo <strong>pese a las trabas burocr\u00e1ticas de \u00faltima hora que condicionaron el suministro de p\u00f3lvora para instantes como el del Alardo<\/strong> \u201c<em>al final se pudieron hacer los disparos de una forma digna y las Filaes afectadas, pese a no participar, estuvieron presentes con el bander\u00edn porque todos ten\u00edamos claro que no se pod\u00eda suprimir uno de los actos que da sentido a nuestras Fiestas\u201d, <\/em>sentenciaba el presidente de la entidad <strong>Rafael Monar<\/strong>.<\/p>\n<p style=\"text-align: justify;\">Despu\u00e9s de las Fiestas, <strong>la actividad en las Filaes se retomar\u00e1 en oto\u00f1o<\/strong> con las cl\u00e1sicas \u2018Fueretes\u2019 y la maquinaria festera<strong> se reactivar\u00e1 para eclosionar el 29 de junio de 2024<\/strong>. Ese d\u00eda <strong>ser\u00e1 La Publicaci\u00f3<\/strong> y volver\u00e1 a iniciarse <strong>la cuenta atr\u00e1s<\/strong> hacia una nueva trilog\u00eda festera en honor a San Hip\u00f3lito M\u00e1rtir.<\/p>\n","protected":false},"excerpt":{"rendered":"<p>Las Fiestas de Moros y Cristianos de Cocentaina del 2023 ya forman parte del recuerdo despu\u00e9s de que la Villa&#8230;<\/p>\n","protected":false},"author":1,"featured_media":120892,"comment_status":"open","ping_status":"open","sticky":false,"template":"","format":"standard","meta":{"footnotes":""},"categories":[6909,98,75],"tags":[430,132,565,609,4488],"class_list":["post-120891","post","type-post","status-publish","format-standard","has-post-thumbnail","hentry","category-actualidad","category-comarcas","category-noticias","tag-balance","tag-cocentaina","tag-fiestas","tag-moros-y-cristianos","tag-san-hipolito-martir"],"yoast_head":"<!-- This site is optimized with the Yoast SEO plugin v27.3 - https:\/\/yoast.com\/product\/yoast-seo-wordpress\/ -->\n<title>La Festa de Cocentaina del 2023 deja un balance positivo - COPE Alcoy<\/title>\n<meta name=\"description\" content=\"Las Fiestas de Moros y Cristianos de Cocentaina del 2023 dejan un balance positivo en Ayuntamiento y Junta de Festes\" \/>\n<meta name=\"robots\" content=\"index, follow, max-snippet:-1, max-image-preview:large, max-video-preview:-1\" \/>\n<link rel=\"canonical\" href=\"https:\/\/www.copealcoy.es\/es\/la-festa-de-cocentaina-del-2023-deja-un-balance-positivo\/\" \/>\n<meta property=\"og:locale\" content=\"es_ES\" \/>\n<meta property=\"og:type\" content=\"article\" \/>\n<meta property=\"og:title\" content=\"La Festa de Cocentaina del 2023 deja un balance positivo - COPE Alcoy\" \/>\n<meta property=\"og:description\" content=\"Las Fiestas de Moros y Cristianos de Cocentaina del 2023 dejan un balance positivo en Ayuntamiento y Junta de Festes\" \/>\n<meta property=\"og:url\" content=\"https:\/\/www.copealcoy.es\/es\/la-festa-de-cocentaina-del-2023-deja-un-balance-positivo\/\" \/>\n<meta property=\"og:site_name\" content=\"COPE Alcoy\" \/>\n<meta property=\"article:published_time\" content=\"2023-08-16T05:00:57+00:00\" \/>\n<meta property=\"article:modified_time\" content=\"2023-08-16T17:05:22+00:00\" \/>\n<meta property=\"og:image\" content=\"https:\/\/www.copealcoy.es\/wp-content\/uploads\/2023\/08\/6-Aspecto-que-presentaba-la-Placa-del-Mercat-en-el-sopar-de-germanor.jpg\" \/>\n\t<meta property=\"og:image:width\" content=\"1562\" \/>\n\t<meta property=\"og:image:height\" content=\"990\" \/>\n\t<meta property=\"og:image:type\" content=\"image\/jpeg\" \/>\n<meta name=\"author\" content=\"Cope Alcoy\" \/>\n<meta name=\"twitter:label1\" content=\"Escrito por\" \/>\n\t<meta name=\"twitter:data1\" content=\"Cope Alcoy\" \/>\n\t<meta name=\"twitter:label2\" content=\"Tiempo de lectura\" \/>\n\t<meta name=\"twitter:data2\" content=\"3 minutos\" \/>\n<script type=\"application\/ld+json\" class=\"yoast-schema-graph\">{\"@context\":\"https:\\\/\\\/schema.org\",\"@graph\":[{\"@type\":\"Article\",\"@id\":\"https:\\\/\\\/www.copealcoy.es\\\/es\\\/la-festa-de-cocentaina-del-2023-deja-un-balance-positivo\\\/#article\",\"isPartOf\":{\"@id\":\"https:\\\/\\\/www.copealcoy.es\\\/es\\\/la-festa-de-cocentaina-del-2023-deja-un-balance-positivo\\\/\"},\"author\":{\"name\":\"Cope Alcoy\",\"@id\":\"https:\\\/\\\/www.copealcoy.es\\\/es\\\/#\\\/schema\\\/person\\\/e777c87fa024e57d40170af9df39882c\"},\"headline\":\"La Festa de Cocentaina del 2023 deja un balance positivo\",\"datePublished\":\"2023-08-16T05:00:57+00:00\",\"dateModified\":\"2023-08-16T17:05:22+00:00\",\"mainEntityOfPage\":{\"@id\":\"https:\\\/\\\/www.copealcoy.es\\\/es\\\/la-festa-de-cocentaina-del-2023-deja-un-balance-positivo\\\/\"},\"wordCount\":452,\"commentCount\":0,\"image\":{\"@id\":\"https:\\\/\\\/www.copealcoy.es\\\/es\\\/la-festa-de-cocentaina-del-2023-deja-un-balance-positivo\\\/#primaryimage\"},\"thumbnailUrl\":\"https:\\\/\\\/www.copealcoy.es\\\/wp-content\\\/uploads\\\/2023\\\/08\\\/6-Aspecto-que-presentaba-la-Placa-del-Mercat-en-el-sopar-de-germanor.jpg\",\"keywords\":[\"Balance\",\"Cocentaina\",\"Fiestas\",\"Moros Y Cristianos\",\"San Hip\u00f3lito M\u00e1rtir\"],\"articleSection\":[\"Actualidad\",\"Comarcas\",\"Noticias\"],\"inLanguage\":\"es\"},{\"@type\":\"WebPage\",\"@id\":\"https:\\\/\\\/www.copealcoy.es\\\/es\\\/la-festa-de-cocentaina-del-2023-deja-un-balance-positivo\\\/\",\"url\":\"https:\\\/\\\/www.copealcoy.es\\\/es\\\/la-festa-de-cocentaina-del-2023-deja-un-balance-positivo\\\/\",\"name\":\"La Festa de Cocentaina del 2023 deja un balance positivo - COPE Alcoy\",\"isPartOf\":{\"@id\":\"https:\\\/\\\/www.copealcoy.es\\\/es\\\/#website\"},\"primaryImageOfPage\":{\"@id\":\"https:\\\/\\\/www.copealcoy.es\\\/es\\\/la-festa-de-cocentaina-del-2023-deja-un-balance-positivo\\\/#primaryimage\"},\"image\":{\"@id\":\"https:\\\/\\\/www.copealcoy.es\\\/es\\\/la-festa-de-cocentaina-del-2023-deja-un-balance-positivo\\\/#primaryimage\"},\"thumbnailUrl\":\"https:\\\/\\\/www.copealcoy.es\\\/wp-content\\\/uploads\\\/2023\\\/08\\\/6-Aspecto-que-presentaba-la-Placa-del-Mercat-en-el-sopar-de-germanor.jpg\",\"datePublished\":\"2023-08-16T05:00:57+00:00\",\"dateModified\":\"2023-08-16T17:05:22+00:00\",\"author\":{\"@id\":\"https:\\\/\\\/www.copealcoy.es\\\/es\\\/#\\\/schema\\\/person\\\/e777c87fa024e57d40170af9df39882c\"},\"description\":\"Las Fiestas de Moros y Cristianos de Cocentaina del 2023 dejan un balance positivo en Ayuntamiento y Junta de Festes\",\"breadcrumb\":{\"@id\":\"https:\\\/\\\/www.copealcoy.es\\\/es\\\/la-festa-de-cocentaina-del-2023-deja-un-balance-positivo\\\/#breadcrumb\"},\"inLanguage\":\"es\",\"potentialAction\":[{\"@type\":\"ReadAction\",\"target\":[\"https:\\\/\\\/www.copealcoy.es\\\/es\\\/la-festa-de-cocentaina-del-2023-deja-un-balance-positivo\\\/\"]}]},{\"@type\":\"ImageObject\",\"inLanguage\":\"es\",\"@id\":\"https:\\\/\\\/www.copealcoy.es\\\/es\\\/la-festa-de-cocentaina-del-2023-deja-un-balance-positivo\\\/#primaryimage\",\"url\":\"https:\\\/\\\/www.copealcoy.es\\\/wp-content\\\/uploads\\\/2023\\\/08\\\/6-Aspecto-que-presentaba-la-Placa-del-Mercat-en-el-sopar-de-germanor.jpg\",\"contentUrl\":\"https:\\\/\\\/www.copealcoy.es\\\/wp-content\\\/uploads\\\/2023\\\/08\\\/6-Aspecto-que-presentaba-la-Placa-del-Mercat-en-el-sopar-de-germanor.jpg\",\"width\":1562,\"height\":990},{\"@type\":\"BreadcrumbList\",\"@id\":\"https:\\\/\\\/www.copealcoy.es\\\/es\\\/la-festa-de-cocentaina-del-2023-deja-un-balance-positivo\\\/#breadcrumb\",\"itemListElement\":[{\"@type\":\"ListItem\",\"position\":1,\"name\":\"Portada\",\"item\":\"https:\\\/\\\/www.copealcoy.es\\\/es\\\/\"},{\"@type\":\"ListItem\",\"position\":2,\"name\":\"La Festa de Cocentaina del 2023 deja un balance positivo\"}]},{\"@type\":\"WebSite\",\"@id\":\"https:\\\/\\\/www.copealcoy.es\\\/es\\\/#website\",\"url\":\"https:\\\/\\\/www.copealcoy.es\\\/es\\\/\",\"name\":\"COPE Alcoy\",\"description\":\"Emisora COPE de radio local con emisi\u00f3n online. Pont de Sant Jordi 8-10 03803 Alcoy\",\"potentialAction\":[{\"@type\":\"SearchAction\",\"target\":{\"@type\":\"EntryPoint\",\"urlTemplate\":\"https:\\\/\\\/www.copealcoy.es\\\/es\\\/?s={search_term_string}\"},\"query-input\":{\"@type\":\"PropertyValueSpecification\",\"valueRequired\":true,\"valueName\":\"search_term_string\"}}],\"inLanguage\":\"es\"},{\"@type\":\"Person\",\"@id\":\"https:\\\/\\\/www.copealcoy.es\\\/es\\\/#\\\/schema\\\/person\\\/e777c87fa024e57d40170af9df39882c\",\"name\":\"Cope Alcoy\",\"image\":{\"@type\":\"ImageObject\",\"inLanguage\":\"es\",\"@id\":\"https:\\\/\\\/secure.gravatar.com\\\/avatar\\\/bb65d0283347e303893ba14f0692005417c1e0e690a325a4c5d8bb2b3943ee14?s=96&d=mm&r=g\",\"url\":\"https:\\\/\\\/secure.gravatar.com\\\/avatar\\\/bb65d0283347e303893ba14f0692005417c1e0e690a325a4c5d8bb2b3943ee14?s=96&d=mm&r=g\",\"contentUrl\":\"https:\\\/\\\/secure.gravatar.com\\\/avatar\\\/bb65d0283347e303893ba14f0692005417c1e0e690a325a4c5d8bb2b3943ee14?s=96&d=mm&r=g\",\"caption\":\"Cope Alcoy\"}}]}<\/script>\n<!-- \/ Yoast SEO plugin. -->","yoast_head_json":{"title":"La Festa de Cocentaina del 2023 deja un balance positivo - COPE Alcoy","description":"Las Fiestas de Moros y Cristianos de Cocentaina del 2023 dejan un balance positivo en Ayuntamiento y Junta de Festes","robots":{"index":"index","follow":"follow","max-snippet":"max-snippet:-1","max-image-preview":"max-image-preview:large","max-video-preview":"max-video-preview:-1"},"canonical":"https:\/\/www.copealcoy.es\/es\/la-festa-de-cocentaina-del-2023-deja-un-balance-positivo\/","og_locale":"es_ES","og_type":"article","og_title":"La Festa de Cocentaina del 2023 deja un balance positivo - COPE Alcoy","og_description":"Las Fiestas de Moros y Cristianos de Cocentaina del 2023 dejan un balance positivo en Ayuntamiento y Junta de Festes","og_url":"https:\/\/www.copealcoy.es\/es\/la-festa-de-cocentaina-del-2023-deja-un-balance-positivo\/","og_site_name":"COPE Alcoy","article_published_time":"2023-08-16T05:00:57+00:00","article_modified_time":"2023-08-16T17:05:22+00:00","og_image":[{"width":1562,"height":990,"url":"https:\/\/www.copealcoy.es\/wp-content\/uploads\/2023\/08\/6-Aspecto-que-presentaba-la-Placa-del-Mercat-en-el-sopar-de-germanor.jpg","type":"image\/jpeg"}],"author":"Cope Alcoy","twitter_misc":{"Escrito por":"Cope Alcoy","Tiempo de lectura":"3 minutos"},"schema":{"@context":"https:\/\/schema.org","@graph":[{"@type":"Article","@id":"https:\/\/www.copealcoy.es\/es\/la-festa-de-cocentaina-del-2023-deja-un-balance-positivo\/#article","isPartOf":{"@id":"https:\/\/www.copealcoy.es\/es\/la-festa-de-cocentaina-del-2023-deja-un-balance-positivo\/"},"author":{"name":"Cope Alcoy","@id":"https:\/\/www.copealcoy.es\/es\/#\/schema\/person\/e777c87fa024e57d40170af9df39882c"},"headline":"La Festa de Cocentaina del 2023 deja un balance positivo","datePublished":"2023-08-16T05:00:57+00:00","dateModified":"2023-08-16T17:05:22+00:00","mainEntityOfPage":{"@id":"https:\/\/www.copealcoy.es\/es\/la-festa-de-cocentaina-del-2023-deja-un-balance-positivo\/"},"wordCount":452,"commentCount":0,"image":{"@id":"https:\/\/www.copealcoy.es\/es\/la-festa-de-cocentaina-del-2023-deja-un-balance-positivo\/#primaryimage"},"thumbnailUrl":"https:\/\/www.copealcoy.es\/wp-content\/uploads\/2023\/08\/6-Aspecto-que-presentaba-la-Placa-del-Mercat-en-el-sopar-de-germanor.jpg","keywords":["Balance","Cocentaina","Fiestas","Moros Y Cristianos","San Hip\u00f3lito M\u00e1rtir"],"articleSection":["Actualidad","Comarcas","Noticias"],"inLanguage":"es"},{"@type":"WebPage","@id":"https:\/\/www.copealcoy.es\/es\/la-festa-de-cocentaina-del-2023-deja-un-balance-positivo\/","url":"https:\/\/www.copealcoy.es\/es\/la-festa-de-cocentaina-del-2023-deja-un-balance-positivo\/","name":"La Festa de Cocentaina del 2023 deja un balance positivo - COPE Alcoy","isPartOf":{"@id":"https:\/\/www.copealcoy.es\/es\/#website"},"primaryImageOfPage":{"@id":"https:\/\/www.copealcoy.es\/es\/la-festa-de-cocentaina-del-2023-deja-un-balance-positivo\/#primaryimage"},"image":{"@id":"https:\/\/www.copealcoy.es\/es\/la-festa-de-cocentaina-del-2023-deja-un-balance-positivo\/#primaryimage"},"thumbnailUrl":"https:\/\/www.copealcoy.es\/wp-content\/uploads\/2023\/08\/6-Aspecto-que-presentaba-la-Placa-del-Mercat-en-el-sopar-de-germanor.jpg","datePublished":"2023-08-16T05:00:57+00:00","dateModified":"2023-08-16T17:05:22+00:00","author":{"@id":"https:\/\/www.copealcoy.es\/es\/#\/schema\/person\/e777c87fa024e57d40170af9df39882c"},"description":"Las Fiestas de Moros y Cristianos de Cocentaina del 2023 dejan un balance positivo en Ayuntamiento y Junta de Festes","breadcrumb":{"@id":"https:\/\/www.copealcoy.es\/es\/la-festa-de-cocentaina-del-2023-deja-un-balance-positivo\/#breadcrumb"},"inLanguage":"es","potentialAction":[{"@type":"ReadAction","target":["https:\/\/www.copealcoy.es\/es\/la-festa-de-cocentaina-del-2023-deja-un-balance-positivo\/"]}]},{"@type":"ImageObject","inLanguage":"es","@id":"https:\/\/www.copealcoy.es\/es\/la-festa-de-cocentaina-del-2023-deja-un-balance-positivo\/#primaryimage","url":"https:\/\/www.copealcoy.es\/wp-content\/uploads\/2023\/08\/6-Aspecto-que-presentaba-la-Placa-del-Mercat-en-el-sopar-de-germanor.jpg","contentUrl":"https:\/\/www.copealcoy.es\/wp-content\/uploads\/2023\/08\/6-Aspecto-que-presentaba-la-Placa-del-Mercat-en-el-sopar-de-germanor.jpg","width":1562,"height":990},{"@type":"BreadcrumbList","@id":"https:\/\/www.copealcoy.es\/es\/la-festa-de-cocentaina-del-2023-deja-un-balance-positivo\/#breadcrumb","itemListElement":[{"@type":"ListItem","position":1,"name":"Portada","item":"https:\/\/www.copealcoy.es\/es\/"},{"@type":"ListItem","position":2,"name":"La Festa de Cocentaina del 2023 deja un balance positivo"}]},{"@type":"WebSite","@id":"https:\/\/www.copealcoy.es\/es\/#website","url":"https:\/\/www.copealcoy.es\/es\/","name":"COPE Alcoy","description":"Emisora COPE de radio local con emisi\u00f3n online. Pont de Sant Jordi 8-10 03803 Alcoy","potentialAction":[{"@type":"SearchAction","target":{"@type":"EntryPoint","urlTemplate":"https:\/\/www.copealcoy.es\/es\/?s={search_term_string}"},"query-input":{"@type":"PropertyValueSpecification","valueRequired":true,"valueName":"search_term_string"}}],"inLanguage":"es"},{"@type":"Person","@id":"https:\/\/www.copealcoy.es\/es\/#\/schema\/person\/e777c87fa024e57d40170af9df39882c","name":"Cope Alcoy","image":{"@type":"ImageObject","inLanguage":"es","@id":"https:\/\/secure.gravatar.com\/avatar\/bb65d0283347e303893ba14f0692005417c1e0e690a325a4c5d8bb2b3943ee14?s=96&d=mm&r=g","url":"https:\/\/secure.gravatar.com\/avatar\/bb65d0283347e303893ba14f0692005417c1e0e690a325a4c5d8bb2b3943ee14?s=96&d=mm&r=g","contentUrl":"https:\/\/secure.gravatar.com\/avatar\/bb65d0283347e303893ba14f0692005417c1e0e690a325a4c5d8bb2b3943ee14?s=96&d=mm&r=g","caption":"Cope Alcoy"}}]}},"_links":{"self":[{"href":"https:\/\/www.copealcoy.es\/es\/wp-json\/wp\/v2\/posts\/120891","targetHints":{"allow":["GET"]}}],"collection":[{"href":"https:\/\/www.copealcoy.es\/es\/wp-json\/wp\/v2\/posts"}],"about":[{"href":"https:\/\/www.copealcoy.es\/es\/wp-json\/wp\/v2\/types\/post"}],"author":[{"embeddable":true,"href":"https:\/\/www.copealcoy.es\/es\/wp-json\/wp\/v2\/users\/1"}],"replies":[{"embeddable":true,"href":"https:\/\/www.copealcoy.es\/es\/wp-json\/wp\/v2\/comments?post=120891"}],"version-history":[{"count":0,"href":"https:\/\/www.copealcoy.es\/es\/wp-json\/wp\/v2\/posts\/120891\/revisions"}],"wp:featuredmedia":[{"embeddable":true,"href":"https:\/\/www.copealcoy.es\/es\/wp-json\/wp\/v2\/media\/120892"}],"wp:attachment":[{"href":"https:\/\/www.copealcoy.es\/es\/wp-json\/wp\/v2\/media?parent=120891"}],"wp:term":[{"taxonomy":"category","embeddable":true,"href":"https:\/\/www.copealcoy.es\/es\/wp-json\/wp\/v2\/categories?post=120891"},{"taxonomy":"post_tag","embeddable":true,"href":"https:\/\/www.copealcoy.es\/es\/wp-json\/wp\/v2\/tags?post=120891"}],"curies":[{"name":"wp","href":"https:\/\/api.w.org\/{rel}","templated":true}]}}