{"id":12082,"date":"2015-04-10T19:43:39","date_gmt":"2015-04-10T19:43:39","guid":{"rendered":"http:\/\/copealcoi.es\/new\/?p=12082"},"modified":"2015-04-10T19:43:39","modified_gmt":"2015-04-10T19:43:39","slug":"upyd-pide-que-la-querella-de-los-sobrecostes-del-calderon-incluya-a-sedano","status":"publish","type":"post","link":"https:\/\/www.copealcoy.es\/es\/upyd-pide-que-la-querella-de-los-sobrecostes-del-calderon-incluya-a-sedano\/","title":{"rendered":"UPyD pide que la querella de los sobrecostes del Calder\u00f3n incluya a Sedano"},"content":{"rendered":"<p style=\"text-align: justify;\">Uni\u00f3n Progreso y Democracia ha recopilado toda la documentaci\u00f3n relativa a los sobrecostes en las obras del Teatro Calder\u00f3n para remitirla a la Fiscal\u00eda Anticorrupci\u00f3n. As\u00ed lo ha explicado el candidato a la alcald\u00eda de Alcoy por la formaci\u00f3n Magenta, David Sabido, quien ha se\u00f1alado que el objetivo es que &#8220;si el Fiscal ve indicios de delito incluya en la querella por los presuntos delitos en el pago de las obras del Calder\u00f3n al exalcalde Jorge Sedano&#8221;, se\u00f1ala.<\/p>\n<p style=\"text-align: justify;\">En este sentido Sabido matiza\u00a0que por este asunto se deber\u00edan haber depurado responsabilidades pol\u00edticas &#8220;consideramos que la Justicia debe de investigar a Sedano y no solo a Ortiz y al director de las obras ya que fue el Gobierno Local que el presid\u00eda el que acord\u00f3 pagar estos sobrecostes&#8221;, aclara. Recordar que, seg\u00fan el informe pericial encargado en su momento por un juzgado de Alicante ,el Consistorio autoriz\u00f3 abonar cerca de un mill\u00f3n de euros por trabajos en este espacio cultural que ten\u00edan un coste superior al del mercado, inacabados o que nunca llegaron a ejecutarse. Adem\u00e1s el Fiscal, tal y como anunci\u00f3 el Ejecutivo Municipal el mi\u00e9rcoles,\u00a0ha presentado una querella contra el citado Ortiz y el Contratista.<\/p>\n<p style=\"text-align: justify;\">Por \u00faltimo David Sabido se\u00f1ala tambi\u00e9n que UPyD siempre ha pedido una comisi\u00f3n de investigaci\u00f3n para aclarar el asunto &#8220;algo a lo que el Bipartito siempre se ha negado&#8221;, recuerda. Apuntar que este s\u00e1bado a partir de las 12 del mediod\u00eda la formaci\u00f3n pol\u00edtica llevar\u00e1 a cabo un acto de denuncia ante las puertas del Calder\u00f3n para informar a la ciudadan\u00eda sobre la situaci\u00f3n.<\/p>\n<p>&nbsp;<\/p>\n","protected":false},"excerpt":{"rendered":"<p>Uni\u00f3n Progreso y Democracia ha recopilado toda la documentaci\u00f3n relativa a los sobrecostes en las obras del Teatro Calder\u00f3n para&#8230;<\/p>\n","protected":false},"author":1,"featured_media":8819,"comment_status":"open","ping_status":"open","sticky":false,"template":"","format":"standard","meta":{"footnotes":""},"categories":[97,75,79],"tags":[1494,333,145,422,939,214],"class_list":["post-12082","post","type-post","status-publish","format-standard","has-post-thumbnail","hentry","category-alcoy","category-noticias","category-politicayeconomia","tag-alcoy","tag-calderon","tag-obras","tag-politica","tag-tribunales","tag-upyd"],"yoast_head":"<!-- This site is optimized with the Yoast SEO plugin v27.3 - https:\/\/yoast.com\/product\/yoast-seo-wordpress\/ -->\n<title>UPyD pide que la querella de los sobrecostes del Calder\u00f3n incluya a Sedano - COPE Alcoy<\/title>\n<meta name=\"robots\" content=\"index, follow, max-snippet:-1, max-image-preview:large, max-video-preview:-1\" \/>\n<link rel=\"canonical\" href=\"https:\/\/www.copealcoy.es\/es\/upyd-pide-que-la-querella-de-los-sobrecostes-del-calderon-incluya-a-sedano\/\" \/>\n<meta property=\"og:locale\" content=\"es_ES\" \/>\n<meta property=\"og:type\" content=\"article\" \/>\n<meta property=\"og:title\" content=\"UPyD pide que la querella de los sobrecostes del Calder\u00f3n incluya a Sedano - COPE Alcoy\" \/>\n<meta property=\"og:description\" content=\"Uni\u00f3n Progreso y Democracia ha recopilado toda la documentaci\u00f3n relativa a los sobrecostes en las obras del Teatro Calder\u00f3n para...\" \/>\n<meta property=\"og:url\" content=\"https:\/\/www.copealcoy.es\/es\/upyd-pide-que-la-querella-de-los-sobrecostes-del-calderon-incluya-a-sedano\/\" \/>\n<meta property=\"og:site_name\" content=\"COPE Alcoy\" \/>\n<meta property=\"article:published_time\" content=\"2015-04-10T19:43:39+00:00\" \/>\n<meta property=\"og:image\" content=\"https:\/\/www.copealcoy.es\/wp-content\/uploads\/2014\/12\/image21.jpg\" \/>\n\t<meta property=\"og:image:width\" content=\"2592\" \/>\n\t<meta property=\"og:image:height\" content=\"1944\" \/>\n\t<meta property=\"og:image:type\" content=\"image\/jpeg\" \/>\n<meta name=\"author\" content=\"Cope Alcoy\" \/>\n<meta name=\"twitter:label1\" content=\"Escrito por\" \/>\n\t<meta name=\"twitter:data1\" content=\"Cope Alcoy\" \/>\n\t<meta name=\"twitter:label2\" content=\"Tiempo de lectura\" \/>\n\t<meta name=\"twitter:data2\" content=\"1 minuto\" \/>\n<script type=\"application\/ld+json\" class=\"yoast-schema-graph\">{\"@context\":\"https:\\\/\\\/schema.org\",\"@graph\":[{\"@type\":\"Article\",\"@id\":\"https:\\\/\\\/www.copealcoy.es\\\/es\\\/upyd-pide-que-la-querella-de-los-sobrecostes-del-calderon-incluya-a-sedano\\\/#article\",\"isPartOf\":{\"@id\":\"https:\\\/\\\/www.copealcoy.es\\\/es\\\/upyd-pide-que-la-querella-de-los-sobrecostes-del-calderon-incluya-a-sedano\\\/\"},\"author\":{\"name\":\"Cope Alcoy\",\"@id\":\"https:\\\/\\\/www.copealcoy.es\\\/es\\\/#\\\/schema\\\/person\\\/e777c87fa024e57d40170af9df39882c\"},\"headline\":\"UPyD pide que la querella de los sobrecostes del Calder\u00f3n incluya a Sedano\",\"datePublished\":\"2015-04-10T19:43:39+00:00\",\"mainEntityOfPage\":{\"@id\":\"https:\\\/\\\/www.copealcoy.es\\\/es\\\/upyd-pide-que-la-querella-de-los-sobrecostes-del-calderon-incluya-a-sedano\\\/\"},\"wordCount\":305,\"commentCount\":0,\"image\":{\"@id\":\"https:\\\/\\\/www.copealcoy.es\\\/es\\\/upyd-pide-que-la-querella-de-los-sobrecostes-del-calderon-incluya-a-sedano\\\/#primaryimage\"},\"thumbnailUrl\":\"https:\\\/\\\/www.copealcoy.es\\\/wp-content\\\/uploads\\\/2014\\\/12\\\/image21.jpg\",\"keywords\":[\"Alcoy\",\"calder\u00f3n\",\"Obras\",\"Pol\u00edtica\",\"Tribunales\",\"UPyD\"],\"articleSection\":[\"Alcoy\",\"Noticias\",\"Pol\u00edtica y Econom\u00eda\"],\"inLanguage\":\"es\"},{\"@type\":\"WebPage\",\"@id\":\"https:\\\/\\\/www.copealcoy.es\\\/es\\\/upyd-pide-que-la-querella-de-los-sobrecostes-del-calderon-incluya-a-sedano\\\/\",\"url\":\"https:\\\/\\\/www.copealcoy.es\\\/es\\\/upyd-pide-que-la-querella-de-los-sobrecostes-del-calderon-incluya-a-sedano\\\/\",\"name\":\"UPyD pide que la querella de los sobrecostes del Calder\u00f3n incluya a Sedano - COPE Alcoy\",\"isPartOf\":{\"@id\":\"https:\\\/\\\/www.copealcoy.es\\\/es\\\/#website\"},\"primaryImageOfPage\":{\"@id\":\"https:\\\/\\\/www.copealcoy.es\\\/es\\\/upyd-pide-que-la-querella-de-los-sobrecostes-del-calderon-incluya-a-sedano\\\/#primaryimage\"},\"image\":{\"@id\":\"https:\\\/\\\/www.copealcoy.es\\\/es\\\/upyd-pide-que-la-querella-de-los-sobrecostes-del-calderon-incluya-a-sedano\\\/#primaryimage\"},\"thumbnailUrl\":\"https:\\\/\\\/www.copealcoy.es\\\/wp-content\\\/uploads\\\/2014\\\/12\\\/image21.jpg\",\"datePublished\":\"2015-04-10T19:43:39+00:00\",\"author\":{\"@id\":\"https:\\\/\\\/www.copealcoy.es\\\/es\\\/#\\\/schema\\\/person\\\/e777c87fa024e57d40170af9df39882c\"},\"breadcrumb\":{\"@id\":\"https:\\\/\\\/www.copealcoy.es\\\/es\\\/upyd-pide-que-la-querella-de-los-sobrecostes-del-calderon-incluya-a-sedano\\\/#breadcrumb\"},\"inLanguage\":\"es\",\"potentialAction\":[{\"@type\":\"ReadAction\",\"target\":[\"https:\\\/\\\/www.copealcoy.es\\\/es\\\/upyd-pide-que-la-querella-de-los-sobrecostes-del-calderon-incluya-a-sedano\\\/\"]}]},{\"@type\":\"ImageObject\",\"inLanguage\":\"es\",\"@id\":\"https:\\\/\\\/www.copealcoy.es\\\/es\\\/upyd-pide-que-la-querella-de-los-sobrecostes-del-calderon-incluya-a-sedano\\\/#primaryimage\",\"url\":\"https:\\\/\\\/www.copealcoy.es\\\/wp-content\\\/uploads\\\/2014\\\/12\\\/image21.jpg\",\"contentUrl\":\"https:\\\/\\\/www.copealcoy.es\\\/wp-content\\\/uploads\\\/2014\\\/12\\\/image21.jpg\",\"width\":1440,\"height\":1080,\"caption\":\"Exteriores del Teatro Calder\u00f3n de Alcoy\"},{\"@type\":\"BreadcrumbList\",\"@id\":\"https:\\\/\\\/www.copealcoy.es\\\/es\\\/upyd-pide-que-la-querella-de-los-sobrecostes-del-calderon-incluya-a-sedano\\\/#breadcrumb\",\"itemListElement\":[{\"@type\":\"ListItem\",\"position\":1,\"name\":\"Portada\",\"item\":\"https:\\\/\\\/www.copealcoy.es\\\/es\\\/\"},{\"@type\":\"ListItem\",\"position\":2,\"name\":\"UPyD pide que la querella de los sobrecostes del Calder\u00f3n incluya a Sedano\"}]},{\"@type\":\"WebSite\",\"@id\":\"https:\\\/\\\/www.copealcoy.es\\\/es\\\/#website\",\"url\":\"https:\\\/\\\/www.copealcoy.es\\\/es\\\/\",\"name\":\"COPE Alcoy\",\"description\":\"Emisora COPE de radio local con emisi\u00f3n online. Pont de Sant Jordi 8-10 03803 Alcoy\",\"potentialAction\":[{\"@type\":\"SearchAction\",\"target\":{\"@type\":\"EntryPoint\",\"urlTemplate\":\"https:\\\/\\\/www.copealcoy.es\\\/es\\\/?s={search_term_string}\"},\"query-input\":{\"@type\":\"PropertyValueSpecification\",\"valueRequired\":true,\"valueName\":\"search_term_string\"}}],\"inLanguage\":\"es\"},{\"@type\":\"Person\",\"@id\":\"https:\\\/\\\/www.copealcoy.es\\\/es\\\/#\\\/schema\\\/person\\\/e777c87fa024e57d40170af9df39882c\",\"name\":\"Cope Alcoy\",\"image\":{\"@type\":\"ImageObject\",\"inLanguage\":\"es\",\"@id\":\"https:\\\/\\\/secure.gravatar.com\\\/avatar\\\/bb65d0283347e303893ba14f0692005417c1e0e690a325a4c5d8bb2b3943ee14?s=96&d=mm&r=g\",\"url\":\"https:\\\/\\\/secure.gravatar.com\\\/avatar\\\/bb65d0283347e303893ba14f0692005417c1e0e690a325a4c5d8bb2b3943ee14?s=96&d=mm&r=g\",\"contentUrl\":\"https:\\\/\\\/secure.gravatar.com\\\/avatar\\\/bb65d0283347e303893ba14f0692005417c1e0e690a325a4c5d8bb2b3943ee14?s=96&d=mm&r=g\",\"caption\":\"Cope Alcoy\"}}]}<\/script>\n<!-- \/ Yoast SEO plugin. -->","yoast_head_json":{"title":"UPyD pide que la querella de los sobrecostes del Calder\u00f3n incluya a Sedano - COPE Alcoy","robots":{"index":"index","follow":"follow","max-snippet":"max-snippet:-1","max-image-preview":"max-image-preview:large","max-video-preview":"max-video-preview:-1"},"canonical":"https:\/\/www.copealcoy.es\/es\/upyd-pide-que-la-querella-de-los-sobrecostes-del-calderon-incluya-a-sedano\/","og_locale":"es_ES","og_type":"article","og_title":"UPyD pide que la querella de los sobrecostes del Calder\u00f3n incluya a Sedano - COPE Alcoy","og_description":"Uni\u00f3n Progreso y Democracia ha recopilado toda la documentaci\u00f3n relativa a los sobrecostes en las obras del Teatro Calder\u00f3n para...","og_url":"https:\/\/www.copealcoy.es\/es\/upyd-pide-que-la-querella-de-los-sobrecostes-del-calderon-incluya-a-sedano\/","og_site_name":"COPE Alcoy","article_published_time":"2015-04-10T19:43:39+00:00","og_image":[{"width":2592,"height":1944,"url":"https:\/\/www.copealcoy.es\/wp-content\/uploads\/2014\/12\/image21.jpg","type":"image\/jpeg"}],"author":"Cope Alcoy","twitter_misc":{"Escrito por":"Cope Alcoy","Tiempo de lectura":"1 minuto"},"schema":{"@context":"https:\/\/schema.org","@graph":[{"@type":"Article","@id":"https:\/\/www.copealcoy.es\/es\/upyd-pide-que-la-querella-de-los-sobrecostes-del-calderon-incluya-a-sedano\/#article","isPartOf":{"@id":"https:\/\/www.copealcoy.es\/es\/upyd-pide-que-la-querella-de-los-sobrecostes-del-calderon-incluya-a-sedano\/"},"author":{"name":"Cope Alcoy","@id":"https:\/\/www.copealcoy.es\/es\/#\/schema\/person\/e777c87fa024e57d40170af9df39882c"},"headline":"UPyD pide que la querella de los sobrecostes del Calder\u00f3n incluya a Sedano","datePublished":"2015-04-10T19:43:39+00:00","mainEntityOfPage":{"@id":"https:\/\/www.copealcoy.es\/es\/upyd-pide-que-la-querella-de-los-sobrecostes-del-calderon-incluya-a-sedano\/"},"wordCount":305,"commentCount":0,"image":{"@id":"https:\/\/www.copealcoy.es\/es\/upyd-pide-que-la-querella-de-los-sobrecostes-del-calderon-incluya-a-sedano\/#primaryimage"},"thumbnailUrl":"https:\/\/www.copealcoy.es\/wp-content\/uploads\/2014\/12\/image21.jpg","keywords":["Alcoy","calder\u00f3n","Obras","Pol\u00edtica","Tribunales","UPyD"],"articleSection":["Alcoy","Noticias","Pol\u00edtica y Econom\u00eda"],"inLanguage":"es"},{"@type":"WebPage","@id":"https:\/\/www.copealcoy.es\/es\/upyd-pide-que-la-querella-de-los-sobrecostes-del-calderon-incluya-a-sedano\/","url":"https:\/\/www.copealcoy.es\/es\/upyd-pide-que-la-querella-de-los-sobrecostes-del-calderon-incluya-a-sedano\/","name":"UPyD pide que la querella de los sobrecostes del Calder\u00f3n incluya a Sedano - COPE Alcoy","isPartOf":{"@id":"https:\/\/www.copealcoy.es\/es\/#website"},"primaryImageOfPage":{"@id":"https:\/\/www.copealcoy.es\/es\/upyd-pide-que-la-querella-de-los-sobrecostes-del-calderon-incluya-a-sedano\/#primaryimage"},"image":{"@id":"https:\/\/www.copealcoy.es\/es\/upyd-pide-que-la-querella-de-los-sobrecostes-del-calderon-incluya-a-sedano\/#primaryimage"},"thumbnailUrl":"https:\/\/www.copealcoy.es\/wp-content\/uploads\/2014\/12\/image21.jpg","datePublished":"2015-04-10T19:43:39+00:00","author":{"@id":"https:\/\/www.copealcoy.es\/es\/#\/schema\/person\/e777c87fa024e57d40170af9df39882c"},"breadcrumb":{"@id":"https:\/\/www.copealcoy.es\/es\/upyd-pide-que-la-querella-de-los-sobrecostes-del-calderon-incluya-a-sedano\/#breadcrumb"},"inLanguage":"es","potentialAction":[{"@type":"ReadAction","target":["https:\/\/www.copealcoy.es\/es\/upyd-pide-que-la-querella-de-los-sobrecostes-del-calderon-incluya-a-sedano\/"]}]},{"@type":"ImageObject","inLanguage":"es","@id":"https:\/\/www.copealcoy.es\/es\/upyd-pide-que-la-querella-de-los-sobrecostes-del-calderon-incluya-a-sedano\/#primaryimage","url":"https:\/\/www.copealcoy.es\/wp-content\/uploads\/2014\/12\/image21.jpg","contentUrl":"https:\/\/www.copealcoy.es\/wp-content\/uploads\/2014\/12\/image21.jpg","width":1440,"height":1080,"caption":"Exteriores del Teatro Calder\u00f3n de Alcoy"},{"@type":"BreadcrumbList","@id":"https:\/\/www.copealcoy.es\/es\/upyd-pide-que-la-querella-de-los-sobrecostes-del-calderon-incluya-a-sedano\/#breadcrumb","itemListElement":[{"@type":"ListItem","position":1,"name":"Portada","item":"https:\/\/www.copealcoy.es\/es\/"},{"@type":"ListItem","position":2,"name":"UPyD pide que la querella de los sobrecostes del Calder\u00f3n incluya a Sedano"}]},{"@type":"WebSite","@id":"https:\/\/www.copealcoy.es\/es\/#website","url":"https:\/\/www.copealcoy.es\/es\/","name":"COPE Alcoy","description":"Emisora COPE de radio local con emisi\u00f3n online. Pont de Sant Jordi 8-10 03803 Alcoy","potentialAction":[{"@type":"SearchAction","target":{"@type":"EntryPoint","urlTemplate":"https:\/\/www.copealcoy.es\/es\/?s={search_term_string}"},"query-input":{"@type":"PropertyValueSpecification","valueRequired":true,"valueName":"search_term_string"}}],"inLanguage":"es"},{"@type":"Person","@id":"https:\/\/www.copealcoy.es\/es\/#\/schema\/person\/e777c87fa024e57d40170af9df39882c","name":"Cope Alcoy","image":{"@type":"ImageObject","inLanguage":"es","@id":"https:\/\/secure.gravatar.com\/avatar\/bb65d0283347e303893ba14f0692005417c1e0e690a325a4c5d8bb2b3943ee14?s=96&d=mm&r=g","url":"https:\/\/secure.gravatar.com\/avatar\/bb65d0283347e303893ba14f0692005417c1e0e690a325a4c5d8bb2b3943ee14?s=96&d=mm&r=g","contentUrl":"https:\/\/secure.gravatar.com\/avatar\/bb65d0283347e303893ba14f0692005417c1e0e690a325a4c5d8bb2b3943ee14?s=96&d=mm&r=g","caption":"Cope Alcoy"}}]}},"_links":{"self":[{"href":"https:\/\/www.copealcoy.es\/es\/wp-json\/wp\/v2\/posts\/12082","targetHints":{"allow":["GET"]}}],"collection":[{"href":"https:\/\/www.copealcoy.es\/es\/wp-json\/wp\/v2\/posts"}],"about":[{"href":"https:\/\/www.copealcoy.es\/es\/wp-json\/wp\/v2\/types\/post"}],"author":[{"embeddable":true,"href":"https:\/\/www.copealcoy.es\/es\/wp-json\/wp\/v2\/users\/1"}],"replies":[{"embeddable":true,"href":"https:\/\/www.copealcoy.es\/es\/wp-json\/wp\/v2\/comments?post=12082"}],"version-history":[{"count":0,"href":"https:\/\/www.copealcoy.es\/es\/wp-json\/wp\/v2\/posts\/12082\/revisions"}],"wp:featuredmedia":[{"embeddable":true,"href":"https:\/\/www.copealcoy.es\/es\/wp-json\/wp\/v2\/media\/8819"}],"wp:attachment":[{"href":"https:\/\/www.copealcoy.es\/es\/wp-json\/wp\/v2\/media?parent=12082"}],"wp:term":[{"taxonomy":"category","embeddable":true,"href":"https:\/\/www.copealcoy.es\/es\/wp-json\/wp\/v2\/categories?post=12082"},{"taxonomy":"post_tag","embeddable":true,"href":"https:\/\/www.copealcoy.es\/es\/wp-json\/wp\/v2\/tags?post=12082"}],"curies":[{"name":"wp","href":"https:\/\/api.w.org\/{rel}","templated":true}]}}