{"id":120806,"date":"2023-08-14T13:43:11","date_gmt":"2023-08-14T12:43:11","guid":{"rendered":"https:\/\/www.copealcoy.es\/?p=120806"},"modified":"2023-08-15T10:20:52","modified_gmt":"2023-08-15T09:20:52","slug":"las-fuerzas-moras-toman-cocentaina-en-la-manana-del-ultimo-dia-de-fiestas","status":"publish","type":"post","link":"https:\/\/www.copealcoy.es\/es\/las-fuerzas-moras-toman-cocentaina-en-la-manana-del-ultimo-dia-de-fiestas\/","title":{"rendered":"Las fuerzas moras toman Cocentaina en la ma\u00f1ana del \u00faltimo d\u00eda de Fiestas"},"content":{"rendered":"<p style=\"text-align: justify;\">En la jornada de este <strong>lunes 14 de agosto<\/strong>, v\u00edspera de la festividad de Nuestra Se\u00f1ora de La Asunci\u00f3n, <strong>llegan a su fin <a href=\"https:\/\/www.facebook.com\/federacionjuntafiestas.cocentaina\" target=\"_blank\" rel=\"noopener\"><span style=\"color: #0000ff;\">las Fiestas de Moros y Cristianos de Cocentaina<\/span><\/a><\/strong> en honor a San Hip\u00f3lito M\u00e1rtir con la celebraci\u00f3n del <strong>D\u00eda del Alardo<\/strong>. En este \u00faltimo <strong>se recrean las batallas entre las tropas de la cruz y las fuerzas de la media luna<\/strong>, que dan origen a las celebraciones, y la ma\u00f1ana ha comenzado al despuntar el d\u00eda con <strong>las guerrillas<\/strong> a las faldas de la Serra de Mariola.<\/p>\n<p style=\"text-align: justify;\">A las once de la ma\u00f1ana se ha efectuado <strong>la Estafeta<\/strong>, en la que los moros han pedido la rendici\u00f3n de la Villa a los cristianos, pero en ser rechazada la propuesta ha emprendido una veloz carrera para advertir a los suyos de la negativa. Trompetas y percusi\u00f3n han anunciado la llegada de los sarracenos al Pla donde el Embajador, <strong>papel encarnado este a\u00f1o por Joan Aura<\/strong>, ha entablado un intenso di\u00e1logo con su hom\u00f3logo cristiano. Los \u00e1rabes <strong>no han podido convencer a los herederos de Roger de Ll\u00faria<\/strong> y la Embajada ha concluido con <strong>la orden de prender fuego a las murallas contestanas<\/strong> para recordar as\u00ed el incendio de 1304 que arrans\u00f3 la entonces Villa \u201c<em>Al\u00e0 ho vol, per tossud, infidel i insolent hu\u00ed veur\u00e1s cremar la Vila de Cocentaina. Soldats, per Mahoma, incendieu el Castell\u201d,<\/em>\u00a0reza en el texto de las citadas Embajadas que se ha recitado y que\u00a0escribi\u00f3 en 2006 Iv\u00e1n Carbonell Iglesias. Con este instante simb\u00f3lico se han recordado tambi\u00e9n unos hechos hist\u00f3ricos <strong>que propiciaron que los vecinos de la capital del Comtat sean conocidos todav\u00eda hoy como \u201cSocarrats\u201d<\/strong>.<\/p>\n<p style=\"text-align: justify;\">\u00a0La calurosa ma\u00f1ana ha seguido con <strong>la batalla de arcabucer\u00eda<\/strong>, para la que finalmente se van a emplear m\u00e1s de 300 kilos de p\u00f3lvora durante toda la jornada, y tras esta ha llegado el momento de <strong>la lucha armada cuerpo a cuerpo entre los cargos<\/strong>. Finalmente <strong>los moros han vencido en lo alto del castillo<\/strong> izando l<strong>a ense\u00f1a de la media luna<\/strong> en la torre m\u00e1s elevada de la fortaleza.<\/p>\n<div id='gallery-1' class='gallery galleryid-120806 gallery-columns-1 gallery-size-full'><figure class='gallery-item'>\n\t\t\t<div class='gallery-icon landscape'>\n\t\t\t\t<a href='https:\/\/www.copealcoy.es\/es\/las-fuerzas-moras-toman-cocentaina-en-la-manana-del-ultimo-dia-de-fiestas\/img_1978\/'><img loading=\"lazy\" decoding=\"async\" width=\"1454\" height=\"1080\" src=\"https:\/\/www.copealcoy.es\/wp-content\/uploads\/2023\/08\/IMG_1978-scaled.jpg\" class=\"attachment-full size-full\" alt=\"\" srcset=\"https:\/\/www.copealcoy.es\/wp-content\/uploads\/2023\/08\/IMG_1978-scaled.jpg 1454w, https:\/\/www.copealcoy.es\/wp-content\/uploads\/2023\/08\/IMG_1978-768x570.jpg 768w, https:\/\/www.copealcoy.es\/wp-content\/uploads\/2023\/08\/IMG_1978-1536x1141.jpg 1536w, https:\/\/www.copealcoy.es\/wp-content\/uploads\/2023\/08\/IMG_1978-2048x1521.jpg 2048w\" sizes=\"auto, (max-width: 1454px) 100vw, 1454px\" \/><\/a>\n\t\t\t<\/div><\/figure><figure class='gallery-item'>\n\t\t\t<div class='gallery-icon landscape'>\n\t\t\t\t<a href='https:\/\/www.copealcoy.es\/es\/las-fuerzas-moras-toman-cocentaina-en-la-manana-del-ultimo-dia-de-fiestas\/img_1996\/'><img loading=\"lazy\" decoding=\"async\" width=\"1620\" height=\"1080\" src=\"https:\/\/www.copealcoy.es\/wp-content\/uploads\/2023\/08\/IMG_1996-scaled.jpg\" class=\"attachment-full size-full\" alt=\"\" srcset=\"https:\/\/www.copealcoy.es\/wp-content\/uploads\/2023\/08\/IMG_1996-scaled.jpg 1620w, https:\/\/www.copealcoy.es\/wp-content\/uploads\/2023\/08\/IMG_1996-768x512.jpg 768w, https:\/\/www.copealcoy.es\/wp-content\/uploads\/2023\/08\/IMG_1996-1536x1024.jpg 1536w, https:\/\/www.copealcoy.es\/wp-content\/uploads\/2023\/08\/IMG_1996-2048x1365.jpg 2048w, https:\/\/www.copealcoy.es\/wp-content\/uploads\/2023\/08\/IMG_1996-300x200.jpg 300w, https:\/\/www.copealcoy.es\/wp-content\/uploads\/2023\/08\/IMG_1996-600x400.jpg 600w, https:\/\/www.copealcoy.es\/wp-content\/uploads\/2023\/08\/IMG_1996-1200x800.jpg 1200w\" sizes=\"auto, (max-width: 1620px) 100vw, 1620px\" \/><\/a>\n\t\t\t<\/div><\/figure><figure class='gallery-item'>\n\t\t\t<div class='gallery-icon landscape'>\n\t\t\t\t<a href='https:\/\/www.copealcoy.es\/es\/las-fuerzas-moras-toman-cocentaina-en-la-manana-del-ultimo-dia-de-fiestas\/img_1981\/'><img loading=\"lazy\" decoding=\"async\" width=\"1620\" height=\"1080\" src=\"https:\/\/www.copealcoy.es\/wp-content\/uploads\/2023\/08\/IMG_1981-scaled.jpg\" class=\"attachment-full size-full\" alt=\"\" srcset=\"https:\/\/www.copealcoy.es\/wp-content\/uploads\/2023\/08\/IMG_1981-scaled.jpg 1620w, https:\/\/www.copealcoy.es\/wp-content\/uploads\/2023\/08\/IMG_1981-768x512.jpg 768w, https:\/\/www.copealcoy.es\/wp-content\/uploads\/2023\/08\/IMG_1981-1536x1024.jpg 1536w, https:\/\/www.copealcoy.es\/wp-content\/uploads\/2023\/08\/IMG_1981-2048x1365.jpg 2048w, https:\/\/www.copealcoy.es\/wp-content\/uploads\/2023\/08\/IMG_1981-300x200.jpg 300w, https:\/\/www.copealcoy.es\/wp-content\/uploads\/2023\/08\/IMG_1981-600x400.jpg 600w, https:\/\/www.copealcoy.es\/wp-content\/uploads\/2023\/08\/IMG_1981-1200x800.jpg 1200w\" sizes=\"auto, (max-width: 1620px) 100vw, 1620px\" \/><\/a>\n\t\t\t<\/div><\/figure>\n\t\t<\/div>\n\n","protected":false},"excerpt":{"rendered":"<p>En la jornada de este lunes 14 de agosto, v\u00edspera de la festividad de Nuestra Se\u00f1ora de La Asunci\u00f3n, llegan&#8230;<\/p>\n","protected":false},"author":1,"featured_media":120807,"comment_status":"open","ping_status":"open","sticky":false,"template":"","format":"standard","meta":{"footnotes":""},"categories":[6909,98,75,125],"tags":[608,132,565,15441,609,3526],"class_list":["post-120806","post","type-post","status-publish","format-standard","has-post-thumbnail","hentry","category-actualidad","category-comarcas","category-noticias","category-portada","tag-alardo","tag-cocentaina","tag-fiestas","tag-fuerzas-media-luna","tag-moros-y-cristianos","tag-victoria"],"yoast_head":"<!-- This site is optimized with the Yoast SEO plugin v27.3 - https:\/\/yoast.com\/product\/yoast-seo-wordpress\/ -->\n<title>Las fuerzas moras toman Cocentaina en la ma\u00f1ana del \u00faltimo d\u00eda de Fiestas - COPE Alcoy<\/title>\n<meta name=\"description\" content=\"Los moros han tomado Cocentaina en el \u00faltimo d\u00eda de fiestas tras una intensa batalla de arcabucer\u00eda y la recreaci\u00f3n del incendio de la Villa\" \/>\n<meta name=\"robots\" content=\"index, follow, max-snippet:-1, max-image-preview:large, max-video-preview:-1\" \/>\n<link rel=\"canonical\" href=\"https:\/\/www.copealcoy.es\/es\/las-fuerzas-moras-toman-cocentaina-en-la-manana-del-ultimo-dia-de-fiestas\/\" \/>\n<meta property=\"og:locale\" content=\"es_ES\" \/>\n<meta property=\"og:type\" content=\"article\" \/>\n<meta property=\"og:title\" content=\"Las fuerzas moras toman Cocentaina en la ma\u00f1ana del \u00faltimo d\u00eda de Fiestas - COPE Alcoy\" \/>\n<meta property=\"og:description\" content=\"Los moros han tomado Cocentaina en el \u00faltimo d\u00eda de fiestas tras una intensa batalla de arcabucer\u00eda y la recreaci\u00f3n del incendio de la Villa\" \/>\n<meta property=\"og:url\" content=\"https:\/\/www.copealcoy.es\/es\/las-fuerzas-moras-toman-cocentaina-en-la-manana-del-ultimo-dia-de-fiestas\/\" \/>\n<meta property=\"og:site_name\" content=\"COPE Alcoy\" \/>\n<meta property=\"article:published_time\" content=\"2023-08-14T12:43:11+00:00\" \/>\n<meta property=\"article:modified_time\" content=\"2023-08-15T09:20:52+00:00\" \/>\n<meta property=\"og:image\" content=\"https:\/\/www.copealcoy.es\/wp-content\/uploads\/2023\/08\/unnamed-4-1-scaled-e1692027707802.jpg\" \/>\n\t<meta property=\"og:image:width\" content=\"640\" \/>\n\t<meta property=\"og:image:height\" content=\"452\" \/>\n\t<meta property=\"og:image:type\" content=\"image\/jpeg\" \/>\n<meta name=\"author\" content=\"Cope Alcoy\" \/>\n<meta name=\"twitter:label1\" content=\"Escrito por\" \/>\n\t<meta name=\"twitter:data1\" content=\"Cope Alcoy\" \/>\n\t<meta name=\"twitter:label2\" content=\"Tiempo de lectura\" \/>\n\t<meta name=\"twitter:data2\" content=\"2 minutos\" \/>\n<script type=\"application\/ld+json\" class=\"yoast-schema-graph\">{\"@context\":\"https:\\\/\\\/schema.org\",\"@graph\":[{\"@type\":\"Article\",\"@id\":\"https:\\\/\\\/www.copealcoy.es\\\/es\\\/las-fuerzas-moras-toman-cocentaina-en-la-manana-del-ultimo-dia-de-fiestas\\\/#article\",\"isPartOf\":{\"@id\":\"https:\\\/\\\/www.copealcoy.es\\\/es\\\/las-fuerzas-moras-toman-cocentaina-en-la-manana-del-ultimo-dia-de-fiestas\\\/\"},\"author\":{\"name\":\"Cope Alcoy\",\"@id\":\"https:\\\/\\\/www.copealcoy.es\\\/es\\\/#\\\/schema\\\/person\\\/e777c87fa024e57d40170af9df39882c\"},\"headline\":\"Las fuerzas moras toman Cocentaina en la ma\u00f1ana del \u00faltimo d\u00eda de Fiestas\",\"datePublished\":\"2023-08-14T12:43:11+00:00\",\"dateModified\":\"2023-08-15T09:20:52+00:00\",\"mainEntityOfPage\":{\"@id\":\"https:\\\/\\\/www.copealcoy.es\\\/es\\\/las-fuerzas-moras-toman-cocentaina-en-la-manana-del-ultimo-dia-de-fiestas\\\/\"},\"wordCount\":388,\"commentCount\":0,\"image\":{\"@id\":\"https:\\\/\\\/www.copealcoy.es\\\/es\\\/las-fuerzas-moras-toman-cocentaina-en-la-manana-del-ultimo-dia-de-fiestas\\\/#primaryimage\"},\"thumbnailUrl\":\"https:\\\/\\\/www.copealcoy.es\\\/wp-content\\\/uploads\\\/2023\\\/08\\\/unnamed-4-1-scaled-e1692027707802.jpg\",\"keywords\":[\"Alardo\",\"Cocentaina\",\"Fiestas\",\"fuerzas media luna\",\"Moros Y Cristianos\",\"Victoria\"],\"articleSection\":[\"Actualidad\",\"Comarcas\",\"Noticias\",\"Portada\"],\"inLanguage\":\"es\"},{\"@type\":\"WebPage\",\"@id\":\"https:\\\/\\\/www.copealcoy.es\\\/es\\\/las-fuerzas-moras-toman-cocentaina-en-la-manana-del-ultimo-dia-de-fiestas\\\/\",\"url\":\"https:\\\/\\\/www.copealcoy.es\\\/es\\\/las-fuerzas-moras-toman-cocentaina-en-la-manana-del-ultimo-dia-de-fiestas\\\/\",\"name\":\"Las fuerzas moras toman Cocentaina en la ma\u00f1ana del \u00faltimo d\u00eda de Fiestas - COPE Alcoy\",\"isPartOf\":{\"@id\":\"https:\\\/\\\/www.copealcoy.es\\\/es\\\/#website\"},\"primaryImageOfPage\":{\"@id\":\"https:\\\/\\\/www.copealcoy.es\\\/es\\\/las-fuerzas-moras-toman-cocentaina-en-la-manana-del-ultimo-dia-de-fiestas\\\/#primaryimage\"},\"image\":{\"@id\":\"https:\\\/\\\/www.copealcoy.es\\\/es\\\/las-fuerzas-moras-toman-cocentaina-en-la-manana-del-ultimo-dia-de-fiestas\\\/#primaryimage\"},\"thumbnailUrl\":\"https:\\\/\\\/www.copealcoy.es\\\/wp-content\\\/uploads\\\/2023\\\/08\\\/unnamed-4-1-scaled-e1692027707802.jpg\",\"datePublished\":\"2023-08-14T12:43:11+00:00\",\"dateModified\":\"2023-08-15T09:20:52+00:00\",\"author\":{\"@id\":\"https:\\\/\\\/www.copealcoy.es\\\/es\\\/#\\\/schema\\\/person\\\/e777c87fa024e57d40170af9df39882c\"},\"description\":\"Los moros han tomado Cocentaina en el \u00faltimo d\u00eda de fiestas tras una intensa batalla de arcabucer\u00eda y la recreaci\u00f3n del incendio de la Villa\",\"breadcrumb\":{\"@id\":\"https:\\\/\\\/www.copealcoy.es\\\/es\\\/las-fuerzas-moras-toman-cocentaina-en-la-manana-del-ultimo-dia-de-fiestas\\\/#breadcrumb\"},\"inLanguage\":\"es\",\"potentialAction\":[{\"@type\":\"ReadAction\",\"target\":[\"https:\\\/\\\/www.copealcoy.es\\\/es\\\/las-fuerzas-moras-toman-cocentaina-en-la-manana-del-ultimo-dia-de-fiestas\\\/\"]}]},{\"@type\":\"ImageObject\",\"inLanguage\":\"es\",\"@id\":\"https:\\\/\\\/www.copealcoy.es\\\/es\\\/las-fuerzas-moras-toman-cocentaina-en-la-manana-del-ultimo-dia-de-fiestas\\\/#primaryimage\",\"url\":\"https:\\\/\\\/www.copealcoy.es\\\/wp-content\\\/uploads\\\/2023\\\/08\\\/unnamed-4-1-scaled-e1692027707802.jpg\",\"contentUrl\":\"https:\\\/\\\/www.copealcoy.es\\\/wp-content\\\/uploads\\\/2023\\\/08\\\/unnamed-4-1-scaled-e1692027707802.jpg\",\"width\":640,\"height\":452},{\"@type\":\"BreadcrumbList\",\"@id\":\"https:\\\/\\\/www.copealcoy.es\\\/es\\\/las-fuerzas-moras-toman-cocentaina-en-la-manana-del-ultimo-dia-de-fiestas\\\/#breadcrumb\",\"itemListElement\":[{\"@type\":\"ListItem\",\"position\":1,\"name\":\"Portada\",\"item\":\"https:\\\/\\\/www.copealcoy.es\\\/es\\\/\"},{\"@type\":\"ListItem\",\"position\":2,\"name\":\"Las fuerzas moras toman Cocentaina en la ma\u00f1ana del \u00faltimo d\u00eda de Fiestas\"}]},{\"@type\":\"WebSite\",\"@id\":\"https:\\\/\\\/www.copealcoy.es\\\/es\\\/#website\",\"url\":\"https:\\\/\\\/www.copealcoy.es\\\/es\\\/\",\"name\":\"COPE Alcoy\",\"description\":\"Emisora COPE de radio local con emisi\u00f3n online. Pont de Sant Jordi 8-10 03803 Alcoy\",\"potentialAction\":[{\"@type\":\"SearchAction\",\"target\":{\"@type\":\"EntryPoint\",\"urlTemplate\":\"https:\\\/\\\/www.copealcoy.es\\\/es\\\/?s={search_term_string}\"},\"query-input\":{\"@type\":\"PropertyValueSpecification\",\"valueRequired\":true,\"valueName\":\"search_term_string\"}}],\"inLanguage\":\"es\"},{\"@type\":\"Person\",\"@id\":\"https:\\\/\\\/www.copealcoy.es\\\/es\\\/#\\\/schema\\\/person\\\/e777c87fa024e57d40170af9df39882c\",\"name\":\"Cope Alcoy\",\"image\":{\"@type\":\"ImageObject\",\"inLanguage\":\"es\",\"@id\":\"https:\\\/\\\/secure.gravatar.com\\\/avatar\\\/bb65d0283347e303893ba14f0692005417c1e0e690a325a4c5d8bb2b3943ee14?s=96&d=mm&r=g\",\"url\":\"https:\\\/\\\/secure.gravatar.com\\\/avatar\\\/bb65d0283347e303893ba14f0692005417c1e0e690a325a4c5d8bb2b3943ee14?s=96&d=mm&r=g\",\"contentUrl\":\"https:\\\/\\\/secure.gravatar.com\\\/avatar\\\/bb65d0283347e303893ba14f0692005417c1e0e690a325a4c5d8bb2b3943ee14?s=96&d=mm&r=g\",\"caption\":\"Cope Alcoy\"}}]}<\/script>\n<!-- \/ Yoast SEO plugin. -->","yoast_head_json":{"title":"Las fuerzas moras toman Cocentaina en la ma\u00f1ana del \u00faltimo d\u00eda de Fiestas - COPE Alcoy","description":"Los moros han tomado Cocentaina en el \u00faltimo d\u00eda de fiestas tras una intensa batalla de arcabucer\u00eda y la recreaci\u00f3n del incendio de la Villa","robots":{"index":"index","follow":"follow","max-snippet":"max-snippet:-1","max-image-preview":"max-image-preview:large","max-video-preview":"max-video-preview:-1"},"canonical":"https:\/\/www.copealcoy.es\/es\/las-fuerzas-moras-toman-cocentaina-en-la-manana-del-ultimo-dia-de-fiestas\/","og_locale":"es_ES","og_type":"article","og_title":"Las fuerzas moras toman Cocentaina en la ma\u00f1ana del \u00faltimo d\u00eda de Fiestas - COPE Alcoy","og_description":"Los moros han tomado Cocentaina en el \u00faltimo d\u00eda de fiestas tras una intensa batalla de arcabucer\u00eda y la recreaci\u00f3n del incendio de la Villa","og_url":"https:\/\/www.copealcoy.es\/es\/las-fuerzas-moras-toman-cocentaina-en-la-manana-del-ultimo-dia-de-fiestas\/","og_site_name":"COPE Alcoy","article_published_time":"2023-08-14T12:43:11+00:00","article_modified_time":"2023-08-15T09:20:52+00:00","og_image":[{"width":640,"height":452,"url":"https:\/\/www.copealcoy.es\/wp-content\/uploads\/2023\/08\/unnamed-4-1-scaled-e1692027707802.jpg","type":"image\/jpeg"}],"author":"Cope Alcoy","twitter_misc":{"Escrito por":"Cope Alcoy","Tiempo de lectura":"2 minutos"},"schema":{"@context":"https:\/\/schema.org","@graph":[{"@type":"Article","@id":"https:\/\/www.copealcoy.es\/es\/las-fuerzas-moras-toman-cocentaina-en-la-manana-del-ultimo-dia-de-fiestas\/#article","isPartOf":{"@id":"https:\/\/www.copealcoy.es\/es\/las-fuerzas-moras-toman-cocentaina-en-la-manana-del-ultimo-dia-de-fiestas\/"},"author":{"name":"Cope Alcoy","@id":"https:\/\/www.copealcoy.es\/es\/#\/schema\/person\/e777c87fa024e57d40170af9df39882c"},"headline":"Las fuerzas moras toman Cocentaina en la ma\u00f1ana del \u00faltimo d\u00eda de Fiestas","datePublished":"2023-08-14T12:43:11+00:00","dateModified":"2023-08-15T09:20:52+00:00","mainEntityOfPage":{"@id":"https:\/\/www.copealcoy.es\/es\/las-fuerzas-moras-toman-cocentaina-en-la-manana-del-ultimo-dia-de-fiestas\/"},"wordCount":388,"commentCount":0,"image":{"@id":"https:\/\/www.copealcoy.es\/es\/las-fuerzas-moras-toman-cocentaina-en-la-manana-del-ultimo-dia-de-fiestas\/#primaryimage"},"thumbnailUrl":"https:\/\/www.copealcoy.es\/wp-content\/uploads\/2023\/08\/unnamed-4-1-scaled-e1692027707802.jpg","keywords":["Alardo","Cocentaina","Fiestas","fuerzas media luna","Moros Y Cristianos","Victoria"],"articleSection":["Actualidad","Comarcas","Noticias","Portada"],"inLanguage":"es"},{"@type":"WebPage","@id":"https:\/\/www.copealcoy.es\/es\/las-fuerzas-moras-toman-cocentaina-en-la-manana-del-ultimo-dia-de-fiestas\/","url":"https:\/\/www.copealcoy.es\/es\/las-fuerzas-moras-toman-cocentaina-en-la-manana-del-ultimo-dia-de-fiestas\/","name":"Las fuerzas moras toman Cocentaina en la ma\u00f1ana del \u00faltimo d\u00eda de Fiestas - COPE Alcoy","isPartOf":{"@id":"https:\/\/www.copealcoy.es\/es\/#website"},"primaryImageOfPage":{"@id":"https:\/\/www.copealcoy.es\/es\/las-fuerzas-moras-toman-cocentaina-en-la-manana-del-ultimo-dia-de-fiestas\/#primaryimage"},"image":{"@id":"https:\/\/www.copealcoy.es\/es\/las-fuerzas-moras-toman-cocentaina-en-la-manana-del-ultimo-dia-de-fiestas\/#primaryimage"},"thumbnailUrl":"https:\/\/www.copealcoy.es\/wp-content\/uploads\/2023\/08\/unnamed-4-1-scaled-e1692027707802.jpg","datePublished":"2023-08-14T12:43:11+00:00","dateModified":"2023-08-15T09:20:52+00:00","author":{"@id":"https:\/\/www.copealcoy.es\/es\/#\/schema\/person\/e777c87fa024e57d40170af9df39882c"},"description":"Los moros han tomado Cocentaina en el \u00faltimo d\u00eda de fiestas tras una intensa batalla de arcabucer\u00eda y la recreaci\u00f3n del incendio de la Villa","breadcrumb":{"@id":"https:\/\/www.copealcoy.es\/es\/las-fuerzas-moras-toman-cocentaina-en-la-manana-del-ultimo-dia-de-fiestas\/#breadcrumb"},"inLanguage":"es","potentialAction":[{"@type":"ReadAction","target":["https:\/\/www.copealcoy.es\/es\/las-fuerzas-moras-toman-cocentaina-en-la-manana-del-ultimo-dia-de-fiestas\/"]}]},{"@type":"ImageObject","inLanguage":"es","@id":"https:\/\/www.copealcoy.es\/es\/las-fuerzas-moras-toman-cocentaina-en-la-manana-del-ultimo-dia-de-fiestas\/#primaryimage","url":"https:\/\/www.copealcoy.es\/wp-content\/uploads\/2023\/08\/unnamed-4-1-scaled-e1692027707802.jpg","contentUrl":"https:\/\/www.copealcoy.es\/wp-content\/uploads\/2023\/08\/unnamed-4-1-scaled-e1692027707802.jpg","width":640,"height":452},{"@type":"BreadcrumbList","@id":"https:\/\/www.copealcoy.es\/es\/las-fuerzas-moras-toman-cocentaina-en-la-manana-del-ultimo-dia-de-fiestas\/#breadcrumb","itemListElement":[{"@type":"ListItem","position":1,"name":"Portada","item":"https:\/\/www.copealcoy.es\/es\/"},{"@type":"ListItem","position":2,"name":"Las fuerzas moras toman Cocentaina en la ma\u00f1ana del \u00faltimo d\u00eda de Fiestas"}]},{"@type":"WebSite","@id":"https:\/\/www.copealcoy.es\/es\/#website","url":"https:\/\/www.copealcoy.es\/es\/","name":"COPE Alcoy","description":"Emisora COPE de radio local con emisi\u00f3n online. Pont de Sant Jordi 8-10 03803 Alcoy","potentialAction":[{"@type":"SearchAction","target":{"@type":"EntryPoint","urlTemplate":"https:\/\/www.copealcoy.es\/es\/?s={search_term_string}"},"query-input":{"@type":"PropertyValueSpecification","valueRequired":true,"valueName":"search_term_string"}}],"inLanguage":"es"},{"@type":"Person","@id":"https:\/\/www.copealcoy.es\/es\/#\/schema\/person\/e777c87fa024e57d40170af9df39882c","name":"Cope Alcoy","image":{"@type":"ImageObject","inLanguage":"es","@id":"https:\/\/secure.gravatar.com\/avatar\/bb65d0283347e303893ba14f0692005417c1e0e690a325a4c5d8bb2b3943ee14?s=96&d=mm&r=g","url":"https:\/\/secure.gravatar.com\/avatar\/bb65d0283347e303893ba14f0692005417c1e0e690a325a4c5d8bb2b3943ee14?s=96&d=mm&r=g","contentUrl":"https:\/\/secure.gravatar.com\/avatar\/bb65d0283347e303893ba14f0692005417c1e0e690a325a4c5d8bb2b3943ee14?s=96&d=mm&r=g","caption":"Cope Alcoy"}}]}},"_links":{"self":[{"href":"https:\/\/www.copealcoy.es\/es\/wp-json\/wp\/v2\/posts\/120806","targetHints":{"allow":["GET"]}}],"collection":[{"href":"https:\/\/www.copealcoy.es\/es\/wp-json\/wp\/v2\/posts"}],"about":[{"href":"https:\/\/www.copealcoy.es\/es\/wp-json\/wp\/v2\/types\/post"}],"author":[{"embeddable":true,"href":"https:\/\/www.copealcoy.es\/es\/wp-json\/wp\/v2\/users\/1"}],"replies":[{"embeddable":true,"href":"https:\/\/www.copealcoy.es\/es\/wp-json\/wp\/v2\/comments?post=120806"}],"version-history":[{"count":0,"href":"https:\/\/www.copealcoy.es\/es\/wp-json\/wp\/v2\/posts\/120806\/revisions"}],"wp:featuredmedia":[{"embeddable":true,"href":"https:\/\/www.copealcoy.es\/es\/wp-json\/wp\/v2\/media\/120807"}],"wp:attachment":[{"href":"https:\/\/www.copealcoy.es\/es\/wp-json\/wp\/v2\/media?parent=120806"}],"wp:term":[{"taxonomy":"category","embeddable":true,"href":"https:\/\/www.copealcoy.es\/es\/wp-json\/wp\/v2\/categories?post=120806"},{"taxonomy":"post_tag","embeddable":true,"href":"https:\/\/www.copealcoy.es\/es\/wp-json\/wp\/v2\/tags?post=120806"}],"curies":[{"name":"wp","href":"https:\/\/api.w.org\/{rel}","templated":true}]}}