{"id":120791,"date":"2023-08-13T23:10:24","date_gmt":"2023-08-13T22:10:24","guid":{"rendered":"https:\/\/www.copealcoy.es\/?p=120791"},"modified":"2023-08-14T16:53:02","modified_gmt":"2023-08-14T15:53:02","slug":"cocentaina-venera-a-san-hipolito-martir-en-el-dia-de-su-festividad-liturgica","status":"publish","type":"post","link":"https:\/\/www.copealcoy.es\/es\/cocentaina-venera-a-san-hipolito-martir-en-el-dia-de-su-festividad-liturgica\/","title":{"rendered":"Cocentaina venera a San Hip\u00f3lito M\u00e1rtir en el d\u00eda de su festividad lit\u00fargica"},"content":{"rendered":"<p style=\"text-align: justify;\">Cocentaina ha vivido esta tarde <strong>uno de los actos m\u00e1s emotivos de <a href=\"https:\/\/www.facebook.com\/federacionjuntafiestas.cocentaina\" target=\"_blank\" rel=\"noopener\"><span style=\"color: #0000ff;\">sus Fiestas de Moros y Cristianos<\/span><\/a><\/strong>, la <strong>solemne procesi\u00f3n<\/strong> en honor a San Hip\u00f3lito M\u00e1rtir que este a\u00f1o ha coincidido con <strong>la fiesta lit\u00fargica del santo<\/strong>. La comitiva<strong> ha partido de la Parroquia de Santa Mar\u00eda<\/strong> pasadas las ocho de la tarde tras efectuarse la salida de la imagen del m\u00e1rtir del interior del templo junto a su Reliquia.<\/p>\n<p style=\"text-align: justify;\">El desfile <strong>lo ha encabezado la cruz procesional<\/strong> y a ella le han seguido <strong>las diferentes Filaes moras y cristianas<\/strong> con una destacada participaci\u00f3n; especialmente de festeros infantiles. En una posici\u00f3n central han estado <strong>los cargos festeros<\/strong> de este a\u00f1o recibiendo de nuevo el afecto de toda Cocentaina. El p\u00fablico ha podido admirar de cerca los dise\u00f1os, as\u00ed como los trajes que lucieron ayer en la Entrada <strong>Marcos Castell\u00f3<\/strong> (Capit\u00e1n Cristiano de la Fil\u00e0 Cavalleria Ministerial), <strong>Juan Lu\u00eds Mahiques<\/strong> (Abanderado Cristiano de la Fil\u00e0 Gentils), <strong>Marcos Giner<\/strong> (Capit\u00e1n Moro de la Fil\u00e0 Llana) y <strong>Pascual Botella<\/strong> (Abanderado Moro de la Fil\u00e0 Guardia Jalifiana \u201cSahorins\u201d). Tras ellos han ocupado un lugar de honor <strong>los mayorales y las mayoralas del santo para 2023<\/strong> antes de dar paso a <strong>la imagen de San Hip\u00f3lito M\u00e1rtir arrastrada en andas<\/strong> por festeros de las Filaes de cargo. El clero, <strong>presidido por el Obispo de Plasencia Monse\u00f1or Ernesto Brotons<\/strong>, ha precedido a la Reliquia colocada en el <strong>esbelto relicario<\/strong> estrenado en el a\u00f1o 2000 dentro de los actos del IV Centenario de la elecci\u00f3n y proclamaci\u00f3n de San Hip\u00f3lito como patr\u00f3n de Cocentaina. La Junta de Festes al completo, con su presidente <strong>Rafael Monar<\/strong> al frente, y la Corporaci\u00f3n Municipal; presidida por el alcalde <strong>Jordi Pla<\/strong>, ha culminado esta procesi\u00f3n.<\/p>\n<p style=\"text-align: justify;\">La entrada de San Hip\u00f3lito en la iglesia de Santa Mar\u00eda, <strong>mientras se efectuaba un disparo de arcabucer\u00eda<\/strong>, ha dado por finalizada la procesi\u00f3n antes de que en el interior del templo <strong>se pronunciara una oraci\u00f3n final<\/strong>. Por \u00faltimo, <strong>s\u00ed que se dio a besar este a\u00f1o la Reliquia<\/strong> despu\u00e9s de que en los \u00faltimos a\u00f1os la pandemia de la Covid-19 impidiera cumplir con este singular ritual.<\/p>\n<div id='gallery-1' class='gallery galleryid-120791 gallery-columns-1 gallery-size-full'><figure class='gallery-item'>\n\t\t\t<div class='gallery-icon landscape'>\n\t\t\t\t<a href='https:\/\/www.copealcoy.es\/es\/cocentaina-venera-a-san-hipolito-martir-en-el-dia-de-su-festividad-liturgica\/unnamed-3-33\/'><img loading=\"lazy\" decoding=\"async\" width=\"1412\" height=\"1080\" src=\"https:\/\/www.copealcoy.es\/wp-content\/uploads\/2023\/08\/unnamed-3-1-scaled.jpg\" class=\"attachment-full size-full\" alt=\"\" srcset=\"https:\/\/www.copealcoy.es\/wp-content\/uploads\/2023\/08\/unnamed-3-1-scaled.jpg 1412w, https:\/\/www.copealcoy.es\/wp-content\/uploads\/2023\/08\/unnamed-3-1-768x588.jpg 768w, https:\/\/www.copealcoy.es\/wp-content\/uploads\/2023\/08\/unnamed-3-1-1536x1175.jpg 1536w, https:\/\/www.copealcoy.es\/wp-content\/uploads\/2023\/08\/unnamed-3-1-2048x1567.jpg 2048w\" sizes=\"auto, (max-width: 1412px) 100vw, 1412px\" \/><\/a>\n\t\t\t<\/div><\/figure><figure class='gallery-item'>\n\t\t\t<div class='gallery-icon landscape'>\n\t\t\t\t<a href='https:\/\/www.copealcoy.es\/es\/cocentaina-venera-a-san-hipolito-martir-en-el-dia-de-su-festividad-liturgica\/unnamed-2-57\/'><img loading=\"lazy\" decoding=\"async\" width=\"1380\" height=\"1080\" src=\"https:\/\/www.copealcoy.es\/wp-content\/uploads\/2023\/08\/unnamed-2-4-scaled.jpg\" class=\"attachment-full size-full\" alt=\"\" srcset=\"https:\/\/www.copealcoy.es\/wp-content\/uploads\/2023\/08\/unnamed-2-4-scaled.jpg 1380w, https:\/\/www.copealcoy.es\/wp-content\/uploads\/2023\/08\/unnamed-2-4-768x601.jpg 768w, https:\/\/www.copealcoy.es\/wp-content\/uploads\/2023\/08\/unnamed-2-4-1536x1203.jpg 1536w, https:\/\/www.copealcoy.es\/wp-content\/uploads\/2023\/08\/unnamed-2-4-2048x1604.jpg 2048w\" sizes=\"auto, (max-width: 1380px) 100vw, 1380px\" \/><\/a>\n\t\t\t<\/div><\/figure><figure class='gallery-item'>\n\t\t\t<div class='gallery-icon landscape'>\n\t\t\t\t<a href='https:\/\/www.copealcoy.es\/es\/cocentaina-venera-a-san-hipolito-martir-en-el-dia-de-su-festividad-liturgica\/unnamed-1-181\/'><img loading=\"lazy\" decoding=\"async\" width=\"1567\" height=\"1080\" src=\"https:\/\/www.copealcoy.es\/wp-content\/uploads\/2023\/08\/unnamed-1-11-scaled.jpg\" class=\"attachment-full size-full\" alt=\"\" srcset=\"https:\/\/www.copealcoy.es\/wp-content\/uploads\/2023\/08\/unnamed-1-11-scaled.jpg 1567w, https:\/\/www.copealcoy.es\/wp-content\/uploads\/2023\/08\/unnamed-1-11-768x529.jpg 768w, https:\/\/www.copealcoy.es\/wp-content\/uploads\/2023\/08\/unnamed-1-11-1536x1058.jpg 1536w, https:\/\/www.copealcoy.es\/wp-content\/uploads\/2023\/08\/unnamed-1-11-2048x1411.jpg 2048w\" sizes=\"auto, (max-width: 1567px) 100vw, 1567px\" \/><\/a>\n\t\t\t<\/div><\/figure>\n\t\t<\/div>\n\n","protected":false},"excerpt":{"rendered":"<p>Cocentaina ha vivido esta tarde uno de los actos m\u00e1s emotivos de sus Fiestas de Moros y Cristianos, la solemne&#8230;<\/p>\n","protected":false},"author":1,"featured_media":120792,"comment_status":"open","ping_status":"open","sticky":false,"template":"","format":"standard","meta":{"footnotes":""},"categories":[6909,98,75,125],"tags":[132,8581,565,609,917,4488],"class_list":["post-120791","post","type-post","status-publish","format-standard","has-post-thumbnail","hentry","category-actualidad","category-comarcas","category-noticias","category-portada","tag-cocentaina","tag-dia-del-patron","tag-fiestas","tag-moros-y-cristianos","tag-procesion","tag-san-hipolito-martir"],"yoast_head":"<!-- This site is optimized with the Yoast SEO plugin v27.3 - https:\/\/yoast.com\/product\/yoast-seo-wordpress\/ -->\n<title>Cocentaina venera a San Hip\u00f3lito M\u00e1rtir en el d\u00eda de su festividad lit\u00fargica - COPE Alcoy<\/title>\n<meta name=\"robots\" content=\"index, follow, max-snippet:-1, max-image-preview:large, max-video-preview:-1\" \/>\n<link rel=\"canonical\" href=\"https:\/\/www.copealcoy.es\/es\/cocentaina-venera-a-san-hipolito-martir-en-el-dia-de-su-festividad-liturgica\/\" \/>\n<meta property=\"og:locale\" content=\"es_ES\" \/>\n<meta property=\"og:type\" content=\"article\" \/>\n<meta property=\"og:title\" content=\"Cocentaina venera a San Hip\u00f3lito M\u00e1rtir en el d\u00eda de su festividad lit\u00fargica - COPE Alcoy\" \/>\n<meta property=\"og:description\" content=\"Cocentaina ha vivido esta tarde uno de los actos m\u00e1s emotivos de sus Fiestas de Moros y Cristianos, la solemne...\" \/>\n<meta property=\"og:url\" content=\"https:\/\/www.copealcoy.es\/es\/cocentaina-venera-a-san-hipolito-martir-en-el-dia-de-su-festividad-liturgica\/\" \/>\n<meta property=\"og:site_name\" content=\"COPE Alcoy\" \/>\n<meta property=\"article:published_time\" content=\"2023-08-13T22:10:24+00:00\" \/>\n<meta property=\"article:modified_time\" content=\"2023-08-14T15:53:02+00:00\" \/>\n<meta property=\"og:image\" content=\"https:\/\/www.copealcoy.es\/wp-content\/uploads\/2023\/08\/unnamed-1-10-scaled-e1691996937607.jpg\" \/>\n\t<meta property=\"og:image:width\" content=\"640\" \/>\n\t<meta property=\"og:image:height\" content=\"436\" \/>\n\t<meta property=\"og:image:type\" content=\"image\/jpeg\" \/>\n<meta name=\"author\" content=\"Cope Alcoy\" \/>\n<meta name=\"twitter:label1\" content=\"Escrito por\" \/>\n\t<meta name=\"twitter:data1\" content=\"Cope Alcoy\" \/>\n\t<meta name=\"twitter:label2\" content=\"Tiempo de lectura\" \/>\n\t<meta name=\"twitter:data2\" content=\"2 minutos\" \/>\n<script type=\"application\/ld+json\" class=\"yoast-schema-graph\">{\"@context\":\"https:\\\/\\\/schema.org\",\"@graph\":[{\"@type\":\"Article\",\"@id\":\"https:\\\/\\\/www.copealcoy.es\\\/es\\\/cocentaina-venera-a-san-hipolito-martir-en-el-dia-de-su-festividad-liturgica\\\/#article\",\"isPartOf\":{\"@id\":\"https:\\\/\\\/www.copealcoy.es\\\/es\\\/cocentaina-venera-a-san-hipolito-martir-en-el-dia-de-su-festividad-liturgica\\\/\"},\"author\":{\"name\":\"Cope Alcoy\",\"@id\":\"https:\\\/\\\/www.copealcoy.es\\\/es\\\/#\\\/schema\\\/person\\\/e777c87fa024e57d40170af9df39882c\"},\"headline\":\"Cocentaina venera a San Hip\u00f3lito M\u00e1rtir en el d\u00eda de su festividad lit\u00fargica\",\"datePublished\":\"2023-08-13T22:10:24+00:00\",\"dateModified\":\"2023-08-14T15:53:02+00:00\",\"mainEntityOfPage\":{\"@id\":\"https:\\\/\\\/www.copealcoy.es\\\/es\\\/cocentaina-venera-a-san-hipolito-martir-en-el-dia-de-su-festividad-liturgica\\\/\"},\"wordCount\":406,\"commentCount\":0,\"image\":{\"@id\":\"https:\\\/\\\/www.copealcoy.es\\\/es\\\/cocentaina-venera-a-san-hipolito-martir-en-el-dia-de-su-festividad-liturgica\\\/#primaryimage\"},\"thumbnailUrl\":\"https:\\\/\\\/www.copealcoy.es\\\/wp-content\\\/uploads\\\/2023\\\/08\\\/unnamed-1-10-scaled-e1691996937607.jpg\",\"keywords\":[\"Cocentaina\",\"d\u00eda del patr\u00f3n\",\"Fiestas\",\"Moros Y Cristianos\",\"Procesi\u00f3n\",\"San Hip\u00f3lito M\u00e1rtir\"],\"articleSection\":[\"Actualidad\",\"Comarcas\",\"Noticias\",\"Portada\"],\"inLanguage\":\"es\"},{\"@type\":\"WebPage\",\"@id\":\"https:\\\/\\\/www.copealcoy.es\\\/es\\\/cocentaina-venera-a-san-hipolito-martir-en-el-dia-de-su-festividad-liturgica\\\/\",\"url\":\"https:\\\/\\\/www.copealcoy.es\\\/es\\\/cocentaina-venera-a-san-hipolito-martir-en-el-dia-de-su-festividad-liturgica\\\/\",\"name\":\"Cocentaina venera a San Hip\u00f3lito M\u00e1rtir en el d\u00eda de su festividad lit\u00fargica - COPE Alcoy\",\"isPartOf\":{\"@id\":\"https:\\\/\\\/www.copealcoy.es\\\/es\\\/#website\"},\"primaryImageOfPage\":{\"@id\":\"https:\\\/\\\/www.copealcoy.es\\\/es\\\/cocentaina-venera-a-san-hipolito-martir-en-el-dia-de-su-festividad-liturgica\\\/#primaryimage\"},\"image\":{\"@id\":\"https:\\\/\\\/www.copealcoy.es\\\/es\\\/cocentaina-venera-a-san-hipolito-martir-en-el-dia-de-su-festividad-liturgica\\\/#primaryimage\"},\"thumbnailUrl\":\"https:\\\/\\\/www.copealcoy.es\\\/wp-content\\\/uploads\\\/2023\\\/08\\\/unnamed-1-10-scaled-e1691996937607.jpg\",\"datePublished\":\"2023-08-13T22:10:24+00:00\",\"dateModified\":\"2023-08-14T15:53:02+00:00\",\"author\":{\"@id\":\"https:\\\/\\\/www.copealcoy.es\\\/es\\\/#\\\/schema\\\/person\\\/e777c87fa024e57d40170af9df39882c\"},\"breadcrumb\":{\"@id\":\"https:\\\/\\\/www.copealcoy.es\\\/es\\\/cocentaina-venera-a-san-hipolito-martir-en-el-dia-de-su-festividad-liturgica\\\/#breadcrumb\"},\"inLanguage\":\"es\",\"potentialAction\":[{\"@type\":\"ReadAction\",\"target\":[\"https:\\\/\\\/www.copealcoy.es\\\/es\\\/cocentaina-venera-a-san-hipolito-martir-en-el-dia-de-su-festividad-liturgica\\\/\"]}]},{\"@type\":\"ImageObject\",\"inLanguage\":\"es\",\"@id\":\"https:\\\/\\\/www.copealcoy.es\\\/es\\\/cocentaina-venera-a-san-hipolito-martir-en-el-dia-de-su-festividad-liturgica\\\/#primaryimage\",\"url\":\"https:\\\/\\\/www.copealcoy.es\\\/wp-content\\\/uploads\\\/2023\\\/08\\\/unnamed-1-10-scaled-e1691996937607.jpg\",\"contentUrl\":\"https:\\\/\\\/www.copealcoy.es\\\/wp-content\\\/uploads\\\/2023\\\/08\\\/unnamed-1-10-scaled-e1691996937607.jpg\",\"width\":640,\"height\":436},{\"@type\":\"BreadcrumbList\",\"@id\":\"https:\\\/\\\/www.copealcoy.es\\\/es\\\/cocentaina-venera-a-san-hipolito-martir-en-el-dia-de-su-festividad-liturgica\\\/#breadcrumb\",\"itemListElement\":[{\"@type\":\"ListItem\",\"position\":1,\"name\":\"Portada\",\"item\":\"https:\\\/\\\/www.copealcoy.es\\\/es\\\/\"},{\"@type\":\"ListItem\",\"position\":2,\"name\":\"Cocentaina venera a San Hip\u00f3lito M\u00e1rtir en el d\u00eda de su festividad lit\u00fargica\"}]},{\"@type\":\"WebSite\",\"@id\":\"https:\\\/\\\/www.copealcoy.es\\\/es\\\/#website\",\"url\":\"https:\\\/\\\/www.copealcoy.es\\\/es\\\/\",\"name\":\"COPE Alcoy\",\"description\":\"Emisora COPE de radio local con emisi\u00f3n online. Pont de Sant Jordi 8-10 03803 Alcoy\",\"potentialAction\":[{\"@type\":\"SearchAction\",\"target\":{\"@type\":\"EntryPoint\",\"urlTemplate\":\"https:\\\/\\\/www.copealcoy.es\\\/es\\\/?s={search_term_string}\"},\"query-input\":{\"@type\":\"PropertyValueSpecification\",\"valueRequired\":true,\"valueName\":\"search_term_string\"}}],\"inLanguage\":\"es\"},{\"@type\":\"Person\",\"@id\":\"https:\\\/\\\/www.copealcoy.es\\\/es\\\/#\\\/schema\\\/person\\\/e777c87fa024e57d40170af9df39882c\",\"name\":\"Cope Alcoy\",\"image\":{\"@type\":\"ImageObject\",\"inLanguage\":\"es\",\"@id\":\"https:\\\/\\\/secure.gravatar.com\\\/avatar\\\/bb65d0283347e303893ba14f0692005417c1e0e690a325a4c5d8bb2b3943ee14?s=96&d=mm&r=g\",\"url\":\"https:\\\/\\\/secure.gravatar.com\\\/avatar\\\/bb65d0283347e303893ba14f0692005417c1e0e690a325a4c5d8bb2b3943ee14?s=96&d=mm&r=g\",\"contentUrl\":\"https:\\\/\\\/secure.gravatar.com\\\/avatar\\\/bb65d0283347e303893ba14f0692005417c1e0e690a325a4c5d8bb2b3943ee14?s=96&d=mm&r=g\",\"caption\":\"Cope Alcoy\"}}]}<\/script>\n<!-- \/ Yoast SEO plugin. -->","yoast_head_json":{"title":"Cocentaina venera a San Hip\u00f3lito M\u00e1rtir en el d\u00eda de su festividad lit\u00fargica - COPE Alcoy","robots":{"index":"index","follow":"follow","max-snippet":"max-snippet:-1","max-image-preview":"max-image-preview:large","max-video-preview":"max-video-preview:-1"},"canonical":"https:\/\/www.copealcoy.es\/es\/cocentaina-venera-a-san-hipolito-martir-en-el-dia-de-su-festividad-liturgica\/","og_locale":"es_ES","og_type":"article","og_title":"Cocentaina venera a San Hip\u00f3lito M\u00e1rtir en el d\u00eda de su festividad lit\u00fargica - COPE Alcoy","og_description":"Cocentaina ha vivido esta tarde uno de los actos m\u00e1s emotivos de sus Fiestas de Moros y Cristianos, la solemne...","og_url":"https:\/\/www.copealcoy.es\/es\/cocentaina-venera-a-san-hipolito-martir-en-el-dia-de-su-festividad-liturgica\/","og_site_name":"COPE Alcoy","article_published_time":"2023-08-13T22:10:24+00:00","article_modified_time":"2023-08-14T15:53:02+00:00","og_image":[{"width":640,"height":436,"url":"https:\/\/www.copealcoy.es\/wp-content\/uploads\/2023\/08\/unnamed-1-10-scaled-e1691996937607.jpg","type":"image\/jpeg"}],"author":"Cope Alcoy","twitter_misc":{"Escrito por":"Cope Alcoy","Tiempo de lectura":"2 minutos"},"schema":{"@context":"https:\/\/schema.org","@graph":[{"@type":"Article","@id":"https:\/\/www.copealcoy.es\/es\/cocentaina-venera-a-san-hipolito-martir-en-el-dia-de-su-festividad-liturgica\/#article","isPartOf":{"@id":"https:\/\/www.copealcoy.es\/es\/cocentaina-venera-a-san-hipolito-martir-en-el-dia-de-su-festividad-liturgica\/"},"author":{"name":"Cope Alcoy","@id":"https:\/\/www.copealcoy.es\/es\/#\/schema\/person\/e777c87fa024e57d40170af9df39882c"},"headline":"Cocentaina venera a San Hip\u00f3lito M\u00e1rtir en el d\u00eda de su festividad lit\u00fargica","datePublished":"2023-08-13T22:10:24+00:00","dateModified":"2023-08-14T15:53:02+00:00","mainEntityOfPage":{"@id":"https:\/\/www.copealcoy.es\/es\/cocentaina-venera-a-san-hipolito-martir-en-el-dia-de-su-festividad-liturgica\/"},"wordCount":406,"commentCount":0,"image":{"@id":"https:\/\/www.copealcoy.es\/es\/cocentaina-venera-a-san-hipolito-martir-en-el-dia-de-su-festividad-liturgica\/#primaryimage"},"thumbnailUrl":"https:\/\/www.copealcoy.es\/wp-content\/uploads\/2023\/08\/unnamed-1-10-scaled-e1691996937607.jpg","keywords":["Cocentaina","d\u00eda del patr\u00f3n","Fiestas","Moros Y Cristianos","Procesi\u00f3n","San Hip\u00f3lito M\u00e1rtir"],"articleSection":["Actualidad","Comarcas","Noticias","Portada"],"inLanguage":"es"},{"@type":"WebPage","@id":"https:\/\/www.copealcoy.es\/es\/cocentaina-venera-a-san-hipolito-martir-en-el-dia-de-su-festividad-liturgica\/","url":"https:\/\/www.copealcoy.es\/es\/cocentaina-venera-a-san-hipolito-martir-en-el-dia-de-su-festividad-liturgica\/","name":"Cocentaina venera a San Hip\u00f3lito M\u00e1rtir en el d\u00eda de su festividad lit\u00fargica - COPE Alcoy","isPartOf":{"@id":"https:\/\/www.copealcoy.es\/es\/#website"},"primaryImageOfPage":{"@id":"https:\/\/www.copealcoy.es\/es\/cocentaina-venera-a-san-hipolito-martir-en-el-dia-de-su-festividad-liturgica\/#primaryimage"},"image":{"@id":"https:\/\/www.copealcoy.es\/es\/cocentaina-venera-a-san-hipolito-martir-en-el-dia-de-su-festividad-liturgica\/#primaryimage"},"thumbnailUrl":"https:\/\/www.copealcoy.es\/wp-content\/uploads\/2023\/08\/unnamed-1-10-scaled-e1691996937607.jpg","datePublished":"2023-08-13T22:10:24+00:00","dateModified":"2023-08-14T15:53:02+00:00","author":{"@id":"https:\/\/www.copealcoy.es\/es\/#\/schema\/person\/e777c87fa024e57d40170af9df39882c"},"breadcrumb":{"@id":"https:\/\/www.copealcoy.es\/es\/cocentaina-venera-a-san-hipolito-martir-en-el-dia-de-su-festividad-liturgica\/#breadcrumb"},"inLanguage":"es","potentialAction":[{"@type":"ReadAction","target":["https:\/\/www.copealcoy.es\/es\/cocentaina-venera-a-san-hipolito-martir-en-el-dia-de-su-festividad-liturgica\/"]}]},{"@type":"ImageObject","inLanguage":"es","@id":"https:\/\/www.copealcoy.es\/es\/cocentaina-venera-a-san-hipolito-martir-en-el-dia-de-su-festividad-liturgica\/#primaryimage","url":"https:\/\/www.copealcoy.es\/wp-content\/uploads\/2023\/08\/unnamed-1-10-scaled-e1691996937607.jpg","contentUrl":"https:\/\/www.copealcoy.es\/wp-content\/uploads\/2023\/08\/unnamed-1-10-scaled-e1691996937607.jpg","width":640,"height":436},{"@type":"BreadcrumbList","@id":"https:\/\/www.copealcoy.es\/es\/cocentaina-venera-a-san-hipolito-martir-en-el-dia-de-su-festividad-liturgica\/#breadcrumb","itemListElement":[{"@type":"ListItem","position":1,"name":"Portada","item":"https:\/\/www.copealcoy.es\/es\/"},{"@type":"ListItem","position":2,"name":"Cocentaina venera a San Hip\u00f3lito M\u00e1rtir en el d\u00eda de su festividad lit\u00fargica"}]},{"@type":"WebSite","@id":"https:\/\/www.copealcoy.es\/es\/#website","url":"https:\/\/www.copealcoy.es\/es\/","name":"COPE Alcoy","description":"Emisora COPE de radio local con emisi\u00f3n online. Pont de Sant Jordi 8-10 03803 Alcoy","potentialAction":[{"@type":"SearchAction","target":{"@type":"EntryPoint","urlTemplate":"https:\/\/www.copealcoy.es\/es\/?s={search_term_string}"},"query-input":{"@type":"PropertyValueSpecification","valueRequired":true,"valueName":"search_term_string"}}],"inLanguage":"es"},{"@type":"Person","@id":"https:\/\/www.copealcoy.es\/es\/#\/schema\/person\/e777c87fa024e57d40170af9df39882c","name":"Cope Alcoy","image":{"@type":"ImageObject","inLanguage":"es","@id":"https:\/\/secure.gravatar.com\/avatar\/bb65d0283347e303893ba14f0692005417c1e0e690a325a4c5d8bb2b3943ee14?s=96&d=mm&r=g","url":"https:\/\/secure.gravatar.com\/avatar\/bb65d0283347e303893ba14f0692005417c1e0e690a325a4c5d8bb2b3943ee14?s=96&d=mm&r=g","contentUrl":"https:\/\/secure.gravatar.com\/avatar\/bb65d0283347e303893ba14f0692005417c1e0e690a325a4c5d8bb2b3943ee14?s=96&d=mm&r=g","caption":"Cope Alcoy"}}]}},"_links":{"self":[{"href":"https:\/\/www.copealcoy.es\/es\/wp-json\/wp\/v2\/posts\/120791","targetHints":{"allow":["GET"]}}],"collection":[{"href":"https:\/\/www.copealcoy.es\/es\/wp-json\/wp\/v2\/posts"}],"about":[{"href":"https:\/\/www.copealcoy.es\/es\/wp-json\/wp\/v2\/types\/post"}],"author":[{"embeddable":true,"href":"https:\/\/www.copealcoy.es\/es\/wp-json\/wp\/v2\/users\/1"}],"replies":[{"embeddable":true,"href":"https:\/\/www.copealcoy.es\/es\/wp-json\/wp\/v2\/comments?post=120791"}],"version-history":[{"count":0,"href":"https:\/\/www.copealcoy.es\/es\/wp-json\/wp\/v2\/posts\/120791\/revisions"}],"wp:featuredmedia":[{"embeddable":true,"href":"https:\/\/www.copealcoy.es\/es\/wp-json\/wp\/v2\/media\/120792"}],"wp:attachment":[{"href":"https:\/\/www.copealcoy.es\/es\/wp-json\/wp\/v2\/media?parent=120791"}],"wp:term":[{"taxonomy":"category","embeddable":true,"href":"https:\/\/www.copealcoy.es\/es\/wp-json\/wp\/v2\/categories?post=120791"},{"taxonomy":"post_tag","embeddable":true,"href":"https:\/\/www.copealcoy.es\/es\/wp-json\/wp\/v2\/tags?post=120791"}],"curies":[{"name":"wp","href":"https:\/\/api.w.org\/{rel}","templated":true}]}}