{"id":120767,"date":"2023-08-13T18:30:26","date_gmt":"2023-08-13T17:30:26","guid":{"rendered":"https:\/\/www.copealcoy.es\/?p=120767"},"modified":"2023-08-14T07:56:18","modified_gmt":"2023-08-14T06:56:18","slug":"homenaje-a-los-cargos-de-la-festa-de-cocentaina-en-la-manana-de-sant-hipolit","status":"publish","type":"post","link":"https:\/\/www.copealcoy.es\/es\/homenaje-a-los-cargos-de-la-festa-de-cocentaina-en-la-manana-de-sant-hipolit\/","title":{"rendered":"Homenaje a los cargos de la Festa de Cocentaina en la ma\u00f1ana de Sant Hip\u00f2lit"},"content":{"rendered":"<p style=\"text-align: justify;\">El <strong>d\u00eda de San Hip\u00f3lito M\u00e1rtir<\/strong> ha seguido a mediod\u00eda con <strong>uno de los actos m\u00e1s esperados para los cargos festeros<\/strong>, el desfile de <strong>la ofrenda floral al patr\u00f3n de Cocentaina<\/strong> que ha dado inicio en El Pla hasta concluir en la iglesia de Santa Mar\u00eda. <strong>Capitanes y Abanderados<\/strong> han recibido <strong>grandes ovaciones por parte del p\u00fablico<\/strong> reconociendo as\u00ed <strong>el gran espect\u00e1culo que ofrecieron en la brillante Entrada<\/strong> que protagonizaron en la tarde de ayer.<\/p>\n<p style=\"text-align: justify;\">Una vez en el templo, se ha desarrollado <strong>la Misa Mayor<\/strong> en honor a San Hip\u00f3lito M\u00e1rtir y en esta ocasi\u00f3n la solemne eucarist\u00eda ha estado oficiada por <strong>Monse\u00f1or Enrique Brotons<\/strong>. Este \u00faltimo es actualmente <strong>Obispo de Plasencia<\/strong> y tiene <strong>una fuerte vinculaci\u00f3n con la Villa Condal<\/strong>, de ah\u00ed que la Hermandad Sacerdotal haya confiado en \u00e9l para llevar a cabo el oficio religioso. Junto al Obispo han estado <strong>el titular de la Parroquia de Santa Mar\u00eda<\/strong> (Don Eduardo Rengel), <strong>el p\u00e1rroco del Salvador<\/strong> (Don Javier Sanchiz) y el <strong>Guardi\u00e1n del Convento de los Padres Franciscanos<\/strong> (Fray Fernando Fuertes) as\u00ed como sacerdotes contestanos o que han ejercido su ministerio sacerdotal en la capital del Comtat. Los cargos <strong>han sido los encargados de llevar las ofrendas hasta el altar mayor<\/strong> y la misa ha terminado con <strong>el canto del himno al patr\u00f3n<\/strong>.<\/p>\n<p style=\"text-align: justify;\">Despu\u00e9s, Capitanes y Abanderados <strong>han desfilado hasta la Pla\u00e7a de la Vila para situarse en un estrado instalado ante el Ayuntamiento<\/strong>. Desde all\u00ed los cargos festeros han recibido el paso de los festeros y las festeras en <strong>el singular acto de la Presentaci\u00f3n de Armas<\/strong>; un instante \u00fanico de Cocentaina y que marca el origen de <a href=\"https:\/\/www.facebook.com\/federacionjuntafiestas.cocentaina\" target=\"_blank\" rel=\"noopener\"><span style=\"color: #0000ff;\"><strong>estas fiestas de Moros y Cristianos<\/strong><\/span><\/a>. As\u00ed ha terminado <strong>la calurosa ma\u00f1ana del 13 de agosto<\/strong> en la que la poblaci\u00f3n rinde todos los honores a quien es su patr\u00f3n desde el a\u00f1o 1600.<\/p>\n<p>&nbsp;<\/p>\n<div id='gallery-1' class='gallery galleryid-120767 gallery-columns-1 gallery-size-full'><figure class='gallery-item'>\n\t\t\t<div class='gallery-icon landscape'>\n\t\t\t\t<a href='https:\/\/www.copealcoy.es\/es\/homenaje-a-los-cargos-de-la-festa-de-cocentaina-en-la-manana-de-sant-hipolit\/img-3127\/'><img loading=\"lazy\" decoding=\"async\" width=\"1485\" height=\"1080\" src=\"https:\/\/www.copealcoy.es\/wp-content\/uploads\/2023\/08\/IMG-3127-scaled.jpg\" class=\"attachment-full size-full\" alt=\"\" srcset=\"https:\/\/www.copealcoy.es\/wp-content\/uploads\/2023\/08\/IMG-3127-scaled.jpg 1485w, https:\/\/www.copealcoy.es\/wp-content\/uploads\/2023\/08\/IMG-3127-768x558.jpg 768w, https:\/\/www.copealcoy.es\/wp-content\/uploads\/2023\/08\/IMG-3127-1536x1116.jpg 1536w, https:\/\/www.copealcoy.es\/wp-content\/uploads\/2023\/08\/IMG-3127-2048x1489.jpg 2048w\" sizes=\"auto, (max-width: 1485px) 100vw, 1485px\" \/><\/a>\n\t\t\t<\/div><\/figure><figure class='gallery-item'>\n\t\t\t<div class='gallery-icon landscape'>\n\t\t\t\t<a href='https:\/\/www.copealcoy.es\/es\/homenaje-a-los-cargos-de-la-festa-de-cocentaina-en-la-manana-de-sant-hipolit\/unnamed-2-56\/'><img loading=\"lazy\" decoding=\"async\" width=\"1765\" height=\"1080\" src=\"https:\/\/www.copealcoy.es\/wp-content\/uploads\/2023\/08\/unnamed-2-3-scaled.jpg\" class=\"attachment-full size-full\" alt=\"\" srcset=\"https:\/\/www.copealcoy.es\/wp-content\/uploads\/2023\/08\/unnamed-2-3-scaled.jpg 1765w, https:\/\/www.copealcoy.es\/wp-content\/uploads\/2023\/08\/unnamed-2-3-768x470.jpg 768w, https:\/\/www.copealcoy.es\/wp-content\/uploads\/2023\/08\/unnamed-2-3-1536x940.jpg 1536w, https:\/\/www.copealcoy.es\/wp-content\/uploads\/2023\/08\/unnamed-2-3-2048x1253.jpg 2048w\" sizes=\"auto, (max-width: 1765px) 100vw, 1765px\" \/><\/a>\n\t\t\t<\/div><\/figure><figure class='gallery-item'>\n\t\t\t<div class='gallery-icon landscape'>\n\t\t\t\t<a href='https:\/\/www.copealcoy.es\/es\/homenaje-a-los-cargos-de-la-festa-de-cocentaina-en-la-manana-de-sant-hipolit\/unnamed-3-32\/'><img loading=\"lazy\" decoding=\"async\" width=\"1536\" height=\"1080\" src=\"https:\/\/www.copealcoy.es\/wp-content\/uploads\/2023\/08\/unnamed-3-scaled.jpg\" class=\"attachment-full size-full\" alt=\"\" srcset=\"https:\/\/www.copealcoy.es\/wp-content\/uploads\/2023\/08\/unnamed-3-scaled.jpg 1536w, https:\/\/www.copealcoy.es\/wp-content\/uploads\/2023\/08\/unnamed-3-768x540.jpg 768w, https:\/\/www.copealcoy.es\/wp-content\/uploads\/2023\/08\/unnamed-3-2048x1440.jpg 2048w\" sizes=\"auto, (max-width: 1536px) 100vw, 1536px\" \/><\/a>\n\t\t\t<\/div><\/figure><figure class='gallery-item'>\n\t\t\t<div class='gallery-icon landscape'>\n\t\t\t\t<a href='https:\/\/www.copealcoy.es\/es\/homenaje-a-los-cargos-de-la-festa-de-cocentaina-en-la-manana-de-sant-hipolit\/unnamed-4-28\/'><img loading=\"lazy\" decoding=\"async\" width=\"1747\" height=\"1080\" src=\"https:\/\/www.copealcoy.es\/wp-content\/uploads\/2023\/08\/unnamed-4-scaled.jpg\" class=\"attachment-full size-full\" alt=\"\" srcset=\"https:\/\/www.copealcoy.es\/wp-content\/uploads\/2023\/08\/unnamed-4-scaled.jpg 1747w, https:\/\/www.copealcoy.es\/wp-content\/uploads\/2023\/08\/unnamed-4-768x475.jpg 768w, https:\/\/www.copealcoy.es\/wp-content\/uploads\/2023\/08\/unnamed-4-1536x949.jpg 1536w, https:\/\/www.copealcoy.es\/wp-content\/uploads\/2023\/08\/unnamed-4-2048x1266.jpg 2048w\" sizes=\"auto, (max-width: 1747px) 100vw, 1747px\" \/><\/a>\n\t\t\t<\/div><\/figure>\n\t\t<\/div>\n\n","protected":false},"excerpt":{"rendered":"<p>El d\u00eda de San Hip\u00f3lito M\u00e1rtir ha seguido a mediod\u00eda con uno de los actos m\u00e1s esperados para los cargos&#8230;<\/p>\n","protected":false},"author":1,"featured_media":120768,"comment_status":"open","ping_status":"open","sticky":false,"template":"","format":"standard","meta":{"footnotes":""},"categories":[6909,98,75,125],"tags":[132,565,609,4488],"class_list":["post-120767","post","type-post","status-publish","format-standard","has-post-thumbnail","hentry","category-actualidad","category-comarcas","category-noticias","category-portada","tag-cocentaina","tag-fiestas","tag-moros-y-cristianos","tag-san-hipolito-martir"],"yoast_head":"<!-- This site is optimized with the Yoast SEO plugin v27.3 - https:\/\/yoast.com\/product\/yoast-seo-wordpress\/ -->\n<title>Homenaje a los cargos de la Festa de Cocentaina en la ma\u00f1ana de Sant Hip\u00f2lit - COPE Alcoy<\/title>\n<meta name=\"description\" content=\"Cocentaina rinde honores a San Hip\u00f3lito M\u00e1rtir en este 13 de agosto, el d\u00eda de su festividad lit\u00fargica\" \/>\n<meta name=\"robots\" content=\"index, follow, max-snippet:-1, max-image-preview:large, max-video-preview:-1\" \/>\n<link rel=\"canonical\" href=\"https:\/\/www.copealcoy.es\/es\/homenaje-a-los-cargos-de-la-festa-de-cocentaina-en-la-manana-de-sant-hipolit\/\" \/>\n<meta property=\"og:locale\" content=\"es_ES\" \/>\n<meta property=\"og:type\" content=\"article\" \/>\n<meta property=\"og:title\" content=\"Homenaje a los cargos de la Festa de Cocentaina en la ma\u00f1ana de Sant Hip\u00f2lit - COPE Alcoy\" \/>\n<meta property=\"og:description\" content=\"Cocentaina rinde honores a San Hip\u00f3lito M\u00e1rtir en este 13 de agosto, el d\u00eda de su festividad lit\u00fargica\" \/>\n<meta property=\"og:url\" content=\"https:\/\/www.copealcoy.es\/es\/homenaje-a-los-cargos-de-la-festa-de-cocentaina-en-la-manana-de-sant-hipolit\/\" \/>\n<meta property=\"og:site_name\" content=\"COPE Alcoy\" \/>\n<meta property=\"article:published_time\" content=\"2023-08-13T17:30:26+00:00\" \/>\n<meta property=\"article:modified_time\" content=\"2023-08-14T06:56:18+00:00\" \/>\n<meta property=\"og:image\" content=\"https:\/\/www.copealcoy.es\/wp-content\/uploads\/2023\/08\/unnamed-2-2-scaled-e1691947511142.jpg\" \/>\n\t<meta property=\"og:image:width\" content=\"640\" \/>\n\t<meta property=\"og:image:height\" content=\"514\" \/>\n\t<meta property=\"og:image:type\" content=\"image\/jpeg\" \/>\n<meta name=\"author\" content=\"Cope Alcoy\" \/>\n<meta name=\"twitter:label1\" content=\"Escrito por\" \/>\n\t<meta name=\"twitter:data1\" content=\"Cope Alcoy\" \/>\n\t<meta name=\"twitter:label2\" content=\"Tiempo de lectura\" \/>\n\t<meta name=\"twitter:data2\" content=\"2 minutos\" \/>\n<script type=\"application\/ld+json\" class=\"yoast-schema-graph\">{\"@context\":\"https:\\\/\\\/schema.org\",\"@graph\":[{\"@type\":\"Article\",\"@id\":\"https:\\\/\\\/www.copealcoy.es\\\/es\\\/homenaje-a-los-cargos-de-la-festa-de-cocentaina-en-la-manana-de-sant-hipolit\\\/#article\",\"isPartOf\":{\"@id\":\"https:\\\/\\\/www.copealcoy.es\\\/es\\\/homenaje-a-los-cargos-de-la-festa-de-cocentaina-en-la-manana-de-sant-hipolit\\\/\"},\"author\":{\"name\":\"Cope Alcoy\",\"@id\":\"https:\\\/\\\/www.copealcoy.es\\\/es\\\/#\\\/schema\\\/person\\\/e777c87fa024e57d40170af9df39882c\"},\"headline\":\"Homenaje a los cargos de la Festa de Cocentaina en la ma\u00f1ana de Sant Hip\u00f2lit\",\"datePublished\":\"2023-08-13T17:30:26+00:00\",\"dateModified\":\"2023-08-14T06:56:18+00:00\",\"mainEntityOfPage\":{\"@id\":\"https:\\\/\\\/www.copealcoy.es\\\/es\\\/homenaje-a-los-cargos-de-la-festa-de-cocentaina-en-la-manana-de-sant-hipolit\\\/\"},\"wordCount\":353,\"commentCount\":0,\"image\":{\"@id\":\"https:\\\/\\\/www.copealcoy.es\\\/es\\\/homenaje-a-los-cargos-de-la-festa-de-cocentaina-en-la-manana-de-sant-hipolit\\\/#primaryimage\"},\"thumbnailUrl\":\"https:\\\/\\\/www.copealcoy.es\\\/wp-content\\\/uploads\\\/2023\\\/08\\\/unnamed-2-2-scaled-e1691947511142.jpg\",\"keywords\":[\"Cocentaina\",\"Fiestas\",\"Moros Y Cristianos\",\"San Hip\u00f3lito M\u00e1rtir\"],\"articleSection\":[\"Actualidad\",\"Comarcas\",\"Noticias\",\"Portada\"],\"inLanguage\":\"es\"},{\"@type\":\"WebPage\",\"@id\":\"https:\\\/\\\/www.copealcoy.es\\\/es\\\/homenaje-a-los-cargos-de-la-festa-de-cocentaina-en-la-manana-de-sant-hipolit\\\/\",\"url\":\"https:\\\/\\\/www.copealcoy.es\\\/es\\\/homenaje-a-los-cargos-de-la-festa-de-cocentaina-en-la-manana-de-sant-hipolit\\\/\",\"name\":\"Homenaje a los cargos de la Festa de Cocentaina en la ma\u00f1ana de Sant Hip\u00f2lit - COPE Alcoy\",\"isPartOf\":{\"@id\":\"https:\\\/\\\/www.copealcoy.es\\\/es\\\/#website\"},\"primaryImageOfPage\":{\"@id\":\"https:\\\/\\\/www.copealcoy.es\\\/es\\\/homenaje-a-los-cargos-de-la-festa-de-cocentaina-en-la-manana-de-sant-hipolit\\\/#primaryimage\"},\"image\":{\"@id\":\"https:\\\/\\\/www.copealcoy.es\\\/es\\\/homenaje-a-los-cargos-de-la-festa-de-cocentaina-en-la-manana-de-sant-hipolit\\\/#primaryimage\"},\"thumbnailUrl\":\"https:\\\/\\\/www.copealcoy.es\\\/wp-content\\\/uploads\\\/2023\\\/08\\\/unnamed-2-2-scaled-e1691947511142.jpg\",\"datePublished\":\"2023-08-13T17:30:26+00:00\",\"dateModified\":\"2023-08-14T06:56:18+00:00\",\"author\":{\"@id\":\"https:\\\/\\\/www.copealcoy.es\\\/es\\\/#\\\/schema\\\/person\\\/e777c87fa024e57d40170af9df39882c\"},\"description\":\"Cocentaina rinde honores a San Hip\u00f3lito M\u00e1rtir en este 13 de agosto, el d\u00eda de su festividad lit\u00fargica\",\"breadcrumb\":{\"@id\":\"https:\\\/\\\/www.copealcoy.es\\\/es\\\/homenaje-a-los-cargos-de-la-festa-de-cocentaina-en-la-manana-de-sant-hipolit\\\/#breadcrumb\"},\"inLanguage\":\"es\",\"potentialAction\":[{\"@type\":\"ReadAction\",\"target\":[\"https:\\\/\\\/www.copealcoy.es\\\/es\\\/homenaje-a-los-cargos-de-la-festa-de-cocentaina-en-la-manana-de-sant-hipolit\\\/\"]}]},{\"@type\":\"ImageObject\",\"inLanguage\":\"es\",\"@id\":\"https:\\\/\\\/www.copealcoy.es\\\/es\\\/homenaje-a-los-cargos-de-la-festa-de-cocentaina-en-la-manana-de-sant-hipolit\\\/#primaryimage\",\"url\":\"https:\\\/\\\/www.copealcoy.es\\\/wp-content\\\/uploads\\\/2023\\\/08\\\/unnamed-2-2-scaled-e1691947511142.jpg\",\"contentUrl\":\"https:\\\/\\\/www.copealcoy.es\\\/wp-content\\\/uploads\\\/2023\\\/08\\\/unnamed-2-2-scaled-e1691947511142.jpg\",\"width\":640,\"height\":514},{\"@type\":\"BreadcrumbList\",\"@id\":\"https:\\\/\\\/www.copealcoy.es\\\/es\\\/homenaje-a-los-cargos-de-la-festa-de-cocentaina-en-la-manana-de-sant-hipolit\\\/#breadcrumb\",\"itemListElement\":[{\"@type\":\"ListItem\",\"position\":1,\"name\":\"Portada\",\"item\":\"https:\\\/\\\/www.copealcoy.es\\\/es\\\/\"},{\"@type\":\"ListItem\",\"position\":2,\"name\":\"Homenaje a los cargos de la Festa de Cocentaina en la ma\u00f1ana de Sant Hip\u00f2lit\"}]},{\"@type\":\"WebSite\",\"@id\":\"https:\\\/\\\/www.copealcoy.es\\\/es\\\/#website\",\"url\":\"https:\\\/\\\/www.copealcoy.es\\\/es\\\/\",\"name\":\"COPE Alcoy\",\"description\":\"Emisora COPE de radio local con emisi\u00f3n online. Pont de Sant Jordi 8-10 03803 Alcoy\",\"potentialAction\":[{\"@type\":\"SearchAction\",\"target\":{\"@type\":\"EntryPoint\",\"urlTemplate\":\"https:\\\/\\\/www.copealcoy.es\\\/es\\\/?s={search_term_string}\"},\"query-input\":{\"@type\":\"PropertyValueSpecification\",\"valueRequired\":true,\"valueName\":\"search_term_string\"}}],\"inLanguage\":\"es\"},{\"@type\":\"Person\",\"@id\":\"https:\\\/\\\/www.copealcoy.es\\\/es\\\/#\\\/schema\\\/person\\\/e777c87fa024e57d40170af9df39882c\",\"name\":\"Cope Alcoy\",\"image\":{\"@type\":\"ImageObject\",\"inLanguage\":\"es\",\"@id\":\"https:\\\/\\\/secure.gravatar.com\\\/avatar\\\/bb65d0283347e303893ba14f0692005417c1e0e690a325a4c5d8bb2b3943ee14?s=96&d=mm&r=g\",\"url\":\"https:\\\/\\\/secure.gravatar.com\\\/avatar\\\/bb65d0283347e303893ba14f0692005417c1e0e690a325a4c5d8bb2b3943ee14?s=96&d=mm&r=g\",\"contentUrl\":\"https:\\\/\\\/secure.gravatar.com\\\/avatar\\\/bb65d0283347e303893ba14f0692005417c1e0e690a325a4c5d8bb2b3943ee14?s=96&d=mm&r=g\",\"caption\":\"Cope Alcoy\"}}]}<\/script>\n<!-- \/ Yoast SEO plugin. -->","yoast_head_json":{"title":"Homenaje a los cargos de la Festa de Cocentaina en la ma\u00f1ana de Sant Hip\u00f2lit - COPE Alcoy","description":"Cocentaina rinde honores a San Hip\u00f3lito M\u00e1rtir en este 13 de agosto, el d\u00eda de su festividad lit\u00fargica","robots":{"index":"index","follow":"follow","max-snippet":"max-snippet:-1","max-image-preview":"max-image-preview:large","max-video-preview":"max-video-preview:-1"},"canonical":"https:\/\/www.copealcoy.es\/es\/homenaje-a-los-cargos-de-la-festa-de-cocentaina-en-la-manana-de-sant-hipolit\/","og_locale":"es_ES","og_type":"article","og_title":"Homenaje a los cargos de la Festa de Cocentaina en la ma\u00f1ana de Sant Hip\u00f2lit - COPE Alcoy","og_description":"Cocentaina rinde honores a San Hip\u00f3lito M\u00e1rtir en este 13 de agosto, el d\u00eda de su festividad lit\u00fargica","og_url":"https:\/\/www.copealcoy.es\/es\/homenaje-a-los-cargos-de-la-festa-de-cocentaina-en-la-manana-de-sant-hipolit\/","og_site_name":"COPE Alcoy","article_published_time":"2023-08-13T17:30:26+00:00","article_modified_time":"2023-08-14T06:56:18+00:00","og_image":[{"width":640,"height":514,"url":"https:\/\/www.copealcoy.es\/wp-content\/uploads\/2023\/08\/unnamed-2-2-scaled-e1691947511142.jpg","type":"image\/jpeg"}],"author":"Cope Alcoy","twitter_misc":{"Escrito por":"Cope Alcoy","Tiempo de lectura":"2 minutos"},"schema":{"@context":"https:\/\/schema.org","@graph":[{"@type":"Article","@id":"https:\/\/www.copealcoy.es\/es\/homenaje-a-los-cargos-de-la-festa-de-cocentaina-en-la-manana-de-sant-hipolit\/#article","isPartOf":{"@id":"https:\/\/www.copealcoy.es\/es\/homenaje-a-los-cargos-de-la-festa-de-cocentaina-en-la-manana-de-sant-hipolit\/"},"author":{"name":"Cope Alcoy","@id":"https:\/\/www.copealcoy.es\/es\/#\/schema\/person\/e777c87fa024e57d40170af9df39882c"},"headline":"Homenaje a los cargos de la Festa de Cocentaina en la ma\u00f1ana de Sant Hip\u00f2lit","datePublished":"2023-08-13T17:30:26+00:00","dateModified":"2023-08-14T06:56:18+00:00","mainEntityOfPage":{"@id":"https:\/\/www.copealcoy.es\/es\/homenaje-a-los-cargos-de-la-festa-de-cocentaina-en-la-manana-de-sant-hipolit\/"},"wordCount":353,"commentCount":0,"image":{"@id":"https:\/\/www.copealcoy.es\/es\/homenaje-a-los-cargos-de-la-festa-de-cocentaina-en-la-manana-de-sant-hipolit\/#primaryimage"},"thumbnailUrl":"https:\/\/www.copealcoy.es\/wp-content\/uploads\/2023\/08\/unnamed-2-2-scaled-e1691947511142.jpg","keywords":["Cocentaina","Fiestas","Moros Y Cristianos","San Hip\u00f3lito M\u00e1rtir"],"articleSection":["Actualidad","Comarcas","Noticias","Portada"],"inLanguage":"es"},{"@type":"WebPage","@id":"https:\/\/www.copealcoy.es\/es\/homenaje-a-los-cargos-de-la-festa-de-cocentaina-en-la-manana-de-sant-hipolit\/","url":"https:\/\/www.copealcoy.es\/es\/homenaje-a-los-cargos-de-la-festa-de-cocentaina-en-la-manana-de-sant-hipolit\/","name":"Homenaje a los cargos de la Festa de Cocentaina en la ma\u00f1ana de Sant Hip\u00f2lit - COPE Alcoy","isPartOf":{"@id":"https:\/\/www.copealcoy.es\/es\/#website"},"primaryImageOfPage":{"@id":"https:\/\/www.copealcoy.es\/es\/homenaje-a-los-cargos-de-la-festa-de-cocentaina-en-la-manana-de-sant-hipolit\/#primaryimage"},"image":{"@id":"https:\/\/www.copealcoy.es\/es\/homenaje-a-los-cargos-de-la-festa-de-cocentaina-en-la-manana-de-sant-hipolit\/#primaryimage"},"thumbnailUrl":"https:\/\/www.copealcoy.es\/wp-content\/uploads\/2023\/08\/unnamed-2-2-scaled-e1691947511142.jpg","datePublished":"2023-08-13T17:30:26+00:00","dateModified":"2023-08-14T06:56:18+00:00","author":{"@id":"https:\/\/www.copealcoy.es\/es\/#\/schema\/person\/e777c87fa024e57d40170af9df39882c"},"description":"Cocentaina rinde honores a San Hip\u00f3lito M\u00e1rtir en este 13 de agosto, el d\u00eda de su festividad lit\u00fargica","breadcrumb":{"@id":"https:\/\/www.copealcoy.es\/es\/homenaje-a-los-cargos-de-la-festa-de-cocentaina-en-la-manana-de-sant-hipolit\/#breadcrumb"},"inLanguage":"es","potentialAction":[{"@type":"ReadAction","target":["https:\/\/www.copealcoy.es\/es\/homenaje-a-los-cargos-de-la-festa-de-cocentaina-en-la-manana-de-sant-hipolit\/"]}]},{"@type":"ImageObject","inLanguage":"es","@id":"https:\/\/www.copealcoy.es\/es\/homenaje-a-los-cargos-de-la-festa-de-cocentaina-en-la-manana-de-sant-hipolit\/#primaryimage","url":"https:\/\/www.copealcoy.es\/wp-content\/uploads\/2023\/08\/unnamed-2-2-scaled-e1691947511142.jpg","contentUrl":"https:\/\/www.copealcoy.es\/wp-content\/uploads\/2023\/08\/unnamed-2-2-scaled-e1691947511142.jpg","width":640,"height":514},{"@type":"BreadcrumbList","@id":"https:\/\/www.copealcoy.es\/es\/homenaje-a-los-cargos-de-la-festa-de-cocentaina-en-la-manana-de-sant-hipolit\/#breadcrumb","itemListElement":[{"@type":"ListItem","position":1,"name":"Portada","item":"https:\/\/www.copealcoy.es\/es\/"},{"@type":"ListItem","position":2,"name":"Homenaje a los cargos de la Festa de Cocentaina en la ma\u00f1ana de Sant Hip\u00f2lit"}]},{"@type":"WebSite","@id":"https:\/\/www.copealcoy.es\/es\/#website","url":"https:\/\/www.copealcoy.es\/es\/","name":"COPE Alcoy","description":"Emisora COPE de radio local con emisi\u00f3n online. Pont de Sant Jordi 8-10 03803 Alcoy","potentialAction":[{"@type":"SearchAction","target":{"@type":"EntryPoint","urlTemplate":"https:\/\/www.copealcoy.es\/es\/?s={search_term_string}"},"query-input":{"@type":"PropertyValueSpecification","valueRequired":true,"valueName":"search_term_string"}}],"inLanguage":"es"},{"@type":"Person","@id":"https:\/\/www.copealcoy.es\/es\/#\/schema\/person\/e777c87fa024e57d40170af9df39882c","name":"Cope Alcoy","image":{"@type":"ImageObject","inLanguage":"es","@id":"https:\/\/secure.gravatar.com\/avatar\/bb65d0283347e303893ba14f0692005417c1e0e690a325a4c5d8bb2b3943ee14?s=96&d=mm&r=g","url":"https:\/\/secure.gravatar.com\/avatar\/bb65d0283347e303893ba14f0692005417c1e0e690a325a4c5d8bb2b3943ee14?s=96&d=mm&r=g","contentUrl":"https:\/\/secure.gravatar.com\/avatar\/bb65d0283347e303893ba14f0692005417c1e0e690a325a4c5d8bb2b3943ee14?s=96&d=mm&r=g","caption":"Cope Alcoy"}}]}},"_links":{"self":[{"href":"https:\/\/www.copealcoy.es\/es\/wp-json\/wp\/v2\/posts\/120767","targetHints":{"allow":["GET"]}}],"collection":[{"href":"https:\/\/www.copealcoy.es\/es\/wp-json\/wp\/v2\/posts"}],"about":[{"href":"https:\/\/www.copealcoy.es\/es\/wp-json\/wp\/v2\/types\/post"}],"author":[{"embeddable":true,"href":"https:\/\/www.copealcoy.es\/es\/wp-json\/wp\/v2\/users\/1"}],"replies":[{"embeddable":true,"href":"https:\/\/www.copealcoy.es\/es\/wp-json\/wp\/v2\/comments?post=120767"}],"version-history":[{"count":0,"href":"https:\/\/www.copealcoy.es\/es\/wp-json\/wp\/v2\/posts\/120767\/revisions"}],"wp:featuredmedia":[{"embeddable":true,"href":"https:\/\/www.copealcoy.es\/es\/wp-json\/wp\/v2\/media\/120768"}],"wp:attachment":[{"href":"https:\/\/www.copealcoy.es\/es\/wp-json\/wp\/v2\/media?parent=120767"}],"wp:term":[{"taxonomy":"category","embeddable":true,"href":"https:\/\/www.copealcoy.es\/es\/wp-json\/wp\/v2\/categories?post=120767"},{"taxonomy":"post_tag","embeddable":true,"href":"https:\/\/www.copealcoy.es\/es\/wp-json\/wp\/v2\/tags?post=120767"}],"curies":[{"name":"wp","href":"https:\/\/api.w.org\/{rel}","templated":true}]}}