{"id":120736,"date":"2023-08-12T13:01:57","date_gmt":"2023-08-12T12:01:57","guid":{"rendered":"https:\/\/www.copealcoy.es\/?p=120736"},"modified":"2023-08-16T17:42:10","modified_gmt":"2023-08-16T16:42:10","slug":"arranca-la-entrada-de-moros-y-cristianos-de-cocentaina-2023","status":"publish","type":"post","link":"https:\/\/www.copealcoy.es\/es\/arranca-la-entrada-de-moros-y-cristianos-de-cocentaina-2023\/","title":{"rendered":"Arranca la Entrada de Moros y Cristianos de Cocentaina 2023"},"content":{"rendered":"<p style=\"text-align: justify;\">A las siete en punto de la tarde <strong>ha comenzado la Entrada de Moros y Cristianos de Cocentaina<\/strong> desde las inmediaciones del <strong>Convento de los Padres Franciscanos<\/strong>, un desfile que<strong> bajar\u00e1 por todo el Passeig del Comtat<\/strong> y que <strong>llegar\u00e1 al Pla<\/strong> donde estar\u00e1 situada la tribuna de autoridades delante mismo del Palau Comtal. La comitiva <strong>enfilar\u00e1 despu\u00e9s un tramo de la calle Mare de D\u00e9u del Miracle<\/strong> para finalizar en <strong>la Placeta dels Ap\u00f2stols<\/strong> \u201c<em>es uno de los actos que despierta m\u00e1s expectaci\u00f3n y aproximadamente se han vendido unas dos mil sillas para que el p\u00fablico presencie toda la Entrada. Entre festeros de cada Fil\u00e0, acompa\u00f1amientos, bandas de m\u00fasica y boatos de cargos podr\u00edamos hablar de una participaci\u00f3n de m\u00e1s de 4.000 personas<\/em>\u201d, significaba esta semana en COPE ALCOY el presidente de la Junta de Festes; <strong>Rafael Monar<\/strong>.<\/p>\n<p style=\"text-align: justify;\">Uno de los momentos m\u00e1s esperados de las mencionadas Entradas <strong>ser\u00e1 el paso de los cuatro cargos festeros<\/strong>, tarea que asumen este a\u00f1o Marcos Castell\u00f3 Satorre (Capit\u00e1n Cristiano Fil\u00e0 Cavalleria Ministerial), Juan Lu\u00eds Ma\u00edques Zaragoza (Abanderado Cristiano de la Fil\u00e0 Gentils), Marcos Giner P\u00e9rez (Capit\u00e1n Moro de la Fil\u00e0 Llana) y Pascual Botella Montava (Abanderado Moro de la Fil\u00e0 Guardia Jalifiana \u201cSahorins\u201d). Todos ellos <strong>estar\u00e1n arropados por las 16 Filaes<\/strong> que desde ya empiezan a tomar las calles contestanas al ritmo de las marchas moras y cristianas en una tarde en la que<strong> gran cantidad de p\u00fablico<\/strong> acudir\u00e1 a la capital del Comtat para disfrutar de uno de los instantes m\u00e1s esperados de la trilog\u00eda en honor a San Hip\u00f3lito M\u00e1rtir.<\/p>\n<p style=\"text-align: justify;\">Se\u00f1alar que las Entradas de este s\u00e1bado <strong>contar\u00e1n con diferentes representantes pol\u00edticos del \u00e1mbito comarcal, as\u00ed como de la provincia<\/strong>, que presenciar\u00e1n los desfiles junto al alcalde de Cocentaina; Jordi Pla, desde la tribuna de autoridades instalada ante el Palau Comtal. Han confirmado su asistencia los diputados provinciales de estas comarcas por el Partido Popular (Carlos Pastor) y por el Partido Socialista (Ismael Vidal) as\u00ed como un buen n\u00famero de alcaldes y alcaldesas de l\u2019Alcoi\u00e0 y el Comtat. Adem\u00e1s, estar\u00e1 la diputada auton\u00f3mica de Comprom\u00eds, Aitana Mas; y la sindica del PSPV en Les Corts, Rebeca Torr\u00f3. Tambi\u00e9n est\u00e1 previsto que acudan la periodista contestana Carolina Ferre, los deportistas locales Rafa Valls y Jos\u00e9 Lu\u00eds Molt\u00f3, la presidenta de la Acad\u00e8mia Valenciana de la Llengua, Ver\u00f2nica Cant\u00f3, o el historiador Vicent Baydal; entre otros.<\/p>\n<p style=\"text-align: justify;\">Antes de la Entrada COPE ALCOY ha hablado con <strong>algunos de los invitados a la tribuna de autoridades<\/strong> y esto nos han contado:<\/p>\n<audio class=\"wp-audio-shortcode\" id=\"audio-120736-1\" preload=\"none\" style=\"width: 100%;\" controls=\"controls\"><source type=\"audio\/mpeg\" src=\"https:\/\/www.copealcoy.es\/wp-content\/uploads\/2023\/08\/1282.mp3?_=1\" \/><a href=\"https:\/\/www.copealcoy.es\/wp-content\/uploads\/2023\/08\/1282.mp3\">https:\/\/www.copealcoy.es\/wp-content\/uploads\/2023\/08\/1282.mp3<\/a><\/audio>\n<p>&nbsp;<\/p>\n<audio class=\"wp-audio-shortcode\" id=\"audio-120736-2\" preload=\"none\" style=\"width: 100%;\" controls=\"controls\"><source type=\"audio\/mpeg\" src=\"https:\/\/www.copealcoy.es\/wp-content\/uploads\/2023\/08\/rebeca-torro.mp3?_=2\" \/><a href=\"https:\/\/www.copealcoy.es\/wp-content\/uploads\/2023\/08\/rebeca-torro.mp3\">https:\/\/www.copealcoy.es\/wp-content\/uploads\/2023\/08\/rebeca-torro.mp3<\/a><\/audio>\n<p>&nbsp;<\/p>\n<audio class=\"wp-audio-shortcode\" id=\"audio-120736-3\" preload=\"none\" style=\"width: 100%;\" controls=\"controls\"><source type=\"audio\/mpeg\" src=\"https:\/\/www.copealcoy.es\/wp-content\/uploads\/2023\/08\/1283.mp3?_=3\" \/><a href=\"https:\/\/www.copealcoy.es\/wp-content\/uploads\/2023\/08\/1283.mp3\">https:\/\/www.copealcoy.es\/wp-content\/uploads\/2023\/08\/1283.mp3<\/a><\/audio>\n<p>&nbsp;<\/p>\n<audio class=\"wp-audio-shortcode\" id=\"audio-120736-4\" preload=\"none\" style=\"width: 100%;\" controls=\"controls\"><source type=\"audio\/mpeg\" src=\"https:\/\/www.copealcoy.es\/wp-content\/uploads\/2023\/08\/1285.mp3?_=4\" \/><a href=\"https:\/\/www.copealcoy.es\/wp-content\/uploads\/2023\/08\/1285.mp3\">https:\/\/www.copealcoy.es\/wp-content\/uploads\/2023\/08\/1285.mp3<\/a><\/audio>\n<p>&nbsp;<\/p>\n<audio class=\"wp-audio-shortcode\" id=\"audio-120736-5\" preload=\"none\" style=\"width: 100%;\" controls=\"controls\"><source type=\"audio\/mpeg\" src=\"https:\/\/www.copealcoy.es\/wp-content\/uploads\/2023\/08\/1287.mp3?_=5\" \/><a href=\"https:\/\/www.copealcoy.es\/wp-content\/uploads\/2023\/08\/1287.mp3\">https:\/\/www.copealcoy.es\/wp-content\/uploads\/2023\/08\/1287.mp3<\/a><\/audio>\n<p>&nbsp;<\/p>\n","protected":false},"excerpt":{"rendered":"<p>A las siete en punto de la tarde ha comenzado la Entrada de Moros y Cristianos de Cocentaina desde las&#8230;<\/p>\n","protected":false},"author":1,"featured_media":120748,"comment_status":"open","ping_status":"open","sticky":false,"template":"","format":"standard","meta":{"footnotes":""},"categories":[6909,98,75,125],"tags":[132,1987,565,609,4488],"class_list":["post-120736","post","type-post","status-publish","format-standard","has-post-thumbnail","hentry","category-actualidad","category-comarcas","category-noticias","category-portada","tag-cocentaina","tag-entrada","tag-fiestas","tag-moros-y-cristianos","tag-san-hipolito-martir"],"yoast_head":"<!-- This site is optimized with the Yoast SEO plugin v27.3 - https:\/\/yoast.com\/product\/yoast-seo-wordpress\/ -->\n<title>Arranca la Entrada de Moros y Cristianos de Cocentaina 2023 - COPE Alcoy<\/title>\n<meta name=\"description\" content=\"A las siete en punto de la tarde ha comenzado la Entrada de Moros y Cristianos de Cocentaina, un desfile que espera una participaci\u00f3n de m\u00e1s de 4.000 personas\" \/>\n<meta name=\"robots\" content=\"index, follow, max-snippet:-1, max-image-preview:large, max-video-preview:-1\" \/>\n<link rel=\"canonical\" href=\"https:\/\/www.copealcoy.es\/es\/arranca-la-entrada-de-moros-y-cristianos-de-cocentaina-2023\/\" \/>\n<meta property=\"og:locale\" content=\"es_ES\" \/>\n<meta property=\"og:type\" content=\"article\" \/>\n<meta property=\"og:title\" content=\"Arranca la Entrada de Moros y Cristianos de Cocentaina 2023 - COPE Alcoy\" \/>\n<meta property=\"og:description\" content=\"A las siete en punto de la tarde ha comenzado la Entrada de Moros y Cristianos de Cocentaina, un desfile que espera una participaci\u00f3n de m\u00e1s de 4.000 personas\" \/>\n<meta property=\"og:url\" content=\"https:\/\/www.copealcoy.es\/es\/arranca-la-entrada-de-moros-y-cristianos-de-cocentaina-2023\/\" \/>\n<meta property=\"og:site_name\" content=\"COPE Alcoy\" \/>\n<meta property=\"article:published_time\" content=\"2023-08-12T12:01:57+00:00\" \/>\n<meta property=\"article:modified_time\" content=\"2023-08-16T16:42:10+00:00\" \/>\n<meta property=\"og:image\" content=\"https:\/\/www.copealcoy.es\/wp-content\/uploads\/2023\/08\/9BD32D66-CCFB-45F3-A837-19ACE9FC83EA-scaled.jpeg\" \/>\n\t<meta property=\"og:image:width\" content=\"1440\" \/>\n\t<meta property=\"og:image:height\" content=\"1080\" \/>\n\t<meta property=\"og:image:type\" content=\"image\/jpeg\" \/>\n<meta name=\"author\" content=\"Cope Alcoy\" \/>\n<meta name=\"twitter:label1\" content=\"Escrito por\" \/>\n\t<meta name=\"twitter:data1\" content=\"Cope Alcoy\" \/>\n\t<meta name=\"twitter:label2\" content=\"Tiempo de lectura\" \/>\n\t<meta name=\"twitter:data2\" content=\"3 minutos\" \/>\n<script type=\"application\/ld+json\" class=\"yoast-schema-graph\">{\"@context\":\"https:\\\/\\\/schema.org\",\"@graph\":[{\"@type\":\"Article\",\"@id\":\"https:\\\/\\\/www.copealcoy.es\\\/es\\\/arranca-la-entrada-de-moros-y-cristianos-de-cocentaina-2023\\\/#article\",\"isPartOf\":{\"@id\":\"https:\\\/\\\/www.copealcoy.es\\\/es\\\/arranca-la-entrada-de-moros-y-cristianos-de-cocentaina-2023\\\/\"},\"author\":{\"name\":\"Cope Alcoy\",\"@id\":\"https:\\\/\\\/www.copealcoy.es\\\/es\\\/#\\\/schema\\\/person\\\/e777c87fa024e57d40170af9df39882c\"},\"headline\":\"Arranca la Entrada de Moros y Cristianos de Cocentaina 2023\",\"datePublished\":\"2023-08-12T12:01:57+00:00\",\"dateModified\":\"2023-08-16T16:42:10+00:00\",\"mainEntityOfPage\":{\"@id\":\"https:\\\/\\\/www.copealcoy.es\\\/es\\\/arranca-la-entrada-de-moros-y-cristianos-de-cocentaina-2023\\\/\"},\"wordCount\":518,\"commentCount\":0,\"image\":{\"@id\":\"https:\\\/\\\/www.copealcoy.es\\\/es\\\/arranca-la-entrada-de-moros-y-cristianos-de-cocentaina-2023\\\/#primaryimage\"},\"thumbnailUrl\":\"https:\\\/\\\/www.copealcoy.es\\\/wp-content\\\/uploads\\\/2023\\\/08\\\/9BD32D66-CCFB-45F3-A837-19ACE9FC83EA-scaled.jpeg\",\"keywords\":[\"Cocentaina\",\"Entrada\",\"Fiestas\",\"Moros Y Cristianos\",\"San Hip\u00f3lito M\u00e1rtir\"],\"articleSection\":[\"Actualidad\",\"Comarcas\",\"Noticias\",\"Portada\"],\"inLanguage\":\"es\"},{\"@type\":\"WebPage\",\"@id\":\"https:\\\/\\\/www.copealcoy.es\\\/es\\\/arranca-la-entrada-de-moros-y-cristianos-de-cocentaina-2023\\\/\",\"url\":\"https:\\\/\\\/www.copealcoy.es\\\/es\\\/arranca-la-entrada-de-moros-y-cristianos-de-cocentaina-2023\\\/\",\"name\":\"Arranca la Entrada de Moros y Cristianos de Cocentaina 2023 - COPE Alcoy\",\"isPartOf\":{\"@id\":\"https:\\\/\\\/www.copealcoy.es\\\/es\\\/#website\"},\"primaryImageOfPage\":{\"@id\":\"https:\\\/\\\/www.copealcoy.es\\\/es\\\/arranca-la-entrada-de-moros-y-cristianos-de-cocentaina-2023\\\/#primaryimage\"},\"image\":{\"@id\":\"https:\\\/\\\/www.copealcoy.es\\\/es\\\/arranca-la-entrada-de-moros-y-cristianos-de-cocentaina-2023\\\/#primaryimage\"},\"thumbnailUrl\":\"https:\\\/\\\/www.copealcoy.es\\\/wp-content\\\/uploads\\\/2023\\\/08\\\/9BD32D66-CCFB-45F3-A837-19ACE9FC83EA-scaled.jpeg\",\"datePublished\":\"2023-08-12T12:01:57+00:00\",\"dateModified\":\"2023-08-16T16:42:10+00:00\",\"author\":{\"@id\":\"https:\\\/\\\/www.copealcoy.es\\\/es\\\/#\\\/schema\\\/person\\\/e777c87fa024e57d40170af9df39882c\"},\"description\":\"A las siete en punto de la tarde ha comenzado la Entrada de Moros y Cristianos de Cocentaina, un desfile que espera una participaci\u00f3n de m\u00e1s de 4.000 personas\",\"breadcrumb\":{\"@id\":\"https:\\\/\\\/www.copealcoy.es\\\/es\\\/arranca-la-entrada-de-moros-y-cristianos-de-cocentaina-2023\\\/#breadcrumb\"},\"inLanguage\":\"es\",\"potentialAction\":[{\"@type\":\"ReadAction\",\"target\":[\"https:\\\/\\\/www.copealcoy.es\\\/es\\\/arranca-la-entrada-de-moros-y-cristianos-de-cocentaina-2023\\\/\"]}]},{\"@type\":\"ImageObject\",\"inLanguage\":\"es\",\"@id\":\"https:\\\/\\\/www.copealcoy.es\\\/es\\\/arranca-la-entrada-de-moros-y-cristianos-de-cocentaina-2023\\\/#primaryimage\",\"url\":\"https:\\\/\\\/www.copealcoy.es\\\/wp-content\\\/uploads\\\/2023\\\/08\\\/9BD32D66-CCFB-45F3-A837-19ACE9FC83EA-scaled.jpeg\",\"contentUrl\":\"https:\\\/\\\/www.copealcoy.es\\\/wp-content\\\/uploads\\\/2023\\\/08\\\/9BD32D66-CCFB-45F3-A837-19ACE9FC83EA-scaled.jpeg\",\"width\":1440,\"height\":1080},{\"@type\":\"BreadcrumbList\",\"@id\":\"https:\\\/\\\/www.copealcoy.es\\\/es\\\/arranca-la-entrada-de-moros-y-cristianos-de-cocentaina-2023\\\/#breadcrumb\",\"itemListElement\":[{\"@type\":\"ListItem\",\"position\":1,\"name\":\"Portada\",\"item\":\"https:\\\/\\\/www.copealcoy.es\\\/es\\\/\"},{\"@type\":\"ListItem\",\"position\":2,\"name\":\"Arranca la Entrada de Moros y Cristianos de Cocentaina 2023\"}]},{\"@type\":\"WebSite\",\"@id\":\"https:\\\/\\\/www.copealcoy.es\\\/es\\\/#website\",\"url\":\"https:\\\/\\\/www.copealcoy.es\\\/es\\\/\",\"name\":\"COPE Alcoy\",\"description\":\"Emisora COPE de radio local con emisi\u00f3n online. Pont de Sant Jordi 8-10 03803 Alcoy\",\"potentialAction\":[{\"@type\":\"SearchAction\",\"target\":{\"@type\":\"EntryPoint\",\"urlTemplate\":\"https:\\\/\\\/www.copealcoy.es\\\/es\\\/?s={search_term_string}\"},\"query-input\":{\"@type\":\"PropertyValueSpecification\",\"valueRequired\":true,\"valueName\":\"search_term_string\"}}],\"inLanguage\":\"es\"},{\"@type\":\"Person\",\"@id\":\"https:\\\/\\\/www.copealcoy.es\\\/es\\\/#\\\/schema\\\/person\\\/e777c87fa024e57d40170af9df39882c\",\"name\":\"Cope Alcoy\",\"image\":{\"@type\":\"ImageObject\",\"inLanguage\":\"es\",\"@id\":\"https:\\\/\\\/secure.gravatar.com\\\/avatar\\\/bb65d0283347e303893ba14f0692005417c1e0e690a325a4c5d8bb2b3943ee14?s=96&d=mm&r=g\",\"url\":\"https:\\\/\\\/secure.gravatar.com\\\/avatar\\\/bb65d0283347e303893ba14f0692005417c1e0e690a325a4c5d8bb2b3943ee14?s=96&d=mm&r=g\",\"contentUrl\":\"https:\\\/\\\/secure.gravatar.com\\\/avatar\\\/bb65d0283347e303893ba14f0692005417c1e0e690a325a4c5d8bb2b3943ee14?s=96&d=mm&r=g\",\"caption\":\"Cope Alcoy\"}}]}<\/script>\n<!-- \/ Yoast SEO plugin. -->","yoast_head_json":{"title":"Arranca la Entrada de Moros y Cristianos de Cocentaina 2023 - COPE Alcoy","description":"A las siete en punto de la tarde ha comenzado la Entrada de Moros y Cristianos de Cocentaina, un desfile que espera una participaci\u00f3n de m\u00e1s de 4.000 personas","robots":{"index":"index","follow":"follow","max-snippet":"max-snippet:-1","max-image-preview":"max-image-preview:large","max-video-preview":"max-video-preview:-1"},"canonical":"https:\/\/www.copealcoy.es\/es\/arranca-la-entrada-de-moros-y-cristianos-de-cocentaina-2023\/","og_locale":"es_ES","og_type":"article","og_title":"Arranca la Entrada de Moros y Cristianos de Cocentaina 2023 - COPE Alcoy","og_description":"A las siete en punto de la tarde ha comenzado la Entrada de Moros y Cristianos de Cocentaina, un desfile que espera una participaci\u00f3n de m\u00e1s de 4.000 personas","og_url":"https:\/\/www.copealcoy.es\/es\/arranca-la-entrada-de-moros-y-cristianos-de-cocentaina-2023\/","og_site_name":"COPE Alcoy","article_published_time":"2023-08-12T12:01:57+00:00","article_modified_time":"2023-08-16T16:42:10+00:00","og_image":[{"width":1440,"height":1080,"url":"https:\/\/www.copealcoy.es\/wp-content\/uploads\/2023\/08\/9BD32D66-CCFB-45F3-A837-19ACE9FC83EA-scaled.jpeg","type":"image\/jpeg"}],"author":"Cope Alcoy","twitter_misc":{"Escrito por":"Cope Alcoy","Tiempo de lectura":"3 minutos"},"schema":{"@context":"https:\/\/schema.org","@graph":[{"@type":"Article","@id":"https:\/\/www.copealcoy.es\/es\/arranca-la-entrada-de-moros-y-cristianos-de-cocentaina-2023\/#article","isPartOf":{"@id":"https:\/\/www.copealcoy.es\/es\/arranca-la-entrada-de-moros-y-cristianos-de-cocentaina-2023\/"},"author":{"name":"Cope Alcoy","@id":"https:\/\/www.copealcoy.es\/es\/#\/schema\/person\/e777c87fa024e57d40170af9df39882c"},"headline":"Arranca la Entrada de Moros y Cristianos de Cocentaina 2023","datePublished":"2023-08-12T12:01:57+00:00","dateModified":"2023-08-16T16:42:10+00:00","mainEntityOfPage":{"@id":"https:\/\/www.copealcoy.es\/es\/arranca-la-entrada-de-moros-y-cristianos-de-cocentaina-2023\/"},"wordCount":518,"commentCount":0,"image":{"@id":"https:\/\/www.copealcoy.es\/es\/arranca-la-entrada-de-moros-y-cristianos-de-cocentaina-2023\/#primaryimage"},"thumbnailUrl":"https:\/\/www.copealcoy.es\/wp-content\/uploads\/2023\/08\/9BD32D66-CCFB-45F3-A837-19ACE9FC83EA-scaled.jpeg","keywords":["Cocentaina","Entrada","Fiestas","Moros Y Cristianos","San Hip\u00f3lito M\u00e1rtir"],"articleSection":["Actualidad","Comarcas","Noticias","Portada"],"inLanguage":"es"},{"@type":"WebPage","@id":"https:\/\/www.copealcoy.es\/es\/arranca-la-entrada-de-moros-y-cristianos-de-cocentaina-2023\/","url":"https:\/\/www.copealcoy.es\/es\/arranca-la-entrada-de-moros-y-cristianos-de-cocentaina-2023\/","name":"Arranca la Entrada de Moros y Cristianos de Cocentaina 2023 - COPE Alcoy","isPartOf":{"@id":"https:\/\/www.copealcoy.es\/es\/#website"},"primaryImageOfPage":{"@id":"https:\/\/www.copealcoy.es\/es\/arranca-la-entrada-de-moros-y-cristianos-de-cocentaina-2023\/#primaryimage"},"image":{"@id":"https:\/\/www.copealcoy.es\/es\/arranca-la-entrada-de-moros-y-cristianos-de-cocentaina-2023\/#primaryimage"},"thumbnailUrl":"https:\/\/www.copealcoy.es\/wp-content\/uploads\/2023\/08\/9BD32D66-CCFB-45F3-A837-19ACE9FC83EA-scaled.jpeg","datePublished":"2023-08-12T12:01:57+00:00","dateModified":"2023-08-16T16:42:10+00:00","author":{"@id":"https:\/\/www.copealcoy.es\/es\/#\/schema\/person\/e777c87fa024e57d40170af9df39882c"},"description":"A las siete en punto de la tarde ha comenzado la Entrada de Moros y Cristianos de Cocentaina, un desfile que espera una participaci\u00f3n de m\u00e1s de 4.000 personas","breadcrumb":{"@id":"https:\/\/www.copealcoy.es\/es\/arranca-la-entrada-de-moros-y-cristianos-de-cocentaina-2023\/#breadcrumb"},"inLanguage":"es","potentialAction":[{"@type":"ReadAction","target":["https:\/\/www.copealcoy.es\/es\/arranca-la-entrada-de-moros-y-cristianos-de-cocentaina-2023\/"]}]},{"@type":"ImageObject","inLanguage":"es","@id":"https:\/\/www.copealcoy.es\/es\/arranca-la-entrada-de-moros-y-cristianos-de-cocentaina-2023\/#primaryimage","url":"https:\/\/www.copealcoy.es\/wp-content\/uploads\/2023\/08\/9BD32D66-CCFB-45F3-A837-19ACE9FC83EA-scaled.jpeg","contentUrl":"https:\/\/www.copealcoy.es\/wp-content\/uploads\/2023\/08\/9BD32D66-CCFB-45F3-A837-19ACE9FC83EA-scaled.jpeg","width":1440,"height":1080},{"@type":"BreadcrumbList","@id":"https:\/\/www.copealcoy.es\/es\/arranca-la-entrada-de-moros-y-cristianos-de-cocentaina-2023\/#breadcrumb","itemListElement":[{"@type":"ListItem","position":1,"name":"Portada","item":"https:\/\/www.copealcoy.es\/es\/"},{"@type":"ListItem","position":2,"name":"Arranca la Entrada de Moros y Cristianos de Cocentaina 2023"}]},{"@type":"WebSite","@id":"https:\/\/www.copealcoy.es\/es\/#website","url":"https:\/\/www.copealcoy.es\/es\/","name":"COPE Alcoy","description":"Emisora COPE de radio local con emisi\u00f3n online. Pont de Sant Jordi 8-10 03803 Alcoy","potentialAction":[{"@type":"SearchAction","target":{"@type":"EntryPoint","urlTemplate":"https:\/\/www.copealcoy.es\/es\/?s={search_term_string}"},"query-input":{"@type":"PropertyValueSpecification","valueRequired":true,"valueName":"search_term_string"}}],"inLanguage":"es"},{"@type":"Person","@id":"https:\/\/www.copealcoy.es\/es\/#\/schema\/person\/e777c87fa024e57d40170af9df39882c","name":"Cope Alcoy","image":{"@type":"ImageObject","inLanguage":"es","@id":"https:\/\/secure.gravatar.com\/avatar\/bb65d0283347e303893ba14f0692005417c1e0e690a325a4c5d8bb2b3943ee14?s=96&d=mm&r=g","url":"https:\/\/secure.gravatar.com\/avatar\/bb65d0283347e303893ba14f0692005417c1e0e690a325a4c5d8bb2b3943ee14?s=96&d=mm&r=g","contentUrl":"https:\/\/secure.gravatar.com\/avatar\/bb65d0283347e303893ba14f0692005417c1e0e690a325a4c5d8bb2b3943ee14?s=96&d=mm&r=g","caption":"Cope Alcoy"}}]}},"_links":{"self":[{"href":"https:\/\/www.copealcoy.es\/es\/wp-json\/wp\/v2\/posts\/120736","targetHints":{"allow":["GET"]}}],"collection":[{"href":"https:\/\/www.copealcoy.es\/es\/wp-json\/wp\/v2\/posts"}],"about":[{"href":"https:\/\/www.copealcoy.es\/es\/wp-json\/wp\/v2\/types\/post"}],"author":[{"embeddable":true,"href":"https:\/\/www.copealcoy.es\/es\/wp-json\/wp\/v2\/users\/1"}],"replies":[{"embeddable":true,"href":"https:\/\/www.copealcoy.es\/es\/wp-json\/wp\/v2\/comments?post=120736"}],"version-history":[{"count":0,"href":"https:\/\/www.copealcoy.es\/es\/wp-json\/wp\/v2\/posts\/120736\/revisions"}],"wp:featuredmedia":[{"embeddable":true,"href":"https:\/\/www.copealcoy.es\/es\/wp-json\/wp\/v2\/media\/120748"}],"wp:attachment":[{"href":"https:\/\/www.copealcoy.es\/es\/wp-json\/wp\/v2\/media?parent=120736"}],"wp:term":[{"taxonomy":"category","embeddable":true,"href":"https:\/\/www.copealcoy.es\/es\/wp-json\/wp\/v2\/categories?post=120736"},{"taxonomy":"post_tag","embeddable":true,"href":"https:\/\/www.copealcoy.es\/es\/wp-json\/wp\/v2\/tags?post=120736"}],"curies":[{"name":"wp","href":"https:\/\/api.w.org\/{rel}","templated":true}]}}