{"id":120727,"date":"2023-08-12T19:00:28","date_gmt":"2023-08-12T18:00:28","guid":{"rendered":"https:\/\/www.copealcoy.es\/?p=120727"},"modified":"2023-08-15T12:06:47","modified_gmt":"2023-08-15T11:06:47","slug":"el-abanderado-dels-gentils-rinde-honor-a-la-denominacion-de-esta-fila-cristiana","status":"publish","type":"post","link":"https:\/\/www.copealcoy.es\/es\/el-abanderado-dels-gentils-rinde-honor-a-la-denominacion-de-esta-fila-cristiana\/","title":{"rendered":"El Abanderado dels Gentils rinde honor a la denominaci\u00f3n de esta Fil\u00e0 cristiana"},"content":{"rendered":"<p style=\"text-align: justify;\">La <strong>Entrada Cristiana de Cocentaina<\/strong> sigue su curso y en el ecuador de la misma <strong>llega el turno de recibir al Abanderado de las tropas de la cruz<\/strong>. Esta responsabilidad recae este a\u00f1o en la persona de <strong>Juan Lu\u00eds Mahiques Zaragoza<\/strong>, el cual asume el reto con enorme ilusi\u00f3n, pero tambi\u00e9n avalado por una importante trayectoria en la Festa contestana que comenz\u00f3 all\u00e1 por el a\u00f1o 2005.<\/p>\n<p style=\"text-align: justify;\">El escudo identificativo del 600 aniversario de la Fil\u00e0, danzas guerreras y un destacado acompa\u00f1amiento han formado parte de <strong>un boato en el que el Abanderado quiere hacer un gui\u00f1o a la antigua Roma<\/strong>, as\u00ed como a la denominaci\u00f3n de la Fil\u00e0. Juan Lu\u00eds Mahiques <strong>ha desfilado sobre carroza, <\/strong>que recordaba precisamente a la arquitectura romana,\u00a0y ha estado acompa\u00f1ado por <strong>la Uni\u00f3n Musical El Deliri de Gorga<\/strong> que ha interpretado a lo largo de todo el trayecto <strong>la marcha cristiana \u201cAntebellum\u201d<\/strong> del compositor contestano Francisco Valor. El dise\u00f1o del cargo, que destacaba por los tintes guerreros, es obra de <strong>Roper\u00eda Ximo<\/strong> al igual que <strong>la Escuadra Especial<\/strong> que ha cerrado el mencionado boato del Abanderado. Esta \u00faltima ha estado acompa\u00f1ada por las marchas cristianas <em>Mai-Sabel<\/em> y <em>Monchalba<\/em>, obras ambas de Francisco Valor Llorens. <strong>M\u00f3nica Mahiques y Beatriz Lobo<\/strong> han estado al lado del cargo como favoritas y el \u201cXulu\u201d o el \u201cObispo\u201d, como todos conocen a Juan Lu\u00eds en Cocentaina, <strong>ya disfruta del resto de la Entrada en El Pla<\/strong> tras haber recibido un gran ba\u00f1o de multitudes.<\/p>\n<p style=\"text-align: justify;\"><a href=\"https:\/\/www.copealcoy.es\/wp-content\/uploads\/2023\/08\/367399837_617243910544241_4408907159203162774_n.jpg\"><img loading=\"lazy\" decoding=\"async\" class=\"size-full wp-image-120857 aligncenter\" src=\"https:\/\/www.copealcoy.es\/wp-content\/uploads\/2023\/08\/367399837_617243910544241_4408907159203162774_n.jpg\" alt=\"\" width=\"628\" height=\"381\" \/><\/a><\/p>\n<p style=\"text-align: justify;\">Se\u00f1alar que la Entrada Cristiana <strong>entra ya en su recta final<\/strong> con el paso de las \u00faltimas Filaes. Cerrar\u00e1n la comitiva Cavallers de Ll\u00faria, Contestanos y Contrabandistas antes de dar paso a las fuerzas mahometanas.<\/p>\n","protected":false},"excerpt":{"rendered":"<p>La Entrada Cristiana de Cocentaina sigue su curso y en el ecuador de la misma llega el turno de recibir&#8230;<\/p>\n","protected":false},"author":1,"featured_media":120752,"comment_status":"open","ping_status":"open","sticky":false,"template":"","format":"standard","meta":{"footnotes":""},"categories":[6909,98,75,125],"tags":[15433,132,1987,4518,15386,609],"class_list":["post-120727","post","type-post","status-publish","format-standard","has-post-thumbnail","hentry","category-actualidad","category-comarcas","category-noticias","category-portada","tag-abanderdo-cristiano","tag-cocentaina","tag-entrada","tag-fila-gentils","tag-juan-luis-mahiques","tag-moros-y-cristianos"],"yoast_head":"<!-- This site is optimized with the Yoast SEO plugin v27.3 - https:\/\/yoast.com\/product\/yoast-seo-wordpress\/ -->\n<title>El Abanderado dels Gentils rinde honor a la denominaci\u00f3n de esta Fil\u00e0 cristiana - COPE Alcoy<\/title>\n<meta name=\"description\" content=\"Juan Lu\u00eds Mahiques, Abanderado Cristiano de la Fil\u00e0 Gentils, marca el paso de las tropas de la cruz en su Entrada a Cocentaina\" \/>\n<meta name=\"robots\" content=\"index, follow, max-snippet:-1, max-image-preview:large, max-video-preview:-1\" \/>\n<link rel=\"canonical\" href=\"https:\/\/www.copealcoy.es\/es\/el-abanderado-dels-gentils-rinde-honor-a-la-denominacion-de-esta-fila-cristiana\/\" \/>\n<meta property=\"og:locale\" content=\"es_ES\" \/>\n<meta property=\"og:type\" content=\"article\" \/>\n<meta property=\"og:title\" content=\"El Abanderado dels Gentils rinde honor a la denominaci\u00f3n de esta Fil\u00e0 cristiana - COPE Alcoy\" \/>\n<meta property=\"og:description\" content=\"Juan Lu\u00eds Mahiques, Abanderado Cristiano de la Fil\u00e0 Gentils, marca el paso de las tropas de la cruz en su Entrada a Cocentaina\" \/>\n<meta property=\"og:url\" content=\"https:\/\/www.copealcoy.es\/es\/el-abanderado-dels-gentils-rinde-honor-a-la-denominacion-de-esta-fila-cristiana\/\" \/>\n<meta property=\"og:site_name\" content=\"COPE Alcoy\" \/>\n<meta property=\"article:published_time\" content=\"2023-08-12T18:00:28+00:00\" \/>\n<meta property=\"article:modified_time\" content=\"2023-08-15T11:06:47+00:00\" \/>\n<meta property=\"og:image\" content=\"https:\/\/www.copealcoy.es\/wp-content\/uploads\/2023\/08\/2B0278A5-349C-4E99-A52C-3E996D2567D0-scaled.jpeg\" \/>\n\t<meta property=\"og:image:width\" content=\"1440\" \/>\n\t<meta property=\"og:image:height\" content=\"1080\" \/>\n\t<meta property=\"og:image:type\" content=\"image\/jpeg\" \/>\n<meta name=\"author\" content=\"Cope Alcoy\" \/>\n<meta name=\"twitter:label1\" content=\"Escrito por\" \/>\n\t<meta name=\"twitter:data1\" content=\"Cope Alcoy\" \/>\n\t<meta name=\"twitter:label2\" content=\"Tiempo de lectura\" \/>\n\t<meta name=\"twitter:data2\" content=\"2 minutos\" \/>\n<script type=\"application\/ld+json\" class=\"yoast-schema-graph\">{\"@context\":\"https:\\\/\\\/schema.org\",\"@graph\":[{\"@type\":\"Article\",\"@id\":\"https:\\\/\\\/www.copealcoy.es\\\/es\\\/el-abanderado-dels-gentils-rinde-honor-a-la-denominacion-de-esta-fila-cristiana\\\/#article\",\"isPartOf\":{\"@id\":\"https:\\\/\\\/www.copealcoy.es\\\/es\\\/el-abanderado-dels-gentils-rinde-honor-a-la-denominacion-de-esta-fila-cristiana\\\/\"},\"author\":{\"name\":\"Cope Alcoy\",\"@id\":\"https:\\\/\\\/www.copealcoy.es\\\/es\\\/#\\\/schema\\\/person\\\/e777c87fa024e57d40170af9df39882c\"},\"headline\":\"El Abanderado dels Gentils rinde honor a la denominaci\u00f3n de esta Fil\u00e0 cristiana\",\"datePublished\":\"2023-08-12T18:00:28+00:00\",\"dateModified\":\"2023-08-15T11:06:47+00:00\",\"mainEntityOfPage\":{\"@id\":\"https:\\\/\\\/www.copealcoy.es\\\/es\\\/el-abanderado-dels-gentils-rinde-honor-a-la-denominacion-de-esta-fila-cristiana\\\/\"},\"wordCount\":313,\"commentCount\":0,\"image\":{\"@id\":\"https:\\\/\\\/www.copealcoy.es\\\/es\\\/el-abanderado-dels-gentils-rinde-honor-a-la-denominacion-de-esta-fila-cristiana\\\/#primaryimage\"},\"thumbnailUrl\":\"https:\\\/\\\/www.copealcoy.es\\\/wp-content\\\/uploads\\\/2023\\\/08\\\/2B0278A5-349C-4E99-A52C-3E996D2567D0-scaled.jpeg\",\"keywords\":[\"Abanderdo Cristiano\",\"Cocentaina\",\"Entrada\",\"Fil\u00e0 Gentils\",\"Juan Lu\u00eds Mahiques\",\"Moros Y Cristianos\"],\"articleSection\":[\"Actualidad\",\"Comarcas\",\"Noticias\",\"Portada\"],\"inLanguage\":\"es\"},{\"@type\":\"WebPage\",\"@id\":\"https:\\\/\\\/www.copealcoy.es\\\/es\\\/el-abanderado-dels-gentils-rinde-honor-a-la-denominacion-de-esta-fila-cristiana\\\/\",\"url\":\"https:\\\/\\\/www.copealcoy.es\\\/es\\\/el-abanderado-dels-gentils-rinde-honor-a-la-denominacion-de-esta-fila-cristiana\\\/\",\"name\":\"El Abanderado dels Gentils rinde honor a la denominaci\u00f3n de esta Fil\u00e0 cristiana - COPE Alcoy\",\"isPartOf\":{\"@id\":\"https:\\\/\\\/www.copealcoy.es\\\/es\\\/#website\"},\"primaryImageOfPage\":{\"@id\":\"https:\\\/\\\/www.copealcoy.es\\\/es\\\/el-abanderado-dels-gentils-rinde-honor-a-la-denominacion-de-esta-fila-cristiana\\\/#primaryimage\"},\"image\":{\"@id\":\"https:\\\/\\\/www.copealcoy.es\\\/es\\\/el-abanderado-dels-gentils-rinde-honor-a-la-denominacion-de-esta-fila-cristiana\\\/#primaryimage\"},\"thumbnailUrl\":\"https:\\\/\\\/www.copealcoy.es\\\/wp-content\\\/uploads\\\/2023\\\/08\\\/2B0278A5-349C-4E99-A52C-3E996D2567D0-scaled.jpeg\",\"datePublished\":\"2023-08-12T18:00:28+00:00\",\"dateModified\":\"2023-08-15T11:06:47+00:00\",\"author\":{\"@id\":\"https:\\\/\\\/www.copealcoy.es\\\/es\\\/#\\\/schema\\\/person\\\/e777c87fa024e57d40170af9df39882c\"},\"description\":\"Juan Lu\u00eds Mahiques, Abanderado Cristiano de la Fil\u00e0 Gentils, marca el paso de las tropas de la cruz en su Entrada a Cocentaina\",\"breadcrumb\":{\"@id\":\"https:\\\/\\\/www.copealcoy.es\\\/es\\\/el-abanderado-dels-gentils-rinde-honor-a-la-denominacion-de-esta-fila-cristiana\\\/#breadcrumb\"},\"inLanguage\":\"es\",\"potentialAction\":[{\"@type\":\"ReadAction\",\"target\":[\"https:\\\/\\\/www.copealcoy.es\\\/es\\\/el-abanderado-dels-gentils-rinde-honor-a-la-denominacion-de-esta-fila-cristiana\\\/\"]}]},{\"@type\":\"ImageObject\",\"inLanguage\":\"es\",\"@id\":\"https:\\\/\\\/www.copealcoy.es\\\/es\\\/el-abanderado-dels-gentils-rinde-honor-a-la-denominacion-de-esta-fila-cristiana\\\/#primaryimage\",\"url\":\"https:\\\/\\\/www.copealcoy.es\\\/wp-content\\\/uploads\\\/2023\\\/08\\\/2B0278A5-349C-4E99-A52C-3E996D2567D0-scaled.jpeg\",\"contentUrl\":\"https:\\\/\\\/www.copealcoy.es\\\/wp-content\\\/uploads\\\/2023\\\/08\\\/2B0278A5-349C-4E99-A52C-3E996D2567D0-scaled.jpeg\",\"width\":1440,\"height\":1080},{\"@type\":\"BreadcrumbList\",\"@id\":\"https:\\\/\\\/www.copealcoy.es\\\/es\\\/el-abanderado-dels-gentils-rinde-honor-a-la-denominacion-de-esta-fila-cristiana\\\/#breadcrumb\",\"itemListElement\":[{\"@type\":\"ListItem\",\"position\":1,\"name\":\"Portada\",\"item\":\"https:\\\/\\\/www.copealcoy.es\\\/es\\\/\"},{\"@type\":\"ListItem\",\"position\":2,\"name\":\"El Abanderado dels Gentils rinde honor a la denominaci\u00f3n de esta Fil\u00e0 cristiana\"}]},{\"@type\":\"WebSite\",\"@id\":\"https:\\\/\\\/www.copealcoy.es\\\/es\\\/#website\",\"url\":\"https:\\\/\\\/www.copealcoy.es\\\/es\\\/\",\"name\":\"COPE Alcoy\",\"description\":\"Emisora COPE de radio local con emisi\u00f3n online. Pont de Sant Jordi 8-10 03803 Alcoy\",\"potentialAction\":[{\"@type\":\"SearchAction\",\"target\":{\"@type\":\"EntryPoint\",\"urlTemplate\":\"https:\\\/\\\/www.copealcoy.es\\\/es\\\/?s={search_term_string}\"},\"query-input\":{\"@type\":\"PropertyValueSpecification\",\"valueRequired\":true,\"valueName\":\"search_term_string\"}}],\"inLanguage\":\"es\"},{\"@type\":\"Person\",\"@id\":\"https:\\\/\\\/www.copealcoy.es\\\/es\\\/#\\\/schema\\\/person\\\/e777c87fa024e57d40170af9df39882c\",\"name\":\"Cope Alcoy\",\"image\":{\"@type\":\"ImageObject\",\"inLanguage\":\"es\",\"@id\":\"https:\\\/\\\/secure.gravatar.com\\\/avatar\\\/bb65d0283347e303893ba14f0692005417c1e0e690a325a4c5d8bb2b3943ee14?s=96&d=mm&r=g\",\"url\":\"https:\\\/\\\/secure.gravatar.com\\\/avatar\\\/bb65d0283347e303893ba14f0692005417c1e0e690a325a4c5d8bb2b3943ee14?s=96&d=mm&r=g\",\"contentUrl\":\"https:\\\/\\\/secure.gravatar.com\\\/avatar\\\/bb65d0283347e303893ba14f0692005417c1e0e690a325a4c5d8bb2b3943ee14?s=96&d=mm&r=g\",\"caption\":\"Cope Alcoy\"}}]}<\/script>\n<!-- \/ Yoast SEO plugin. -->","yoast_head_json":{"title":"El Abanderado dels Gentils rinde honor a la denominaci\u00f3n de esta Fil\u00e0 cristiana - COPE Alcoy","description":"Juan Lu\u00eds Mahiques, Abanderado Cristiano de la Fil\u00e0 Gentils, marca el paso de las tropas de la cruz en su Entrada a Cocentaina","robots":{"index":"index","follow":"follow","max-snippet":"max-snippet:-1","max-image-preview":"max-image-preview:large","max-video-preview":"max-video-preview:-1"},"canonical":"https:\/\/www.copealcoy.es\/es\/el-abanderado-dels-gentils-rinde-honor-a-la-denominacion-de-esta-fila-cristiana\/","og_locale":"es_ES","og_type":"article","og_title":"El Abanderado dels Gentils rinde honor a la denominaci\u00f3n de esta Fil\u00e0 cristiana - COPE Alcoy","og_description":"Juan Lu\u00eds Mahiques, Abanderado Cristiano de la Fil\u00e0 Gentils, marca el paso de las tropas de la cruz en su Entrada a Cocentaina","og_url":"https:\/\/www.copealcoy.es\/es\/el-abanderado-dels-gentils-rinde-honor-a-la-denominacion-de-esta-fila-cristiana\/","og_site_name":"COPE Alcoy","article_published_time":"2023-08-12T18:00:28+00:00","article_modified_time":"2023-08-15T11:06:47+00:00","og_image":[{"width":1440,"height":1080,"url":"https:\/\/www.copealcoy.es\/wp-content\/uploads\/2023\/08\/2B0278A5-349C-4E99-A52C-3E996D2567D0-scaled.jpeg","type":"image\/jpeg"}],"author":"Cope Alcoy","twitter_misc":{"Escrito por":"Cope Alcoy","Tiempo de lectura":"2 minutos"},"schema":{"@context":"https:\/\/schema.org","@graph":[{"@type":"Article","@id":"https:\/\/www.copealcoy.es\/es\/el-abanderado-dels-gentils-rinde-honor-a-la-denominacion-de-esta-fila-cristiana\/#article","isPartOf":{"@id":"https:\/\/www.copealcoy.es\/es\/el-abanderado-dels-gentils-rinde-honor-a-la-denominacion-de-esta-fila-cristiana\/"},"author":{"name":"Cope Alcoy","@id":"https:\/\/www.copealcoy.es\/es\/#\/schema\/person\/e777c87fa024e57d40170af9df39882c"},"headline":"El Abanderado dels Gentils rinde honor a la denominaci\u00f3n de esta Fil\u00e0 cristiana","datePublished":"2023-08-12T18:00:28+00:00","dateModified":"2023-08-15T11:06:47+00:00","mainEntityOfPage":{"@id":"https:\/\/www.copealcoy.es\/es\/el-abanderado-dels-gentils-rinde-honor-a-la-denominacion-de-esta-fila-cristiana\/"},"wordCount":313,"commentCount":0,"image":{"@id":"https:\/\/www.copealcoy.es\/es\/el-abanderado-dels-gentils-rinde-honor-a-la-denominacion-de-esta-fila-cristiana\/#primaryimage"},"thumbnailUrl":"https:\/\/www.copealcoy.es\/wp-content\/uploads\/2023\/08\/2B0278A5-349C-4E99-A52C-3E996D2567D0-scaled.jpeg","keywords":["Abanderdo Cristiano","Cocentaina","Entrada","Fil\u00e0 Gentils","Juan Lu\u00eds Mahiques","Moros Y Cristianos"],"articleSection":["Actualidad","Comarcas","Noticias","Portada"],"inLanguage":"es"},{"@type":"WebPage","@id":"https:\/\/www.copealcoy.es\/es\/el-abanderado-dels-gentils-rinde-honor-a-la-denominacion-de-esta-fila-cristiana\/","url":"https:\/\/www.copealcoy.es\/es\/el-abanderado-dels-gentils-rinde-honor-a-la-denominacion-de-esta-fila-cristiana\/","name":"El Abanderado dels Gentils rinde honor a la denominaci\u00f3n de esta Fil\u00e0 cristiana - COPE Alcoy","isPartOf":{"@id":"https:\/\/www.copealcoy.es\/es\/#website"},"primaryImageOfPage":{"@id":"https:\/\/www.copealcoy.es\/es\/el-abanderado-dels-gentils-rinde-honor-a-la-denominacion-de-esta-fila-cristiana\/#primaryimage"},"image":{"@id":"https:\/\/www.copealcoy.es\/es\/el-abanderado-dels-gentils-rinde-honor-a-la-denominacion-de-esta-fila-cristiana\/#primaryimage"},"thumbnailUrl":"https:\/\/www.copealcoy.es\/wp-content\/uploads\/2023\/08\/2B0278A5-349C-4E99-A52C-3E996D2567D0-scaled.jpeg","datePublished":"2023-08-12T18:00:28+00:00","dateModified":"2023-08-15T11:06:47+00:00","author":{"@id":"https:\/\/www.copealcoy.es\/es\/#\/schema\/person\/e777c87fa024e57d40170af9df39882c"},"description":"Juan Lu\u00eds Mahiques, Abanderado Cristiano de la Fil\u00e0 Gentils, marca el paso de las tropas de la cruz en su Entrada a Cocentaina","breadcrumb":{"@id":"https:\/\/www.copealcoy.es\/es\/el-abanderado-dels-gentils-rinde-honor-a-la-denominacion-de-esta-fila-cristiana\/#breadcrumb"},"inLanguage":"es","potentialAction":[{"@type":"ReadAction","target":["https:\/\/www.copealcoy.es\/es\/el-abanderado-dels-gentils-rinde-honor-a-la-denominacion-de-esta-fila-cristiana\/"]}]},{"@type":"ImageObject","inLanguage":"es","@id":"https:\/\/www.copealcoy.es\/es\/el-abanderado-dels-gentils-rinde-honor-a-la-denominacion-de-esta-fila-cristiana\/#primaryimage","url":"https:\/\/www.copealcoy.es\/wp-content\/uploads\/2023\/08\/2B0278A5-349C-4E99-A52C-3E996D2567D0-scaled.jpeg","contentUrl":"https:\/\/www.copealcoy.es\/wp-content\/uploads\/2023\/08\/2B0278A5-349C-4E99-A52C-3E996D2567D0-scaled.jpeg","width":1440,"height":1080},{"@type":"BreadcrumbList","@id":"https:\/\/www.copealcoy.es\/es\/el-abanderado-dels-gentils-rinde-honor-a-la-denominacion-de-esta-fila-cristiana\/#breadcrumb","itemListElement":[{"@type":"ListItem","position":1,"name":"Portada","item":"https:\/\/www.copealcoy.es\/es\/"},{"@type":"ListItem","position":2,"name":"El Abanderado dels Gentils rinde honor a la denominaci\u00f3n de esta Fil\u00e0 cristiana"}]},{"@type":"WebSite","@id":"https:\/\/www.copealcoy.es\/es\/#website","url":"https:\/\/www.copealcoy.es\/es\/","name":"COPE Alcoy","description":"Emisora COPE de radio local con emisi\u00f3n online. Pont de Sant Jordi 8-10 03803 Alcoy","potentialAction":[{"@type":"SearchAction","target":{"@type":"EntryPoint","urlTemplate":"https:\/\/www.copealcoy.es\/es\/?s={search_term_string}"},"query-input":{"@type":"PropertyValueSpecification","valueRequired":true,"valueName":"search_term_string"}}],"inLanguage":"es"},{"@type":"Person","@id":"https:\/\/www.copealcoy.es\/es\/#\/schema\/person\/e777c87fa024e57d40170af9df39882c","name":"Cope Alcoy","image":{"@type":"ImageObject","inLanguage":"es","@id":"https:\/\/secure.gravatar.com\/avatar\/bb65d0283347e303893ba14f0692005417c1e0e690a325a4c5d8bb2b3943ee14?s=96&d=mm&r=g","url":"https:\/\/secure.gravatar.com\/avatar\/bb65d0283347e303893ba14f0692005417c1e0e690a325a4c5d8bb2b3943ee14?s=96&d=mm&r=g","contentUrl":"https:\/\/secure.gravatar.com\/avatar\/bb65d0283347e303893ba14f0692005417c1e0e690a325a4c5d8bb2b3943ee14?s=96&d=mm&r=g","caption":"Cope Alcoy"}}]}},"_links":{"self":[{"href":"https:\/\/www.copealcoy.es\/es\/wp-json\/wp\/v2\/posts\/120727","targetHints":{"allow":["GET"]}}],"collection":[{"href":"https:\/\/www.copealcoy.es\/es\/wp-json\/wp\/v2\/posts"}],"about":[{"href":"https:\/\/www.copealcoy.es\/es\/wp-json\/wp\/v2\/types\/post"}],"author":[{"embeddable":true,"href":"https:\/\/www.copealcoy.es\/es\/wp-json\/wp\/v2\/users\/1"}],"replies":[{"embeddable":true,"href":"https:\/\/www.copealcoy.es\/es\/wp-json\/wp\/v2\/comments?post=120727"}],"version-history":[{"count":0,"href":"https:\/\/www.copealcoy.es\/es\/wp-json\/wp\/v2\/posts\/120727\/revisions"}],"wp:featuredmedia":[{"embeddable":true,"href":"https:\/\/www.copealcoy.es\/es\/wp-json\/wp\/v2\/media\/120752"}],"wp:attachment":[{"href":"https:\/\/www.copealcoy.es\/es\/wp-json\/wp\/v2\/media?parent=120727"}],"wp:term":[{"taxonomy":"category","embeddable":true,"href":"https:\/\/www.copealcoy.es\/es\/wp-json\/wp\/v2\/categories?post=120727"},{"taxonomy":"post_tag","embeddable":true,"href":"https:\/\/www.copealcoy.es\/es\/wp-json\/wp\/v2\/tags?post=120727"}],"curies":[{"name":"wp","href":"https:\/\/api.w.org\/{rel}","templated":true}]}}