{"id":120712,"date":"2023-08-12T21:00:13","date_gmt":"2023-08-12T20:00:13","guid":{"rendered":"https:\/\/www.copealcoy.es\/?p=120712"},"modified":"2023-08-15T12:51:34","modified_gmt":"2023-08-15T11:51:34","slug":"un-joven-abanderado-de-saga-tradicional-de-sahorins-cierra-la-entrada-mora","status":"publish","type":"post","link":"https:\/\/www.copealcoy.es\/es\/un-joven-abanderado-de-saga-tradicional-de-sahorins-cierra-la-entrada-mora\/","title":{"rendered":"Un joven abanderado, de saga tradicional de Sahorins, cierra la Entrada Mora"},"content":{"rendered":"<p style=\"text-align: justify;\">La <strong>Entrada de las fuerzas de la media luna<\/strong> ha llegado a su fin con el paso del <strong>Abanderado Moro<\/strong>, cargo que ostenta en este 2023 <strong>la Fil\u00e0 Guardia Jalifiana<\/strong>. Los conocidos como \u201cSahorins\u201d en Cocentaina han puesto en escena <strong>un gran acompa\u00f1amiento<\/strong> para guiar al joven <strong>Pascual Botella Montava<\/strong>, la persona que este a\u00f1o ha asumido la responsabilidad del cargo.<\/p>\n<p style=\"text-align: justify;\">De nuevo ballet y danzas orientales han abierto un boato en el que la Fil\u00e0 <strong>ha querido tambi\u00e9n hacer un gui\u00f1o a su denominaci\u00f3n<\/strong>. Y es que el agua ha sido uno de los elementos presentes en el boato con <strong>un ballet de Alicia Montava<\/strong> que ha despertado grandes aplausos entre el p\u00fablico que todav\u00eda sigue presenciando la Entrada.\u00a0 Adem\u00e1s, no han faltado <strong>las referencias a la tradici\u00f3n familiar del Abanderado<\/strong>, el cual pertenece a una gran saga de \u201cSahorins\u201d, y el protagonista <strong>ha llegado sobre carroza al Pla<\/strong> arropado por toda su familia, as\u00ed como buena parte de sus amigos. Ha lucido <strong>un original dise\u00f1o de Roper\u00eda Chimo<\/strong> y ha recibido tambi\u00e9n grandes aplausos en todo el trayecto de la Entrada mientras <strong>la Societat Musical \u2018Mestre Orts\u2019 de Gaianes le acompa\u00f1aba con la marcha mora \u2018Al-Wazir\u2019 del maestro d\u2019Ontinyent Sa\u00fcl G\u00f3mez i Soler<\/strong>. Otra pieza emblem\u00e1tica para el Abanderado, <strong>dedicada por Jos\u00e9 Ferr\u00e1ndiz a su abuelo Pascual Botella<\/strong>, ha sonado tambi\u00e9n en la Entrada y en este caso los m\u00fasicos han interpretado <strong>la cl\u00e1sica marcha mora \u201cJamalajam\u201d<\/strong>.<\/p>\n<p style=\"text-align: justify;\"><a href=\"https:\/\/www.copealcoy.es\/wp-content\/uploads\/2023\/08\/367393859_617243833877582_2597851691453382602_n.jpg\"><img loading=\"lazy\" decoding=\"async\" class=\"alignnone size-full wp-image-120870\" src=\"https:\/\/www.copealcoy.es\/wp-content\/uploads\/2023\/08\/367393859_617243833877582_2597851691453382602_n.jpg\" alt=\"\" width=\"936\" height=\"625\" srcset=\"https:\/\/www.copealcoy.es\/wp-content\/uploads\/2023\/08\/367393859_617243833877582_2597851691453382602_n.jpg 936w, https:\/\/www.copealcoy.es\/wp-content\/uploads\/2023\/08\/367393859_617243833877582_2597851691453382602_n-768x513.jpg 768w, https:\/\/www.copealcoy.es\/wp-content\/uploads\/2023\/08\/367393859_617243833877582_2597851691453382602_n-300x200.jpg 300w, https:\/\/www.copealcoy.es\/wp-content\/uploads\/2023\/08\/367393859_617243833877582_2597851691453382602_n-600x400.jpg 600w\" sizes=\"auto, (max-width: 936px) 100vw, 936px\" \/><\/a><\/p>\n<p style=\"text-align: justify;\">La <strong>Escuadra de Negros<\/strong>, tambi\u00e9n de <strong>Roper\u00eda Chimo<\/strong>, ha cerrado la Entrada ante los muros del Palau Comtal pasada la medianoche. Les acompa\u00f1aba la Uni\u00f3n Musical l&#8217;Aranya d&#8217;Albaida interpretando\u00a0<em>A la mar\u00a0<\/em>de Sa\u00fcl G\u00f3mez i Soler,\u00a0<em>Roperia Chimo\u00a0<\/em>de Francisco Valor\u00a0<em>y <\/em>la cl\u00e1sica <em>Guardia Jalifiana\u00a0<\/em>de Jos\u00e9 P\u00e9rez Vilaplana.\u00a0Cerca de <strong>cuatro mil personas<\/strong> han participado en el desfile del d\u00eda grande de unas Fiestas de Moros y Cristianos que siguen ma\u00f1ana con <strong>la jornada dedicada a San Hip\u00f3lito M\u00e1rtir<\/strong>. Los contestanos rendir\u00e1n homenaje, con diferentes actos religiosos, al que es su patr\u00f3n desde el a\u00f1o 1600.<\/p>\n","protected":false},"excerpt":{"rendered":"<p>La Entrada de las fuerzas de la media luna ha llegado a su fin con el paso del Abanderado Moro,&#8230;<\/p>\n","protected":false},"author":1,"featured_media":120756,"comment_status":"open","ping_status":"open","sticky":false,"template":"","format":"standard","meta":{"footnotes":""},"categories":[6909,98,75,125],"tags":[2745,132,1987,565,15387,609,15389,15388],"class_list":["post-120712","post","type-post","status-publish","format-standard","has-post-thumbnail","hentry","category-actualidad","category-comarcas","category-noticias","category-portada","tag-abanderado-moro","tag-cocentaina","tag-entrada","tag-fiestas","tag-fila-guardia-jalifiana","tag-moros-y-cristianos","tag-pascual-botella","tag-sahorins"],"yoast_head":"<!-- This site is optimized with the Yoast SEO plugin v27.3 - https:\/\/yoast.com\/product\/yoast-seo-wordpress\/ -->\n<title>Un joven abanderado, de saga tradicional de Sahorins, cierra la Entrada Mora - COPE Alcoy<\/title>\n<meta name=\"description\" content=\"Pascual Botella Montava, Abanderado Moro de la Fil\u00e0 Guardia Jalifiana &quot;Sahorins&quot;, cierra la Entrada Mora en Cocentaina\" \/>\n<meta name=\"robots\" content=\"index, follow, max-snippet:-1, max-image-preview:large, max-video-preview:-1\" \/>\n<link rel=\"canonical\" href=\"https:\/\/www.copealcoy.es\/es\/un-joven-abanderado-de-saga-tradicional-de-sahorins-cierra-la-entrada-mora\/\" \/>\n<meta property=\"og:locale\" content=\"es_ES\" \/>\n<meta property=\"og:type\" content=\"article\" \/>\n<meta property=\"og:title\" content=\"Un joven abanderado, de saga tradicional de Sahorins, cierra la Entrada Mora - COPE Alcoy\" \/>\n<meta property=\"og:description\" content=\"Pascual Botella Montava, Abanderado Moro de la Fil\u00e0 Guardia Jalifiana &quot;Sahorins&quot;, cierra la Entrada Mora en Cocentaina\" \/>\n<meta property=\"og:url\" content=\"https:\/\/www.copealcoy.es\/es\/un-joven-abanderado-de-saga-tradicional-de-sahorins-cierra-la-entrada-mora\/\" \/>\n<meta property=\"og:site_name\" content=\"COPE Alcoy\" \/>\n<meta property=\"article:published_time\" content=\"2023-08-12T20:00:13+00:00\" \/>\n<meta property=\"article:modified_time\" content=\"2023-08-15T11:51:34+00:00\" \/>\n<meta property=\"og:image\" content=\"https:\/\/www.copealcoy.es\/wp-content\/uploads\/2023\/08\/861C4642-5C6B-4D08-B35D-BF9FA0A3D5E6-scaled.jpeg\" \/>\n\t<meta property=\"og:image:width\" content=\"1582\" \/>\n\t<meta property=\"og:image:height\" content=\"1080\" \/>\n\t<meta property=\"og:image:type\" content=\"image\/jpeg\" \/>\n<meta name=\"author\" content=\"Cope Alcoy\" \/>\n<meta name=\"twitter:label1\" content=\"Escrito por\" \/>\n\t<meta name=\"twitter:data1\" content=\"Cope Alcoy\" \/>\n\t<meta name=\"twitter:label2\" content=\"Tiempo de lectura\" \/>\n\t<meta name=\"twitter:data2\" content=\"3 minutos\" \/>\n<script type=\"application\/ld+json\" class=\"yoast-schema-graph\">{\"@context\":\"https:\\\/\\\/schema.org\",\"@graph\":[{\"@type\":\"Article\",\"@id\":\"https:\\\/\\\/www.copealcoy.es\\\/es\\\/un-joven-abanderado-de-saga-tradicional-de-sahorins-cierra-la-entrada-mora\\\/#article\",\"isPartOf\":{\"@id\":\"https:\\\/\\\/www.copealcoy.es\\\/es\\\/un-joven-abanderado-de-saga-tradicional-de-sahorins-cierra-la-entrada-mora\\\/\"},\"author\":{\"name\":\"Cope Alcoy\",\"@id\":\"https:\\\/\\\/www.copealcoy.es\\\/es\\\/#\\\/schema\\\/person\\\/e777c87fa024e57d40170af9df39882c\"},\"headline\":\"Un joven abanderado, de saga tradicional de Sahorins, cierra la Entrada Mora\",\"datePublished\":\"2023-08-12T20:00:13+00:00\",\"dateModified\":\"2023-08-15T11:51:34+00:00\",\"mainEntityOfPage\":{\"@id\":\"https:\\\/\\\/www.copealcoy.es\\\/es\\\/un-joven-abanderado-de-saga-tradicional-de-sahorins-cierra-la-entrada-mora\\\/\"},\"wordCount\":386,\"commentCount\":0,\"image\":{\"@id\":\"https:\\\/\\\/www.copealcoy.es\\\/es\\\/un-joven-abanderado-de-saga-tradicional-de-sahorins-cierra-la-entrada-mora\\\/#primaryimage\"},\"thumbnailUrl\":\"https:\\\/\\\/www.copealcoy.es\\\/wp-content\\\/uploads\\\/2023\\\/08\\\/861C4642-5C6B-4D08-B35D-BF9FA0A3D5E6-scaled.jpeg\",\"keywords\":[\"Abanderado Moro\",\"Cocentaina\",\"Entrada\",\"Fiestas\",\"Fil\u00e0 Guardia Jalifiana\",\"Moros Y Cristianos\",\"Pascual Botella\",\"Sahorins\"],\"articleSection\":[\"Actualidad\",\"Comarcas\",\"Noticias\",\"Portada\"],\"inLanguage\":\"es\"},{\"@type\":\"WebPage\",\"@id\":\"https:\\\/\\\/www.copealcoy.es\\\/es\\\/un-joven-abanderado-de-saga-tradicional-de-sahorins-cierra-la-entrada-mora\\\/\",\"url\":\"https:\\\/\\\/www.copealcoy.es\\\/es\\\/un-joven-abanderado-de-saga-tradicional-de-sahorins-cierra-la-entrada-mora\\\/\",\"name\":\"Un joven abanderado, de saga tradicional de Sahorins, cierra la Entrada Mora - COPE Alcoy\",\"isPartOf\":{\"@id\":\"https:\\\/\\\/www.copealcoy.es\\\/es\\\/#website\"},\"primaryImageOfPage\":{\"@id\":\"https:\\\/\\\/www.copealcoy.es\\\/es\\\/un-joven-abanderado-de-saga-tradicional-de-sahorins-cierra-la-entrada-mora\\\/#primaryimage\"},\"image\":{\"@id\":\"https:\\\/\\\/www.copealcoy.es\\\/es\\\/un-joven-abanderado-de-saga-tradicional-de-sahorins-cierra-la-entrada-mora\\\/#primaryimage\"},\"thumbnailUrl\":\"https:\\\/\\\/www.copealcoy.es\\\/wp-content\\\/uploads\\\/2023\\\/08\\\/861C4642-5C6B-4D08-B35D-BF9FA0A3D5E6-scaled.jpeg\",\"datePublished\":\"2023-08-12T20:00:13+00:00\",\"dateModified\":\"2023-08-15T11:51:34+00:00\",\"author\":{\"@id\":\"https:\\\/\\\/www.copealcoy.es\\\/es\\\/#\\\/schema\\\/person\\\/e777c87fa024e57d40170af9df39882c\"},\"description\":\"Pascual Botella Montava, Abanderado Moro de la Fil\u00e0 Guardia Jalifiana \\\"Sahorins\\\", cierra la Entrada Mora en Cocentaina\",\"breadcrumb\":{\"@id\":\"https:\\\/\\\/www.copealcoy.es\\\/es\\\/un-joven-abanderado-de-saga-tradicional-de-sahorins-cierra-la-entrada-mora\\\/#breadcrumb\"},\"inLanguage\":\"es\",\"potentialAction\":[{\"@type\":\"ReadAction\",\"target\":[\"https:\\\/\\\/www.copealcoy.es\\\/es\\\/un-joven-abanderado-de-saga-tradicional-de-sahorins-cierra-la-entrada-mora\\\/\"]}]},{\"@type\":\"ImageObject\",\"inLanguage\":\"es\",\"@id\":\"https:\\\/\\\/www.copealcoy.es\\\/es\\\/un-joven-abanderado-de-saga-tradicional-de-sahorins-cierra-la-entrada-mora\\\/#primaryimage\",\"url\":\"https:\\\/\\\/www.copealcoy.es\\\/wp-content\\\/uploads\\\/2023\\\/08\\\/861C4642-5C6B-4D08-B35D-BF9FA0A3D5E6-scaled.jpeg\",\"contentUrl\":\"https:\\\/\\\/www.copealcoy.es\\\/wp-content\\\/uploads\\\/2023\\\/08\\\/861C4642-5C6B-4D08-B35D-BF9FA0A3D5E6-scaled.jpeg\",\"width\":1582,\"height\":1080},{\"@type\":\"BreadcrumbList\",\"@id\":\"https:\\\/\\\/www.copealcoy.es\\\/es\\\/un-joven-abanderado-de-saga-tradicional-de-sahorins-cierra-la-entrada-mora\\\/#breadcrumb\",\"itemListElement\":[{\"@type\":\"ListItem\",\"position\":1,\"name\":\"Portada\",\"item\":\"https:\\\/\\\/www.copealcoy.es\\\/es\\\/\"},{\"@type\":\"ListItem\",\"position\":2,\"name\":\"Un joven abanderado, de saga tradicional de Sahorins, cierra la Entrada Mora\"}]},{\"@type\":\"WebSite\",\"@id\":\"https:\\\/\\\/www.copealcoy.es\\\/es\\\/#website\",\"url\":\"https:\\\/\\\/www.copealcoy.es\\\/es\\\/\",\"name\":\"COPE Alcoy\",\"description\":\"Emisora COPE de radio local con emisi\u00f3n online. Pont de Sant Jordi 8-10 03803 Alcoy\",\"potentialAction\":[{\"@type\":\"SearchAction\",\"target\":{\"@type\":\"EntryPoint\",\"urlTemplate\":\"https:\\\/\\\/www.copealcoy.es\\\/es\\\/?s={search_term_string}\"},\"query-input\":{\"@type\":\"PropertyValueSpecification\",\"valueRequired\":true,\"valueName\":\"search_term_string\"}}],\"inLanguage\":\"es\"},{\"@type\":\"Person\",\"@id\":\"https:\\\/\\\/www.copealcoy.es\\\/es\\\/#\\\/schema\\\/person\\\/e777c87fa024e57d40170af9df39882c\",\"name\":\"Cope Alcoy\",\"image\":{\"@type\":\"ImageObject\",\"inLanguage\":\"es\",\"@id\":\"https:\\\/\\\/secure.gravatar.com\\\/avatar\\\/bb65d0283347e303893ba14f0692005417c1e0e690a325a4c5d8bb2b3943ee14?s=96&d=mm&r=g\",\"url\":\"https:\\\/\\\/secure.gravatar.com\\\/avatar\\\/bb65d0283347e303893ba14f0692005417c1e0e690a325a4c5d8bb2b3943ee14?s=96&d=mm&r=g\",\"contentUrl\":\"https:\\\/\\\/secure.gravatar.com\\\/avatar\\\/bb65d0283347e303893ba14f0692005417c1e0e690a325a4c5d8bb2b3943ee14?s=96&d=mm&r=g\",\"caption\":\"Cope Alcoy\"}}]}<\/script>\n<!-- \/ Yoast SEO plugin. -->","yoast_head_json":{"title":"Un joven abanderado, de saga tradicional de Sahorins, cierra la Entrada Mora - COPE Alcoy","description":"Pascual Botella Montava, Abanderado Moro de la Fil\u00e0 Guardia Jalifiana \"Sahorins\", cierra la Entrada Mora en Cocentaina","robots":{"index":"index","follow":"follow","max-snippet":"max-snippet:-1","max-image-preview":"max-image-preview:large","max-video-preview":"max-video-preview:-1"},"canonical":"https:\/\/www.copealcoy.es\/es\/un-joven-abanderado-de-saga-tradicional-de-sahorins-cierra-la-entrada-mora\/","og_locale":"es_ES","og_type":"article","og_title":"Un joven abanderado, de saga tradicional de Sahorins, cierra la Entrada Mora - COPE Alcoy","og_description":"Pascual Botella Montava, Abanderado Moro de la Fil\u00e0 Guardia Jalifiana \"Sahorins\", cierra la Entrada Mora en Cocentaina","og_url":"https:\/\/www.copealcoy.es\/es\/un-joven-abanderado-de-saga-tradicional-de-sahorins-cierra-la-entrada-mora\/","og_site_name":"COPE Alcoy","article_published_time":"2023-08-12T20:00:13+00:00","article_modified_time":"2023-08-15T11:51:34+00:00","og_image":[{"width":1582,"height":1080,"url":"https:\/\/www.copealcoy.es\/wp-content\/uploads\/2023\/08\/861C4642-5C6B-4D08-B35D-BF9FA0A3D5E6-scaled.jpeg","type":"image\/jpeg"}],"author":"Cope Alcoy","twitter_misc":{"Escrito por":"Cope Alcoy","Tiempo de lectura":"3 minutos"},"schema":{"@context":"https:\/\/schema.org","@graph":[{"@type":"Article","@id":"https:\/\/www.copealcoy.es\/es\/un-joven-abanderado-de-saga-tradicional-de-sahorins-cierra-la-entrada-mora\/#article","isPartOf":{"@id":"https:\/\/www.copealcoy.es\/es\/un-joven-abanderado-de-saga-tradicional-de-sahorins-cierra-la-entrada-mora\/"},"author":{"name":"Cope Alcoy","@id":"https:\/\/www.copealcoy.es\/es\/#\/schema\/person\/e777c87fa024e57d40170af9df39882c"},"headline":"Un joven abanderado, de saga tradicional de Sahorins, cierra la Entrada Mora","datePublished":"2023-08-12T20:00:13+00:00","dateModified":"2023-08-15T11:51:34+00:00","mainEntityOfPage":{"@id":"https:\/\/www.copealcoy.es\/es\/un-joven-abanderado-de-saga-tradicional-de-sahorins-cierra-la-entrada-mora\/"},"wordCount":386,"commentCount":0,"image":{"@id":"https:\/\/www.copealcoy.es\/es\/un-joven-abanderado-de-saga-tradicional-de-sahorins-cierra-la-entrada-mora\/#primaryimage"},"thumbnailUrl":"https:\/\/www.copealcoy.es\/wp-content\/uploads\/2023\/08\/861C4642-5C6B-4D08-B35D-BF9FA0A3D5E6-scaled.jpeg","keywords":["Abanderado Moro","Cocentaina","Entrada","Fiestas","Fil\u00e0 Guardia Jalifiana","Moros Y Cristianos","Pascual Botella","Sahorins"],"articleSection":["Actualidad","Comarcas","Noticias","Portada"],"inLanguage":"es"},{"@type":"WebPage","@id":"https:\/\/www.copealcoy.es\/es\/un-joven-abanderado-de-saga-tradicional-de-sahorins-cierra-la-entrada-mora\/","url":"https:\/\/www.copealcoy.es\/es\/un-joven-abanderado-de-saga-tradicional-de-sahorins-cierra-la-entrada-mora\/","name":"Un joven abanderado, de saga tradicional de Sahorins, cierra la Entrada Mora - COPE Alcoy","isPartOf":{"@id":"https:\/\/www.copealcoy.es\/es\/#website"},"primaryImageOfPage":{"@id":"https:\/\/www.copealcoy.es\/es\/un-joven-abanderado-de-saga-tradicional-de-sahorins-cierra-la-entrada-mora\/#primaryimage"},"image":{"@id":"https:\/\/www.copealcoy.es\/es\/un-joven-abanderado-de-saga-tradicional-de-sahorins-cierra-la-entrada-mora\/#primaryimage"},"thumbnailUrl":"https:\/\/www.copealcoy.es\/wp-content\/uploads\/2023\/08\/861C4642-5C6B-4D08-B35D-BF9FA0A3D5E6-scaled.jpeg","datePublished":"2023-08-12T20:00:13+00:00","dateModified":"2023-08-15T11:51:34+00:00","author":{"@id":"https:\/\/www.copealcoy.es\/es\/#\/schema\/person\/e777c87fa024e57d40170af9df39882c"},"description":"Pascual Botella Montava, Abanderado Moro de la Fil\u00e0 Guardia Jalifiana \"Sahorins\", cierra la Entrada Mora en Cocentaina","breadcrumb":{"@id":"https:\/\/www.copealcoy.es\/es\/un-joven-abanderado-de-saga-tradicional-de-sahorins-cierra-la-entrada-mora\/#breadcrumb"},"inLanguage":"es","potentialAction":[{"@type":"ReadAction","target":["https:\/\/www.copealcoy.es\/es\/un-joven-abanderado-de-saga-tradicional-de-sahorins-cierra-la-entrada-mora\/"]}]},{"@type":"ImageObject","inLanguage":"es","@id":"https:\/\/www.copealcoy.es\/es\/un-joven-abanderado-de-saga-tradicional-de-sahorins-cierra-la-entrada-mora\/#primaryimage","url":"https:\/\/www.copealcoy.es\/wp-content\/uploads\/2023\/08\/861C4642-5C6B-4D08-B35D-BF9FA0A3D5E6-scaled.jpeg","contentUrl":"https:\/\/www.copealcoy.es\/wp-content\/uploads\/2023\/08\/861C4642-5C6B-4D08-B35D-BF9FA0A3D5E6-scaled.jpeg","width":1582,"height":1080},{"@type":"BreadcrumbList","@id":"https:\/\/www.copealcoy.es\/es\/un-joven-abanderado-de-saga-tradicional-de-sahorins-cierra-la-entrada-mora\/#breadcrumb","itemListElement":[{"@type":"ListItem","position":1,"name":"Portada","item":"https:\/\/www.copealcoy.es\/es\/"},{"@type":"ListItem","position":2,"name":"Un joven abanderado, de saga tradicional de Sahorins, cierra la Entrada Mora"}]},{"@type":"WebSite","@id":"https:\/\/www.copealcoy.es\/es\/#website","url":"https:\/\/www.copealcoy.es\/es\/","name":"COPE Alcoy","description":"Emisora COPE de radio local con emisi\u00f3n online. Pont de Sant Jordi 8-10 03803 Alcoy","potentialAction":[{"@type":"SearchAction","target":{"@type":"EntryPoint","urlTemplate":"https:\/\/www.copealcoy.es\/es\/?s={search_term_string}"},"query-input":{"@type":"PropertyValueSpecification","valueRequired":true,"valueName":"search_term_string"}}],"inLanguage":"es"},{"@type":"Person","@id":"https:\/\/www.copealcoy.es\/es\/#\/schema\/person\/e777c87fa024e57d40170af9df39882c","name":"Cope Alcoy","image":{"@type":"ImageObject","inLanguage":"es","@id":"https:\/\/secure.gravatar.com\/avatar\/bb65d0283347e303893ba14f0692005417c1e0e690a325a4c5d8bb2b3943ee14?s=96&d=mm&r=g","url":"https:\/\/secure.gravatar.com\/avatar\/bb65d0283347e303893ba14f0692005417c1e0e690a325a4c5d8bb2b3943ee14?s=96&d=mm&r=g","contentUrl":"https:\/\/secure.gravatar.com\/avatar\/bb65d0283347e303893ba14f0692005417c1e0e690a325a4c5d8bb2b3943ee14?s=96&d=mm&r=g","caption":"Cope Alcoy"}}]}},"_links":{"self":[{"href":"https:\/\/www.copealcoy.es\/es\/wp-json\/wp\/v2\/posts\/120712","targetHints":{"allow":["GET"]}}],"collection":[{"href":"https:\/\/www.copealcoy.es\/es\/wp-json\/wp\/v2\/posts"}],"about":[{"href":"https:\/\/www.copealcoy.es\/es\/wp-json\/wp\/v2\/types\/post"}],"author":[{"embeddable":true,"href":"https:\/\/www.copealcoy.es\/es\/wp-json\/wp\/v2\/users\/1"}],"replies":[{"embeddable":true,"href":"https:\/\/www.copealcoy.es\/es\/wp-json\/wp\/v2\/comments?post=120712"}],"version-history":[{"count":0,"href":"https:\/\/www.copealcoy.es\/es\/wp-json\/wp\/v2\/posts\/120712\/revisions"}],"wp:featuredmedia":[{"embeddable":true,"href":"https:\/\/www.copealcoy.es\/es\/wp-json\/wp\/v2\/media\/120756"}],"wp:attachment":[{"href":"https:\/\/www.copealcoy.es\/es\/wp-json\/wp\/v2\/media?parent=120712"}],"wp:term":[{"taxonomy":"category","embeddable":true,"href":"https:\/\/www.copealcoy.es\/es\/wp-json\/wp\/v2\/categories?post=120712"},{"taxonomy":"post_tag","embeddable":true,"href":"https:\/\/www.copealcoy.es\/es\/wp-json\/wp\/v2\/tags?post=120712"}],"curies":[{"name":"wp","href":"https:\/\/api.w.org\/{rel}","templated":true}]}}