{"id":120646,"date":"2023-08-11T08:03:01","date_gmt":"2023-08-11T07:03:01","guid":{"rendered":"https:\/\/www.copealcoy.es\/?p=120646"},"modified":"2023-08-11T08:03:01","modified_gmt":"2023-08-11T07:03:01","slug":"emotivo-homenaje-al-mestre-perez-vilaplana-en-el-concierto-de-fiestas-de-la-union-musical-contestana","status":"publish","type":"post","link":"https:\/\/www.copealcoy.es\/es\/emotivo-homenaje-al-mestre-perez-vilaplana-en-el-concierto-de-fiestas-de-la-union-musical-contestana\/","title":{"rendered":"Emotivo homenaje al Mestre P\u00e9rez Vilaplana en el Concierto de Fiestas de la Uni\u00f3n Musical Contestana"},"content":{"rendered":"<p style=\"text-align: justify;\">La <a href=\"https:\/\/www.facebook.com\/UMContestana\" target=\"_blank\" rel=\"noopener\"><span style=\"color: #0000ff;\"><strong>Uni\u00f3n Musical Contestana<\/strong> <\/span><\/a>cerr\u00f3 ayer el <strong>ciclo de conciertos previos a las Fiestas de Moros y Cristianos de Cocentaina<\/strong> y lo hizo con <strong>su convocatoria anual veraniega<\/strong> en el patio de armas del Palau Comtal. Un concierto que en esta ocasi\u00f3n <strong>alcanz\u00f3 la LI edici\u00f3n<\/strong> y que <strong>tuvo un recuerdo especial hacia el Mestre P\u00e9rez Vilaplana<\/strong> cuando se cumplen 25 a\u00f1os de su fallecimiento.<\/p>\n<p style=\"text-align: justify;\">En esta ocasi\u00f3n <strong>el concierto estuvo dividido en tres partes<\/strong> y arranc\u00f3 con <strong>una primera<\/strong> en la que la Uni\u00f3n Musical Contestana estren\u00f3 varias piezas de compositores formados en el seno de la misma banda. Los m\u00fasicos interpretaron los pasodobles <em>Aida\u00a0<\/em>de Rafael Agull\u00f3 Albors, <em>Sempiterno<\/em> de Anthony Pardo,\u00a0<em>In Memoriam\u00a0<\/em>de Felipe Galera o la marcha cristiana\u00a0<em>Mikalet\u00a0<\/em>que acompa\u00f1ar\u00e1 a Marcos Castell\u00f3 como Capit\u00e1n Cristiano de la Fil\u00e0 Cavalleria Ministerial. Por \u00faltimo tambi\u00e9n se pudo escuchar la marcha mora\u00a0<em>Alonso Mestre Filaner\u00a0<\/em>del director titular de la Uni\u00f3n Musical Contestana, <strong>Ferran Sanchis<\/strong>.<\/p>\n<p style=\"text-align: justify;\">La velada avanz\u00f3 con <strong>una segunda parte<\/strong> en la que fueron protagonistas composiciones como el pasodoble\u00a0<em>Lalo\u00a0<\/em>de Jos\u00e9 Rafael Pascual Vilaplana, la marcha masera <em>Tob\u00edas\u00a0<\/em>de Ferran Campos o la marcha mora\u00a0<em>Alf\u00e9rez Andr\u00e9s Cort\u00e9s\u00a0<\/em>de Andr\u00e9s Valero. Adem\u00e1s la Uni\u00f3n Musical Contestana interpret\u00f3 la marcha cristiana\u00a0<em>Onze Llances\u00a0<\/em>de Mario Roig Vila y la marcha mora\u00a0<em>Dhimma\u00a0<\/em>de Sa\u00fcl G\u00f3mez i Soler. Todas estas piezas fueron dirigidas por sus respectivos autores, invitados al concierto, a excepci\u00f3n de la \u00faltima puesto que su compositor no pudo asistir por motivos de agenda.<\/p>\n<p style=\"text-align: justify;\">Tras estas dos partes lleg\u00f3 <strong>el turno de los parlamentos finales<\/strong> en los que Neli Jover (presidenta de la Uni\u00f3n Musical Contestana), Rafael Monar (presidente de la Junta de Festes) y Jordi Pla (alcalde de Cocentaina) aprovecharon para transmitir los mejores deseos a todo el pueblo antes las inminentes Fiestas en honor a San Hip\u00f3lito M\u00e1rtir que arrancan este mismo viernes. Por \u00faltimo<strong> la Uni\u00f3n Musical Contestana ofreci\u00f3 una tercera parte dedicada al Mestre P\u00e9rez Vilaplana cuando se cumplen 25 a\u00f1os de su fallecimiento<\/strong> e interpret\u00f3 el pasodoble\u00a0<em>Musical Contestana,\u00a0<\/em>la marcha cristiana\u00a0<em>Zoraidamir\u00a0<\/em>y la marcha mora\u00a0<em>El Kad\u00ed Bereber<\/em>.<\/p>\n<p style=\"text-align: justify;\">Las notas del <strong>Himno de Fiestas<\/strong>, con letra del poeta Gerard Mur y m\u00fasica de Jos\u00e9 Insa Mart\u00ednez, cerr\u00f3 un concierto que estuvo presentado por Mari Nieves Pascual. Numeroso p\u00fablico no quiso perderse una cita que es referente en la m\u00fasica festera tanto en la Villa Condal como en las comarcas de l&#8217;Alcoi\u00e0 y el Comtat e incluso en comarcas vecinas.<\/p>\n","protected":false},"excerpt":{"rendered":"<p>La Uni\u00f3n Musical Contestana cerr\u00f3 ayer el ciclo de conciertos previos a las Fiestas de Moros y Cristianos de Cocentaina&#8230;<\/p>\n","protected":false},"author":1,"featured_media":120647,"comment_status":"open","ping_status":"open","sticky":false,"template":"","format":"standard","meta":{"footnotes":""},"categories":[6909,98,75],"tags":[132,701,609,700,2172],"class_list":["post-120646","post","type-post","status-publish","format-standard","has-post-thumbnail","hentry","category-actualidad","category-comarcas","category-noticias","tag-cocentaina","tag-concierto","tag-moros-y-cristianos","tag-musica-festera","tag-union-musical-contestana"],"yoast_head":"<!-- This site is optimized with the Yoast SEO plugin v27.3 - https:\/\/yoast.com\/product\/yoast-seo-wordpress\/ -->\n<title>Emotivo homenaje al Mestre P\u00e9rez Vilaplana en el Concierto de Fiestas de la Uni\u00f3n Musical Contestana - COPE Alcoy<\/title>\n<meta name=\"description\" content=\"La Uni\u00f3n Musical Contestana cerr\u00f3 ayer el ciclo de conciertos previos a las Fiestas de Moros y Cristianos de Cocentaina\" \/>\n<meta name=\"robots\" content=\"index, follow, max-snippet:-1, max-image-preview:large, max-video-preview:-1\" \/>\n<link rel=\"canonical\" href=\"https:\/\/www.copealcoy.es\/es\/emotivo-homenaje-al-mestre-perez-vilaplana-en-el-concierto-de-fiestas-de-la-union-musical-contestana\/\" \/>\n<meta property=\"og:locale\" content=\"es_ES\" \/>\n<meta property=\"og:type\" content=\"article\" \/>\n<meta property=\"og:title\" content=\"Emotivo homenaje al Mestre P\u00e9rez Vilaplana en el Concierto de Fiestas de la Uni\u00f3n Musical Contestana - COPE Alcoy\" \/>\n<meta property=\"og:description\" content=\"La Uni\u00f3n Musical Contestana cerr\u00f3 ayer el ciclo de conciertos previos a las Fiestas de Moros y Cristianos de Cocentaina\" \/>\n<meta property=\"og:url\" content=\"https:\/\/www.copealcoy.es\/es\/emotivo-homenaje-al-mestre-perez-vilaplana-en-el-concierto-de-fiestas-de-la-union-musical-contestana\/\" \/>\n<meta property=\"og:site_name\" content=\"COPE Alcoy\" \/>\n<meta property=\"article:published_time\" content=\"2023-08-11T07:03:01+00:00\" \/>\n<meta property=\"og:image\" content=\"https:\/\/www.copealcoy.es\/wp-content\/uploads\/2023\/08\/364801068_838521137783861_4425235903502408104_n-scaled.jpg\" \/>\n\t<meta property=\"og:image:width\" content=\"1440\" \/>\n\t<meta property=\"og:image:height\" content=\"1080\" \/>\n\t<meta property=\"og:image:type\" content=\"image\/jpeg\" \/>\n<meta name=\"author\" content=\"Cope Alcoy\" \/>\n<meta name=\"twitter:label1\" content=\"Escrito por\" \/>\n\t<meta name=\"twitter:data1\" content=\"Cope Alcoy\" \/>\n\t<meta name=\"twitter:label2\" content=\"Tiempo de lectura\" \/>\n\t<meta name=\"twitter:data2\" content=\"3 minutos\" \/>\n<script type=\"application\/ld+json\" class=\"yoast-schema-graph\">{\"@context\":\"https:\\\/\\\/schema.org\",\"@graph\":[{\"@type\":\"Article\",\"@id\":\"https:\\\/\\\/www.copealcoy.es\\\/es\\\/emotivo-homenaje-al-mestre-perez-vilaplana-en-el-concierto-de-fiestas-de-la-union-musical-contestana\\\/#article\",\"isPartOf\":{\"@id\":\"https:\\\/\\\/www.copealcoy.es\\\/es\\\/emotivo-homenaje-al-mestre-perez-vilaplana-en-el-concierto-de-fiestas-de-la-union-musical-contestana\\\/\"},\"author\":{\"name\":\"Cope Alcoy\",\"@id\":\"https:\\\/\\\/www.copealcoy.es\\\/es\\\/#\\\/schema\\\/person\\\/e777c87fa024e57d40170af9df39882c\"},\"headline\":\"Emotivo homenaje al Mestre P\u00e9rez Vilaplana en el Concierto de Fiestas de la Uni\u00f3n Musical Contestana\",\"datePublished\":\"2023-08-11T07:03:01+00:00\",\"mainEntityOfPage\":{\"@id\":\"https:\\\/\\\/www.copealcoy.es\\\/es\\\/emotivo-homenaje-al-mestre-perez-vilaplana-en-el-concierto-de-fiestas-de-la-union-musical-contestana\\\/\"},\"wordCount\":462,\"commentCount\":0,\"image\":{\"@id\":\"https:\\\/\\\/www.copealcoy.es\\\/es\\\/emotivo-homenaje-al-mestre-perez-vilaplana-en-el-concierto-de-fiestas-de-la-union-musical-contestana\\\/#primaryimage\"},\"thumbnailUrl\":\"https:\\\/\\\/www.copealcoy.es\\\/wp-content\\\/uploads\\\/2023\\\/08\\\/364801068_838521137783861_4425235903502408104_n-scaled.jpg\",\"keywords\":[\"Cocentaina\",\"Concierto\",\"Moros Y Cristianos\",\"M\u00fasica Festera\",\"Uni\u00f3n Musical Contestana\"],\"articleSection\":[\"Actualidad\",\"Comarcas\",\"Noticias\"],\"inLanguage\":\"es\"},{\"@type\":\"WebPage\",\"@id\":\"https:\\\/\\\/www.copealcoy.es\\\/es\\\/emotivo-homenaje-al-mestre-perez-vilaplana-en-el-concierto-de-fiestas-de-la-union-musical-contestana\\\/\",\"url\":\"https:\\\/\\\/www.copealcoy.es\\\/es\\\/emotivo-homenaje-al-mestre-perez-vilaplana-en-el-concierto-de-fiestas-de-la-union-musical-contestana\\\/\",\"name\":\"Emotivo homenaje al Mestre P\u00e9rez Vilaplana en el Concierto de Fiestas de la Uni\u00f3n Musical Contestana - COPE Alcoy\",\"isPartOf\":{\"@id\":\"https:\\\/\\\/www.copealcoy.es\\\/es\\\/#website\"},\"primaryImageOfPage\":{\"@id\":\"https:\\\/\\\/www.copealcoy.es\\\/es\\\/emotivo-homenaje-al-mestre-perez-vilaplana-en-el-concierto-de-fiestas-de-la-union-musical-contestana\\\/#primaryimage\"},\"image\":{\"@id\":\"https:\\\/\\\/www.copealcoy.es\\\/es\\\/emotivo-homenaje-al-mestre-perez-vilaplana-en-el-concierto-de-fiestas-de-la-union-musical-contestana\\\/#primaryimage\"},\"thumbnailUrl\":\"https:\\\/\\\/www.copealcoy.es\\\/wp-content\\\/uploads\\\/2023\\\/08\\\/364801068_838521137783861_4425235903502408104_n-scaled.jpg\",\"datePublished\":\"2023-08-11T07:03:01+00:00\",\"author\":{\"@id\":\"https:\\\/\\\/www.copealcoy.es\\\/es\\\/#\\\/schema\\\/person\\\/e777c87fa024e57d40170af9df39882c\"},\"description\":\"La Uni\u00f3n Musical Contestana cerr\u00f3 ayer el ciclo de conciertos previos a las Fiestas de Moros y Cristianos de Cocentaina\",\"breadcrumb\":{\"@id\":\"https:\\\/\\\/www.copealcoy.es\\\/es\\\/emotivo-homenaje-al-mestre-perez-vilaplana-en-el-concierto-de-fiestas-de-la-union-musical-contestana\\\/#breadcrumb\"},\"inLanguage\":\"es\",\"potentialAction\":[{\"@type\":\"ReadAction\",\"target\":[\"https:\\\/\\\/www.copealcoy.es\\\/es\\\/emotivo-homenaje-al-mestre-perez-vilaplana-en-el-concierto-de-fiestas-de-la-union-musical-contestana\\\/\"]}]},{\"@type\":\"ImageObject\",\"inLanguage\":\"es\",\"@id\":\"https:\\\/\\\/www.copealcoy.es\\\/es\\\/emotivo-homenaje-al-mestre-perez-vilaplana-en-el-concierto-de-fiestas-de-la-union-musical-contestana\\\/#primaryimage\",\"url\":\"https:\\\/\\\/www.copealcoy.es\\\/wp-content\\\/uploads\\\/2023\\\/08\\\/364801068_838521137783861_4425235903502408104_n-scaled.jpg\",\"contentUrl\":\"https:\\\/\\\/www.copealcoy.es\\\/wp-content\\\/uploads\\\/2023\\\/08\\\/364801068_838521137783861_4425235903502408104_n-scaled.jpg\",\"width\":1440,\"height\":1080},{\"@type\":\"BreadcrumbList\",\"@id\":\"https:\\\/\\\/www.copealcoy.es\\\/es\\\/emotivo-homenaje-al-mestre-perez-vilaplana-en-el-concierto-de-fiestas-de-la-union-musical-contestana\\\/#breadcrumb\",\"itemListElement\":[{\"@type\":\"ListItem\",\"position\":1,\"name\":\"Portada\",\"item\":\"https:\\\/\\\/www.copealcoy.es\\\/es\\\/\"},{\"@type\":\"ListItem\",\"position\":2,\"name\":\"Emotivo homenaje al Mestre P\u00e9rez Vilaplana en el Concierto de Fiestas de la Uni\u00f3n Musical Contestana\"}]},{\"@type\":\"WebSite\",\"@id\":\"https:\\\/\\\/www.copealcoy.es\\\/es\\\/#website\",\"url\":\"https:\\\/\\\/www.copealcoy.es\\\/es\\\/\",\"name\":\"COPE Alcoy\",\"description\":\"Emisora COPE de radio local con emisi\u00f3n online. Pont de Sant Jordi 8-10 03803 Alcoy\",\"potentialAction\":[{\"@type\":\"SearchAction\",\"target\":{\"@type\":\"EntryPoint\",\"urlTemplate\":\"https:\\\/\\\/www.copealcoy.es\\\/es\\\/?s={search_term_string}\"},\"query-input\":{\"@type\":\"PropertyValueSpecification\",\"valueRequired\":true,\"valueName\":\"search_term_string\"}}],\"inLanguage\":\"es\"},{\"@type\":\"Person\",\"@id\":\"https:\\\/\\\/www.copealcoy.es\\\/es\\\/#\\\/schema\\\/person\\\/e777c87fa024e57d40170af9df39882c\",\"name\":\"Cope Alcoy\",\"image\":{\"@type\":\"ImageObject\",\"inLanguage\":\"es\",\"@id\":\"https:\\\/\\\/secure.gravatar.com\\\/avatar\\\/bb65d0283347e303893ba14f0692005417c1e0e690a325a4c5d8bb2b3943ee14?s=96&d=mm&r=g\",\"url\":\"https:\\\/\\\/secure.gravatar.com\\\/avatar\\\/bb65d0283347e303893ba14f0692005417c1e0e690a325a4c5d8bb2b3943ee14?s=96&d=mm&r=g\",\"contentUrl\":\"https:\\\/\\\/secure.gravatar.com\\\/avatar\\\/bb65d0283347e303893ba14f0692005417c1e0e690a325a4c5d8bb2b3943ee14?s=96&d=mm&r=g\",\"caption\":\"Cope Alcoy\"}}]}<\/script>\n<!-- \/ Yoast SEO plugin. -->","yoast_head_json":{"title":"Emotivo homenaje al Mestre P\u00e9rez Vilaplana en el Concierto de Fiestas de la Uni\u00f3n Musical Contestana - COPE Alcoy","description":"La Uni\u00f3n Musical Contestana cerr\u00f3 ayer el ciclo de conciertos previos a las Fiestas de Moros y Cristianos de Cocentaina","robots":{"index":"index","follow":"follow","max-snippet":"max-snippet:-1","max-image-preview":"max-image-preview:large","max-video-preview":"max-video-preview:-1"},"canonical":"https:\/\/www.copealcoy.es\/es\/emotivo-homenaje-al-mestre-perez-vilaplana-en-el-concierto-de-fiestas-de-la-union-musical-contestana\/","og_locale":"es_ES","og_type":"article","og_title":"Emotivo homenaje al Mestre P\u00e9rez Vilaplana en el Concierto de Fiestas de la Uni\u00f3n Musical Contestana - COPE Alcoy","og_description":"La Uni\u00f3n Musical Contestana cerr\u00f3 ayer el ciclo de conciertos previos a las Fiestas de Moros y Cristianos de Cocentaina","og_url":"https:\/\/www.copealcoy.es\/es\/emotivo-homenaje-al-mestre-perez-vilaplana-en-el-concierto-de-fiestas-de-la-union-musical-contestana\/","og_site_name":"COPE Alcoy","article_published_time":"2023-08-11T07:03:01+00:00","og_image":[{"width":1440,"height":1080,"url":"https:\/\/www.copealcoy.es\/wp-content\/uploads\/2023\/08\/364801068_838521137783861_4425235903502408104_n-scaled.jpg","type":"image\/jpeg"}],"author":"Cope Alcoy","twitter_misc":{"Escrito por":"Cope Alcoy","Tiempo de lectura":"3 minutos"},"schema":{"@context":"https:\/\/schema.org","@graph":[{"@type":"Article","@id":"https:\/\/www.copealcoy.es\/es\/emotivo-homenaje-al-mestre-perez-vilaplana-en-el-concierto-de-fiestas-de-la-union-musical-contestana\/#article","isPartOf":{"@id":"https:\/\/www.copealcoy.es\/es\/emotivo-homenaje-al-mestre-perez-vilaplana-en-el-concierto-de-fiestas-de-la-union-musical-contestana\/"},"author":{"name":"Cope Alcoy","@id":"https:\/\/www.copealcoy.es\/es\/#\/schema\/person\/e777c87fa024e57d40170af9df39882c"},"headline":"Emotivo homenaje al Mestre P\u00e9rez Vilaplana en el Concierto de Fiestas de la Uni\u00f3n Musical Contestana","datePublished":"2023-08-11T07:03:01+00:00","mainEntityOfPage":{"@id":"https:\/\/www.copealcoy.es\/es\/emotivo-homenaje-al-mestre-perez-vilaplana-en-el-concierto-de-fiestas-de-la-union-musical-contestana\/"},"wordCount":462,"commentCount":0,"image":{"@id":"https:\/\/www.copealcoy.es\/es\/emotivo-homenaje-al-mestre-perez-vilaplana-en-el-concierto-de-fiestas-de-la-union-musical-contestana\/#primaryimage"},"thumbnailUrl":"https:\/\/www.copealcoy.es\/wp-content\/uploads\/2023\/08\/364801068_838521137783861_4425235903502408104_n-scaled.jpg","keywords":["Cocentaina","Concierto","Moros Y Cristianos","M\u00fasica Festera","Uni\u00f3n Musical Contestana"],"articleSection":["Actualidad","Comarcas","Noticias"],"inLanguage":"es"},{"@type":"WebPage","@id":"https:\/\/www.copealcoy.es\/es\/emotivo-homenaje-al-mestre-perez-vilaplana-en-el-concierto-de-fiestas-de-la-union-musical-contestana\/","url":"https:\/\/www.copealcoy.es\/es\/emotivo-homenaje-al-mestre-perez-vilaplana-en-el-concierto-de-fiestas-de-la-union-musical-contestana\/","name":"Emotivo homenaje al Mestre P\u00e9rez Vilaplana en el Concierto de Fiestas de la Uni\u00f3n Musical Contestana - COPE Alcoy","isPartOf":{"@id":"https:\/\/www.copealcoy.es\/es\/#website"},"primaryImageOfPage":{"@id":"https:\/\/www.copealcoy.es\/es\/emotivo-homenaje-al-mestre-perez-vilaplana-en-el-concierto-de-fiestas-de-la-union-musical-contestana\/#primaryimage"},"image":{"@id":"https:\/\/www.copealcoy.es\/es\/emotivo-homenaje-al-mestre-perez-vilaplana-en-el-concierto-de-fiestas-de-la-union-musical-contestana\/#primaryimage"},"thumbnailUrl":"https:\/\/www.copealcoy.es\/wp-content\/uploads\/2023\/08\/364801068_838521137783861_4425235903502408104_n-scaled.jpg","datePublished":"2023-08-11T07:03:01+00:00","author":{"@id":"https:\/\/www.copealcoy.es\/es\/#\/schema\/person\/e777c87fa024e57d40170af9df39882c"},"description":"La Uni\u00f3n Musical Contestana cerr\u00f3 ayer el ciclo de conciertos previos a las Fiestas de Moros y Cristianos de Cocentaina","breadcrumb":{"@id":"https:\/\/www.copealcoy.es\/es\/emotivo-homenaje-al-mestre-perez-vilaplana-en-el-concierto-de-fiestas-de-la-union-musical-contestana\/#breadcrumb"},"inLanguage":"es","potentialAction":[{"@type":"ReadAction","target":["https:\/\/www.copealcoy.es\/es\/emotivo-homenaje-al-mestre-perez-vilaplana-en-el-concierto-de-fiestas-de-la-union-musical-contestana\/"]}]},{"@type":"ImageObject","inLanguage":"es","@id":"https:\/\/www.copealcoy.es\/es\/emotivo-homenaje-al-mestre-perez-vilaplana-en-el-concierto-de-fiestas-de-la-union-musical-contestana\/#primaryimage","url":"https:\/\/www.copealcoy.es\/wp-content\/uploads\/2023\/08\/364801068_838521137783861_4425235903502408104_n-scaled.jpg","contentUrl":"https:\/\/www.copealcoy.es\/wp-content\/uploads\/2023\/08\/364801068_838521137783861_4425235903502408104_n-scaled.jpg","width":1440,"height":1080},{"@type":"BreadcrumbList","@id":"https:\/\/www.copealcoy.es\/es\/emotivo-homenaje-al-mestre-perez-vilaplana-en-el-concierto-de-fiestas-de-la-union-musical-contestana\/#breadcrumb","itemListElement":[{"@type":"ListItem","position":1,"name":"Portada","item":"https:\/\/www.copealcoy.es\/es\/"},{"@type":"ListItem","position":2,"name":"Emotivo homenaje al Mestre P\u00e9rez Vilaplana en el Concierto de Fiestas de la Uni\u00f3n Musical Contestana"}]},{"@type":"WebSite","@id":"https:\/\/www.copealcoy.es\/es\/#website","url":"https:\/\/www.copealcoy.es\/es\/","name":"COPE Alcoy","description":"Emisora COPE de radio local con emisi\u00f3n online. Pont de Sant Jordi 8-10 03803 Alcoy","potentialAction":[{"@type":"SearchAction","target":{"@type":"EntryPoint","urlTemplate":"https:\/\/www.copealcoy.es\/es\/?s={search_term_string}"},"query-input":{"@type":"PropertyValueSpecification","valueRequired":true,"valueName":"search_term_string"}}],"inLanguage":"es"},{"@type":"Person","@id":"https:\/\/www.copealcoy.es\/es\/#\/schema\/person\/e777c87fa024e57d40170af9df39882c","name":"Cope Alcoy","image":{"@type":"ImageObject","inLanguage":"es","@id":"https:\/\/secure.gravatar.com\/avatar\/bb65d0283347e303893ba14f0692005417c1e0e690a325a4c5d8bb2b3943ee14?s=96&d=mm&r=g","url":"https:\/\/secure.gravatar.com\/avatar\/bb65d0283347e303893ba14f0692005417c1e0e690a325a4c5d8bb2b3943ee14?s=96&d=mm&r=g","contentUrl":"https:\/\/secure.gravatar.com\/avatar\/bb65d0283347e303893ba14f0692005417c1e0e690a325a4c5d8bb2b3943ee14?s=96&d=mm&r=g","caption":"Cope Alcoy"}}]}},"_links":{"self":[{"href":"https:\/\/www.copealcoy.es\/es\/wp-json\/wp\/v2\/posts\/120646","targetHints":{"allow":["GET"]}}],"collection":[{"href":"https:\/\/www.copealcoy.es\/es\/wp-json\/wp\/v2\/posts"}],"about":[{"href":"https:\/\/www.copealcoy.es\/es\/wp-json\/wp\/v2\/types\/post"}],"author":[{"embeddable":true,"href":"https:\/\/www.copealcoy.es\/es\/wp-json\/wp\/v2\/users\/1"}],"replies":[{"embeddable":true,"href":"https:\/\/www.copealcoy.es\/es\/wp-json\/wp\/v2\/comments?post=120646"}],"version-history":[{"count":0,"href":"https:\/\/www.copealcoy.es\/es\/wp-json\/wp\/v2\/posts\/120646\/revisions"}],"wp:featuredmedia":[{"embeddable":true,"href":"https:\/\/www.copealcoy.es\/es\/wp-json\/wp\/v2\/media\/120647"}],"wp:attachment":[{"href":"https:\/\/www.copealcoy.es\/es\/wp-json\/wp\/v2\/media?parent=120646"}],"wp:term":[{"taxonomy":"category","embeddable":true,"href":"https:\/\/www.copealcoy.es\/es\/wp-json\/wp\/v2\/categories?post=120646"},{"taxonomy":"post_tag","embeddable":true,"href":"https:\/\/www.copealcoy.es\/es\/wp-json\/wp\/v2\/tags?post=120646"}],"curies":[{"name":"wp","href":"https:\/\/api.w.org\/{rel}","templated":true}]}}