{"id":120637,"date":"2023-08-10T17:52:52","date_gmt":"2023-08-10T16:52:52","guid":{"rendered":"https:\/\/www.copealcoy.es\/?p=120637"},"modified":"2023-08-10T20:37:21","modified_gmt":"2023-08-10T19:37:21","slug":"el-traslado-del-sant-hipolit-del-raval-abre-la-puerta-hacia-la-festa-de-cocentaina","status":"publish","type":"post","link":"https:\/\/www.copealcoy.es\/es\/el-traslado-del-sant-hipolit-del-raval-abre-la-puerta-hacia-la-festa-de-cocentaina\/","title":{"rendered":"El traslado del Sant Hip\u00f2lit del Raval abre la puerta hacia la Festa de Cocentaina"},"content":{"rendered":"<p style=\"text-align: justify;\">A escasas 24 horas para que comiencen las Fiestas de Cocentaina, <strong>ha tenido lugar uno de los actos que cada a\u00f1o adentra el municipio en los d\u00edas grandes de sus Moros y Cristianos<\/strong>. Se trata del <strong>traslado de la imagen peque\u00f1a de San Hip\u00f3lito M\u00e1rtir<\/strong>, que se guarda en la Parroquia del Salvador, <strong>hasta el Monasterio de la Mare de D\u00e9u del Miracle<\/strong> para presidir as\u00ed <strong>el acto de Acci\u00f3n de Gracias<\/strong> del d\u00eda del Alardo junto a la patrona contestana.<\/p>\n<p style=\"text-align: justify;\">Antes de la procesi\u00f3n, se ha llevado a cabo <strong>una misa solemne<\/strong> en la mencionada iglesia del Salvador en la que los cargos festeros de este a\u00f1o han recibido la medalla del patr\u00f3n. Seguidamente, y con <strong>el acompa\u00f1amiento musical de la Colla de Dol\u00e7aines i Tabals Mal Passet<\/strong>, ha comenzado el traslado en el que tambi\u00e9n han tomado parte los estandartes de las Filaes que tienen cargo junto a los banderines de la Junta de Festes as\u00ed como del santo. La figura del patr\u00f3n, <strong>que es propiedad de la Fil\u00e0 Manta Roja<\/strong>, ha sido portada por representantes de las mencionadas Filaes de cargo, mientras que<strong> Capitanes<\/strong> (Marcos Castell\u00f3 y Marcos Giner) y <strong>Abanderados<\/strong> (Juan Lu\u00eds Mahiques y Pascual Botella) han ocupado un lugar de honor en la comitiva. La Junta de Festes, con su presidente <strong>Rafael Monar<\/strong> al frente, ha cerrado la procesi\u00f3n en la que tambi\u00e9n han tomado parte <strong>el alcalde (Jordi Pla)<\/strong> y <strong>el concejal de Fiestas (Javier Sansalvador)<\/strong>.<\/p>\n<p style=\"text-align: justify;\">La pieza\u00a0<em>La Batalla de Sant Hip\u00f2lit<\/em>, de Xavier Richart, <strong>ha guiado el paso de San Hip\u00f3lito por las calles del Raval y un tramo del Passeig del Comtat hasta llegar al Pla<\/strong>. All\u00ed el patr\u00f3n ha sido recibido con <strong>el volteo de las campanas del Monasterio de las Clarisas<\/strong> al mismo tiempo que <strong>una traca acompa\u00f1aba la entrada del Santo dentro del templo<\/strong>. San Hip\u00f3lito ha sido colocado en el altar mayor, debajo de la Mare de D\u00e9u del Miracle, y <strong>ah\u00ed permanecer\u00e1 todas las Fiestas<\/strong> presidiendo incluso ma\u00f1ana la festividad de Santa Clara de As\u00eds.<\/p>\n","protected":false},"excerpt":{"rendered":"<p>A escasas 24 horas para que comiencen las Fiestas de Cocentaina, ha tenido lugar uno de los actos que cada&#8230;<\/p>\n","protected":false},"author":1,"featured_media":120642,"comment_status":"open","ping_status":"open","sticky":false,"template":"","format":"standard","meta":{"footnotes":""},"categories":[6909,98,75],"tags":[132,565,1312,609,917,1618,4488,185],"class_list":["post-120637","post","type-post","status-publish","format-standard","has-post-thumbnail","hentry","category-actualidad","category-comarcas","category-noticias","tag-cocentaina","tag-fiestas","tag-manta-roja","tag-moros-y-cristianos","tag-procesion","tag-raval","tag-san-hipolito-martir","tag-traslado"],"yoast_head":"<!-- This site is optimized with the Yoast SEO plugin v27.3 - https:\/\/yoast.com\/product\/yoast-seo-wordpress\/ -->\n<title>El traslado del Sant Hip\u00f2lit del Raval abre la puerta hacia la Festa de Cocentaina - COPE Alcoy<\/title>\n<meta name=\"robots\" content=\"index, follow, max-snippet:-1, max-image-preview:large, max-video-preview:-1\" \/>\n<link rel=\"canonical\" href=\"https:\/\/www.copealcoy.es\/es\/el-traslado-del-sant-hipolit-del-raval-abre-la-puerta-hacia-la-festa-de-cocentaina\/\" \/>\n<meta property=\"og:locale\" content=\"es_ES\" \/>\n<meta property=\"og:type\" content=\"article\" \/>\n<meta property=\"og:title\" content=\"El traslado del Sant Hip\u00f2lit del Raval abre la puerta hacia la Festa de Cocentaina - COPE Alcoy\" \/>\n<meta property=\"og:description\" content=\"A escasas 24 horas para que comiencen las Fiestas de Cocentaina, ha tenido lugar uno de los actos que cada...\" \/>\n<meta property=\"og:url\" content=\"https:\/\/www.copealcoy.es\/es\/el-traslado-del-sant-hipolit-del-raval-abre-la-puerta-hacia-la-festa-de-cocentaina\/\" \/>\n<meta property=\"og:site_name\" content=\"COPE Alcoy\" \/>\n<meta property=\"article:published_time\" content=\"2023-08-10T16:52:52+00:00\" \/>\n<meta property=\"article:modified_time\" content=\"2023-08-10T19:37:21+00:00\" \/>\n<meta property=\"og:image\" content=\"https:\/\/www.copealcoy.es\/wp-content\/uploads\/2023\/08\/unnamed-1-6-scaled-e1691696142783.jpg\" \/>\n\t<meta property=\"og:image:width\" content=\"640\" \/>\n\t<meta property=\"og:image:height\" content=\"445\" \/>\n\t<meta property=\"og:image:type\" content=\"image\/jpeg\" \/>\n<meta name=\"author\" content=\"Cope Alcoy\" \/>\n<meta name=\"twitter:label1\" content=\"Escrito por\" \/>\n\t<meta name=\"twitter:data1\" content=\"Cope Alcoy\" \/>\n\t<meta name=\"twitter:label2\" content=\"Tiempo de lectura\" \/>\n\t<meta name=\"twitter:data2\" content=\"2 minutos\" \/>\n<script type=\"application\/ld+json\" class=\"yoast-schema-graph\">{\"@context\":\"https:\\\/\\\/schema.org\",\"@graph\":[{\"@type\":\"Article\",\"@id\":\"https:\\\/\\\/www.copealcoy.es\\\/es\\\/el-traslado-del-sant-hipolit-del-raval-abre-la-puerta-hacia-la-festa-de-cocentaina\\\/#article\",\"isPartOf\":{\"@id\":\"https:\\\/\\\/www.copealcoy.es\\\/es\\\/el-traslado-del-sant-hipolit-del-raval-abre-la-puerta-hacia-la-festa-de-cocentaina\\\/\"},\"author\":{\"name\":\"Cope Alcoy\",\"@id\":\"https:\\\/\\\/www.copealcoy.es\\\/es\\\/#\\\/schema\\\/person\\\/e777c87fa024e57d40170af9df39882c\"},\"headline\":\"El traslado del Sant Hip\u00f2lit del Raval abre la puerta hacia la Festa de Cocentaina\",\"datePublished\":\"2023-08-10T16:52:52+00:00\",\"dateModified\":\"2023-08-10T19:37:21+00:00\",\"mainEntityOfPage\":{\"@id\":\"https:\\\/\\\/www.copealcoy.es\\\/es\\\/el-traslado-del-sant-hipolit-del-raval-abre-la-puerta-hacia-la-festa-de-cocentaina\\\/\"},\"wordCount\":380,\"commentCount\":0,\"image\":{\"@id\":\"https:\\\/\\\/www.copealcoy.es\\\/es\\\/el-traslado-del-sant-hipolit-del-raval-abre-la-puerta-hacia-la-festa-de-cocentaina\\\/#primaryimage\"},\"thumbnailUrl\":\"https:\\\/\\\/www.copealcoy.es\\\/wp-content\\\/uploads\\\/2023\\\/08\\\/unnamed-1-6-scaled-e1691696142783.jpg\",\"keywords\":[\"Cocentaina\",\"Fiestas\",\"Manta Roja\",\"Moros Y Cristianos\",\"Procesi\u00f3n\",\"Raval\",\"San Hip\u00f3lito M\u00e1rtir\",\"Traslado\"],\"articleSection\":[\"Actualidad\",\"Comarcas\",\"Noticias\"],\"inLanguage\":\"es\"},{\"@type\":\"WebPage\",\"@id\":\"https:\\\/\\\/www.copealcoy.es\\\/es\\\/el-traslado-del-sant-hipolit-del-raval-abre-la-puerta-hacia-la-festa-de-cocentaina\\\/\",\"url\":\"https:\\\/\\\/www.copealcoy.es\\\/es\\\/el-traslado-del-sant-hipolit-del-raval-abre-la-puerta-hacia-la-festa-de-cocentaina\\\/\",\"name\":\"El traslado del Sant Hip\u00f2lit del Raval abre la puerta hacia la Festa de Cocentaina - COPE Alcoy\",\"isPartOf\":{\"@id\":\"https:\\\/\\\/www.copealcoy.es\\\/es\\\/#website\"},\"primaryImageOfPage\":{\"@id\":\"https:\\\/\\\/www.copealcoy.es\\\/es\\\/el-traslado-del-sant-hipolit-del-raval-abre-la-puerta-hacia-la-festa-de-cocentaina\\\/#primaryimage\"},\"image\":{\"@id\":\"https:\\\/\\\/www.copealcoy.es\\\/es\\\/el-traslado-del-sant-hipolit-del-raval-abre-la-puerta-hacia-la-festa-de-cocentaina\\\/#primaryimage\"},\"thumbnailUrl\":\"https:\\\/\\\/www.copealcoy.es\\\/wp-content\\\/uploads\\\/2023\\\/08\\\/unnamed-1-6-scaled-e1691696142783.jpg\",\"datePublished\":\"2023-08-10T16:52:52+00:00\",\"dateModified\":\"2023-08-10T19:37:21+00:00\",\"author\":{\"@id\":\"https:\\\/\\\/www.copealcoy.es\\\/es\\\/#\\\/schema\\\/person\\\/e777c87fa024e57d40170af9df39882c\"},\"breadcrumb\":{\"@id\":\"https:\\\/\\\/www.copealcoy.es\\\/es\\\/el-traslado-del-sant-hipolit-del-raval-abre-la-puerta-hacia-la-festa-de-cocentaina\\\/#breadcrumb\"},\"inLanguage\":\"es\",\"potentialAction\":[{\"@type\":\"ReadAction\",\"target\":[\"https:\\\/\\\/www.copealcoy.es\\\/es\\\/el-traslado-del-sant-hipolit-del-raval-abre-la-puerta-hacia-la-festa-de-cocentaina\\\/\"]}]},{\"@type\":\"ImageObject\",\"inLanguage\":\"es\",\"@id\":\"https:\\\/\\\/www.copealcoy.es\\\/es\\\/el-traslado-del-sant-hipolit-del-raval-abre-la-puerta-hacia-la-festa-de-cocentaina\\\/#primaryimage\",\"url\":\"https:\\\/\\\/www.copealcoy.es\\\/wp-content\\\/uploads\\\/2023\\\/08\\\/unnamed-1-6-scaled-e1691696142783.jpg\",\"contentUrl\":\"https:\\\/\\\/www.copealcoy.es\\\/wp-content\\\/uploads\\\/2023\\\/08\\\/unnamed-1-6-scaled-e1691696142783.jpg\",\"width\":640,\"height\":445},{\"@type\":\"BreadcrumbList\",\"@id\":\"https:\\\/\\\/www.copealcoy.es\\\/es\\\/el-traslado-del-sant-hipolit-del-raval-abre-la-puerta-hacia-la-festa-de-cocentaina\\\/#breadcrumb\",\"itemListElement\":[{\"@type\":\"ListItem\",\"position\":1,\"name\":\"Portada\",\"item\":\"https:\\\/\\\/www.copealcoy.es\\\/es\\\/\"},{\"@type\":\"ListItem\",\"position\":2,\"name\":\"El traslado del Sant Hip\u00f2lit del Raval abre la puerta hacia la Festa de Cocentaina\"}]},{\"@type\":\"WebSite\",\"@id\":\"https:\\\/\\\/www.copealcoy.es\\\/es\\\/#website\",\"url\":\"https:\\\/\\\/www.copealcoy.es\\\/es\\\/\",\"name\":\"COPE Alcoy\",\"description\":\"Emisora COPE de radio local con emisi\u00f3n online. Pont de Sant Jordi 8-10 03803 Alcoy\",\"potentialAction\":[{\"@type\":\"SearchAction\",\"target\":{\"@type\":\"EntryPoint\",\"urlTemplate\":\"https:\\\/\\\/www.copealcoy.es\\\/es\\\/?s={search_term_string}\"},\"query-input\":{\"@type\":\"PropertyValueSpecification\",\"valueRequired\":true,\"valueName\":\"search_term_string\"}}],\"inLanguage\":\"es\"},{\"@type\":\"Person\",\"@id\":\"https:\\\/\\\/www.copealcoy.es\\\/es\\\/#\\\/schema\\\/person\\\/e777c87fa024e57d40170af9df39882c\",\"name\":\"Cope Alcoy\",\"image\":{\"@type\":\"ImageObject\",\"inLanguage\":\"es\",\"@id\":\"https:\\\/\\\/secure.gravatar.com\\\/avatar\\\/bb65d0283347e303893ba14f0692005417c1e0e690a325a4c5d8bb2b3943ee14?s=96&d=mm&r=g\",\"url\":\"https:\\\/\\\/secure.gravatar.com\\\/avatar\\\/bb65d0283347e303893ba14f0692005417c1e0e690a325a4c5d8bb2b3943ee14?s=96&d=mm&r=g\",\"contentUrl\":\"https:\\\/\\\/secure.gravatar.com\\\/avatar\\\/bb65d0283347e303893ba14f0692005417c1e0e690a325a4c5d8bb2b3943ee14?s=96&d=mm&r=g\",\"caption\":\"Cope Alcoy\"}}]}<\/script>\n<!-- \/ Yoast SEO plugin. -->","yoast_head_json":{"title":"El traslado del Sant Hip\u00f2lit del Raval abre la puerta hacia la Festa de Cocentaina - COPE Alcoy","robots":{"index":"index","follow":"follow","max-snippet":"max-snippet:-1","max-image-preview":"max-image-preview:large","max-video-preview":"max-video-preview:-1"},"canonical":"https:\/\/www.copealcoy.es\/es\/el-traslado-del-sant-hipolit-del-raval-abre-la-puerta-hacia-la-festa-de-cocentaina\/","og_locale":"es_ES","og_type":"article","og_title":"El traslado del Sant Hip\u00f2lit del Raval abre la puerta hacia la Festa de Cocentaina - COPE Alcoy","og_description":"A escasas 24 horas para que comiencen las Fiestas de Cocentaina, ha tenido lugar uno de los actos que cada...","og_url":"https:\/\/www.copealcoy.es\/es\/el-traslado-del-sant-hipolit-del-raval-abre-la-puerta-hacia-la-festa-de-cocentaina\/","og_site_name":"COPE Alcoy","article_published_time":"2023-08-10T16:52:52+00:00","article_modified_time":"2023-08-10T19:37:21+00:00","og_image":[{"width":640,"height":445,"url":"https:\/\/www.copealcoy.es\/wp-content\/uploads\/2023\/08\/unnamed-1-6-scaled-e1691696142783.jpg","type":"image\/jpeg"}],"author":"Cope Alcoy","twitter_misc":{"Escrito por":"Cope Alcoy","Tiempo de lectura":"2 minutos"},"schema":{"@context":"https:\/\/schema.org","@graph":[{"@type":"Article","@id":"https:\/\/www.copealcoy.es\/es\/el-traslado-del-sant-hipolit-del-raval-abre-la-puerta-hacia-la-festa-de-cocentaina\/#article","isPartOf":{"@id":"https:\/\/www.copealcoy.es\/es\/el-traslado-del-sant-hipolit-del-raval-abre-la-puerta-hacia-la-festa-de-cocentaina\/"},"author":{"name":"Cope Alcoy","@id":"https:\/\/www.copealcoy.es\/es\/#\/schema\/person\/e777c87fa024e57d40170af9df39882c"},"headline":"El traslado del Sant Hip\u00f2lit del Raval abre la puerta hacia la Festa de Cocentaina","datePublished":"2023-08-10T16:52:52+00:00","dateModified":"2023-08-10T19:37:21+00:00","mainEntityOfPage":{"@id":"https:\/\/www.copealcoy.es\/es\/el-traslado-del-sant-hipolit-del-raval-abre-la-puerta-hacia-la-festa-de-cocentaina\/"},"wordCount":380,"commentCount":0,"image":{"@id":"https:\/\/www.copealcoy.es\/es\/el-traslado-del-sant-hipolit-del-raval-abre-la-puerta-hacia-la-festa-de-cocentaina\/#primaryimage"},"thumbnailUrl":"https:\/\/www.copealcoy.es\/wp-content\/uploads\/2023\/08\/unnamed-1-6-scaled-e1691696142783.jpg","keywords":["Cocentaina","Fiestas","Manta Roja","Moros Y Cristianos","Procesi\u00f3n","Raval","San Hip\u00f3lito M\u00e1rtir","Traslado"],"articleSection":["Actualidad","Comarcas","Noticias"],"inLanguage":"es"},{"@type":"WebPage","@id":"https:\/\/www.copealcoy.es\/es\/el-traslado-del-sant-hipolit-del-raval-abre-la-puerta-hacia-la-festa-de-cocentaina\/","url":"https:\/\/www.copealcoy.es\/es\/el-traslado-del-sant-hipolit-del-raval-abre-la-puerta-hacia-la-festa-de-cocentaina\/","name":"El traslado del Sant Hip\u00f2lit del Raval abre la puerta hacia la Festa de Cocentaina - COPE Alcoy","isPartOf":{"@id":"https:\/\/www.copealcoy.es\/es\/#website"},"primaryImageOfPage":{"@id":"https:\/\/www.copealcoy.es\/es\/el-traslado-del-sant-hipolit-del-raval-abre-la-puerta-hacia-la-festa-de-cocentaina\/#primaryimage"},"image":{"@id":"https:\/\/www.copealcoy.es\/es\/el-traslado-del-sant-hipolit-del-raval-abre-la-puerta-hacia-la-festa-de-cocentaina\/#primaryimage"},"thumbnailUrl":"https:\/\/www.copealcoy.es\/wp-content\/uploads\/2023\/08\/unnamed-1-6-scaled-e1691696142783.jpg","datePublished":"2023-08-10T16:52:52+00:00","dateModified":"2023-08-10T19:37:21+00:00","author":{"@id":"https:\/\/www.copealcoy.es\/es\/#\/schema\/person\/e777c87fa024e57d40170af9df39882c"},"breadcrumb":{"@id":"https:\/\/www.copealcoy.es\/es\/el-traslado-del-sant-hipolit-del-raval-abre-la-puerta-hacia-la-festa-de-cocentaina\/#breadcrumb"},"inLanguage":"es","potentialAction":[{"@type":"ReadAction","target":["https:\/\/www.copealcoy.es\/es\/el-traslado-del-sant-hipolit-del-raval-abre-la-puerta-hacia-la-festa-de-cocentaina\/"]}]},{"@type":"ImageObject","inLanguage":"es","@id":"https:\/\/www.copealcoy.es\/es\/el-traslado-del-sant-hipolit-del-raval-abre-la-puerta-hacia-la-festa-de-cocentaina\/#primaryimage","url":"https:\/\/www.copealcoy.es\/wp-content\/uploads\/2023\/08\/unnamed-1-6-scaled-e1691696142783.jpg","contentUrl":"https:\/\/www.copealcoy.es\/wp-content\/uploads\/2023\/08\/unnamed-1-6-scaled-e1691696142783.jpg","width":640,"height":445},{"@type":"BreadcrumbList","@id":"https:\/\/www.copealcoy.es\/es\/el-traslado-del-sant-hipolit-del-raval-abre-la-puerta-hacia-la-festa-de-cocentaina\/#breadcrumb","itemListElement":[{"@type":"ListItem","position":1,"name":"Portada","item":"https:\/\/www.copealcoy.es\/es\/"},{"@type":"ListItem","position":2,"name":"El traslado del Sant Hip\u00f2lit del Raval abre la puerta hacia la Festa de Cocentaina"}]},{"@type":"WebSite","@id":"https:\/\/www.copealcoy.es\/es\/#website","url":"https:\/\/www.copealcoy.es\/es\/","name":"COPE Alcoy","description":"Emisora COPE de radio local con emisi\u00f3n online. Pont de Sant Jordi 8-10 03803 Alcoy","potentialAction":[{"@type":"SearchAction","target":{"@type":"EntryPoint","urlTemplate":"https:\/\/www.copealcoy.es\/es\/?s={search_term_string}"},"query-input":{"@type":"PropertyValueSpecification","valueRequired":true,"valueName":"search_term_string"}}],"inLanguage":"es"},{"@type":"Person","@id":"https:\/\/www.copealcoy.es\/es\/#\/schema\/person\/e777c87fa024e57d40170af9df39882c","name":"Cope Alcoy","image":{"@type":"ImageObject","inLanguage":"es","@id":"https:\/\/secure.gravatar.com\/avatar\/bb65d0283347e303893ba14f0692005417c1e0e690a325a4c5d8bb2b3943ee14?s=96&d=mm&r=g","url":"https:\/\/secure.gravatar.com\/avatar\/bb65d0283347e303893ba14f0692005417c1e0e690a325a4c5d8bb2b3943ee14?s=96&d=mm&r=g","contentUrl":"https:\/\/secure.gravatar.com\/avatar\/bb65d0283347e303893ba14f0692005417c1e0e690a325a4c5d8bb2b3943ee14?s=96&d=mm&r=g","caption":"Cope Alcoy"}}]}},"_links":{"self":[{"href":"https:\/\/www.copealcoy.es\/es\/wp-json\/wp\/v2\/posts\/120637","targetHints":{"allow":["GET"]}}],"collection":[{"href":"https:\/\/www.copealcoy.es\/es\/wp-json\/wp\/v2\/posts"}],"about":[{"href":"https:\/\/www.copealcoy.es\/es\/wp-json\/wp\/v2\/types\/post"}],"author":[{"embeddable":true,"href":"https:\/\/www.copealcoy.es\/es\/wp-json\/wp\/v2\/users\/1"}],"replies":[{"embeddable":true,"href":"https:\/\/www.copealcoy.es\/es\/wp-json\/wp\/v2\/comments?post=120637"}],"version-history":[{"count":0,"href":"https:\/\/www.copealcoy.es\/es\/wp-json\/wp\/v2\/posts\/120637\/revisions"}],"wp:featuredmedia":[{"embeddable":true,"href":"https:\/\/www.copealcoy.es\/es\/wp-json\/wp\/v2\/media\/120642"}],"wp:attachment":[{"href":"https:\/\/www.copealcoy.es\/es\/wp-json\/wp\/v2\/media?parent=120637"}],"wp:term":[{"taxonomy":"category","embeddable":true,"href":"https:\/\/www.copealcoy.es\/es\/wp-json\/wp\/v2\/categories?post=120637"},{"taxonomy":"post_tag","embeddable":true,"href":"https:\/\/www.copealcoy.es\/es\/wp-json\/wp\/v2\/tags?post=120637"}],"curies":[{"name":"wp","href":"https:\/\/api.w.org\/{rel}","templated":true}]}}