{"id":120630,"date":"2023-08-08T21:43:35","date_gmt":"2023-08-08T20:43:35","guid":{"rendered":"https:\/\/www.copealcoy.es\/?p=120630"},"modified":"2023-08-10T16:54:52","modified_gmt":"2023-08-10T15:54:52","slug":"la-volteta-dels-xiquets-llena-de-festa-el-passeig-del-comtat-de-cocentaina","status":"publish","type":"post","link":"https:\/\/www.copealcoy.es\/es\/la-volteta-dels-xiquets-llena-de-festa-el-passeig-del-comtat-de-cocentaina\/","title":{"rendered":"La &#8220;Volteta dels Xiquets&#8221; llena de Festa el Passeig del Comtat de Cocentaina"},"content":{"rendered":"<p style=\"text-align: justify;\">Cocentaina <strong>continua adelante con su Semana Festera<\/strong> y hoy\u00a0martes <strong>el protagonismo lo han tenido los m\u00e1s peque\u00f1os<\/strong> con <strong>la tradicional Volteta dels Xiquets<\/strong>. Numerosos vecinos de la Villa Condal han salido a la calle para aplaudir a los ni\u00f1os y a las ni\u00f1as en la que es <strong>una de las &#8220;Voltetes&#8221; m\u00e1s r\u00e1pidas<\/strong> de las que se celebran en el municipio antes de las Fiestas de Moros y Cristianos en honor a San Hip\u00f3lito M\u00e1rtir.<\/p>\n<p style=\"text-align: justify;\">La actividad ha empezado a las seis de la tarde en la plaza del Pla con <strong>una merienda y juegos<\/strong> en los que no han faltado los habituales castillos hinchables. Adem\u00e1s <strong>se han entregado los premios del Concurso de Dibujo\u00a0Infantil que anualmente convoca la Federaci\u00f3n Junta de Fiestas<\/strong>. A continuaci\u00f3n, la fiesta se ha trasladado al Passeig del Comtat donde se ha desarrollado la &#8220;Volteta&#8221; y en la que numerosos peque\u00f1os, muchos acompa\u00f1ados de sus padres y familiares; han desfilado a los sones del Ateneu Musical y la Uni\u00f3n Musical Contestana.<\/p>\n<p style=\"text-align: justify;\">La programaci\u00f3n previa a las fiestas de moros y cristianos de la Villa Condal <strong>seguir\u00e1 este mi\u00e9rcoles con el \u00faltimo d\u00eda del novenario en honor a San Hip\u00f3lito<\/strong>, en la Parroquia de Santa Mar\u00eda, y en el que se presentar\u00e1n los reci\u00e9n nacidos al patr\u00f3n as\u00ed como se sortear\u00e1n los mayorales para el a\u00f1o 2024. Por la noche continuar\u00e1n las &#8220;Voltetes&#8221; en el Passeig del Comtat.<\/p>\n","protected":false},"excerpt":{"rendered":"<p>Cocentaina continua adelante con su Semana Festera y hoy\u00a0martes el protagonismo lo han tenido los m\u00e1s peque\u00f1os con la tradicional&#8230;<\/p>\n","protected":false},"author":1,"featured_media":120631,"comment_status":"open","ping_status":"open","sticky":false,"template":"","format":"standard","meta":{"footnotes":""},"categories":[6909,98,75],"tags":[132,924,856,1309],"class_list":["post-120630","post","type-post","status-publish","format-standard","has-post-thumbnail","hentry","category-actualidad","category-comarcas","category-noticias","tag-cocentaina","tag-festes","tag-moros-i-cristians","tag-volteta-dels-xiquets"],"yoast_head":"<!-- This site is optimized with the Yoast SEO plugin v27.3 - https:\/\/yoast.com\/product\/yoast-seo-wordpress\/ -->\n<title>La &quot;Volteta dels Xiquets&quot; llena de Festa el Passeig del Comtat de Cocentaina - COPE Alcoy<\/title>\n<meta name=\"description\" content=\"Cocentaina continua adelante con su Semana Festera y hoy\u00a0martes el protagonismo lo han tenido los peque\u00f1os con la Volteta dels Xiquets\" \/>\n<meta name=\"robots\" content=\"index, follow, max-snippet:-1, max-image-preview:large, max-video-preview:-1\" \/>\n<link rel=\"canonical\" href=\"https:\/\/www.copealcoy.es\/es\/la-volteta-dels-xiquets-llena-de-festa-el-passeig-del-comtat-de-cocentaina\/\" \/>\n<meta property=\"og:locale\" content=\"es_ES\" \/>\n<meta property=\"og:type\" content=\"article\" \/>\n<meta property=\"og:title\" content=\"La &quot;Volteta dels Xiquets&quot; llena de Festa el Passeig del Comtat de Cocentaina - COPE Alcoy\" \/>\n<meta property=\"og:description\" content=\"Cocentaina continua adelante con su Semana Festera y hoy\u00a0martes el protagonismo lo han tenido los peque\u00f1os con la Volteta dels Xiquets\" \/>\n<meta property=\"og:url\" content=\"https:\/\/www.copealcoy.es\/es\/la-volteta-dels-xiquets-llena-de-festa-el-passeig-del-comtat-de-cocentaina\/\" \/>\n<meta property=\"og:site_name\" content=\"COPE Alcoy\" \/>\n<meta property=\"article:published_time\" content=\"2023-08-08T20:43:35+00:00\" \/>\n<meta property=\"article:modified_time\" content=\"2023-08-10T15:54:52+00:00\" \/>\n<meta property=\"og:image\" content=\"https:\/\/www.copealcoy.es\/wp-content\/uploads\/2023\/08\/unnamed-1-5-scaled-e1691682798947.jpg\" \/>\n\t<meta property=\"og:image:width\" content=\"640\" \/>\n\t<meta property=\"og:image:height\" content=\"422\" \/>\n\t<meta property=\"og:image:type\" content=\"image\/jpeg\" \/>\n<meta name=\"author\" content=\"Cope Alcoy\" \/>\n<meta name=\"twitter:label1\" content=\"Escrito por\" \/>\n\t<meta name=\"twitter:data1\" content=\"Cope Alcoy\" \/>\n\t<meta name=\"twitter:label2\" content=\"Tiempo de lectura\" \/>\n\t<meta name=\"twitter:data2\" content=\"2 minutos\" \/>\n<script type=\"application\/ld+json\" class=\"yoast-schema-graph\">{\"@context\":\"https:\\\/\\\/schema.org\",\"@graph\":[{\"@type\":\"Article\",\"@id\":\"https:\\\/\\\/www.copealcoy.es\\\/es\\\/la-volteta-dels-xiquets-llena-de-festa-el-passeig-del-comtat-de-cocentaina\\\/#article\",\"isPartOf\":{\"@id\":\"https:\\\/\\\/www.copealcoy.es\\\/es\\\/la-volteta-dels-xiquets-llena-de-festa-el-passeig-del-comtat-de-cocentaina\\\/\"},\"author\":{\"name\":\"Cope Alcoy\",\"@id\":\"https:\\\/\\\/www.copealcoy.es\\\/es\\\/#\\\/schema\\\/person\\\/e777c87fa024e57d40170af9df39882c\"},\"headline\":\"La &#8220;Volteta dels Xiquets&#8221; llena de Festa el Passeig del Comtat de Cocentaina\",\"datePublished\":\"2023-08-08T20:43:35+00:00\",\"dateModified\":\"2023-08-10T15:54:52+00:00\",\"mainEntityOfPage\":{\"@id\":\"https:\\\/\\\/www.copealcoy.es\\\/es\\\/la-volteta-dels-xiquets-llena-de-festa-el-passeig-del-comtat-de-cocentaina\\\/\"},\"wordCount\":271,\"commentCount\":0,\"image\":{\"@id\":\"https:\\\/\\\/www.copealcoy.es\\\/es\\\/la-volteta-dels-xiquets-llena-de-festa-el-passeig-del-comtat-de-cocentaina\\\/#primaryimage\"},\"thumbnailUrl\":\"https:\\\/\\\/www.copealcoy.es\\\/wp-content\\\/uploads\\\/2023\\\/08\\\/unnamed-1-5-scaled-e1691682798947.jpg\",\"keywords\":[\"Cocentaina\",\"Festes\",\"Moros i Cristians\",\"Volteta dels Xiquets\"],\"articleSection\":[\"Actualidad\",\"Comarcas\",\"Noticias\"],\"inLanguage\":\"es\"},{\"@type\":\"WebPage\",\"@id\":\"https:\\\/\\\/www.copealcoy.es\\\/es\\\/la-volteta-dels-xiquets-llena-de-festa-el-passeig-del-comtat-de-cocentaina\\\/\",\"url\":\"https:\\\/\\\/www.copealcoy.es\\\/es\\\/la-volteta-dels-xiquets-llena-de-festa-el-passeig-del-comtat-de-cocentaina\\\/\",\"name\":\"La \\\"Volteta dels Xiquets\\\" llena de Festa el Passeig del Comtat de Cocentaina - COPE Alcoy\",\"isPartOf\":{\"@id\":\"https:\\\/\\\/www.copealcoy.es\\\/es\\\/#website\"},\"primaryImageOfPage\":{\"@id\":\"https:\\\/\\\/www.copealcoy.es\\\/es\\\/la-volteta-dels-xiquets-llena-de-festa-el-passeig-del-comtat-de-cocentaina\\\/#primaryimage\"},\"image\":{\"@id\":\"https:\\\/\\\/www.copealcoy.es\\\/es\\\/la-volteta-dels-xiquets-llena-de-festa-el-passeig-del-comtat-de-cocentaina\\\/#primaryimage\"},\"thumbnailUrl\":\"https:\\\/\\\/www.copealcoy.es\\\/wp-content\\\/uploads\\\/2023\\\/08\\\/unnamed-1-5-scaled-e1691682798947.jpg\",\"datePublished\":\"2023-08-08T20:43:35+00:00\",\"dateModified\":\"2023-08-10T15:54:52+00:00\",\"author\":{\"@id\":\"https:\\\/\\\/www.copealcoy.es\\\/es\\\/#\\\/schema\\\/person\\\/e777c87fa024e57d40170af9df39882c\"},\"description\":\"Cocentaina continua adelante con su Semana Festera y hoy\u00a0martes el protagonismo lo han tenido los peque\u00f1os con la Volteta dels Xiquets\",\"breadcrumb\":{\"@id\":\"https:\\\/\\\/www.copealcoy.es\\\/es\\\/la-volteta-dels-xiquets-llena-de-festa-el-passeig-del-comtat-de-cocentaina\\\/#breadcrumb\"},\"inLanguage\":\"es\",\"potentialAction\":[{\"@type\":\"ReadAction\",\"target\":[\"https:\\\/\\\/www.copealcoy.es\\\/es\\\/la-volteta-dels-xiquets-llena-de-festa-el-passeig-del-comtat-de-cocentaina\\\/\"]}]},{\"@type\":\"ImageObject\",\"inLanguage\":\"es\",\"@id\":\"https:\\\/\\\/www.copealcoy.es\\\/es\\\/la-volteta-dels-xiquets-llena-de-festa-el-passeig-del-comtat-de-cocentaina\\\/#primaryimage\",\"url\":\"https:\\\/\\\/www.copealcoy.es\\\/wp-content\\\/uploads\\\/2023\\\/08\\\/unnamed-1-5-scaled-e1691682798947.jpg\",\"contentUrl\":\"https:\\\/\\\/www.copealcoy.es\\\/wp-content\\\/uploads\\\/2023\\\/08\\\/unnamed-1-5-scaled-e1691682798947.jpg\",\"width\":640,\"height\":422},{\"@type\":\"BreadcrumbList\",\"@id\":\"https:\\\/\\\/www.copealcoy.es\\\/es\\\/la-volteta-dels-xiquets-llena-de-festa-el-passeig-del-comtat-de-cocentaina\\\/#breadcrumb\",\"itemListElement\":[{\"@type\":\"ListItem\",\"position\":1,\"name\":\"Portada\",\"item\":\"https:\\\/\\\/www.copealcoy.es\\\/es\\\/\"},{\"@type\":\"ListItem\",\"position\":2,\"name\":\"La &#8220;Volteta dels Xiquets&#8221; llena de Festa el Passeig del Comtat de Cocentaina\"}]},{\"@type\":\"WebSite\",\"@id\":\"https:\\\/\\\/www.copealcoy.es\\\/es\\\/#website\",\"url\":\"https:\\\/\\\/www.copealcoy.es\\\/es\\\/\",\"name\":\"COPE Alcoy\",\"description\":\"Emisora COPE de radio local con emisi\u00f3n online. Pont de Sant Jordi 8-10 03803 Alcoy\",\"potentialAction\":[{\"@type\":\"SearchAction\",\"target\":{\"@type\":\"EntryPoint\",\"urlTemplate\":\"https:\\\/\\\/www.copealcoy.es\\\/es\\\/?s={search_term_string}\"},\"query-input\":{\"@type\":\"PropertyValueSpecification\",\"valueRequired\":true,\"valueName\":\"search_term_string\"}}],\"inLanguage\":\"es\"},{\"@type\":\"Person\",\"@id\":\"https:\\\/\\\/www.copealcoy.es\\\/es\\\/#\\\/schema\\\/person\\\/e777c87fa024e57d40170af9df39882c\",\"name\":\"Cope Alcoy\",\"image\":{\"@type\":\"ImageObject\",\"inLanguage\":\"es\",\"@id\":\"https:\\\/\\\/secure.gravatar.com\\\/avatar\\\/bb65d0283347e303893ba14f0692005417c1e0e690a325a4c5d8bb2b3943ee14?s=96&d=mm&r=g\",\"url\":\"https:\\\/\\\/secure.gravatar.com\\\/avatar\\\/bb65d0283347e303893ba14f0692005417c1e0e690a325a4c5d8bb2b3943ee14?s=96&d=mm&r=g\",\"contentUrl\":\"https:\\\/\\\/secure.gravatar.com\\\/avatar\\\/bb65d0283347e303893ba14f0692005417c1e0e690a325a4c5d8bb2b3943ee14?s=96&d=mm&r=g\",\"caption\":\"Cope Alcoy\"}}]}<\/script>\n<!-- \/ Yoast SEO plugin. -->","yoast_head_json":{"title":"La \"Volteta dels Xiquets\" llena de Festa el Passeig del Comtat de Cocentaina - COPE Alcoy","description":"Cocentaina continua adelante con su Semana Festera y hoy\u00a0martes el protagonismo lo han tenido los peque\u00f1os con la Volteta dels Xiquets","robots":{"index":"index","follow":"follow","max-snippet":"max-snippet:-1","max-image-preview":"max-image-preview:large","max-video-preview":"max-video-preview:-1"},"canonical":"https:\/\/www.copealcoy.es\/es\/la-volteta-dels-xiquets-llena-de-festa-el-passeig-del-comtat-de-cocentaina\/","og_locale":"es_ES","og_type":"article","og_title":"La \"Volteta dels Xiquets\" llena de Festa el Passeig del Comtat de Cocentaina - COPE Alcoy","og_description":"Cocentaina continua adelante con su Semana Festera y hoy\u00a0martes el protagonismo lo han tenido los peque\u00f1os con la Volteta dels Xiquets","og_url":"https:\/\/www.copealcoy.es\/es\/la-volteta-dels-xiquets-llena-de-festa-el-passeig-del-comtat-de-cocentaina\/","og_site_name":"COPE Alcoy","article_published_time":"2023-08-08T20:43:35+00:00","article_modified_time":"2023-08-10T15:54:52+00:00","og_image":[{"width":640,"height":422,"url":"https:\/\/www.copealcoy.es\/wp-content\/uploads\/2023\/08\/unnamed-1-5-scaled-e1691682798947.jpg","type":"image\/jpeg"}],"author":"Cope Alcoy","twitter_misc":{"Escrito por":"Cope Alcoy","Tiempo de lectura":"2 minutos"},"schema":{"@context":"https:\/\/schema.org","@graph":[{"@type":"Article","@id":"https:\/\/www.copealcoy.es\/es\/la-volteta-dels-xiquets-llena-de-festa-el-passeig-del-comtat-de-cocentaina\/#article","isPartOf":{"@id":"https:\/\/www.copealcoy.es\/es\/la-volteta-dels-xiquets-llena-de-festa-el-passeig-del-comtat-de-cocentaina\/"},"author":{"name":"Cope Alcoy","@id":"https:\/\/www.copealcoy.es\/es\/#\/schema\/person\/e777c87fa024e57d40170af9df39882c"},"headline":"La &#8220;Volteta dels Xiquets&#8221; llena de Festa el Passeig del Comtat de Cocentaina","datePublished":"2023-08-08T20:43:35+00:00","dateModified":"2023-08-10T15:54:52+00:00","mainEntityOfPage":{"@id":"https:\/\/www.copealcoy.es\/es\/la-volteta-dels-xiquets-llena-de-festa-el-passeig-del-comtat-de-cocentaina\/"},"wordCount":271,"commentCount":0,"image":{"@id":"https:\/\/www.copealcoy.es\/es\/la-volteta-dels-xiquets-llena-de-festa-el-passeig-del-comtat-de-cocentaina\/#primaryimage"},"thumbnailUrl":"https:\/\/www.copealcoy.es\/wp-content\/uploads\/2023\/08\/unnamed-1-5-scaled-e1691682798947.jpg","keywords":["Cocentaina","Festes","Moros i Cristians","Volteta dels Xiquets"],"articleSection":["Actualidad","Comarcas","Noticias"],"inLanguage":"es"},{"@type":"WebPage","@id":"https:\/\/www.copealcoy.es\/es\/la-volteta-dels-xiquets-llena-de-festa-el-passeig-del-comtat-de-cocentaina\/","url":"https:\/\/www.copealcoy.es\/es\/la-volteta-dels-xiquets-llena-de-festa-el-passeig-del-comtat-de-cocentaina\/","name":"La \"Volteta dels Xiquets\" llena de Festa el Passeig del Comtat de Cocentaina - COPE Alcoy","isPartOf":{"@id":"https:\/\/www.copealcoy.es\/es\/#website"},"primaryImageOfPage":{"@id":"https:\/\/www.copealcoy.es\/es\/la-volteta-dels-xiquets-llena-de-festa-el-passeig-del-comtat-de-cocentaina\/#primaryimage"},"image":{"@id":"https:\/\/www.copealcoy.es\/es\/la-volteta-dels-xiquets-llena-de-festa-el-passeig-del-comtat-de-cocentaina\/#primaryimage"},"thumbnailUrl":"https:\/\/www.copealcoy.es\/wp-content\/uploads\/2023\/08\/unnamed-1-5-scaled-e1691682798947.jpg","datePublished":"2023-08-08T20:43:35+00:00","dateModified":"2023-08-10T15:54:52+00:00","author":{"@id":"https:\/\/www.copealcoy.es\/es\/#\/schema\/person\/e777c87fa024e57d40170af9df39882c"},"description":"Cocentaina continua adelante con su Semana Festera y hoy\u00a0martes el protagonismo lo han tenido los peque\u00f1os con la Volteta dels Xiquets","breadcrumb":{"@id":"https:\/\/www.copealcoy.es\/es\/la-volteta-dels-xiquets-llena-de-festa-el-passeig-del-comtat-de-cocentaina\/#breadcrumb"},"inLanguage":"es","potentialAction":[{"@type":"ReadAction","target":["https:\/\/www.copealcoy.es\/es\/la-volteta-dels-xiquets-llena-de-festa-el-passeig-del-comtat-de-cocentaina\/"]}]},{"@type":"ImageObject","inLanguage":"es","@id":"https:\/\/www.copealcoy.es\/es\/la-volteta-dels-xiquets-llena-de-festa-el-passeig-del-comtat-de-cocentaina\/#primaryimage","url":"https:\/\/www.copealcoy.es\/wp-content\/uploads\/2023\/08\/unnamed-1-5-scaled-e1691682798947.jpg","contentUrl":"https:\/\/www.copealcoy.es\/wp-content\/uploads\/2023\/08\/unnamed-1-5-scaled-e1691682798947.jpg","width":640,"height":422},{"@type":"BreadcrumbList","@id":"https:\/\/www.copealcoy.es\/es\/la-volteta-dels-xiquets-llena-de-festa-el-passeig-del-comtat-de-cocentaina\/#breadcrumb","itemListElement":[{"@type":"ListItem","position":1,"name":"Portada","item":"https:\/\/www.copealcoy.es\/es\/"},{"@type":"ListItem","position":2,"name":"La &#8220;Volteta dels Xiquets&#8221; llena de Festa el Passeig del Comtat de Cocentaina"}]},{"@type":"WebSite","@id":"https:\/\/www.copealcoy.es\/es\/#website","url":"https:\/\/www.copealcoy.es\/es\/","name":"COPE Alcoy","description":"Emisora COPE de radio local con emisi\u00f3n online. Pont de Sant Jordi 8-10 03803 Alcoy","potentialAction":[{"@type":"SearchAction","target":{"@type":"EntryPoint","urlTemplate":"https:\/\/www.copealcoy.es\/es\/?s={search_term_string}"},"query-input":{"@type":"PropertyValueSpecification","valueRequired":true,"valueName":"search_term_string"}}],"inLanguage":"es"},{"@type":"Person","@id":"https:\/\/www.copealcoy.es\/es\/#\/schema\/person\/e777c87fa024e57d40170af9df39882c","name":"Cope Alcoy","image":{"@type":"ImageObject","inLanguage":"es","@id":"https:\/\/secure.gravatar.com\/avatar\/bb65d0283347e303893ba14f0692005417c1e0e690a325a4c5d8bb2b3943ee14?s=96&d=mm&r=g","url":"https:\/\/secure.gravatar.com\/avatar\/bb65d0283347e303893ba14f0692005417c1e0e690a325a4c5d8bb2b3943ee14?s=96&d=mm&r=g","contentUrl":"https:\/\/secure.gravatar.com\/avatar\/bb65d0283347e303893ba14f0692005417c1e0e690a325a4c5d8bb2b3943ee14?s=96&d=mm&r=g","caption":"Cope Alcoy"}}]}},"_links":{"self":[{"href":"https:\/\/www.copealcoy.es\/es\/wp-json\/wp\/v2\/posts\/120630","targetHints":{"allow":["GET"]}}],"collection":[{"href":"https:\/\/www.copealcoy.es\/es\/wp-json\/wp\/v2\/posts"}],"about":[{"href":"https:\/\/www.copealcoy.es\/es\/wp-json\/wp\/v2\/types\/post"}],"author":[{"embeddable":true,"href":"https:\/\/www.copealcoy.es\/es\/wp-json\/wp\/v2\/users\/1"}],"replies":[{"embeddable":true,"href":"https:\/\/www.copealcoy.es\/es\/wp-json\/wp\/v2\/comments?post=120630"}],"version-history":[{"count":0,"href":"https:\/\/www.copealcoy.es\/es\/wp-json\/wp\/v2\/posts\/120630\/revisions"}],"wp:featuredmedia":[{"embeddable":true,"href":"https:\/\/www.copealcoy.es\/es\/wp-json\/wp\/v2\/media\/120631"}],"wp:attachment":[{"href":"https:\/\/www.copealcoy.es\/es\/wp-json\/wp\/v2\/media?parent=120630"}],"wp:term":[{"taxonomy":"category","embeddable":true,"href":"https:\/\/www.copealcoy.es\/es\/wp-json\/wp\/v2\/categories?post=120630"},{"taxonomy":"post_tag","embeddable":true,"href":"https:\/\/www.copealcoy.es\/es\/wp-json\/wp\/v2\/tags?post=120630"}],"curies":[{"name":"wp","href":"https:\/\/api.w.org\/{rel}","templated":true}]}}