{"id":120569,"date":"2023-08-08T12:49:33","date_gmt":"2023-08-08T11:49:33","guid":{"rendered":"https:\/\/www.copealcoy.es\/?p=120569"},"modified":"2023-08-08T12:57:39","modified_gmt":"2023-08-08T11:57:39","slug":"el-ateneu-musical-de-cocentaina-sorprende-en-su-37-concierto-de-musica-festera","status":"publish","type":"post","link":"https:\/\/www.copealcoy.es\/es\/el-ateneu-musical-de-cocentaina-sorprende-en-su-37-concierto-de-musica-festera\/","title":{"rendered":"El Ateneu Musical de Cocentaina sorprende en su 37 Concierto de M\u00fasica Festera"},"content":{"rendered":"<p style=\"text-align: justify;\">Una <strong>apuesta arriesgada<\/strong> y <strong>superada con muy buena nota<\/strong>. As\u00ed puede definirse <strong>el brillante concierto de m\u00fasica festera<\/strong> que ofreci\u00f3 anoche el <a href=\"https:\/\/www.facebook.com\/ateneumusicaldecocentaina\" target=\"_blank\" rel=\"noopener\"><span style=\"color: #0000ff;\"><strong>Ateneu Musical de Cocentaina<\/strong><\/span><\/a> en el patio de armas del Palau Comtal a las puertas de los d\u00edas grandes de las Fiestas en honor a San Hip\u00f3lito M\u00e1rtir. La cita, que alcanz\u00f3 en esta ocasi\u00f3n su 37 edici\u00f3n, <strong>no defraud\u00f3 al p\u00fablico<\/strong> y destac\u00f3 por recuperar piezas festeras que en muchas ocasiones han ca\u00eddo en el olvido pero que son clave dentro de la evoluci\u00f3n de este g\u00e9nero.<\/p>\n<p style=\"text-align: justify;\">El Ateneu, <strong>bajo la direcci\u00f3n de Jos\u00e9 Miguel Fayos<\/strong>, arranc\u00f3 <strong>la primera parte<\/strong> haciendo un homenaje a su fundador e interpret\u00f3 el pasodoble\u00a0<em>Als Amics\u00a0<\/em>de Jos\u00e9 Insa Mart\u00ednez dando paso despu\u00e9s a un variado repertorio en el que sonaron piezas como la marcha mora\u00a0<em>Lumo,\u00a0<\/em>de Ram\u00f3n Ramos Villanueva, o la marcha cristiana\u00a0<em>David\u00a0<\/em>de Ram\u00f3n Garc\u00eda i Soler. Tambi\u00e9n los m\u00fasicos tocaron el pasodoble simf\u00f3nico <em>Juan Guillem &#8216;Zacar\u00e9s&#8217;,\u00a0<\/em>de Juanjo Guillem Piqueras, y la marcha cristiana <em>Tot Compartit\u00a0<\/em>de Josep Vicent Egea Insa antes de dar paso a la macha muslim\u00a0<em>Abencerrajes y Cegr\u00edes\u00a0<\/em>de Gonzalo Blanes.<\/p>\n<p style=\"text-align: justify;\">La <strong>segunda parte<\/strong> mantuvo el nivel de la anterior y comenz\u00f3 con la interpretaci\u00f3n de la marcha valenciana <em>La Flor del Taronger<\/em>, de Miguel Asins Arb\u00f3, continuando con la marcha cristiana\u00a0<em>Canticum<\/em> de Jos\u00e9 Miguel Fayos. El p\u00fablico tambi\u00e9n disfrut\u00f3 de la marcha mora de Rafael Mullor\u00a0<em>Al Primer Tro,\u00a0<\/em>el pasodoble\u00a0<em>Las Arenas\u00a0<\/em>de Manuel Morales o la marcha cristiana\u00a0<em>Xandri\u00a0<\/em>del murero Jos\u00e9 Rafael Pascual. Finalmente son\u00f3 entre los muros del hist\u00f3rico Palau Comtal la marcha mora\u00a0<em>Mascarada Festera\u00a0<\/em>del recordado Amando Blanquer Ponsoda, una pieza transcrita y revisada en 2023 por Rub\u00e9n Penad\u00e9s Silvestre.<\/p>\n<p style=\"text-align: justify;\">El concierto, presentado por el joven <strong>Curro Garc\u00eda Colomina<\/strong>, finaliz\u00f3 con l<strong>a interpretaci\u00f3n del Himno de Fiestas<\/strong> despu\u00e9s de los parlamentos de los Presidentes de la banda (Rafa Faus) y de la Junta de Festes (Rafael Monar).\u00a0 Como suele ser habitual, acudieron al acto <strong>algunos de los autores de las piezas<\/strong> y ellos mismos se encargaron de dirigir a los m\u00fasicos durante la interpretaci\u00f3n. Esta vez no faltaron al Palau Ram\u00f3n Garc\u00eda i Soler, Juanjo Guillem, Josep Vicent Egea Insa, Rafael Mullor Grau o Jos\u00e9 Rafael Pascual Vilaplana.<\/p>\n","protected":false},"excerpt":{"rendered":"<p>Una apuesta arriesgada y superada con muy buena nota. As\u00ed puede definirse el brillante concierto de m\u00fasica festera que ofreci\u00f3&#8230;<\/p>\n","protected":false},"author":1,"featured_media":120570,"comment_status":"open","ping_status":"open","sticky":false,"template":"","format":"standard","meta":{"footnotes":""},"categories":[6909,98,75],"tags":[1251,132,701,700],"class_list":["post-120569","post","type-post","status-publish","format-standard","has-post-thumbnail","hentry","category-actualidad","category-comarcas","category-noticias","tag-ateneu-musical","tag-cocentaina","tag-concierto","tag-musica-festera"],"yoast_head":"<!-- This site is optimized with the Yoast SEO plugin v27.3 - https:\/\/yoast.com\/product\/yoast-seo-wordpress\/ -->\n<title>El Ateneu Musical de Cocentaina sorprende en su 37 Concierto de M\u00fasica Festera - COPE Alcoy<\/title>\n<meta name=\"description\" content=\"L&#039;Ateneu Musical de Cocentaina celebra con gran \u00e9xito la 37 edici\u00f3n de su Concierto de M\u00fasica Fiestera antes de los Moros y Cristianos\" \/>\n<meta name=\"robots\" content=\"index, follow, max-snippet:-1, max-image-preview:large, max-video-preview:-1\" \/>\n<link rel=\"canonical\" href=\"https:\/\/www.copealcoy.es\/es\/el-ateneu-musical-de-cocentaina-sorprende-en-su-37-concierto-de-musica-festera\/\" \/>\n<meta property=\"og:locale\" content=\"es_ES\" \/>\n<meta property=\"og:type\" content=\"article\" \/>\n<meta property=\"og:title\" content=\"El Ateneu Musical de Cocentaina sorprende en su 37 Concierto de M\u00fasica Festera - COPE Alcoy\" \/>\n<meta property=\"og:description\" content=\"L&#039;Ateneu Musical de Cocentaina celebra con gran \u00e9xito la 37 edici\u00f3n de su Concierto de M\u00fasica Fiestera antes de los Moros y Cristianos\" \/>\n<meta property=\"og:url\" content=\"https:\/\/www.copealcoy.es\/es\/el-ateneu-musical-de-cocentaina-sorprende-en-su-37-concierto-de-musica-festera\/\" \/>\n<meta property=\"og:site_name\" content=\"COPE Alcoy\" \/>\n<meta property=\"article:published_time\" content=\"2023-08-08T11:49:33+00:00\" \/>\n<meta property=\"article:modified_time\" content=\"2023-08-08T11:57:39+00:00\" \/>\n<meta property=\"og:image\" content=\"https:\/\/www.copealcoy.es\/wp-content\/uploads\/2023\/08\/unnamed-1-2.jpg\" \/>\n\t<meta property=\"og:image:width\" content=\"1455\" \/>\n\t<meta property=\"og:image:height\" content=\"694\" \/>\n\t<meta property=\"og:image:type\" content=\"image\/jpeg\" \/>\n<meta name=\"author\" content=\"Cope Alcoy\" \/>\n<meta name=\"twitter:label1\" content=\"Escrito por\" \/>\n\t<meta name=\"twitter:data1\" content=\"Cope Alcoy\" \/>\n\t<meta name=\"twitter:label2\" content=\"Tiempo de lectura\" \/>\n\t<meta name=\"twitter:data2\" content=\"3 minutos\" \/>\n<script type=\"application\/ld+json\" class=\"yoast-schema-graph\">{\"@context\":\"https:\\\/\\\/schema.org\",\"@graph\":[{\"@type\":\"Article\",\"@id\":\"https:\\\/\\\/www.copealcoy.es\\\/es\\\/el-ateneu-musical-de-cocentaina-sorprende-en-su-37-concierto-de-musica-festera\\\/#article\",\"isPartOf\":{\"@id\":\"https:\\\/\\\/www.copealcoy.es\\\/es\\\/el-ateneu-musical-de-cocentaina-sorprende-en-su-37-concierto-de-musica-festera\\\/\"},\"author\":{\"name\":\"Cope Alcoy\",\"@id\":\"https:\\\/\\\/www.copealcoy.es\\\/es\\\/#\\\/schema\\\/person\\\/e777c87fa024e57d40170af9df39882c\"},\"headline\":\"El Ateneu Musical de Cocentaina sorprende en su 37 Concierto de M\u00fasica Festera\",\"datePublished\":\"2023-08-08T11:49:33+00:00\",\"dateModified\":\"2023-08-08T11:57:39+00:00\",\"mainEntityOfPage\":{\"@id\":\"https:\\\/\\\/www.copealcoy.es\\\/es\\\/el-ateneu-musical-de-cocentaina-sorprende-en-su-37-concierto-de-musica-festera\\\/\"},\"wordCount\":419,\"commentCount\":0,\"image\":{\"@id\":\"https:\\\/\\\/www.copealcoy.es\\\/es\\\/el-ateneu-musical-de-cocentaina-sorprende-en-su-37-concierto-de-musica-festera\\\/#primaryimage\"},\"thumbnailUrl\":\"https:\\\/\\\/www.copealcoy.es\\\/wp-content\\\/uploads\\\/2023\\\/08\\\/unnamed-1-2.jpg\",\"keywords\":[\"Ateneu Musical\",\"Cocentaina\",\"Concierto\",\"M\u00fasica Festera\"],\"articleSection\":[\"Actualidad\",\"Comarcas\",\"Noticias\"],\"inLanguage\":\"es\"},{\"@type\":\"WebPage\",\"@id\":\"https:\\\/\\\/www.copealcoy.es\\\/es\\\/el-ateneu-musical-de-cocentaina-sorprende-en-su-37-concierto-de-musica-festera\\\/\",\"url\":\"https:\\\/\\\/www.copealcoy.es\\\/es\\\/el-ateneu-musical-de-cocentaina-sorprende-en-su-37-concierto-de-musica-festera\\\/\",\"name\":\"El Ateneu Musical de Cocentaina sorprende en su 37 Concierto de M\u00fasica Festera - COPE Alcoy\",\"isPartOf\":{\"@id\":\"https:\\\/\\\/www.copealcoy.es\\\/es\\\/#website\"},\"primaryImageOfPage\":{\"@id\":\"https:\\\/\\\/www.copealcoy.es\\\/es\\\/el-ateneu-musical-de-cocentaina-sorprende-en-su-37-concierto-de-musica-festera\\\/#primaryimage\"},\"image\":{\"@id\":\"https:\\\/\\\/www.copealcoy.es\\\/es\\\/el-ateneu-musical-de-cocentaina-sorprende-en-su-37-concierto-de-musica-festera\\\/#primaryimage\"},\"thumbnailUrl\":\"https:\\\/\\\/www.copealcoy.es\\\/wp-content\\\/uploads\\\/2023\\\/08\\\/unnamed-1-2.jpg\",\"datePublished\":\"2023-08-08T11:49:33+00:00\",\"dateModified\":\"2023-08-08T11:57:39+00:00\",\"author\":{\"@id\":\"https:\\\/\\\/www.copealcoy.es\\\/es\\\/#\\\/schema\\\/person\\\/e777c87fa024e57d40170af9df39882c\"},\"description\":\"L'Ateneu Musical de Cocentaina celebra con gran \u00e9xito la 37 edici\u00f3n de su Concierto de M\u00fasica Fiestera antes de los Moros y Cristianos\",\"breadcrumb\":{\"@id\":\"https:\\\/\\\/www.copealcoy.es\\\/es\\\/el-ateneu-musical-de-cocentaina-sorprende-en-su-37-concierto-de-musica-festera\\\/#breadcrumb\"},\"inLanguage\":\"es\",\"potentialAction\":[{\"@type\":\"ReadAction\",\"target\":[\"https:\\\/\\\/www.copealcoy.es\\\/es\\\/el-ateneu-musical-de-cocentaina-sorprende-en-su-37-concierto-de-musica-festera\\\/\"]}]},{\"@type\":\"ImageObject\",\"inLanguage\":\"es\",\"@id\":\"https:\\\/\\\/www.copealcoy.es\\\/es\\\/el-ateneu-musical-de-cocentaina-sorprende-en-su-37-concierto-de-musica-festera\\\/#primaryimage\",\"url\":\"https:\\\/\\\/www.copealcoy.es\\\/wp-content\\\/uploads\\\/2023\\\/08\\\/unnamed-1-2.jpg\",\"contentUrl\":\"https:\\\/\\\/www.copealcoy.es\\\/wp-content\\\/uploads\\\/2023\\\/08\\\/unnamed-1-2.jpg\",\"width\":1455,\"height\":694},{\"@type\":\"BreadcrumbList\",\"@id\":\"https:\\\/\\\/www.copealcoy.es\\\/es\\\/el-ateneu-musical-de-cocentaina-sorprende-en-su-37-concierto-de-musica-festera\\\/#breadcrumb\",\"itemListElement\":[{\"@type\":\"ListItem\",\"position\":1,\"name\":\"Portada\",\"item\":\"https:\\\/\\\/www.copealcoy.es\\\/es\\\/\"},{\"@type\":\"ListItem\",\"position\":2,\"name\":\"El Ateneu Musical de Cocentaina sorprende en su 37 Concierto de M\u00fasica Festera\"}]},{\"@type\":\"WebSite\",\"@id\":\"https:\\\/\\\/www.copealcoy.es\\\/es\\\/#website\",\"url\":\"https:\\\/\\\/www.copealcoy.es\\\/es\\\/\",\"name\":\"COPE Alcoy\",\"description\":\"Emisora COPE de radio local con emisi\u00f3n online. Pont de Sant Jordi 8-10 03803 Alcoy\",\"potentialAction\":[{\"@type\":\"SearchAction\",\"target\":{\"@type\":\"EntryPoint\",\"urlTemplate\":\"https:\\\/\\\/www.copealcoy.es\\\/es\\\/?s={search_term_string}\"},\"query-input\":{\"@type\":\"PropertyValueSpecification\",\"valueRequired\":true,\"valueName\":\"search_term_string\"}}],\"inLanguage\":\"es\"},{\"@type\":\"Person\",\"@id\":\"https:\\\/\\\/www.copealcoy.es\\\/es\\\/#\\\/schema\\\/person\\\/e777c87fa024e57d40170af9df39882c\",\"name\":\"Cope Alcoy\",\"image\":{\"@type\":\"ImageObject\",\"inLanguage\":\"es\",\"@id\":\"https:\\\/\\\/secure.gravatar.com\\\/avatar\\\/bb65d0283347e303893ba14f0692005417c1e0e690a325a4c5d8bb2b3943ee14?s=96&d=mm&r=g\",\"url\":\"https:\\\/\\\/secure.gravatar.com\\\/avatar\\\/bb65d0283347e303893ba14f0692005417c1e0e690a325a4c5d8bb2b3943ee14?s=96&d=mm&r=g\",\"contentUrl\":\"https:\\\/\\\/secure.gravatar.com\\\/avatar\\\/bb65d0283347e303893ba14f0692005417c1e0e690a325a4c5d8bb2b3943ee14?s=96&d=mm&r=g\",\"caption\":\"Cope Alcoy\"}}]}<\/script>\n<!-- \/ Yoast SEO plugin. -->","yoast_head_json":{"title":"El Ateneu Musical de Cocentaina sorprende en su 37 Concierto de M\u00fasica Festera - COPE Alcoy","description":"L'Ateneu Musical de Cocentaina celebra con gran \u00e9xito la 37 edici\u00f3n de su Concierto de M\u00fasica Fiestera antes de los Moros y Cristianos","robots":{"index":"index","follow":"follow","max-snippet":"max-snippet:-1","max-image-preview":"max-image-preview:large","max-video-preview":"max-video-preview:-1"},"canonical":"https:\/\/www.copealcoy.es\/es\/el-ateneu-musical-de-cocentaina-sorprende-en-su-37-concierto-de-musica-festera\/","og_locale":"es_ES","og_type":"article","og_title":"El Ateneu Musical de Cocentaina sorprende en su 37 Concierto de M\u00fasica Festera - COPE Alcoy","og_description":"L'Ateneu Musical de Cocentaina celebra con gran \u00e9xito la 37 edici\u00f3n de su Concierto de M\u00fasica Fiestera antes de los Moros y Cristianos","og_url":"https:\/\/www.copealcoy.es\/es\/el-ateneu-musical-de-cocentaina-sorprende-en-su-37-concierto-de-musica-festera\/","og_site_name":"COPE Alcoy","article_published_time":"2023-08-08T11:49:33+00:00","article_modified_time":"2023-08-08T11:57:39+00:00","og_image":[{"width":1455,"height":694,"url":"https:\/\/www.copealcoy.es\/wp-content\/uploads\/2023\/08\/unnamed-1-2.jpg","type":"image\/jpeg"}],"author":"Cope Alcoy","twitter_misc":{"Escrito por":"Cope Alcoy","Tiempo de lectura":"3 minutos"},"schema":{"@context":"https:\/\/schema.org","@graph":[{"@type":"Article","@id":"https:\/\/www.copealcoy.es\/es\/el-ateneu-musical-de-cocentaina-sorprende-en-su-37-concierto-de-musica-festera\/#article","isPartOf":{"@id":"https:\/\/www.copealcoy.es\/es\/el-ateneu-musical-de-cocentaina-sorprende-en-su-37-concierto-de-musica-festera\/"},"author":{"name":"Cope Alcoy","@id":"https:\/\/www.copealcoy.es\/es\/#\/schema\/person\/e777c87fa024e57d40170af9df39882c"},"headline":"El Ateneu Musical de Cocentaina sorprende en su 37 Concierto de M\u00fasica Festera","datePublished":"2023-08-08T11:49:33+00:00","dateModified":"2023-08-08T11:57:39+00:00","mainEntityOfPage":{"@id":"https:\/\/www.copealcoy.es\/es\/el-ateneu-musical-de-cocentaina-sorprende-en-su-37-concierto-de-musica-festera\/"},"wordCount":419,"commentCount":0,"image":{"@id":"https:\/\/www.copealcoy.es\/es\/el-ateneu-musical-de-cocentaina-sorprende-en-su-37-concierto-de-musica-festera\/#primaryimage"},"thumbnailUrl":"https:\/\/www.copealcoy.es\/wp-content\/uploads\/2023\/08\/unnamed-1-2.jpg","keywords":["Ateneu Musical","Cocentaina","Concierto","M\u00fasica Festera"],"articleSection":["Actualidad","Comarcas","Noticias"],"inLanguage":"es"},{"@type":"WebPage","@id":"https:\/\/www.copealcoy.es\/es\/el-ateneu-musical-de-cocentaina-sorprende-en-su-37-concierto-de-musica-festera\/","url":"https:\/\/www.copealcoy.es\/es\/el-ateneu-musical-de-cocentaina-sorprende-en-su-37-concierto-de-musica-festera\/","name":"El Ateneu Musical de Cocentaina sorprende en su 37 Concierto de M\u00fasica Festera - COPE Alcoy","isPartOf":{"@id":"https:\/\/www.copealcoy.es\/es\/#website"},"primaryImageOfPage":{"@id":"https:\/\/www.copealcoy.es\/es\/el-ateneu-musical-de-cocentaina-sorprende-en-su-37-concierto-de-musica-festera\/#primaryimage"},"image":{"@id":"https:\/\/www.copealcoy.es\/es\/el-ateneu-musical-de-cocentaina-sorprende-en-su-37-concierto-de-musica-festera\/#primaryimage"},"thumbnailUrl":"https:\/\/www.copealcoy.es\/wp-content\/uploads\/2023\/08\/unnamed-1-2.jpg","datePublished":"2023-08-08T11:49:33+00:00","dateModified":"2023-08-08T11:57:39+00:00","author":{"@id":"https:\/\/www.copealcoy.es\/es\/#\/schema\/person\/e777c87fa024e57d40170af9df39882c"},"description":"L'Ateneu Musical de Cocentaina celebra con gran \u00e9xito la 37 edici\u00f3n de su Concierto de M\u00fasica Fiestera antes de los Moros y Cristianos","breadcrumb":{"@id":"https:\/\/www.copealcoy.es\/es\/el-ateneu-musical-de-cocentaina-sorprende-en-su-37-concierto-de-musica-festera\/#breadcrumb"},"inLanguage":"es","potentialAction":[{"@type":"ReadAction","target":["https:\/\/www.copealcoy.es\/es\/el-ateneu-musical-de-cocentaina-sorprende-en-su-37-concierto-de-musica-festera\/"]}]},{"@type":"ImageObject","inLanguage":"es","@id":"https:\/\/www.copealcoy.es\/es\/el-ateneu-musical-de-cocentaina-sorprende-en-su-37-concierto-de-musica-festera\/#primaryimage","url":"https:\/\/www.copealcoy.es\/wp-content\/uploads\/2023\/08\/unnamed-1-2.jpg","contentUrl":"https:\/\/www.copealcoy.es\/wp-content\/uploads\/2023\/08\/unnamed-1-2.jpg","width":1455,"height":694},{"@type":"BreadcrumbList","@id":"https:\/\/www.copealcoy.es\/es\/el-ateneu-musical-de-cocentaina-sorprende-en-su-37-concierto-de-musica-festera\/#breadcrumb","itemListElement":[{"@type":"ListItem","position":1,"name":"Portada","item":"https:\/\/www.copealcoy.es\/es\/"},{"@type":"ListItem","position":2,"name":"El Ateneu Musical de Cocentaina sorprende en su 37 Concierto de M\u00fasica Festera"}]},{"@type":"WebSite","@id":"https:\/\/www.copealcoy.es\/es\/#website","url":"https:\/\/www.copealcoy.es\/es\/","name":"COPE Alcoy","description":"Emisora COPE de radio local con emisi\u00f3n online. Pont de Sant Jordi 8-10 03803 Alcoy","potentialAction":[{"@type":"SearchAction","target":{"@type":"EntryPoint","urlTemplate":"https:\/\/www.copealcoy.es\/es\/?s={search_term_string}"},"query-input":{"@type":"PropertyValueSpecification","valueRequired":true,"valueName":"search_term_string"}}],"inLanguage":"es"},{"@type":"Person","@id":"https:\/\/www.copealcoy.es\/es\/#\/schema\/person\/e777c87fa024e57d40170af9df39882c","name":"Cope Alcoy","image":{"@type":"ImageObject","inLanguage":"es","@id":"https:\/\/secure.gravatar.com\/avatar\/bb65d0283347e303893ba14f0692005417c1e0e690a325a4c5d8bb2b3943ee14?s=96&d=mm&r=g","url":"https:\/\/secure.gravatar.com\/avatar\/bb65d0283347e303893ba14f0692005417c1e0e690a325a4c5d8bb2b3943ee14?s=96&d=mm&r=g","contentUrl":"https:\/\/secure.gravatar.com\/avatar\/bb65d0283347e303893ba14f0692005417c1e0e690a325a4c5d8bb2b3943ee14?s=96&d=mm&r=g","caption":"Cope Alcoy"}}]}},"_links":{"self":[{"href":"https:\/\/www.copealcoy.es\/es\/wp-json\/wp\/v2\/posts\/120569","targetHints":{"allow":["GET"]}}],"collection":[{"href":"https:\/\/www.copealcoy.es\/es\/wp-json\/wp\/v2\/posts"}],"about":[{"href":"https:\/\/www.copealcoy.es\/es\/wp-json\/wp\/v2\/types\/post"}],"author":[{"embeddable":true,"href":"https:\/\/www.copealcoy.es\/es\/wp-json\/wp\/v2\/users\/1"}],"replies":[{"embeddable":true,"href":"https:\/\/www.copealcoy.es\/es\/wp-json\/wp\/v2\/comments?post=120569"}],"version-history":[{"count":0,"href":"https:\/\/www.copealcoy.es\/es\/wp-json\/wp\/v2\/posts\/120569\/revisions"}],"wp:featuredmedia":[{"embeddable":true,"href":"https:\/\/www.copealcoy.es\/es\/wp-json\/wp\/v2\/media\/120570"}],"wp:attachment":[{"href":"https:\/\/www.copealcoy.es\/es\/wp-json\/wp\/v2\/media?parent=120569"}],"wp:term":[{"taxonomy":"category","embeddable":true,"href":"https:\/\/www.copealcoy.es\/es\/wp-json\/wp\/v2\/categories?post=120569"},{"taxonomy":"post_tag","embeddable":true,"href":"https:\/\/www.copealcoy.es\/es\/wp-json\/wp\/v2\/tags?post=120569"}],"curies":[{"name":"wp","href":"https:\/\/api.w.org\/{rel}","templated":true}]}}