{"id":120538,"date":"2023-08-04T12:36:38","date_gmt":"2023-08-04T11:36:38","guid":{"rendered":"https:\/\/www.copealcoy.es\/?p=120538"},"modified":"2023-08-05T17:26:04","modified_gmt":"2023-08-05T16:26:04","slug":"els-comptes-abren-camino-hacia-las-fiestas-de-cocentaina","status":"publish","type":"post","link":"https:\/\/www.copealcoy.es\/es\/els-comptes-abren-camino-hacia-las-fiestas-de-cocentaina\/","title":{"rendered":"&#8216;Els Comptes&#8217; abren camino hacia las Fiestas de Cocentaina"},"content":{"rendered":"<p style=\"text-align: justify;\">Cocentaina\u00a0<strong>ya se encuentra a una semana vista del inicio de sus Fiestas en honor a San Hip\u00f3lito M\u00e1rtir<\/strong>\u00a0y antes de los d\u00edas grandes, el municipio vivir\u00e1\u00a0<strong>una fren\u00e9tica Semana Festera<\/strong>\u00a0repleta de actividades tanto culturales como de \u00edndole festiva. El pistoletazo de salida se produce este fin de semana con\u00a0<strong>la celebraci\u00f3n del tradicional \u2018Dia dels Comptes\u2019<\/strong>, unas jornadas en las que los festeros\u00a0<strong>ponen al d\u00eda sus respectivas cuotas en las Filaes<\/strong>\u00a0al mismo tiempo que\u00a0<strong>ultiman todos los detalles<\/strong>\u00a0de cara a la inminente trilog\u00eda.<\/p>\n<p style=\"text-align: justify;\">Es habitual que en \u2018Els Comptes\u2019 los festeros y las festeras arranquen la actividad con un buen almuerzo que da paso al cl\u00e1sico\u00a0<em>vermudet<\/em>\u00a0de mediod\u00eda como\u00a0<strong>preludio a las \u2018Voltetes\u2019<\/strong> que llenar\u00e1n de m\u00fasica y buen ambiente el Passeig del Comtat durante la noche. Hay que destacar que en este 5 de agosto desfilar\u00e1n, a partir de las 22:40h, las Filaes <strong>Mulad\u00eds, Cavallers de Ll\u00faria, Contestanos, Maseros, Almog\u00e0vers, Gentils, Creuats, Contrabandistes, Cavalleria Ministerial, Bereberes \u2018Els Borts\u2019, Manta Roja, Bequeteros, Mud\u00e8jars, Gu\u00e0rdia Jalifiana \u2018Sahorins\u2019 <\/strong>y<strong> Kabilenyos<\/strong>. Finalmente, el domingo, a las 23:30h,\u00a0<strong>desfilar\u00e1 la Fil\u00e0 Llana<\/strong> que todav\u00eda mantiene la costumbre de realizar \u2018Els Comptes\u2019 en domingo tal y como era t\u00edpico anta\u00f1o.<\/p>\n<p style=\"text-align: justify;\">Durante los pr\u00f3ximos d\u00edas <strong>se suceder\u00e1n los actos<\/strong> despu\u00e9s de que el viernes <strong>la Colla Mal Passet<\/strong> abriese el ciclo de conciertos de m\u00fasica festera previos a los moros y cristianos. Lunes ser\u00e1 el turno del <strong>Ateneu Musical<\/strong> y jueves de la <strong>Uni\u00f3n Musical Contestana<\/strong>, unas citas que tendr\u00e1n lugar a partir de las 22:30h en el patio de armas del Palau Comtal. A ello se le suman\u00a0<strong>la peculiar \u2018Volteta dels Xiquets\u2019<\/strong> del martes por la tarde, el <strong>final de la Novena de San Hip\u00f3lito<\/strong> el mi\u00e9rcoles o <strong>la misa solemne<\/strong>, seguida del\u00a0<strong>traslado de la imagen peque\u00f1a de San Hip\u00f3lito<\/strong> desde la Parroquia del Salvador al Monasterio de la Mare de D\u00e9u del Miracle, a las 19:30h del pr\u00f3ximo jueves. Tambi\u00e9n martes y mi\u00e9rcoles, a partir de la medianoche, habr\u00e1 &#8216;Voltetes&#8217; por el Passeig del Comtat<\/p>\n","protected":false},"excerpt":{"rendered":"<p>Cocentaina\u00a0ya se encuentra a una semana vista del inicio de sus Fiestas en honor a San Hip\u00f3lito M\u00e1rtir\u00a0y antes de&#8230;<\/p>\n","protected":false},"author":1,"featured_media":90546,"comment_status":"open","ping_status":"open","sticky":false,"template":"","format":"standard","meta":{"footnotes":""},"categories":[6909,98,75,1],"tags":[132,2725,565,609],"class_list":["post-120538","post","type-post","status-publish","format-standard","has-post-thumbnail","hentry","category-actualidad","category-comarcas","category-noticias","category-sin-categorizar","tag-cocentaina","tag-els-comptes","tag-fiestas","tag-moros-y-cristianos"],"yoast_head":"<!-- This site is optimized with the Yoast SEO plugin v27.3 - https:\/\/yoast.com\/product\/yoast-seo-wordpress\/ -->\n<title>&#039;Els Comptes&#039; abren camino hacia las Fiestas de Cocentaina - COPE Alcoy<\/title>\n<meta name=\"description\" content=\"Cocentaina\u00a0ya se encuentra a una semana vista del inicio de sus Fiestas en honor a San Hip\u00f3lito M\u00e1rtir\u00a0que se celeban la pr\u00f3xima semana\" \/>\n<meta name=\"robots\" content=\"index, follow, max-snippet:-1, max-image-preview:large, max-video-preview:-1\" \/>\n<link rel=\"canonical\" href=\"https:\/\/www.copealcoy.es\/es\/els-comptes-abren-camino-hacia-las-fiestas-de-cocentaina\/\" \/>\n<meta property=\"og:locale\" content=\"es_ES\" \/>\n<meta property=\"og:type\" content=\"article\" \/>\n<meta property=\"og:title\" content=\"&#039;Els Comptes&#039; abren camino hacia las Fiestas de Cocentaina - COPE Alcoy\" \/>\n<meta property=\"og:description\" content=\"Cocentaina\u00a0ya se encuentra a una semana vista del inicio de sus Fiestas en honor a San Hip\u00f3lito M\u00e1rtir\u00a0que se celeban la pr\u00f3xima semana\" \/>\n<meta property=\"og:url\" content=\"https:\/\/www.copealcoy.es\/es\/els-comptes-abren-camino-hacia-las-fiestas-de-cocentaina\/\" \/>\n<meta property=\"og:site_name\" content=\"COPE Alcoy\" \/>\n<meta property=\"article:published_time\" content=\"2023-08-04T11:36:38+00:00\" \/>\n<meta property=\"article:modified_time\" content=\"2023-08-05T16:26:04+00:00\" \/>\n<meta property=\"og:image\" content=\"https:\/\/www.copealcoy.es\/wp-content\/uploads\/2022\/08\/297600335_10210046063183652_5252158084658316805_n-e1660162210921.jpg\" \/>\n\t<meta property=\"og:image:width\" content=\"640\" \/>\n\t<meta property=\"og:image:height\" content=\"379\" \/>\n\t<meta property=\"og:image:type\" content=\"image\/jpeg\" \/>\n<meta name=\"author\" content=\"Cope Alcoy\" \/>\n<meta name=\"twitter:label1\" content=\"Escrito por\" \/>\n\t<meta name=\"twitter:data1\" content=\"Cope Alcoy\" \/>\n\t<meta name=\"twitter:label2\" content=\"Tiempo de lectura\" \/>\n\t<meta name=\"twitter:data2\" content=\"2 minutos\" \/>\n<script type=\"application\/ld+json\" class=\"yoast-schema-graph\">{\"@context\":\"https:\\\/\\\/schema.org\",\"@graph\":[{\"@type\":\"Article\",\"@id\":\"https:\\\/\\\/www.copealcoy.es\\\/es\\\/els-comptes-abren-camino-hacia-las-fiestas-de-cocentaina\\\/#article\",\"isPartOf\":{\"@id\":\"https:\\\/\\\/www.copealcoy.es\\\/es\\\/els-comptes-abren-camino-hacia-las-fiestas-de-cocentaina\\\/\"},\"author\":{\"name\":\"Cope Alcoy\",\"@id\":\"https:\\\/\\\/www.copealcoy.es\\\/es\\\/#\\\/schema\\\/person\\\/e777c87fa024e57d40170af9df39882c\"},\"headline\":\"&#8216;Els Comptes&#8217; abren camino hacia las Fiestas de Cocentaina\",\"datePublished\":\"2023-08-04T11:36:38+00:00\",\"dateModified\":\"2023-08-05T16:26:04+00:00\",\"mainEntityOfPage\":{\"@id\":\"https:\\\/\\\/www.copealcoy.es\\\/es\\\/els-comptes-abren-camino-hacia-las-fiestas-de-cocentaina\\\/\"},\"wordCount\":383,\"commentCount\":0,\"image\":{\"@id\":\"https:\\\/\\\/www.copealcoy.es\\\/es\\\/els-comptes-abren-camino-hacia-las-fiestas-de-cocentaina\\\/#primaryimage\"},\"thumbnailUrl\":\"https:\\\/\\\/www.copealcoy.es\\\/wp-content\\\/uploads\\\/2022\\\/08\\\/297600335_10210046063183652_5252158084658316805_n-e1660162210921.jpg\",\"keywords\":[\"Cocentaina\",\"Els Comptes\",\"Fiestas\",\"Moros Y Cristianos\"],\"articleSection\":[\"Actualidad\",\"Comarcas\",\"Noticias\",\"Sin categorizar\"],\"inLanguage\":\"es\"},{\"@type\":\"WebPage\",\"@id\":\"https:\\\/\\\/www.copealcoy.es\\\/es\\\/els-comptes-abren-camino-hacia-las-fiestas-de-cocentaina\\\/\",\"url\":\"https:\\\/\\\/www.copealcoy.es\\\/es\\\/els-comptes-abren-camino-hacia-las-fiestas-de-cocentaina\\\/\",\"name\":\"'Els Comptes' abren camino hacia las Fiestas de Cocentaina - COPE Alcoy\",\"isPartOf\":{\"@id\":\"https:\\\/\\\/www.copealcoy.es\\\/es\\\/#website\"},\"primaryImageOfPage\":{\"@id\":\"https:\\\/\\\/www.copealcoy.es\\\/es\\\/els-comptes-abren-camino-hacia-las-fiestas-de-cocentaina\\\/#primaryimage\"},\"image\":{\"@id\":\"https:\\\/\\\/www.copealcoy.es\\\/es\\\/els-comptes-abren-camino-hacia-las-fiestas-de-cocentaina\\\/#primaryimage\"},\"thumbnailUrl\":\"https:\\\/\\\/www.copealcoy.es\\\/wp-content\\\/uploads\\\/2022\\\/08\\\/297600335_10210046063183652_5252158084658316805_n-e1660162210921.jpg\",\"datePublished\":\"2023-08-04T11:36:38+00:00\",\"dateModified\":\"2023-08-05T16:26:04+00:00\",\"author\":{\"@id\":\"https:\\\/\\\/www.copealcoy.es\\\/es\\\/#\\\/schema\\\/person\\\/e777c87fa024e57d40170af9df39882c\"},\"description\":\"Cocentaina\u00a0ya se encuentra a una semana vista del inicio de sus Fiestas en honor a San Hip\u00f3lito M\u00e1rtir\u00a0que se celeban la pr\u00f3xima semana\",\"breadcrumb\":{\"@id\":\"https:\\\/\\\/www.copealcoy.es\\\/es\\\/els-comptes-abren-camino-hacia-las-fiestas-de-cocentaina\\\/#breadcrumb\"},\"inLanguage\":\"es\",\"potentialAction\":[{\"@type\":\"ReadAction\",\"target\":[\"https:\\\/\\\/www.copealcoy.es\\\/es\\\/els-comptes-abren-camino-hacia-las-fiestas-de-cocentaina\\\/\"]}]},{\"@type\":\"ImageObject\",\"inLanguage\":\"es\",\"@id\":\"https:\\\/\\\/www.copealcoy.es\\\/es\\\/els-comptes-abren-camino-hacia-las-fiestas-de-cocentaina\\\/#primaryimage\",\"url\":\"https:\\\/\\\/www.copealcoy.es\\\/wp-content\\\/uploads\\\/2022\\\/08\\\/297600335_10210046063183652_5252158084658316805_n-e1660162210921.jpg\",\"contentUrl\":\"https:\\\/\\\/www.copealcoy.es\\\/wp-content\\\/uploads\\\/2022\\\/08\\\/297600335_10210046063183652_5252158084658316805_n-e1660162210921.jpg\",\"width\":640,\"height\":379},{\"@type\":\"BreadcrumbList\",\"@id\":\"https:\\\/\\\/www.copealcoy.es\\\/es\\\/els-comptes-abren-camino-hacia-las-fiestas-de-cocentaina\\\/#breadcrumb\",\"itemListElement\":[{\"@type\":\"ListItem\",\"position\":1,\"name\":\"Portada\",\"item\":\"https:\\\/\\\/www.copealcoy.es\\\/es\\\/\"},{\"@type\":\"ListItem\",\"position\":2,\"name\":\"&#8216;Els Comptes&#8217; abren camino hacia las Fiestas de Cocentaina\"}]},{\"@type\":\"WebSite\",\"@id\":\"https:\\\/\\\/www.copealcoy.es\\\/es\\\/#website\",\"url\":\"https:\\\/\\\/www.copealcoy.es\\\/es\\\/\",\"name\":\"COPE Alcoy\",\"description\":\"Emisora COPE de radio local con emisi\u00f3n online. Pont de Sant Jordi 8-10 03803 Alcoy\",\"potentialAction\":[{\"@type\":\"SearchAction\",\"target\":{\"@type\":\"EntryPoint\",\"urlTemplate\":\"https:\\\/\\\/www.copealcoy.es\\\/es\\\/?s={search_term_string}\"},\"query-input\":{\"@type\":\"PropertyValueSpecification\",\"valueRequired\":true,\"valueName\":\"search_term_string\"}}],\"inLanguage\":\"es\"},{\"@type\":\"Person\",\"@id\":\"https:\\\/\\\/www.copealcoy.es\\\/es\\\/#\\\/schema\\\/person\\\/e777c87fa024e57d40170af9df39882c\",\"name\":\"Cope Alcoy\",\"image\":{\"@type\":\"ImageObject\",\"inLanguage\":\"es\",\"@id\":\"https:\\\/\\\/secure.gravatar.com\\\/avatar\\\/bb65d0283347e303893ba14f0692005417c1e0e690a325a4c5d8bb2b3943ee14?s=96&d=mm&r=g\",\"url\":\"https:\\\/\\\/secure.gravatar.com\\\/avatar\\\/bb65d0283347e303893ba14f0692005417c1e0e690a325a4c5d8bb2b3943ee14?s=96&d=mm&r=g\",\"contentUrl\":\"https:\\\/\\\/secure.gravatar.com\\\/avatar\\\/bb65d0283347e303893ba14f0692005417c1e0e690a325a4c5d8bb2b3943ee14?s=96&d=mm&r=g\",\"caption\":\"Cope Alcoy\"}}]}<\/script>\n<!-- \/ Yoast SEO plugin. -->","yoast_head_json":{"title":"'Els Comptes' abren camino hacia las Fiestas de Cocentaina - COPE Alcoy","description":"Cocentaina\u00a0ya se encuentra a una semana vista del inicio de sus Fiestas en honor a San Hip\u00f3lito M\u00e1rtir\u00a0que se celeban la pr\u00f3xima semana","robots":{"index":"index","follow":"follow","max-snippet":"max-snippet:-1","max-image-preview":"max-image-preview:large","max-video-preview":"max-video-preview:-1"},"canonical":"https:\/\/www.copealcoy.es\/es\/els-comptes-abren-camino-hacia-las-fiestas-de-cocentaina\/","og_locale":"es_ES","og_type":"article","og_title":"'Els Comptes' abren camino hacia las Fiestas de Cocentaina - COPE Alcoy","og_description":"Cocentaina\u00a0ya se encuentra a una semana vista del inicio de sus Fiestas en honor a San Hip\u00f3lito M\u00e1rtir\u00a0que se celeban la pr\u00f3xima semana","og_url":"https:\/\/www.copealcoy.es\/es\/els-comptes-abren-camino-hacia-las-fiestas-de-cocentaina\/","og_site_name":"COPE Alcoy","article_published_time":"2023-08-04T11:36:38+00:00","article_modified_time":"2023-08-05T16:26:04+00:00","og_image":[{"width":640,"height":379,"url":"https:\/\/www.copealcoy.es\/wp-content\/uploads\/2022\/08\/297600335_10210046063183652_5252158084658316805_n-e1660162210921.jpg","type":"image\/jpeg"}],"author":"Cope Alcoy","twitter_misc":{"Escrito por":"Cope Alcoy","Tiempo de lectura":"2 minutos"},"schema":{"@context":"https:\/\/schema.org","@graph":[{"@type":"Article","@id":"https:\/\/www.copealcoy.es\/es\/els-comptes-abren-camino-hacia-las-fiestas-de-cocentaina\/#article","isPartOf":{"@id":"https:\/\/www.copealcoy.es\/es\/els-comptes-abren-camino-hacia-las-fiestas-de-cocentaina\/"},"author":{"name":"Cope Alcoy","@id":"https:\/\/www.copealcoy.es\/es\/#\/schema\/person\/e777c87fa024e57d40170af9df39882c"},"headline":"&#8216;Els Comptes&#8217; abren camino hacia las Fiestas de Cocentaina","datePublished":"2023-08-04T11:36:38+00:00","dateModified":"2023-08-05T16:26:04+00:00","mainEntityOfPage":{"@id":"https:\/\/www.copealcoy.es\/es\/els-comptes-abren-camino-hacia-las-fiestas-de-cocentaina\/"},"wordCount":383,"commentCount":0,"image":{"@id":"https:\/\/www.copealcoy.es\/es\/els-comptes-abren-camino-hacia-las-fiestas-de-cocentaina\/#primaryimage"},"thumbnailUrl":"https:\/\/www.copealcoy.es\/wp-content\/uploads\/2022\/08\/297600335_10210046063183652_5252158084658316805_n-e1660162210921.jpg","keywords":["Cocentaina","Els Comptes","Fiestas","Moros Y Cristianos"],"articleSection":["Actualidad","Comarcas","Noticias","Sin categorizar"],"inLanguage":"es"},{"@type":"WebPage","@id":"https:\/\/www.copealcoy.es\/es\/els-comptes-abren-camino-hacia-las-fiestas-de-cocentaina\/","url":"https:\/\/www.copealcoy.es\/es\/els-comptes-abren-camino-hacia-las-fiestas-de-cocentaina\/","name":"'Els Comptes' abren camino hacia las Fiestas de Cocentaina - COPE Alcoy","isPartOf":{"@id":"https:\/\/www.copealcoy.es\/es\/#website"},"primaryImageOfPage":{"@id":"https:\/\/www.copealcoy.es\/es\/els-comptes-abren-camino-hacia-las-fiestas-de-cocentaina\/#primaryimage"},"image":{"@id":"https:\/\/www.copealcoy.es\/es\/els-comptes-abren-camino-hacia-las-fiestas-de-cocentaina\/#primaryimage"},"thumbnailUrl":"https:\/\/www.copealcoy.es\/wp-content\/uploads\/2022\/08\/297600335_10210046063183652_5252158084658316805_n-e1660162210921.jpg","datePublished":"2023-08-04T11:36:38+00:00","dateModified":"2023-08-05T16:26:04+00:00","author":{"@id":"https:\/\/www.copealcoy.es\/es\/#\/schema\/person\/e777c87fa024e57d40170af9df39882c"},"description":"Cocentaina\u00a0ya se encuentra a una semana vista del inicio de sus Fiestas en honor a San Hip\u00f3lito M\u00e1rtir\u00a0que se celeban la pr\u00f3xima semana","breadcrumb":{"@id":"https:\/\/www.copealcoy.es\/es\/els-comptes-abren-camino-hacia-las-fiestas-de-cocentaina\/#breadcrumb"},"inLanguage":"es","potentialAction":[{"@type":"ReadAction","target":["https:\/\/www.copealcoy.es\/es\/els-comptes-abren-camino-hacia-las-fiestas-de-cocentaina\/"]}]},{"@type":"ImageObject","inLanguage":"es","@id":"https:\/\/www.copealcoy.es\/es\/els-comptes-abren-camino-hacia-las-fiestas-de-cocentaina\/#primaryimage","url":"https:\/\/www.copealcoy.es\/wp-content\/uploads\/2022\/08\/297600335_10210046063183652_5252158084658316805_n-e1660162210921.jpg","contentUrl":"https:\/\/www.copealcoy.es\/wp-content\/uploads\/2022\/08\/297600335_10210046063183652_5252158084658316805_n-e1660162210921.jpg","width":640,"height":379},{"@type":"BreadcrumbList","@id":"https:\/\/www.copealcoy.es\/es\/els-comptes-abren-camino-hacia-las-fiestas-de-cocentaina\/#breadcrumb","itemListElement":[{"@type":"ListItem","position":1,"name":"Portada","item":"https:\/\/www.copealcoy.es\/es\/"},{"@type":"ListItem","position":2,"name":"&#8216;Els Comptes&#8217; abren camino hacia las Fiestas de Cocentaina"}]},{"@type":"WebSite","@id":"https:\/\/www.copealcoy.es\/es\/#website","url":"https:\/\/www.copealcoy.es\/es\/","name":"COPE Alcoy","description":"Emisora COPE de radio local con emisi\u00f3n online. Pont de Sant Jordi 8-10 03803 Alcoy","potentialAction":[{"@type":"SearchAction","target":{"@type":"EntryPoint","urlTemplate":"https:\/\/www.copealcoy.es\/es\/?s={search_term_string}"},"query-input":{"@type":"PropertyValueSpecification","valueRequired":true,"valueName":"search_term_string"}}],"inLanguage":"es"},{"@type":"Person","@id":"https:\/\/www.copealcoy.es\/es\/#\/schema\/person\/e777c87fa024e57d40170af9df39882c","name":"Cope Alcoy","image":{"@type":"ImageObject","inLanguage":"es","@id":"https:\/\/secure.gravatar.com\/avatar\/bb65d0283347e303893ba14f0692005417c1e0e690a325a4c5d8bb2b3943ee14?s=96&d=mm&r=g","url":"https:\/\/secure.gravatar.com\/avatar\/bb65d0283347e303893ba14f0692005417c1e0e690a325a4c5d8bb2b3943ee14?s=96&d=mm&r=g","contentUrl":"https:\/\/secure.gravatar.com\/avatar\/bb65d0283347e303893ba14f0692005417c1e0e690a325a4c5d8bb2b3943ee14?s=96&d=mm&r=g","caption":"Cope Alcoy"}}]}},"_links":{"self":[{"href":"https:\/\/www.copealcoy.es\/es\/wp-json\/wp\/v2\/posts\/120538","targetHints":{"allow":["GET"]}}],"collection":[{"href":"https:\/\/www.copealcoy.es\/es\/wp-json\/wp\/v2\/posts"}],"about":[{"href":"https:\/\/www.copealcoy.es\/es\/wp-json\/wp\/v2\/types\/post"}],"author":[{"embeddable":true,"href":"https:\/\/www.copealcoy.es\/es\/wp-json\/wp\/v2\/users\/1"}],"replies":[{"embeddable":true,"href":"https:\/\/www.copealcoy.es\/es\/wp-json\/wp\/v2\/comments?post=120538"}],"version-history":[{"count":0,"href":"https:\/\/www.copealcoy.es\/es\/wp-json\/wp\/v2\/posts\/120538\/revisions"}],"wp:featuredmedia":[{"embeddable":true,"href":"https:\/\/www.copealcoy.es\/es\/wp-json\/wp\/v2\/media\/90546"}],"wp:attachment":[{"href":"https:\/\/www.copealcoy.es\/es\/wp-json\/wp\/v2\/media?parent=120538"}],"wp:term":[{"taxonomy":"category","embeddable":true,"href":"https:\/\/www.copealcoy.es\/es\/wp-json\/wp\/v2\/categories?post=120538"},{"taxonomy":"post_tag","embeddable":true,"href":"https:\/\/www.copealcoy.es\/es\/wp-json\/wp\/v2\/tags?post=120538"}],"curies":[{"name":"wp","href":"https:\/\/api.w.org\/{rel}","templated":true}]}}