{"id":120519,"date":"2023-08-04T09:39:00","date_gmt":"2023-08-04T08:39:00","guid":{"rendered":"https:\/\/www.copealcoy.es\/?p=120519"},"modified":"2023-08-04T09:39:32","modified_gmt":"2023-08-04T08:39:32","slug":"la-antigua-base-militar-de-aitana-sera-reconvertida-en-centro-de-acogida-para-refugiados","status":"publish","type":"post","link":"https:\/\/www.copealcoy.es\/es\/la-antigua-base-militar-de-aitana-sera-reconvertida-en-centro-de-acogida-para-refugiados\/","title":{"rendered":"La antigua base militar de Aitana ser\u00e1 reconvertida en centro de acogida para refugiados"},"content":{"rendered":"<p style=\"text-align: justify;\">La<b> antigua base militar de<\/b> <strong>Aitana<\/strong>, situada en el t\u00e9rmino municipal de Alcoleja, ser\u00e1 reconvertida en un <b>centro de atenci\u00f3n y protecci\u00f3n internacional con 600 plazas para personas refugiadas. <\/b>Se trata de <strong>un ambicioso proyecto<\/strong>, que promueve el Gobierno Central, y que <strong>se prev\u00e9 culminar a mediados de 2025<\/strong> tras una inversi\u00f3n de unos 25 millones de euros.<\/p>\n<p style=\"text-align: justify;\">As\u00ed lo anunci\u00f3 ayer en la misma base de Aitana el <b>ministro de Inclusi\u00f3n, Seguridad Social y Migraciones en funciones, Jos\u00e9 Luis Escriv\u00e1,\u00a0<\/b>donde conoci\u00f3 las instalaciones militares en desuso desde hace d\u00e9cadas y situadas a lo largo de una superficie de 53.000 metros cuadrados en el punto a m\u00e1s altitud de la provincia de Alicante. Aunque <strong>dispondr\u00e1 de una capacidad para 600 refugiados<\/strong>, el complejo tendr\u00e1 una parte dirigida a la recepci\u00f3n de personas por situaciones internacionales urgentes y otra para personas de estancias m\u00e1s largas o, incluso, permanentes, por lo que se estima que la ocupaci\u00f3n media sea de entre 200 y 300 usuarios. Cinco empresas <strong>optan para hacerse con la licitaci\u00f3n<\/strong> de las obras para reconvertir la base militar en el centro de atenci\u00f3n y el pr\u00f3ximo mi\u00e9rcoles se abrir\u00e1n los sobres para, previsiblemente a lo largo de agosto, resolver la adjudicaci\u00f3n &#8220;queremos que este proyecto convierta al centro de Aitana en unas instalaciones de m\u00e1xima calidad para empezar a recibir refugiados entre principios y mediados de 2025&#8221;, asever\u00f3 Escriv\u00e1. Este \u00faltimo tambi\u00e9n apunt\u00f3 que <strong>el Comit\u00e9 Ol\u00edmpico Espa\u00f1ol (COE)<\/strong> ayudar\u00e1 en esta iniciativa porque evaluar\u00e1 in situ los equipamientos de tipo deportivo que se pueden instalar en Aitana, los cuales ser\u00e1n aprovechados tanto por los refugiados como por los habitantes de esta zona del interior de la provincia de Alicante.<\/p>\n<p style=\"text-align: justify;\">En la visita de ayer tambi\u00e9n estuvieron presentes el subdelegado del Gobierno en Alicante, <strong>Carlos S\u00e1nchez<\/strong>, la Diputada Nacional del PSOE <strong>Patri Blanquer<\/strong> o el hasta ahora alcalde de Alcoleja; <strong>Quico Fenollar<\/strong>. No faltaron tampoco <strong>alcaldes y alcaldesas<\/strong> de varios municipios de las comarcas de l&#8217;Alcoi\u00e0 y el Comtat.<\/p>\n","protected":false},"excerpt":{"rendered":"<p>La antigua base militar de Aitana, situada en el t\u00e9rmino municipal de Alcoleja, ser\u00e1 reconvertida en un centro de atenci\u00f3n&#8230;<\/p>\n","protected":false},"author":1,"featured_media":120523,"comment_status":"open","ping_status":"open","sticky":false,"template":"","format":"standard","meta":{"footnotes":""},"categories":[6909,125],"tags":[1957,1332,15396,295,10824,1383],"class_list":["post-120519","post","type-post","status-publish","format-standard","has-post-thumbnail","hentry","category-actualidad","category-portada","tag-aitana","tag-alcoleja","tag-antigua-base-militar","tag-centro","tag-reconversion","tag-refugiados"],"yoast_head":"<!-- This site is optimized with the Yoast SEO plugin v27.3 - https:\/\/yoast.com\/product\/yoast-seo-wordpress\/ -->\n<title>La antigua base militar de Aitana ser\u00e1 reconvertida en centro de acogida para refugiados - COPE Alcoy<\/title>\n<meta name=\"description\" content=\"La antigua base militar de Aitana, situada en el t\u00e9rmino municipal de Alcoleja, ser\u00e1 reconvertida en un centro de atenci\u00f3n y protecci\u00f3n internacional con 600 plazas para personas refugiadas\" \/>\n<meta name=\"robots\" content=\"index, follow, max-snippet:-1, max-image-preview:large, max-video-preview:-1\" \/>\n<link rel=\"canonical\" href=\"https:\/\/www.copealcoy.es\/es\/la-antigua-base-militar-de-aitana-sera-reconvertida-en-centro-de-acogida-para-refugiados\/\" \/>\n<meta property=\"og:locale\" content=\"es_ES\" \/>\n<meta property=\"og:type\" content=\"article\" \/>\n<meta property=\"og:title\" content=\"La antigua base militar de Aitana ser\u00e1 reconvertida en centro de acogida para refugiados - COPE Alcoy\" \/>\n<meta property=\"og:description\" content=\"La antigua base militar de Aitana, situada en el t\u00e9rmino municipal de Alcoleja, ser\u00e1 reconvertida en un centro de atenci\u00f3n y protecci\u00f3n internacional con 600 plazas para personas refugiadas\" \/>\n<meta property=\"og:url\" content=\"https:\/\/www.copealcoy.es\/es\/la-antigua-base-militar-de-aitana-sera-reconvertida-en-centro-de-acogida-para-refugiados\/\" \/>\n<meta property=\"og:site_name\" content=\"COPE Alcoy\" \/>\n<meta property=\"article:published_time\" content=\"2023-08-04T08:39:00+00:00\" \/>\n<meta property=\"article:modified_time\" content=\"2023-08-04T08:39:32+00:00\" \/>\n<meta property=\"og:image\" content=\"https:\/\/www.copealcoy.es\/wp-content\/uploads\/2023\/08\/unnamed-1-1.jpg\" \/>\n\t<meta property=\"og:image:width\" content=\"828\" \/>\n\t<meta property=\"og:image:height\" content=\"566\" \/>\n\t<meta property=\"og:image:type\" content=\"image\/jpeg\" \/>\n<meta name=\"author\" content=\"Cope Alcoy\" \/>\n<meta name=\"twitter:label1\" content=\"Escrito por\" \/>\n\t<meta name=\"twitter:data1\" content=\"Cope Alcoy\" \/>\n\t<meta name=\"twitter:label2\" content=\"Tiempo de lectura\" \/>\n\t<meta name=\"twitter:data2\" content=\"2 minutos\" \/>\n<script type=\"application\/ld+json\" class=\"yoast-schema-graph\">{\"@context\":\"https:\\\/\\\/schema.org\",\"@graph\":[{\"@type\":\"Article\",\"@id\":\"https:\\\/\\\/www.copealcoy.es\\\/es\\\/la-antigua-base-militar-de-aitana-sera-reconvertida-en-centro-de-acogida-para-refugiados\\\/#article\",\"isPartOf\":{\"@id\":\"https:\\\/\\\/www.copealcoy.es\\\/es\\\/la-antigua-base-militar-de-aitana-sera-reconvertida-en-centro-de-acogida-para-refugiados\\\/\"},\"author\":{\"name\":\"Cope Alcoy\",\"@id\":\"https:\\\/\\\/www.copealcoy.es\\\/es\\\/#\\\/schema\\\/person\\\/e777c87fa024e57d40170af9df39882c\"},\"headline\":\"La antigua base militar de Aitana ser\u00e1 reconvertida en centro de acogida para refugiados\",\"datePublished\":\"2023-08-04T08:39:00+00:00\",\"dateModified\":\"2023-08-04T08:39:32+00:00\",\"mainEntityOfPage\":{\"@id\":\"https:\\\/\\\/www.copealcoy.es\\\/es\\\/la-antigua-base-militar-de-aitana-sera-reconvertida-en-centro-de-acogida-para-refugiados\\\/\"},\"wordCount\":361,\"commentCount\":0,\"image\":{\"@id\":\"https:\\\/\\\/www.copealcoy.es\\\/es\\\/la-antigua-base-militar-de-aitana-sera-reconvertida-en-centro-de-acogida-para-refugiados\\\/#primaryimage\"},\"thumbnailUrl\":\"https:\\\/\\\/www.copealcoy.es\\\/wp-content\\\/uploads\\\/2023\\\/08\\\/unnamed-1-1.jpg\",\"keywords\":[\"aitana\",\"Alcoleja\",\"antigua base militar\",\"Centro\",\"reconversi\u00f3n\",\"refugiados\"],\"articleSection\":[\"Actualidad\",\"Portada\"],\"inLanguage\":\"es\"},{\"@type\":\"WebPage\",\"@id\":\"https:\\\/\\\/www.copealcoy.es\\\/es\\\/la-antigua-base-militar-de-aitana-sera-reconvertida-en-centro-de-acogida-para-refugiados\\\/\",\"url\":\"https:\\\/\\\/www.copealcoy.es\\\/es\\\/la-antigua-base-militar-de-aitana-sera-reconvertida-en-centro-de-acogida-para-refugiados\\\/\",\"name\":\"La antigua base militar de Aitana ser\u00e1 reconvertida en centro de acogida para refugiados - COPE Alcoy\",\"isPartOf\":{\"@id\":\"https:\\\/\\\/www.copealcoy.es\\\/es\\\/#website\"},\"primaryImageOfPage\":{\"@id\":\"https:\\\/\\\/www.copealcoy.es\\\/es\\\/la-antigua-base-militar-de-aitana-sera-reconvertida-en-centro-de-acogida-para-refugiados\\\/#primaryimage\"},\"image\":{\"@id\":\"https:\\\/\\\/www.copealcoy.es\\\/es\\\/la-antigua-base-militar-de-aitana-sera-reconvertida-en-centro-de-acogida-para-refugiados\\\/#primaryimage\"},\"thumbnailUrl\":\"https:\\\/\\\/www.copealcoy.es\\\/wp-content\\\/uploads\\\/2023\\\/08\\\/unnamed-1-1.jpg\",\"datePublished\":\"2023-08-04T08:39:00+00:00\",\"dateModified\":\"2023-08-04T08:39:32+00:00\",\"author\":{\"@id\":\"https:\\\/\\\/www.copealcoy.es\\\/es\\\/#\\\/schema\\\/person\\\/e777c87fa024e57d40170af9df39882c\"},\"description\":\"La antigua base militar de Aitana, situada en el t\u00e9rmino municipal de Alcoleja, ser\u00e1 reconvertida en un centro de atenci\u00f3n y protecci\u00f3n internacional con 600 plazas para personas refugiadas\",\"breadcrumb\":{\"@id\":\"https:\\\/\\\/www.copealcoy.es\\\/es\\\/la-antigua-base-militar-de-aitana-sera-reconvertida-en-centro-de-acogida-para-refugiados\\\/#breadcrumb\"},\"inLanguage\":\"es\",\"potentialAction\":[{\"@type\":\"ReadAction\",\"target\":[\"https:\\\/\\\/www.copealcoy.es\\\/es\\\/la-antigua-base-militar-de-aitana-sera-reconvertida-en-centro-de-acogida-para-refugiados\\\/\"]}]},{\"@type\":\"ImageObject\",\"inLanguage\":\"es\",\"@id\":\"https:\\\/\\\/www.copealcoy.es\\\/es\\\/la-antigua-base-militar-de-aitana-sera-reconvertida-en-centro-de-acogida-para-refugiados\\\/#primaryimage\",\"url\":\"https:\\\/\\\/www.copealcoy.es\\\/wp-content\\\/uploads\\\/2023\\\/08\\\/unnamed-1-1.jpg\",\"contentUrl\":\"https:\\\/\\\/www.copealcoy.es\\\/wp-content\\\/uploads\\\/2023\\\/08\\\/unnamed-1-1.jpg\",\"width\":828,\"height\":566},{\"@type\":\"BreadcrumbList\",\"@id\":\"https:\\\/\\\/www.copealcoy.es\\\/es\\\/la-antigua-base-militar-de-aitana-sera-reconvertida-en-centro-de-acogida-para-refugiados\\\/#breadcrumb\",\"itemListElement\":[{\"@type\":\"ListItem\",\"position\":1,\"name\":\"Portada\",\"item\":\"https:\\\/\\\/www.copealcoy.es\\\/es\\\/\"},{\"@type\":\"ListItem\",\"position\":2,\"name\":\"La antigua base militar de Aitana ser\u00e1 reconvertida en centro de acogida para refugiados\"}]},{\"@type\":\"WebSite\",\"@id\":\"https:\\\/\\\/www.copealcoy.es\\\/es\\\/#website\",\"url\":\"https:\\\/\\\/www.copealcoy.es\\\/es\\\/\",\"name\":\"COPE Alcoy\",\"description\":\"Emisora COPE de radio local con emisi\u00f3n online. Pont de Sant Jordi 8-10 03803 Alcoy\",\"potentialAction\":[{\"@type\":\"SearchAction\",\"target\":{\"@type\":\"EntryPoint\",\"urlTemplate\":\"https:\\\/\\\/www.copealcoy.es\\\/es\\\/?s={search_term_string}\"},\"query-input\":{\"@type\":\"PropertyValueSpecification\",\"valueRequired\":true,\"valueName\":\"search_term_string\"}}],\"inLanguage\":\"es\"},{\"@type\":\"Person\",\"@id\":\"https:\\\/\\\/www.copealcoy.es\\\/es\\\/#\\\/schema\\\/person\\\/e777c87fa024e57d40170af9df39882c\",\"name\":\"Cope Alcoy\",\"image\":{\"@type\":\"ImageObject\",\"inLanguage\":\"es\",\"@id\":\"https:\\\/\\\/secure.gravatar.com\\\/avatar\\\/bb65d0283347e303893ba14f0692005417c1e0e690a325a4c5d8bb2b3943ee14?s=96&d=mm&r=g\",\"url\":\"https:\\\/\\\/secure.gravatar.com\\\/avatar\\\/bb65d0283347e303893ba14f0692005417c1e0e690a325a4c5d8bb2b3943ee14?s=96&d=mm&r=g\",\"contentUrl\":\"https:\\\/\\\/secure.gravatar.com\\\/avatar\\\/bb65d0283347e303893ba14f0692005417c1e0e690a325a4c5d8bb2b3943ee14?s=96&d=mm&r=g\",\"caption\":\"Cope Alcoy\"}}]}<\/script>\n<!-- \/ Yoast SEO plugin. -->","yoast_head_json":{"title":"La antigua base militar de Aitana ser\u00e1 reconvertida en centro de acogida para refugiados - COPE Alcoy","description":"La antigua base militar de Aitana, situada en el t\u00e9rmino municipal de Alcoleja, ser\u00e1 reconvertida en un centro de atenci\u00f3n y protecci\u00f3n internacional con 600 plazas para personas refugiadas","robots":{"index":"index","follow":"follow","max-snippet":"max-snippet:-1","max-image-preview":"max-image-preview:large","max-video-preview":"max-video-preview:-1"},"canonical":"https:\/\/www.copealcoy.es\/es\/la-antigua-base-militar-de-aitana-sera-reconvertida-en-centro-de-acogida-para-refugiados\/","og_locale":"es_ES","og_type":"article","og_title":"La antigua base militar de Aitana ser\u00e1 reconvertida en centro de acogida para refugiados - COPE Alcoy","og_description":"La antigua base militar de Aitana, situada en el t\u00e9rmino municipal de Alcoleja, ser\u00e1 reconvertida en un centro de atenci\u00f3n y protecci\u00f3n internacional con 600 plazas para personas refugiadas","og_url":"https:\/\/www.copealcoy.es\/es\/la-antigua-base-militar-de-aitana-sera-reconvertida-en-centro-de-acogida-para-refugiados\/","og_site_name":"COPE Alcoy","article_published_time":"2023-08-04T08:39:00+00:00","article_modified_time":"2023-08-04T08:39:32+00:00","og_image":[{"width":828,"height":566,"url":"https:\/\/www.copealcoy.es\/wp-content\/uploads\/2023\/08\/unnamed-1-1.jpg","type":"image\/jpeg"}],"author":"Cope Alcoy","twitter_misc":{"Escrito por":"Cope Alcoy","Tiempo de lectura":"2 minutos"},"schema":{"@context":"https:\/\/schema.org","@graph":[{"@type":"Article","@id":"https:\/\/www.copealcoy.es\/es\/la-antigua-base-militar-de-aitana-sera-reconvertida-en-centro-de-acogida-para-refugiados\/#article","isPartOf":{"@id":"https:\/\/www.copealcoy.es\/es\/la-antigua-base-militar-de-aitana-sera-reconvertida-en-centro-de-acogida-para-refugiados\/"},"author":{"name":"Cope Alcoy","@id":"https:\/\/www.copealcoy.es\/es\/#\/schema\/person\/e777c87fa024e57d40170af9df39882c"},"headline":"La antigua base militar de Aitana ser\u00e1 reconvertida en centro de acogida para refugiados","datePublished":"2023-08-04T08:39:00+00:00","dateModified":"2023-08-04T08:39:32+00:00","mainEntityOfPage":{"@id":"https:\/\/www.copealcoy.es\/es\/la-antigua-base-militar-de-aitana-sera-reconvertida-en-centro-de-acogida-para-refugiados\/"},"wordCount":361,"commentCount":0,"image":{"@id":"https:\/\/www.copealcoy.es\/es\/la-antigua-base-militar-de-aitana-sera-reconvertida-en-centro-de-acogida-para-refugiados\/#primaryimage"},"thumbnailUrl":"https:\/\/www.copealcoy.es\/wp-content\/uploads\/2023\/08\/unnamed-1-1.jpg","keywords":["aitana","Alcoleja","antigua base militar","Centro","reconversi\u00f3n","refugiados"],"articleSection":["Actualidad","Portada"],"inLanguage":"es"},{"@type":"WebPage","@id":"https:\/\/www.copealcoy.es\/es\/la-antigua-base-militar-de-aitana-sera-reconvertida-en-centro-de-acogida-para-refugiados\/","url":"https:\/\/www.copealcoy.es\/es\/la-antigua-base-militar-de-aitana-sera-reconvertida-en-centro-de-acogida-para-refugiados\/","name":"La antigua base militar de Aitana ser\u00e1 reconvertida en centro de acogida para refugiados - COPE Alcoy","isPartOf":{"@id":"https:\/\/www.copealcoy.es\/es\/#website"},"primaryImageOfPage":{"@id":"https:\/\/www.copealcoy.es\/es\/la-antigua-base-militar-de-aitana-sera-reconvertida-en-centro-de-acogida-para-refugiados\/#primaryimage"},"image":{"@id":"https:\/\/www.copealcoy.es\/es\/la-antigua-base-militar-de-aitana-sera-reconvertida-en-centro-de-acogida-para-refugiados\/#primaryimage"},"thumbnailUrl":"https:\/\/www.copealcoy.es\/wp-content\/uploads\/2023\/08\/unnamed-1-1.jpg","datePublished":"2023-08-04T08:39:00+00:00","dateModified":"2023-08-04T08:39:32+00:00","author":{"@id":"https:\/\/www.copealcoy.es\/es\/#\/schema\/person\/e777c87fa024e57d40170af9df39882c"},"description":"La antigua base militar de Aitana, situada en el t\u00e9rmino municipal de Alcoleja, ser\u00e1 reconvertida en un centro de atenci\u00f3n y protecci\u00f3n internacional con 600 plazas para personas refugiadas","breadcrumb":{"@id":"https:\/\/www.copealcoy.es\/es\/la-antigua-base-militar-de-aitana-sera-reconvertida-en-centro-de-acogida-para-refugiados\/#breadcrumb"},"inLanguage":"es","potentialAction":[{"@type":"ReadAction","target":["https:\/\/www.copealcoy.es\/es\/la-antigua-base-militar-de-aitana-sera-reconvertida-en-centro-de-acogida-para-refugiados\/"]}]},{"@type":"ImageObject","inLanguage":"es","@id":"https:\/\/www.copealcoy.es\/es\/la-antigua-base-militar-de-aitana-sera-reconvertida-en-centro-de-acogida-para-refugiados\/#primaryimage","url":"https:\/\/www.copealcoy.es\/wp-content\/uploads\/2023\/08\/unnamed-1-1.jpg","contentUrl":"https:\/\/www.copealcoy.es\/wp-content\/uploads\/2023\/08\/unnamed-1-1.jpg","width":828,"height":566},{"@type":"BreadcrumbList","@id":"https:\/\/www.copealcoy.es\/es\/la-antigua-base-militar-de-aitana-sera-reconvertida-en-centro-de-acogida-para-refugiados\/#breadcrumb","itemListElement":[{"@type":"ListItem","position":1,"name":"Portada","item":"https:\/\/www.copealcoy.es\/es\/"},{"@type":"ListItem","position":2,"name":"La antigua base militar de Aitana ser\u00e1 reconvertida en centro de acogida para refugiados"}]},{"@type":"WebSite","@id":"https:\/\/www.copealcoy.es\/es\/#website","url":"https:\/\/www.copealcoy.es\/es\/","name":"COPE Alcoy","description":"Emisora COPE de radio local con emisi\u00f3n online. Pont de Sant Jordi 8-10 03803 Alcoy","potentialAction":[{"@type":"SearchAction","target":{"@type":"EntryPoint","urlTemplate":"https:\/\/www.copealcoy.es\/es\/?s={search_term_string}"},"query-input":{"@type":"PropertyValueSpecification","valueRequired":true,"valueName":"search_term_string"}}],"inLanguage":"es"},{"@type":"Person","@id":"https:\/\/www.copealcoy.es\/es\/#\/schema\/person\/e777c87fa024e57d40170af9df39882c","name":"Cope Alcoy","image":{"@type":"ImageObject","inLanguage":"es","@id":"https:\/\/secure.gravatar.com\/avatar\/bb65d0283347e303893ba14f0692005417c1e0e690a325a4c5d8bb2b3943ee14?s=96&d=mm&r=g","url":"https:\/\/secure.gravatar.com\/avatar\/bb65d0283347e303893ba14f0692005417c1e0e690a325a4c5d8bb2b3943ee14?s=96&d=mm&r=g","contentUrl":"https:\/\/secure.gravatar.com\/avatar\/bb65d0283347e303893ba14f0692005417c1e0e690a325a4c5d8bb2b3943ee14?s=96&d=mm&r=g","caption":"Cope Alcoy"}}]}},"_links":{"self":[{"href":"https:\/\/www.copealcoy.es\/es\/wp-json\/wp\/v2\/posts\/120519","targetHints":{"allow":["GET"]}}],"collection":[{"href":"https:\/\/www.copealcoy.es\/es\/wp-json\/wp\/v2\/posts"}],"about":[{"href":"https:\/\/www.copealcoy.es\/es\/wp-json\/wp\/v2\/types\/post"}],"author":[{"embeddable":true,"href":"https:\/\/www.copealcoy.es\/es\/wp-json\/wp\/v2\/users\/1"}],"replies":[{"embeddable":true,"href":"https:\/\/www.copealcoy.es\/es\/wp-json\/wp\/v2\/comments?post=120519"}],"version-history":[{"count":0,"href":"https:\/\/www.copealcoy.es\/es\/wp-json\/wp\/v2\/posts\/120519\/revisions"}],"wp:featuredmedia":[{"embeddable":true,"href":"https:\/\/www.copealcoy.es\/es\/wp-json\/wp\/v2\/media\/120523"}],"wp:attachment":[{"href":"https:\/\/www.copealcoy.es\/es\/wp-json\/wp\/v2\/media?parent=120519"}],"wp:term":[{"taxonomy":"category","embeddable":true,"href":"https:\/\/www.copealcoy.es\/es\/wp-json\/wp\/v2\/categories?post=120519"},{"taxonomy":"post_tag","embeddable":true,"href":"https:\/\/www.copealcoy.es\/es\/wp-json\/wp\/v2\/tags?post=120519"}],"curies":[{"name":"wp","href":"https:\/\/api.w.org\/{rel}","templated":true}]}}