{"id":120514,"date":"2023-08-03T22:31:14","date_gmt":"2023-08-03T21:31:14","guid":{"rendered":"https:\/\/www.copealcoy.es\/?p=120514"},"modified":"2023-08-03T22:43:48","modified_gmt":"2023-08-03T21:43:48","slug":"juan-luis-mahiques-y-pascual-botella-dos-abanderados-que-esperan-la-llegada-de-la-festa-de-cocentaina","status":"publish","type":"post","link":"https:\/\/www.copealcoy.es\/es\/juan-luis-mahiques-y-pascual-botella-dos-abanderados-que-esperan-la-llegada-de-la-festa-de-cocentaina\/","title":{"rendered":"Juan Lu\u00eds Mahiques y Pascual Botella, dos Abanderados que esperan la llegada de la Festa de Cocentaina"},"content":{"rendered":"<p style=\"text-align: justify;\">Las <strong>Fiestas de Moros y Cristianos de Cocentaina<\/strong> vuelven a contar con <strong>cuatro nombres propios<\/strong> que acaparar\u00e1n todas las miradas durante la trilog\u00eda festera en honor a San Hip\u00f3lito M\u00e1rtir que se celebra del 11 al 14 de agosto. En el caso de <strong>los Abanderados<\/strong>, son en esta ocasi\u00f3n dos de los protagonistas m\u00e1s j\u00f3venes y ambos cuentan con una destacada trayectoria en el \u00e1mbito de la Festa contestana que les hace merecedores de la responsabilidad que tienen entre manos.<\/p>\n<p style=\"text-align: justify;\">La <strong>Fil\u00e0 Gentils<\/strong> ha confiado en <strong>Juan Lu\u00eds Mahiques Zaragoza<\/strong> la tarea de desempe\u00f1ar el cargo de Abanderado Cristiano, una faceta que el protagonista asume tras m\u00e1s de una d\u00e9cada de plena dedicaci\u00f3n a una formaci\u00f3n festera a la que lleg\u00f3 de manera anecd\u00f3tica en el a\u00f1o 2005. Y es que lo que comenz\u00f3 siendo una participaci\u00f3n ocasional en el acompa\u00f1amiento de la Escuadra de Negros de la capitan\u00eda de aquel a\u00f1o, acab\u00f3 siendo la integraci\u00f3n definitiva en una Fil\u00e0 cuya indumentaria es fiel a la vestimenta del patr\u00f3n San Hip\u00f3lito. El \u2018Xulu\u2019 o el \u2018Obispo\u2019, como cari\u00f1osamente apodan los Gentils al Abanderado, tom\u00f3 la decisi\u00f3n de hacer este cargo animado por dos componentes de la Fil\u00e0 que no dejaron de insistirle en ello \u201c<em>Marcos Monar y Sergio Moncho son los responsables de que yo est\u00e9 aqu\u00ed. Me lo propusieron tantas veces que al final acept\u00e9, porque en realidad es algo que me ilusionaba mucho<\/em>\u201d, explicaba en el espacio #LaNostraFesta de COPE ALCOY. Juan Lu\u00eds Mahiques ha apostado por un boato ideado por M\u00f3nica Morillo en el que habr\u00e1 gui\u00f1os a Roma, haci\u00e9ndose referencia as\u00ed a la denominaci\u00f3n de la Fil\u00e0, mientras que Roper\u00eda Ximo se encarga de la confecci\u00f3n de todos los dise\u00f1os, as\u00ed como de la Escuadra Especial. La Uni\u00f3n Musical El Deliri de Gorga pondr\u00e1 las notas al paso del Abanderado Cristiano, interpretando la pieza \u2018Antebellum\u2019 del contestano Francisco Valor Llorens, y tanto M\u00f3nica Mahiques como Beatriz Lobo estar\u00e1n a su lado como favoritas.<\/p>\n<p style=\"text-align: justify;\">Por su parte la<strong> Guardia Jalifiana &#8220;Sahorins&#8221;<\/strong> ha apostado por\u00a0<strong>Pascual Botella Montava<\/strong> para representar el cargo de Abanderado Moro, precisamente en una Fil\u00e0 a la que pertenece tambi\u00e9n desde que vino al mundo. Pascual es hijo y nieto de miembros de esta Fil\u00e0, fue Publicador Infantil en 2013 y 2014 al mismo tiempo que vio de cerca lo que es desempe\u00f1ar un cargo puesto que hace diez a\u00f1os su hermano Dimas tambi\u00e9n fue el Abanderado con tan solo catorce a\u00f1os. En esta ocasi\u00f3n Pascual ha esperado un poquito m\u00e1s de tiempo, hasta los 19, para afrontar con ilusi\u00f3n una tarea que para \u00e9l es m\u00e1s que especial \u201c<em>soy la tercera generaci\u00f3n de Sahorins y si estoy aqu\u00ed es por mis padres, pero tambi\u00e9n por mis abuelos y t\u00edos, ya que todos ellos me inculcaron el amor por la Fiesta de Cocentaina. Todo esto se lo quiero dedicar a ellos de manera muy especial<\/em>\u201d, indicaba tambi\u00e9n en COPE ALCOY el protagonista. Pascual Botella tambi\u00e9n ha confiado en Roper\u00eda Ximo para dise\u00f1ar el boato, as\u00ed como el traje que lucir\u00e1 en las pr\u00f3ximas Fiestas, siendo esta firma la encargada tambi\u00e9n de confeccionar la Escuadra de Negros. Sobre el citado boato tampoco ha querido desvelar mucha informaci\u00f3n y la \u00fanica pista que aporta es que tendr\u00e1 mucho que ver con la Fil\u00e0 animando a que la gente no se pierda la Entrada del 12 de agosto. Por \u00faltimo, la Societat Musical \u2018Mestre Orts\u2019 de Gaianes le va a acompa\u00f1ar en la Entrada con la marcha mora \u2018Al-Wazir\u2019 del maestro d\u2019Ontinyent Sa\u00fcl G\u00f3mez i Soler.<\/p>\n<p style=\"text-align: justify;\">Tanto Juan Lu\u00eds Mahiques como Pascual Botella \u00a0<strong>cuentan ya los d\u00edas que quedan para que arranquen <\/strong>las Fiestas de Moros y Cristianos contestanas de este 2023. Aqu\u00ed\u00a0<strong>puedes escuchar<\/strong>\u00a0todo lo que nos han contado en\u00a0<strong>una edici\u00f3n especial del espacio #LaNostraFesta:\u00a0<\/strong><\/p>\n<p><iframe loading=\"lazy\" title=\"La Nostra Festa Dimecres 2 D&#039;Agost 2023\" width=\"100%\" height=\"120\" src=\"https:\/\/www.mixcloud.com\/widget\/iframe\/?feed=https%3A%2F%2Fwww.mixcloud.com%2FCOPEAlcoy%2Fla-nostra-festa-dimecres-2-dagost-2023%2F&amp;hide_cover=1\" frameborder=\"0\"><\/iframe><\/p>\n","protected":false},"excerpt":{"rendered":"<p>Las Fiestas de Moros y Cristianos de Cocentaina vuelven a contar con cuatro nombres propios que acaparar\u00e1n todas las miradas&#8230;<\/p>\n","protected":false},"author":1,"featured_media":120507,"comment_status":"open","ping_status":"open","sticky":false,"template":"","format":"standard","meta":{"footnotes":""},"categories":[6909,98,75],"tags":[4793,132,565,4518,15387,15386,609,15389,15388,4488],"class_list":["post-120514","post","type-post","status-publish","format-standard","has-post-thumbnail","hentry","category-actualidad","category-comarcas","category-noticias","tag-abanderado","tag-cocentaina","tag-fiestas","tag-fila-gentils","tag-fila-guardia-jalifiana","tag-juan-luis-mahiques","tag-moros-y-cristianos","tag-pascual-botella","tag-sahorins","tag-san-hipolito-martir"],"yoast_head":"<!-- This site is optimized with the Yoast SEO plugin v27.3 - https:\/\/yoast.com\/product\/yoast-seo-wordpress\/ -->\n<title>Juan Lu\u00eds Mahiques y Pascual Botella, dos Abanderados que esperan la llegada de la Festa de Cocentaina - COPE Alcoy<\/title>\n<meta name=\"description\" content=\"Juan Lu\u00eds Mahiques i Pascual Botella son los Abanderados en las Fiestas de Moros y Cristianos de Cocentaina 2023\" \/>\n<meta name=\"robots\" content=\"index, follow, max-snippet:-1, max-image-preview:large, max-video-preview:-1\" \/>\n<link rel=\"canonical\" href=\"https:\/\/www.copealcoy.es\/es\/juan-luis-mahiques-y-pascual-botella-dos-abanderados-que-esperan-la-llegada-de-la-festa-de-cocentaina\/\" \/>\n<meta property=\"og:locale\" content=\"es_ES\" \/>\n<meta property=\"og:type\" content=\"article\" \/>\n<meta property=\"og:title\" content=\"Juan Lu\u00eds Mahiques y Pascual Botella, dos Abanderados que esperan la llegada de la Festa de Cocentaina - COPE Alcoy\" \/>\n<meta property=\"og:description\" content=\"Juan Lu\u00eds Mahiques i Pascual Botella son los Abanderados en las Fiestas de Moros y Cristianos de Cocentaina 2023\" \/>\n<meta property=\"og:url\" content=\"https:\/\/www.copealcoy.es\/es\/juan-luis-mahiques-y-pascual-botella-dos-abanderados-que-esperan-la-llegada-de-la-festa-de-cocentaina\/\" \/>\n<meta property=\"og:site_name\" content=\"COPE Alcoy\" \/>\n<meta property=\"article:published_time\" content=\"2023-08-03T21:31:14+00:00\" \/>\n<meta property=\"article:modified_time\" content=\"2023-08-03T21:43:48+00:00\" \/>\n<meta property=\"og:image\" content=\"https:\/\/www.copealcoy.es\/wp-content\/uploads\/2023\/08\/unnamed-1-scaled-e1691082862667.jpg\" \/>\n\t<meta property=\"og:image:width\" content=\"643\" \/>\n\t<meta property=\"og:image:height\" content=\"352\" \/>\n\t<meta property=\"og:image:type\" content=\"image\/jpeg\" \/>\n<meta name=\"author\" content=\"Cope Alcoy\" \/>\n<meta name=\"twitter:label1\" content=\"Escrito por\" \/>\n\t<meta name=\"twitter:data1\" content=\"Cope Alcoy\" \/>\n\t<meta name=\"twitter:label2\" content=\"Tiempo de lectura\" \/>\n\t<meta name=\"twitter:data2\" content=\"4 minutos\" \/>\n<script type=\"application\/ld+json\" class=\"yoast-schema-graph\">{\"@context\":\"https:\\\/\\\/schema.org\",\"@graph\":[{\"@type\":\"Article\",\"@id\":\"https:\\\/\\\/www.copealcoy.es\\\/es\\\/juan-luis-mahiques-y-pascual-botella-dos-abanderados-que-esperan-la-llegada-de-la-festa-de-cocentaina\\\/#article\",\"isPartOf\":{\"@id\":\"https:\\\/\\\/www.copealcoy.es\\\/es\\\/juan-luis-mahiques-y-pascual-botella-dos-abanderados-que-esperan-la-llegada-de-la-festa-de-cocentaina\\\/\"},\"author\":{\"name\":\"Cope Alcoy\",\"@id\":\"https:\\\/\\\/www.copealcoy.es\\\/es\\\/#\\\/schema\\\/person\\\/e777c87fa024e57d40170af9df39882c\"},\"headline\":\"Juan Lu\u00eds Mahiques y Pascual Botella, dos Abanderados que esperan la llegada de la Festa de Cocentaina\",\"datePublished\":\"2023-08-03T21:31:14+00:00\",\"dateModified\":\"2023-08-03T21:43:48+00:00\",\"mainEntityOfPage\":{\"@id\":\"https:\\\/\\\/www.copealcoy.es\\\/es\\\/juan-luis-mahiques-y-pascual-botella-dos-abanderados-que-esperan-la-llegada-de-la-festa-de-cocentaina\\\/\"},\"wordCount\":709,\"commentCount\":0,\"image\":{\"@id\":\"https:\\\/\\\/www.copealcoy.es\\\/es\\\/juan-luis-mahiques-y-pascual-botella-dos-abanderados-que-esperan-la-llegada-de-la-festa-de-cocentaina\\\/#primaryimage\"},\"thumbnailUrl\":\"https:\\\/\\\/www.copealcoy.es\\\/wp-content\\\/uploads\\\/2023\\\/08\\\/unnamed-1-scaled-e1691082862667.jpg\",\"keywords\":[\"abanderado\",\"Cocentaina\",\"Fiestas\",\"Fil\u00e0 Gentils\",\"Fil\u00e0 Guardia Jalifiana\",\"Juan Lu\u00eds Mahiques\",\"Moros Y Cristianos\",\"Pascual Botella\",\"Sahorins\",\"San Hip\u00f3lito M\u00e1rtir\"],\"articleSection\":[\"Actualidad\",\"Comarcas\",\"Noticias\"],\"inLanguage\":\"es\"},{\"@type\":\"WebPage\",\"@id\":\"https:\\\/\\\/www.copealcoy.es\\\/es\\\/juan-luis-mahiques-y-pascual-botella-dos-abanderados-que-esperan-la-llegada-de-la-festa-de-cocentaina\\\/\",\"url\":\"https:\\\/\\\/www.copealcoy.es\\\/es\\\/juan-luis-mahiques-y-pascual-botella-dos-abanderados-que-esperan-la-llegada-de-la-festa-de-cocentaina\\\/\",\"name\":\"Juan Lu\u00eds Mahiques y Pascual Botella, dos Abanderados que esperan la llegada de la Festa de Cocentaina - COPE Alcoy\",\"isPartOf\":{\"@id\":\"https:\\\/\\\/www.copealcoy.es\\\/es\\\/#website\"},\"primaryImageOfPage\":{\"@id\":\"https:\\\/\\\/www.copealcoy.es\\\/es\\\/juan-luis-mahiques-y-pascual-botella-dos-abanderados-que-esperan-la-llegada-de-la-festa-de-cocentaina\\\/#primaryimage\"},\"image\":{\"@id\":\"https:\\\/\\\/www.copealcoy.es\\\/es\\\/juan-luis-mahiques-y-pascual-botella-dos-abanderados-que-esperan-la-llegada-de-la-festa-de-cocentaina\\\/#primaryimage\"},\"thumbnailUrl\":\"https:\\\/\\\/www.copealcoy.es\\\/wp-content\\\/uploads\\\/2023\\\/08\\\/unnamed-1-scaled-e1691082862667.jpg\",\"datePublished\":\"2023-08-03T21:31:14+00:00\",\"dateModified\":\"2023-08-03T21:43:48+00:00\",\"author\":{\"@id\":\"https:\\\/\\\/www.copealcoy.es\\\/es\\\/#\\\/schema\\\/person\\\/e777c87fa024e57d40170af9df39882c\"},\"description\":\"Juan Lu\u00eds Mahiques i Pascual Botella son los Abanderados en las Fiestas de Moros y Cristianos de Cocentaina 2023\",\"breadcrumb\":{\"@id\":\"https:\\\/\\\/www.copealcoy.es\\\/es\\\/juan-luis-mahiques-y-pascual-botella-dos-abanderados-que-esperan-la-llegada-de-la-festa-de-cocentaina\\\/#breadcrumb\"},\"inLanguage\":\"es\",\"potentialAction\":[{\"@type\":\"ReadAction\",\"target\":[\"https:\\\/\\\/www.copealcoy.es\\\/es\\\/juan-luis-mahiques-y-pascual-botella-dos-abanderados-que-esperan-la-llegada-de-la-festa-de-cocentaina\\\/\"]}]},{\"@type\":\"ImageObject\",\"inLanguage\":\"es\",\"@id\":\"https:\\\/\\\/www.copealcoy.es\\\/es\\\/juan-luis-mahiques-y-pascual-botella-dos-abanderados-que-esperan-la-llegada-de-la-festa-de-cocentaina\\\/#primaryimage\",\"url\":\"https:\\\/\\\/www.copealcoy.es\\\/wp-content\\\/uploads\\\/2023\\\/08\\\/unnamed-1-scaled-e1691082862667.jpg\",\"contentUrl\":\"https:\\\/\\\/www.copealcoy.es\\\/wp-content\\\/uploads\\\/2023\\\/08\\\/unnamed-1-scaled-e1691082862667.jpg\",\"width\":643,\"height\":352},{\"@type\":\"BreadcrumbList\",\"@id\":\"https:\\\/\\\/www.copealcoy.es\\\/es\\\/juan-luis-mahiques-y-pascual-botella-dos-abanderados-que-esperan-la-llegada-de-la-festa-de-cocentaina\\\/#breadcrumb\",\"itemListElement\":[{\"@type\":\"ListItem\",\"position\":1,\"name\":\"Portada\",\"item\":\"https:\\\/\\\/www.copealcoy.es\\\/es\\\/\"},{\"@type\":\"ListItem\",\"position\":2,\"name\":\"Juan Lu\u00eds Mahiques y Pascual Botella, dos Abanderados que esperan la llegada de la Festa de Cocentaina\"}]},{\"@type\":\"WebSite\",\"@id\":\"https:\\\/\\\/www.copealcoy.es\\\/es\\\/#website\",\"url\":\"https:\\\/\\\/www.copealcoy.es\\\/es\\\/\",\"name\":\"COPE Alcoy\",\"description\":\"Emisora COPE de radio local con emisi\u00f3n online. Pont de Sant Jordi 8-10 03803 Alcoy\",\"potentialAction\":[{\"@type\":\"SearchAction\",\"target\":{\"@type\":\"EntryPoint\",\"urlTemplate\":\"https:\\\/\\\/www.copealcoy.es\\\/es\\\/?s={search_term_string}\"},\"query-input\":{\"@type\":\"PropertyValueSpecification\",\"valueRequired\":true,\"valueName\":\"search_term_string\"}}],\"inLanguage\":\"es\"},{\"@type\":\"Person\",\"@id\":\"https:\\\/\\\/www.copealcoy.es\\\/es\\\/#\\\/schema\\\/person\\\/e777c87fa024e57d40170af9df39882c\",\"name\":\"Cope Alcoy\",\"image\":{\"@type\":\"ImageObject\",\"inLanguage\":\"es\",\"@id\":\"https:\\\/\\\/secure.gravatar.com\\\/avatar\\\/bb65d0283347e303893ba14f0692005417c1e0e690a325a4c5d8bb2b3943ee14?s=96&d=mm&r=g\",\"url\":\"https:\\\/\\\/secure.gravatar.com\\\/avatar\\\/bb65d0283347e303893ba14f0692005417c1e0e690a325a4c5d8bb2b3943ee14?s=96&d=mm&r=g\",\"contentUrl\":\"https:\\\/\\\/secure.gravatar.com\\\/avatar\\\/bb65d0283347e303893ba14f0692005417c1e0e690a325a4c5d8bb2b3943ee14?s=96&d=mm&r=g\",\"caption\":\"Cope Alcoy\"}}]}<\/script>\n<!-- \/ Yoast SEO plugin. -->","yoast_head_json":{"title":"Juan Lu\u00eds Mahiques y Pascual Botella, dos Abanderados que esperan la llegada de la Festa de Cocentaina - COPE Alcoy","description":"Juan Lu\u00eds Mahiques i Pascual Botella son los Abanderados en las Fiestas de Moros y Cristianos de Cocentaina 2023","robots":{"index":"index","follow":"follow","max-snippet":"max-snippet:-1","max-image-preview":"max-image-preview:large","max-video-preview":"max-video-preview:-1"},"canonical":"https:\/\/www.copealcoy.es\/es\/juan-luis-mahiques-y-pascual-botella-dos-abanderados-que-esperan-la-llegada-de-la-festa-de-cocentaina\/","og_locale":"es_ES","og_type":"article","og_title":"Juan Lu\u00eds Mahiques y Pascual Botella, dos Abanderados que esperan la llegada de la Festa de Cocentaina - COPE Alcoy","og_description":"Juan Lu\u00eds Mahiques i Pascual Botella son los Abanderados en las Fiestas de Moros y Cristianos de Cocentaina 2023","og_url":"https:\/\/www.copealcoy.es\/es\/juan-luis-mahiques-y-pascual-botella-dos-abanderados-que-esperan-la-llegada-de-la-festa-de-cocentaina\/","og_site_name":"COPE Alcoy","article_published_time":"2023-08-03T21:31:14+00:00","article_modified_time":"2023-08-03T21:43:48+00:00","og_image":[{"width":643,"height":352,"url":"https:\/\/www.copealcoy.es\/wp-content\/uploads\/2023\/08\/unnamed-1-scaled-e1691082862667.jpg","type":"image\/jpeg"}],"author":"Cope Alcoy","twitter_misc":{"Escrito por":"Cope Alcoy","Tiempo de lectura":"4 minutos"},"schema":{"@context":"https:\/\/schema.org","@graph":[{"@type":"Article","@id":"https:\/\/www.copealcoy.es\/es\/juan-luis-mahiques-y-pascual-botella-dos-abanderados-que-esperan-la-llegada-de-la-festa-de-cocentaina\/#article","isPartOf":{"@id":"https:\/\/www.copealcoy.es\/es\/juan-luis-mahiques-y-pascual-botella-dos-abanderados-que-esperan-la-llegada-de-la-festa-de-cocentaina\/"},"author":{"name":"Cope Alcoy","@id":"https:\/\/www.copealcoy.es\/es\/#\/schema\/person\/e777c87fa024e57d40170af9df39882c"},"headline":"Juan Lu\u00eds Mahiques y Pascual Botella, dos Abanderados que esperan la llegada de la Festa de Cocentaina","datePublished":"2023-08-03T21:31:14+00:00","dateModified":"2023-08-03T21:43:48+00:00","mainEntityOfPage":{"@id":"https:\/\/www.copealcoy.es\/es\/juan-luis-mahiques-y-pascual-botella-dos-abanderados-que-esperan-la-llegada-de-la-festa-de-cocentaina\/"},"wordCount":709,"commentCount":0,"image":{"@id":"https:\/\/www.copealcoy.es\/es\/juan-luis-mahiques-y-pascual-botella-dos-abanderados-que-esperan-la-llegada-de-la-festa-de-cocentaina\/#primaryimage"},"thumbnailUrl":"https:\/\/www.copealcoy.es\/wp-content\/uploads\/2023\/08\/unnamed-1-scaled-e1691082862667.jpg","keywords":["abanderado","Cocentaina","Fiestas","Fil\u00e0 Gentils","Fil\u00e0 Guardia Jalifiana","Juan Lu\u00eds Mahiques","Moros Y Cristianos","Pascual Botella","Sahorins","San Hip\u00f3lito M\u00e1rtir"],"articleSection":["Actualidad","Comarcas","Noticias"],"inLanguage":"es"},{"@type":"WebPage","@id":"https:\/\/www.copealcoy.es\/es\/juan-luis-mahiques-y-pascual-botella-dos-abanderados-que-esperan-la-llegada-de-la-festa-de-cocentaina\/","url":"https:\/\/www.copealcoy.es\/es\/juan-luis-mahiques-y-pascual-botella-dos-abanderados-que-esperan-la-llegada-de-la-festa-de-cocentaina\/","name":"Juan Lu\u00eds Mahiques y Pascual Botella, dos Abanderados que esperan la llegada de la Festa de Cocentaina - COPE Alcoy","isPartOf":{"@id":"https:\/\/www.copealcoy.es\/es\/#website"},"primaryImageOfPage":{"@id":"https:\/\/www.copealcoy.es\/es\/juan-luis-mahiques-y-pascual-botella-dos-abanderados-que-esperan-la-llegada-de-la-festa-de-cocentaina\/#primaryimage"},"image":{"@id":"https:\/\/www.copealcoy.es\/es\/juan-luis-mahiques-y-pascual-botella-dos-abanderados-que-esperan-la-llegada-de-la-festa-de-cocentaina\/#primaryimage"},"thumbnailUrl":"https:\/\/www.copealcoy.es\/wp-content\/uploads\/2023\/08\/unnamed-1-scaled-e1691082862667.jpg","datePublished":"2023-08-03T21:31:14+00:00","dateModified":"2023-08-03T21:43:48+00:00","author":{"@id":"https:\/\/www.copealcoy.es\/es\/#\/schema\/person\/e777c87fa024e57d40170af9df39882c"},"description":"Juan Lu\u00eds Mahiques i Pascual Botella son los Abanderados en las Fiestas de Moros y Cristianos de Cocentaina 2023","breadcrumb":{"@id":"https:\/\/www.copealcoy.es\/es\/juan-luis-mahiques-y-pascual-botella-dos-abanderados-que-esperan-la-llegada-de-la-festa-de-cocentaina\/#breadcrumb"},"inLanguage":"es","potentialAction":[{"@type":"ReadAction","target":["https:\/\/www.copealcoy.es\/es\/juan-luis-mahiques-y-pascual-botella-dos-abanderados-que-esperan-la-llegada-de-la-festa-de-cocentaina\/"]}]},{"@type":"ImageObject","inLanguage":"es","@id":"https:\/\/www.copealcoy.es\/es\/juan-luis-mahiques-y-pascual-botella-dos-abanderados-que-esperan-la-llegada-de-la-festa-de-cocentaina\/#primaryimage","url":"https:\/\/www.copealcoy.es\/wp-content\/uploads\/2023\/08\/unnamed-1-scaled-e1691082862667.jpg","contentUrl":"https:\/\/www.copealcoy.es\/wp-content\/uploads\/2023\/08\/unnamed-1-scaled-e1691082862667.jpg","width":643,"height":352},{"@type":"BreadcrumbList","@id":"https:\/\/www.copealcoy.es\/es\/juan-luis-mahiques-y-pascual-botella-dos-abanderados-que-esperan-la-llegada-de-la-festa-de-cocentaina\/#breadcrumb","itemListElement":[{"@type":"ListItem","position":1,"name":"Portada","item":"https:\/\/www.copealcoy.es\/es\/"},{"@type":"ListItem","position":2,"name":"Juan Lu\u00eds Mahiques y Pascual Botella, dos Abanderados que esperan la llegada de la Festa de Cocentaina"}]},{"@type":"WebSite","@id":"https:\/\/www.copealcoy.es\/es\/#website","url":"https:\/\/www.copealcoy.es\/es\/","name":"COPE Alcoy","description":"Emisora COPE de radio local con emisi\u00f3n online. Pont de Sant Jordi 8-10 03803 Alcoy","potentialAction":[{"@type":"SearchAction","target":{"@type":"EntryPoint","urlTemplate":"https:\/\/www.copealcoy.es\/es\/?s={search_term_string}"},"query-input":{"@type":"PropertyValueSpecification","valueRequired":true,"valueName":"search_term_string"}}],"inLanguage":"es"},{"@type":"Person","@id":"https:\/\/www.copealcoy.es\/es\/#\/schema\/person\/e777c87fa024e57d40170af9df39882c","name":"Cope Alcoy","image":{"@type":"ImageObject","inLanguage":"es","@id":"https:\/\/secure.gravatar.com\/avatar\/bb65d0283347e303893ba14f0692005417c1e0e690a325a4c5d8bb2b3943ee14?s=96&d=mm&r=g","url":"https:\/\/secure.gravatar.com\/avatar\/bb65d0283347e303893ba14f0692005417c1e0e690a325a4c5d8bb2b3943ee14?s=96&d=mm&r=g","contentUrl":"https:\/\/secure.gravatar.com\/avatar\/bb65d0283347e303893ba14f0692005417c1e0e690a325a4c5d8bb2b3943ee14?s=96&d=mm&r=g","caption":"Cope Alcoy"}}]}},"_links":{"self":[{"href":"https:\/\/www.copealcoy.es\/es\/wp-json\/wp\/v2\/posts\/120514","targetHints":{"allow":["GET"]}}],"collection":[{"href":"https:\/\/www.copealcoy.es\/es\/wp-json\/wp\/v2\/posts"}],"about":[{"href":"https:\/\/www.copealcoy.es\/es\/wp-json\/wp\/v2\/types\/post"}],"author":[{"embeddable":true,"href":"https:\/\/www.copealcoy.es\/es\/wp-json\/wp\/v2\/users\/1"}],"replies":[{"embeddable":true,"href":"https:\/\/www.copealcoy.es\/es\/wp-json\/wp\/v2\/comments?post=120514"}],"version-history":[{"count":0,"href":"https:\/\/www.copealcoy.es\/es\/wp-json\/wp\/v2\/posts\/120514\/revisions"}],"wp:featuredmedia":[{"embeddable":true,"href":"https:\/\/www.copealcoy.es\/es\/wp-json\/wp\/v2\/media\/120507"}],"wp:attachment":[{"href":"https:\/\/www.copealcoy.es\/es\/wp-json\/wp\/v2\/media?parent=120514"}],"wp:term":[{"taxonomy":"category","embeddable":true,"href":"https:\/\/www.copealcoy.es\/es\/wp-json\/wp\/v2\/categories?post=120514"},{"taxonomy":"post_tag","embeddable":true,"href":"https:\/\/www.copealcoy.es\/es\/wp-json\/wp\/v2\/tags?post=120514"}],"curies":[{"name":"wp","href":"https:\/\/api.w.org\/{rel}","templated":true}]}}