{"id":120421,"date":"2023-07-28T08:06:21","date_gmt":"2023-07-28T07:06:21","guid":{"rendered":"https:\/\/www.copealcoy.es\/?p=120421"},"modified":"2023-07-28T09:41:22","modified_gmt":"2023-07-28T08:41:22","slug":"los-mejores-planes-para-este-verano-en-nuestras-comarcas","status":"publish","type":"post","link":"https:\/\/www.copealcoy.es\/es\/los-mejores-planes-para-este-verano-en-nuestras-comarcas\/","title":{"rendered":"Los mejores planes para este verano en nuestras comarcas"},"content":{"rendered":"<p style=\"text-align: justify;\">El \u00faltimo fin de semana del verano <strong>viene repleto de actividades<\/strong> en las comarcas de l&#8217;Alcoi\u00e0 y el Comtat. Por una parte destacan <strong>las Fiestas de Benimarfull<\/strong>, las cuales comienzan hoy, y que nos ofrecen <strong>actos como la Entrada de Moros y Cristianos del s\u00e1bado<\/strong> o <strong>la procesi\u00f3n del Sant\u00edsimo Cristo de la Buena Muerte<\/strong> en la noche del domingo. Pasacalles, misas, verbenas nocturnas o los desfiles procesionales en honor a Santa Ana y San Jaime <strong>completan el resto de la programaci\u00f3n festiva<\/strong>. Tambi\u00e9n <strong>Tollos<\/strong> vive sus fiestas <strong>en honor a San Antonio de P\u00e1dua y la Virgen del Rosario<\/strong> a lo largo de todo el fin de semana.<\/p>\n<p style=\"text-align: justify;\">Adem\u00e1s, en <strong>Cocentaina,<\/strong>\u00a0 habr\u00e1 <strong>\u2018Voltetes\u2019<\/strong> este viernes por el Passeig del Comtat y a partir de las 23:40h desfilar\u00e1n Mud\u00e9jares, Creuats, Contestanos, Cavallers de Ll\u00faria, Mulad\u00eds, o las Escuadras de Negros de Guardia Jalifiana, Llana, Cavalleria Ministerial y Gentils. La <a href=\"https:\/\/lamancomunitat.org\/ix-ruta-de-contacontes\/?lang=es\" target=\"_blank\" rel=\"noopener\"><span style=\"color: #0000ff;\"><strong>Ruta de Contacontes de la Mancomunitat<\/strong><\/span><\/a> llega domingo a Pen\u00e0guila y el <a href=\"https:\/\/lamancomunitat.org\/ciclo-de-conciertos-somriu-2023\/?lang=es\" target=\"_blank\" rel=\"noopener\"><strong><span style=\"color: #0000ff;\">Ciclo de Conciertos Somriu<\/span><\/strong><\/a> hace parada esta noche en Cocentaina, a las 22:30h, con la actaci\u00f3n de Lorena \u00c1lvarez en El Pla de la Font. Ma\u00f1ana, a las 23:00 y en la Plaza de la Iglesia de Alcoleja, ser\u00e1 el turno de Marco Pompero. Por \u00faltimo el domingo, en Benimarfull, ruta bot\u00e1nica: hierbas comestibles y remedieras.<\/p>\n<p><strong><span style=\"color: #0000ff;\">Rutas para descubrir la comarca<\/span><\/strong><\/p>\n<p style=\"text-align: justify;\">Descubrir los detalles del toque de campanas manual, conocer las plantas medicinales de nuestros montes y sus usos, aprender sobre el pasado industrial de la zona&#8230; La <strong>Mancomunidad de l&#8217;Alcoi\u00e0 y El Comtat te acerca este verano a la naturaleza y el patrimonio cultural de las comarcas<\/strong> con su programa de rutas guiadas.<\/p>\n<p style=\"text-align: justify;\">&#8220;<em>Queremos que la gente conozca el patrimonio y, para ello, hay varias l\u00edneas<\/em>&#8220;, explicaba la gerente de la Manco en COPE ALCOY, Mar\u00eda Segu\u00ed. Se har\u00e1n un total de doce rutas, las Rutas 20Mils 2023, que abarcar\u00e1n el <strong>patrimonio arqueol\u00f3gico, bot\u00e1nico, industrial, cultural, y oficios y t\u00e9cnicas tradicionales de la comarca<\/strong>.<\/p>\n<p style=\"text-align: justify;\">Para poder asistir hay que <strong>inscribirse en la web<\/strong>. &#8220;<em>La idea de las rutas, como son guiadas, es que sean reducidas para que la gente pueda disfrutar de la experiencia<\/em>&#8220;, a\u00f1ade la gerente.<\/p>\n<p style=\"text-align: justify;\">Las rutas<strong> comenzaron en junio y se alargar\u00e1n hasta noviembre<\/strong>. &#8220;<em>Tenemos una programaci\u00f3n que intentamos que sea desestacionalizada. Queremos que la gente pueda disfrutar de las comarcas en cualquier mes del a\u00f1o y ofrecemos una propuesta diferente para que conozcan m\u00e1s todo el valor que tenemos<\/em>&#8220;.<\/p>\n<p style=\"text-align: justify;\">Conoce <span style=\"color: #0000ff;\"><a style=\"color: #0000ff;\" href=\"https:\/\/www.20mils.com\/es\/agenda-20-mils\" target=\"_blank\" rel=\"noopener\"><strong>aqu\u00ed<\/strong> <\/a><\/span>las distintas rutas.<\/p>\n","protected":false},"excerpt":{"rendered":"<p>El \u00faltimo fin de semana del verano viene repleto de actividades en las comarcas de l&#8217;Alcoi\u00e0 y el Comtat. Por&#8230;<\/p>\n","protected":false},"author":1,"featured_media":53835,"comment_status":"open","ping_status":"open","sticky":false,"template":"","format":"standard","meta":{"footnotes":""},"categories":[6909,98,75],"tags":[482,237,1745,15363,697],"class_list":["post-120421","post","type-post","status-publish","format-standard","has-post-thumbnail","hentry","category-actualidad","category-comarcas","category-noticias","tag-alcoia","tag-comtat","tag-mancomunitat","tag-planes-verano","tag-rutas"],"yoast_head":"<!-- This site is optimized with the Yoast SEO plugin v27.3 - https:\/\/yoast.com\/product\/yoast-seo-wordpress\/ -->\n<title>Los mejores planes para este verano en nuestras comarcas - COPE Alcoy<\/title>\n<meta name=\"description\" content=\"El \u00faltimo fin de semana del verano viene repleto de actividades en los municipios de las comarcas de l&#039;Alcoi\u00e0 y el Comtat\" \/>\n<meta name=\"robots\" content=\"index, follow, max-snippet:-1, max-image-preview:large, max-video-preview:-1\" \/>\n<link rel=\"canonical\" href=\"https:\/\/www.copealcoy.es\/es\/los-mejores-planes-para-este-verano-en-nuestras-comarcas\/\" \/>\n<meta property=\"og:locale\" content=\"es_ES\" \/>\n<meta property=\"og:type\" content=\"article\" \/>\n<meta property=\"og:title\" content=\"Los mejores planes para este verano en nuestras comarcas - COPE Alcoy\" \/>\n<meta property=\"og:description\" content=\"El \u00faltimo fin de semana del verano viene repleto de actividades en los municipios de las comarcas de l&#039;Alcoi\u00e0 y el Comtat\" \/>\n<meta property=\"og:url\" content=\"https:\/\/www.copealcoy.es\/es\/los-mejores-planes-para-este-verano-en-nuestras-comarcas\/\" \/>\n<meta property=\"og:site_name\" content=\"COPE Alcoy\" \/>\n<meta property=\"article:published_time\" content=\"2023-07-28T07:06:21+00:00\" \/>\n<meta property=\"article:modified_time\" content=\"2023-07-28T08:41:22+00:00\" \/>\n<meta property=\"og:image\" content=\"https:\/\/www.copealcoy.es\/wp-content\/uploads\/2019\/08\/casa-de-pueblo_3165919_19420488_xl-1.jpg\" \/>\n\t<meta property=\"og:image:width\" content=\"750\" \/>\n\t<meta property=\"og:image:height\" content=\"421\" \/>\n\t<meta property=\"og:image:type\" content=\"image\/jpeg\" \/>\n<meta name=\"author\" content=\"Cope Alcoy\" \/>\n<meta name=\"twitter:label1\" content=\"Escrito por\" \/>\n\t<meta name=\"twitter:data1\" content=\"Cope Alcoy\" \/>\n\t<meta name=\"twitter:label2\" content=\"Tiempo de lectura\" \/>\n\t<meta name=\"twitter:data2\" content=\"3 minutos\" \/>\n<script type=\"application\/ld+json\" class=\"yoast-schema-graph\">{\"@context\":\"https:\\\/\\\/schema.org\",\"@graph\":[{\"@type\":\"Article\",\"@id\":\"https:\\\/\\\/www.copealcoy.es\\\/es\\\/los-mejores-planes-para-este-verano-en-nuestras-comarcas\\\/#article\",\"isPartOf\":{\"@id\":\"https:\\\/\\\/www.copealcoy.es\\\/es\\\/los-mejores-planes-para-este-verano-en-nuestras-comarcas\\\/\"},\"author\":{\"name\":\"Cope Alcoy\",\"@id\":\"https:\\\/\\\/www.copealcoy.es\\\/es\\\/#\\\/schema\\\/person\\\/e777c87fa024e57d40170af9df39882c\"},\"headline\":\"Los mejores planes para este verano en nuestras comarcas\",\"datePublished\":\"2023-07-28T07:06:21+00:00\",\"dateModified\":\"2023-07-28T08:41:22+00:00\",\"mainEntityOfPage\":{\"@id\":\"https:\\\/\\\/www.copealcoy.es\\\/es\\\/los-mejores-planes-para-este-verano-en-nuestras-comarcas\\\/\"},\"wordCount\":446,\"commentCount\":0,\"image\":{\"@id\":\"https:\\\/\\\/www.copealcoy.es\\\/es\\\/los-mejores-planes-para-este-verano-en-nuestras-comarcas\\\/#primaryimage\"},\"thumbnailUrl\":\"https:\\\/\\\/www.copealcoy.es\\\/wp-content\\\/uploads\\\/2019\\\/08\\\/casa-de-pueblo_3165919_19420488_xl-1.jpg\",\"keywords\":[\"Alcoi\u00e0\",\"Comtat\",\"Mancomunitat\",\"planes verano\",\"Rutas\"],\"articleSection\":[\"Actualidad\",\"Comarcas\",\"Noticias\"],\"inLanguage\":\"es\"},{\"@type\":\"WebPage\",\"@id\":\"https:\\\/\\\/www.copealcoy.es\\\/es\\\/los-mejores-planes-para-este-verano-en-nuestras-comarcas\\\/\",\"url\":\"https:\\\/\\\/www.copealcoy.es\\\/es\\\/los-mejores-planes-para-este-verano-en-nuestras-comarcas\\\/\",\"name\":\"Los mejores planes para este verano en nuestras comarcas - COPE Alcoy\",\"isPartOf\":{\"@id\":\"https:\\\/\\\/www.copealcoy.es\\\/es\\\/#website\"},\"primaryImageOfPage\":{\"@id\":\"https:\\\/\\\/www.copealcoy.es\\\/es\\\/los-mejores-planes-para-este-verano-en-nuestras-comarcas\\\/#primaryimage\"},\"image\":{\"@id\":\"https:\\\/\\\/www.copealcoy.es\\\/es\\\/los-mejores-planes-para-este-verano-en-nuestras-comarcas\\\/#primaryimage\"},\"thumbnailUrl\":\"https:\\\/\\\/www.copealcoy.es\\\/wp-content\\\/uploads\\\/2019\\\/08\\\/casa-de-pueblo_3165919_19420488_xl-1.jpg\",\"datePublished\":\"2023-07-28T07:06:21+00:00\",\"dateModified\":\"2023-07-28T08:41:22+00:00\",\"author\":{\"@id\":\"https:\\\/\\\/www.copealcoy.es\\\/es\\\/#\\\/schema\\\/person\\\/e777c87fa024e57d40170af9df39882c\"},\"description\":\"El \u00faltimo fin de semana del verano viene repleto de actividades en los municipios de las comarcas de l'Alcoi\u00e0 y el Comtat\",\"breadcrumb\":{\"@id\":\"https:\\\/\\\/www.copealcoy.es\\\/es\\\/los-mejores-planes-para-este-verano-en-nuestras-comarcas\\\/#breadcrumb\"},\"inLanguage\":\"es\",\"potentialAction\":[{\"@type\":\"ReadAction\",\"target\":[\"https:\\\/\\\/www.copealcoy.es\\\/es\\\/los-mejores-planes-para-este-verano-en-nuestras-comarcas\\\/\"]}]},{\"@type\":\"ImageObject\",\"inLanguage\":\"es\",\"@id\":\"https:\\\/\\\/www.copealcoy.es\\\/es\\\/los-mejores-planes-para-este-verano-en-nuestras-comarcas\\\/#primaryimage\",\"url\":\"https:\\\/\\\/www.copealcoy.es\\\/wp-content\\\/uploads\\\/2019\\\/08\\\/casa-de-pueblo_3165919_19420488_xl-1.jpg\",\"contentUrl\":\"https:\\\/\\\/www.copealcoy.es\\\/wp-content\\\/uploads\\\/2019\\\/08\\\/casa-de-pueblo_3165919_19420488_xl-1.jpg\",\"width\":750,\"height\":421},{\"@type\":\"BreadcrumbList\",\"@id\":\"https:\\\/\\\/www.copealcoy.es\\\/es\\\/los-mejores-planes-para-este-verano-en-nuestras-comarcas\\\/#breadcrumb\",\"itemListElement\":[{\"@type\":\"ListItem\",\"position\":1,\"name\":\"Portada\",\"item\":\"https:\\\/\\\/www.copealcoy.es\\\/es\\\/\"},{\"@type\":\"ListItem\",\"position\":2,\"name\":\"Los mejores planes para este verano en nuestras comarcas\"}]},{\"@type\":\"WebSite\",\"@id\":\"https:\\\/\\\/www.copealcoy.es\\\/es\\\/#website\",\"url\":\"https:\\\/\\\/www.copealcoy.es\\\/es\\\/\",\"name\":\"COPE Alcoy\",\"description\":\"Emisora COPE de radio local con emisi\u00f3n online. Pont de Sant Jordi 8-10 03803 Alcoy\",\"potentialAction\":[{\"@type\":\"SearchAction\",\"target\":{\"@type\":\"EntryPoint\",\"urlTemplate\":\"https:\\\/\\\/www.copealcoy.es\\\/es\\\/?s={search_term_string}\"},\"query-input\":{\"@type\":\"PropertyValueSpecification\",\"valueRequired\":true,\"valueName\":\"search_term_string\"}}],\"inLanguage\":\"es\"},{\"@type\":\"Person\",\"@id\":\"https:\\\/\\\/www.copealcoy.es\\\/es\\\/#\\\/schema\\\/person\\\/e777c87fa024e57d40170af9df39882c\",\"name\":\"Cope Alcoy\",\"image\":{\"@type\":\"ImageObject\",\"inLanguage\":\"es\",\"@id\":\"https:\\\/\\\/secure.gravatar.com\\\/avatar\\\/bb65d0283347e303893ba14f0692005417c1e0e690a325a4c5d8bb2b3943ee14?s=96&d=mm&r=g\",\"url\":\"https:\\\/\\\/secure.gravatar.com\\\/avatar\\\/bb65d0283347e303893ba14f0692005417c1e0e690a325a4c5d8bb2b3943ee14?s=96&d=mm&r=g\",\"contentUrl\":\"https:\\\/\\\/secure.gravatar.com\\\/avatar\\\/bb65d0283347e303893ba14f0692005417c1e0e690a325a4c5d8bb2b3943ee14?s=96&d=mm&r=g\",\"caption\":\"Cope Alcoy\"}}]}<\/script>\n<!-- \/ Yoast SEO plugin. -->","yoast_head_json":{"title":"Los mejores planes para este verano en nuestras comarcas - COPE Alcoy","description":"El \u00faltimo fin de semana del verano viene repleto de actividades en los municipios de las comarcas de l'Alcoi\u00e0 y el Comtat","robots":{"index":"index","follow":"follow","max-snippet":"max-snippet:-1","max-image-preview":"max-image-preview:large","max-video-preview":"max-video-preview:-1"},"canonical":"https:\/\/www.copealcoy.es\/es\/los-mejores-planes-para-este-verano-en-nuestras-comarcas\/","og_locale":"es_ES","og_type":"article","og_title":"Los mejores planes para este verano en nuestras comarcas - COPE Alcoy","og_description":"El \u00faltimo fin de semana del verano viene repleto de actividades en los municipios de las comarcas de l'Alcoi\u00e0 y el Comtat","og_url":"https:\/\/www.copealcoy.es\/es\/los-mejores-planes-para-este-verano-en-nuestras-comarcas\/","og_site_name":"COPE Alcoy","article_published_time":"2023-07-28T07:06:21+00:00","article_modified_time":"2023-07-28T08:41:22+00:00","og_image":[{"width":750,"height":421,"url":"https:\/\/www.copealcoy.es\/wp-content\/uploads\/2019\/08\/casa-de-pueblo_3165919_19420488_xl-1.jpg","type":"image\/jpeg"}],"author":"Cope Alcoy","twitter_misc":{"Escrito por":"Cope Alcoy","Tiempo de lectura":"3 minutos"},"schema":{"@context":"https:\/\/schema.org","@graph":[{"@type":"Article","@id":"https:\/\/www.copealcoy.es\/es\/los-mejores-planes-para-este-verano-en-nuestras-comarcas\/#article","isPartOf":{"@id":"https:\/\/www.copealcoy.es\/es\/los-mejores-planes-para-este-verano-en-nuestras-comarcas\/"},"author":{"name":"Cope Alcoy","@id":"https:\/\/www.copealcoy.es\/es\/#\/schema\/person\/e777c87fa024e57d40170af9df39882c"},"headline":"Los mejores planes para este verano en nuestras comarcas","datePublished":"2023-07-28T07:06:21+00:00","dateModified":"2023-07-28T08:41:22+00:00","mainEntityOfPage":{"@id":"https:\/\/www.copealcoy.es\/es\/los-mejores-planes-para-este-verano-en-nuestras-comarcas\/"},"wordCount":446,"commentCount":0,"image":{"@id":"https:\/\/www.copealcoy.es\/es\/los-mejores-planes-para-este-verano-en-nuestras-comarcas\/#primaryimage"},"thumbnailUrl":"https:\/\/www.copealcoy.es\/wp-content\/uploads\/2019\/08\/casa-de-pueblo_3165919_19420488_xl-1.jpg","keywords":["Alcoi\u00e0","Comtat","Mancomunitat","planes verano","Rutas"],"articleSection":["Actualidad","Comarcas","Noticias"],"inLanguage":"es"},{"@type":"WebPage","@id":"https:\/\/www.copealcoy.es\/es\/los-mejores-planes-para-este-verano-en-nuestras-comarcas\/","url":"https:\/\/www.copealcoy.es\/es\/los-mejores-planes-para-este-verano-en-nuestras-comarcas\/","name":"Los mejores planes para este verano en nuestras comarcas - COPE Alcoy","isPartOf":{"@id":"https:\/\/www.copealcoy.es\/es\/#website"},"primaryImageOfPage":{"@id":"https:\/\/www.copealcoy.es\/es\/los-mejores-planes-para-este-verano-en-nuestras-comarcas\/#primaryimage"},"image":{"@id":"https:\/\/www.copealcoy.es\/es\/los-mejores-planes-para-este-verano-en-nuestras-comarcas\/#primaryimage"},"thumbnailUrl":"https:\/\/www.copealcoy.es\/wp-content\/uploads\/2019\/08\/casa-de-pueblo_3165919_19420488_xl-1.jpg","datePublished":"2023-07-28T07:06:21+00:00","dateModified":"2023-07-28T08:41:22+00:00","author":{"@id":"https:\/\/www.copealcoy.es\/es\/#\/schema\/person\/e777c87fa024e57d40170af9df39882c"},"description":"El \u00faltimo fin de semana del verano viene repleto de actividades en los municipios de las comarcas de l'Alcoi\u00e0 y el Comtat","breadcrumb":{"@id":"https:\/\/www.copealcoy.es\/es\/los-mejores-planes-para-este-verano-en-nuestras-comarcas\/#breadcrumb"},"inLanguage":"es","potentialAction":[{"@type":"ReadAction","target":["https:\/\/www.copealcoy.es\/es\/los-mejores-planes-para-este-verano-en-nuestras-comarcas\/"]}]},{"@type":"ImageObject","inLanguage":"es","@id":"https:\/\/www.copealcoy.es\/es\/los-mejores-planes-para-este-verano-en-nuestras-comarcas\/#primaryimage","url":"https:\/\/www.copealcoy.es\/wp-content\/uploads\/2019\/08\/casa-de-pueblo_3165919_19420488_xl-1.jpg","contentUrl":"https:\/\/www.copealcoy.es\/wp-content\/uploads\/2019\/08\/casa-de-pueblo_3165919_19420488_xl-1.jpg","width":750,"height":421},{"@type":"BreadcrumbList","@id":"https:\/\/www.copealcoy.es\/es\/los-mejores-planes-para-este-verano-en-nuestras-comarcas\/#breadcrumb","itemListElement":[{"@type":"ListItem","position":1,"name":"Portada","item":"https:\/\/www.copealcoy.es\/es\/"},{"@type":"ListItem","position":2,"name":"Los mejores planes para este verano en nuestras comarcas"}]},{"@type":"WebSite","@id":"https:\/\/www.copealcoy.es\/es\/#website","url":"https:\/\/www.copealcoy.es\/es\/","name":"COPE Alcoy","description":"Emisora COPE de radio local con emisi\u00f3n online. Pont de Sant Jordi 8-10 03803 Alcoy","potentialAction":[{"@type":"SearchAction","target":{"@type":"EntryPoint","urlTemplate":"https:\/\/www.copealcoy.es\/es\/?s={search_term_string}"},"query-input":{"@type":"PropertyValueSpecification","valueRequired":true,"valueName":"search_term_string"}}],"inLanguage":"es"},{"@type":"Person","@id":"https:\/\/www.copealcoy.es\/es\/#\/schema\/person\/e777c87fa024e57d40170af9df39882c","name":"Cope Alcoy","image":{"@type":"ImageObject","inLanguage":"es","@id":"https:\/\/secure.gravatar.com\/avatar\/bb65d0283347e303893ba14f0692005417c1e0e690a325a4c5d8bb2b3943ee14?s=96&d=mm&r=g","url":"https:\/\/secure.gravatar.com\/avatar\/bb65d0283347e303893ba14f0692005417c1e0e690a325a4c5d8bb2b3943ee14?s=96&d=mm&r=g","contentUrl":"https:\/\/secure.gravatar.com\/avatar\/bb65d0283347e303893ba14f0692005417c1e0e690a325a4c5d8bb2b3943ee14?s=96&d=mm&r=g","caption":"Cope Alcoy"}}]}},"_links":{"self":[{"href":"https:\/\/www.copealcoy.es\/es\/wp-json\/wp\/v2\/posts\/120421","targetHints":{"allow":["GET"]}}],"collection":[{"href":"https:\/\/www.copealcoy.es\/es\/wp-json\/wp\/v2\/posts"}],"about":[{"href":"https:\/\/www.copealcoy.es\/es\/wp-json\/wp\/v2\/types\/post"}],"author":[{"embeddable":true,"href":"https:\/\/www.copealcoy.es\/es\/wp-json\/wp\/v2\/users\/1"}],"replies":[{"embeddable":true,"href":"https:\/\/www.copealcoy.es\/es\/wp-json\/wp\/v2\/comments?post=120421"}],"version-history":[{"count":0,"href":"https:\/\/www.copealcoy.es\/es\/wp-json\/wp\/v2\/posts\/120421\/revisions"}],"wp:featuredmedia":[{"embeddable":true,"href":"https:\/\/www.copealcoy.es\/es\/wp-json\/wp\/v2\/media\/53835"}],"wp:attachment":[{"href":"https:\/\/www.copealcoy.es\/es\/wp-json\/wp\/v2\/media?parent=120421"}],"wp:term":[{"taxonomy":"category","embeddable":true,"href":"https:\/\/www.copealcoy.es\/es\/wp-json\/wp\/v2\/categories?post=120421"},{"taxonomy":"post_tag","embeddable":true,"href":"https:\/\/www.copealcoy.es\/es\/wp-json\/wp\/v2\/tags?post=120421"}],"curies":[{"name":"wp","href":"https:\/\/api.w.org\/{rel}","templated":true}]}}