{"id":120332,"date":"2023-07-26T08:00:24","date_gmt":"2023-07-26T07:00:24","guid":{"rendered":"https:\/\/www.copealcoy.es\/?p=120332"},"modified":"2023-07-26T16:09:25","modified_gmt":"2023-07-26T15:09:25","slug":"el-tiempo-en-alcoy-bajan-las-maximas-en-la-recta-final-del-mes-de-julio","status":"publish","type":"post","link":"https:\/\/www.copealcoy.es\/es\/el-tiempo-en-alcoy-bajan-las-maximas-en-la-recta-final-del-mes-de-julio\/","title":{"rendered":"El tiempo en Alcoy: bajan las m\u00e1ximas en la recta final del mes de julio"},"content":{"rendered":"<p style=\"text-align: justify;\">Hemos entrado ya en<strong> la recta final de un mes de julio<\/strong> que ha estado marcado por <strong>las altas temperaturas<\/strong> tanto en Alcoy como en <strong>los municipios de nuestras comarcas<\/strong>. Dos <strong>intensas olas de calor<\/strong> han dejado los term\u00f3metros por encima de los 40 grados <strong>lleg\u00e1ndose a los 42 el martes 11 de julio en Alcoy mientras que el d\u00eda 18 de julio se rozaron los 42&#8217;6 en poblaciones del Comtat como l&#8217;Alqueria d&#8217;Asnar<\/strong>.<\/p>\n<p style=\"text-align: justify;\">La \u00faltima semana completa del mes comenz\u00f3 con <strong>cielos despejados as\u00ed como predominio del sol<\/strong>. Desde la <a href=\"https:\/\/www.aemet.es\/es\/eltiempo\/prediccion\/municipios\/alcoy-alcoi-id03009\" target=\"_blank\" rel=\"noopener\"><strong><span style=\"color: #0000ff;\">Agencia Estatal de Meteorolog\u00eda<\/span><\/strong><\/a> pronostican para este<strong>\u00a0mi\u00e9rcoles<\/strong> cielos cubiertos con chubascos por la ma\u00f1ana y a alternancia de nubes y claros durante la tarde. Por su parte las temperaturas m\u00e1ximas ser\u00e1n de 30 grados durante las horas centrales del d\u00eda mientras que las m\u00ednimas estar\u00e1n cerca de los 20 a lo largo de la madrugada. A partir del d\u00eda de hoy se normaliza la situaci\u00f3n con un <strong>jueves<\/strong> de 31 grados de m\u00e1xima, y 19 de m\u00ednima, y a partir del <strong>viernes<\/strong> vuelve el calor con una jornada en la que tendremos 35 grados de m\u00e1xima con 21 de m\u00ednima. Situaci\u00f3n id\u00e9ntica se espera para el <strong>s\u00e1bado<\/strong> y ya para el <strong>domingo<\/strong> seguir\u00eda luciendo el sol con temperaturas m\u00e1ximas que ser\u00e1n de 31 grados. Las m\u00ednimas volver\u00e1n a subir hasta los 22 grados durante la noche.<\/p>\n<p style=\"text-align: justify;\">Con este escenario despediremos julio y nos adentraremos en el mes de agosto. La <strong>previsi\u00f3n<\/strong> para los primeros d\u00edas del mes apunta de nuevo a <strong>sol, calor y temperaturas<\/strong> que estar\u00e1n por encima de los 35 grados en d\u00edas como el martes 1 o el mi\u00e9rcoles 2 de agosto.<\/p>\n","protected":false},"excerpt":{"rendered":"<p>Hemos entrado ya en la recta final de un mes de julio que ha estado marcado por las altas temperaturas&#8230;<\/p>\n","protected":false},"author":1,"featured_media":118715,"comment_status":"open","ping_status":"open","sticky":false,"template":"","format":"standard","meta":{"footnotes":""},"categories":[6909,97,75],"tags":[1494,11648,7815,15347,5445,1956],"class_list":["post-120332","post","type-post","status-publish","format-standard","has-post-thumbnail","hentry","category-actualidad","category-alcoy","category-noticias","tag-alcoy","tag-altas-temperaturas","tag-calor","tag-mes-de-julio","tag-recta-final","tag-tiempo"],"yoast_head":"<!-- This site is optimized with the Yoast SEO plugin v27.3 - https:\/\/yoast.com\/product\/yoast-seo-wordpress\/ -->\n<title>El tiempo en Alcoy: bajan las m\u00e1ximas en la recta final del mes de julio - COPE Alcoy<\/title>\n<meta name=\"description\" content=\"Hemos entrado ya en la recta final de un mes de julio que ha estado marcado por las altas temperaturas tanto en Alcoy como en los municipios de nuestras comarcas\" \/>\n<meta name=\"robots\" content=\"index, follow, max-snippet:-1, max-image-preview:large, max-video-preview:-1\" \/>\n<link rel=\"canonical\" href=\"https:\/\/www.copealcoy.es\/es\/el-tiempo-en-alcoy-bajan-las-maximas-en-la-recta-final-del-mes-de-julio\/\" \/>\n<meta property=\"og:locale\" content=\"es_ES\" \/>\n<meta property=\"og:type\" content=\"article\" \/>\n<meta property=\"og:title\" content=\"El tiempo en Alcoy: bajan las m\u00e1ximas en la recta final del mes de julio - COPE Alcoy\" \/>\n<meta property=\"og:description\" content=\"Hemos entrado ya en la recta final de un mes de julio que ha estado marcado por las altas temperaturas tanto en Alcoy como en los municipios de nuestras comarcas\" \/>\n<meta property=\"og:url\" content=\"https:\/\/www.copealcoy.es\/es\/el-tiempo-en-alcoy-bajan-las-maximas-en-la-recta-final-del-mes-de-julio\/\" \/>\n<meta property=\"og:site_name\" content=\"COPE Alcoy\" \/>\n<meta property=\"article:published_time\" content=\"2023-07-26T07:00:24+00:00\" \/>\n<meta property=\"article:modified_time\" content=\"2023-07-26T15:09:25+00:00\" \/>\n<meta property=\"og:image\" content=\"https:\/\/www.copealcoy.es\/wp-content\/uploads\/2023\/06\/0.jpg\" \/>\n\t<meta property=\"og:image:width\" content=\"576\" \/>\n\t<meta property=\"og:image:height\" content=\"390\" \/>\n\t<meta property=\"og:image:type\" content=\"image\/jpeg\" \/>\n<meta name=\"author\" content=\"Cope Alcoy\" \/>\n<meta name=\"twitter:label1\" content=\"Escrito por\" \/>\n\t<meta name=\"twitter:data1\" content=\"Cope Alcoy\" \/>\n\t<meta name=\"twitter:label2\" content=\"Tiempo de lectura\" \/>\n\t<meta name=\"twitter:data2\" content=\"2 minutos\" \/>\n<script type=\"application\/ld+json\" class=\"yoast-schema-graph\">{\"@context\":\"https:\\\/\\\/schema.org\",\"@graph\":[{\"@type\":\"Article\",\"@id\":\"https:\\\/\\\/www.copealcoy.es\\\/es\\\/el-tiempo-en-alcoy-bajan-las-maximas-en-la-recta-final-del-mes-de-julio\\\/#article\",\"isPartOf\":{\"@id\":\"https:\\\/\\\/www.copealcoy.es\\\/es\\\/el-tiempo-en-alcoy-bajan-las-maximas-en-la-recta-final-del-mes-de-julio\\\/\"},\"author\":{\"name\":\"Cope Alcoy\",\"@id\":\"https:\\\/\\\/www.copealcoy.es\\\/es\\\/#\\\/schema\\\/person\\\/e777c87fa024e57d40170af9df39882c\"},\"headline\":\"El tiempo en Alcoy: bajan las m\u00e1ximas en la recta final del mes de julio\",\"datePublished\":\"2023-07-26T07:00:24+00:00\",\"dateModified\":\"2023-07-26T15:09:25+00:00\",\"mainEntityOfPage\":{\"@id\":\"https:\\\/\\\/www.copealcoy.es\\\/es\\\/el-tiempo-en-alcoy-bajan-las-maximas-en-la-recta-final-del-mes-de-julio\\\/\"},\"wordCount\":309,\"commentCount\":0,\"image\":{\"@id\":\"https:\\\/\\\/www.copealcoy.es\\\/es\\\/el-tiempo-en-alcoy-bajan-las-maximas-en-la-recta-final-del-mes-de-julio\\\/#primaryimage\"},\"thumbnailUrl\":\"https:\\\/\\\/www.copealcoy.es\\\/wp-content\\\/uploads\\\/2023\\\/06\\\/0.jpg\",\"keywords\":[\"Alcoy\",\"altas temperaturas\",\"calor\",\"mes de julio\",\"recta final\",\"tiempo\"],\"articleSection\":[\"Actualidad\",\"Alcoy\",\"Noticias\"],\"inLanguage\":\"es\"},{\"@type\":\"WebPage\",\"@id\":\"https:\\\/\\\/www.copealcoy.es\\\/es\\\/el-tiempo-en-alcoy-bajan-las-maximas-en-la-recta-final-del-mes-de-julio\\\/\",\"url\":\"https:\\\/\\\/www.copealcoy.es\\\/es\\\/el-tiempo-en-alcoy-bajan-las-maximas-en-la-recta-final-del-mes-de-julio\\\/\",\"name\":\"El tiempo en Alcoy: bajan las m\u00e1ximas en la recta final del mes de julio - COPE Alcoy\",\"isPartOf\":{\"@id\":\"https:\\\/\\\/www.copealcoy.es\\\/es\\\/#website\"},\"primaryImageOfPage\":{\"@id\":\"https:\\\/\\\/www.copealcoy.es\\\/es\\\/el-tiempo-en-alcoy-bajan-las-maximas-en-la-recta-final-del-mes-de-julio\\\/#primaryimage\"},\"image\":{\"@id\":\"https:\\\/\\\/www.copealcoy.es\\\/es\\\/el-tiempo-en-alcoy-bajan-las-maximas-en-la-recta-final-del-mes-de-julio\\\/#primaryimage\"},\"thumbnailUrl\":\"https:\\\/\\\/www.copealcoy.es\\\/wp-content\\\/uploads\\\/2023\\\/06\\\/0.jpg\",\"datePublished\":\"2023-07-26T07:00:24+00:00\",\"dateModified\":\"2023-07-26T15:09:25+00:00\",\"author\":{\"@id\":\"https:\\\/\\\/www.copealcoy.es\\\/es\\\/#\\\/schema\\\/person\\\/e777c87fa024e57d40170af9df39882c\"},\"description\":\"Hemos entrado ya en la recta final de un mes de julio que ha estado marcado por las altas temperaturas tanto en Alcoy como en los municipios de nuestras comarcas\",\"breadcrumb\":{\"@id\":\"https:\\\/\\\/www.copealcoy.es\\\/es\\\/el-tiempo-en-alcoy-bajan-las-maximas-en-la-recta-final-del-mes-de-julio\\\/#breadcrumb\"},\"inLanguage\":\"es\",\"potentialAction\":[{\"@type\":\"ReadAction\",\"target\":[\"https:\\\/\\\/www.copealcoy.es\\\/es\\\/el-tiempo-en-alcoy-bajan-las-maximas-en-la-recta-final-del-mes-de-julio\\\/\"]}]},{\"@type\":\"ImageObject\",\"inLanguage\":\"es\",\"@id\":\"https:\\\/\\\/www.copealcoy.es\\\/es\\\/el-tiempo-en-alcoy-bajan-las-maximas-en-la-recta-final-del-mes-de-julio\\\/#primaryimage\",\"url\":\"https:\\\/\\\/www.copealcoy.es\\\/wp-content\\\/uploads\\\/2023\\\/06\\\/0.jpg\",\"contentUrl\":\"https:\\\/\\\/www.copealcoy.es\\\/wp-content\\\/uploads\\\/2023\\\/06\\\/0.jpg\",\"width\":576,\"height\":390},{\"@type\":\"BreadcrumbList\",\"@id\":\"https:\\\/\\\/www.copealcoy.es\\\/es\\\/el-tiempo-en-alcoy-bajan-las-maximas-en-la-recta-final-del-mes-de-julio\\\/#breadcrumb\",\"itemListElement\":[{\"@type\":\"ListItem\",\"position\":1,\"name\":\"Portada\",\"item\":\"https:\\\/\\\/www.copealcoy.es\\\/es\\\/\"},{\"@type\":\"ListItem\",\"position\":2,\"name\":\"El tiempo en Alcoy: bajan las m\u00e1ximas en la recta final del mes de julio\"}]},{\"@type\":\"WebSite\",\"@id\":\"https:\\\/\\\/www.copealcoy.es\\\/es\\\/#website\",\"url\":\"https:\\\/\\\/www.copealcoy.es\\\/es\\\/\",\"name\":\"COPE Alcoy\",\"description\":\"Emisora COPE de radio local con emisi\u00f3n online. Pont de Sant Jordi 8-10 03803 Alcoy\",\"potentialAction\":[{\"@type\":\"SearchAction\",\"target\":{\"@type\":\"EntryPoint\",\"urlTemplate\":\"https:\\\/\\\/www.copealcoy.es\\\/es\\\/?s={search_term_string}\"},\"query-input\":{\"@type\":\"PropertyValueSpecification\",\"valueRequired\":true,\"valueName\":\"search_term_string\"}}],\"inLanguage\":\"es\"},{\"@type\":\"Person\",\"@id\":\"https:\\\/\\\/www.copealcoy.es\\\/es\\\/#\\\/schema\\\/person\\\/e777c87fa024e57d40170af9df39882c\",\"name\":\"Cope Alcoy\",\"image\":{\"@type\":\"ImageObject\",\"inLanguage\":\"es\",\"@id\":\"https:\\\/\\\/secure.gravatar.com\\\/avatar\\\/bb65d0283347e303893ba14f0692005417c1e0e690a325a4c5d8bb2b3943ee14?s=96&d=mm&r=g\",\"url\":\"https:\\\/\\\/secure.gravatar.com\\\/avatar\\\/bb65d0283347e303893ba14f0692005417c1e0e690a325a4c5d8bb2b3943ee14?s=96&d=mm&r=g\",\"contentUrl\":\"https:\\\/\\\/secure.gravatar.com\\\/avatar\\\/bb65d0283347e303893ba14f0692005417c1e0e690a325a4c5d8bb2b3943ee14?s=96&d=mm&r=g\",\"caption\":\"Cope Alcoy\"}}]}<\/script>\n<!-- \/ Yoast SEO plugin. -->","yoast_head_json":{"title":"El tiempo en Alcoy: bajan las m\u00e1ximas en la recta final del mes de julio - COPE Alcoy","description":"Hemos entrado ya en la recta final de un mes de julio que ha estado marcado por las altas temperaturas tanto en Alcoy como en los municipios de nuestras comarcas","robots":{"index":"index","follow":"follow","max-snippet":"max-snippet:-1","max-image-preview":"max-image-preview:large","max-video-preview":"max-video-preview:-1"},"canonical":"https:\/\/www.copealcoy.es\/es\/el-tiempo-en-alcoy-bajan-las-maximas-en-la-recta-final-del-mes-de-julio\/","og_locale":"es_ES","og_type":"article","og_title":"El tiempo en Alcoy: bajan las m\u00e1ximas en la recta final del mes de julio - COPE Alcoy","og_description":"Hemos entrado ya en la recta final de un mes de julio que ha estado marcado por las altas temperaturas tanto en Alcoy como en los municipios de nuestras comarcas","og_url":"https:\/\/www.copealcoy.es\/es\/el-tiempo-en-alcoy-bajan-las-maximas-en-la-recta-final-del-mes-de-julio\/","og_site_name":"COPE Alcoy","article_published_time":"2023-07-26T07:00:24+00:00","article_modified_time":"2023-07-26T15:09:25+00:00","og_image":[{"width":576,"height":390,"url":"https:\/\/www.copealcoy.es\/wp-content\/uploads\/2023\/06\/0.jpg","type":"image\/jpeg"}],"author":"Cope Alcoy","twitter_misc":{"Escrito por":"Cope Alcoy","Tiempo de lectura":"2 minutos"},"schema":{"@context":"https:\/\/schema.org","@graph":[{"@type":"Article","@id":"https:\/\/www.copealcoy.es\/es\/el-tiempo-en-alcoy-bajan-las-maximas-en-la-recta-final-del-mes-de-julio\/#article","isPartOf":{"@id":"https:\/\/www.copealcoy.es\/es\/el-tiempo-en-alcoy-bajan-las-maximas-en-la-recta-final-del-mes-de-julio\/"},"author":{"name":"Cope Alcoy","@id":"https:\/\/www.copealcoy.es\/es\/#\/schema\/person\/e777c87fa024e57d40170af9df39882c"},"headline":"El tiempo en Alcoy: bajan las m\u00e1ximas en la recta final del mes de julio","datePublished":"2023-07-26T07:00:24+00:00","dateModified":"2023-07-26T15:09:25+00:00","mainEntityOfPage":{"@id":"https:\/\/www.copealcoy.es\/es\/el-tiempo-en-alcoy-bajan-las-maximas-en-la-recta-final-del-mes-de-julio\/"},"wordCount":309,"commentCount":0,"image":{"@id":"https:\/\/www.copealcoy.es\/es\/el-tiempo-en-alcoy-bajan-las-maximas-en-la-recta-final-del-mes-de-julio\/#primaryimage"},"thumbnailUrl":"https:\/\/www.copealcoy.es\/wp-content\/uploads\/2023\/06\/0.jpg","keywords":["Alcoy","altas temperaturas","calor","mes de julio","recta final","tiempo"],"articleSection":["Actualidad","Alcoy","Noticias"],"inLanguage":"es"},{"@type":"WebPage","@id":"https:\/\/www.copealcoy.es\/es\/el-tiempo-en-alcoy-bajan-las-maximas-en-la-recta-final-del-mes-de-julio\/","url":"https:\/\/www.copealcoy.es\/es\/el-tiempo-en-alcoy-bajan-las-maximas-en-la-recta-final-del-mes-de-julio\/","name":"El tiempo en Alcoy: bajan las m\u00e1ximas en la recta final del mes de julio - COPE Alcoy","isPartOf":{"@id":"https:\/\/www.copealcoy.es\/es\/#website"},"primaryImageOfPage":{"@id":"https:\/\/www.copealcoy.es\/es\/el-tiempo-en-alcoy-bajan-las-maximas-en-la-recta-final-del-mes-de-julio\/#primaryimage"},"image":{"@id":"https:\/\/www.copealcoy.es\/es\/el-tiempo-en-alcoy-bajan-las-maximas-en-la-recta-final-del-mes-de-julio\/#primaryimage"},"thumbnailUrl":"https:\/\/www.copealcoy.es\/wp-content\/uploads\/2023\/06\/0.jpg","datePublished":"2023-07-26T07:00:24+00:00","dateModified":"2023-07-26T15:09:25+00:00","author":{"@id":"https:\/\/www.copealcoy.es\/es\/#\/schema\/person\/e777c87fa024e57d40170af9df39882c"},"description":"Hemos entrado ya en la recta final de un mes de julio que ha estado marcado por las altas temperaturas tanto en Alcoy como en los municipios de nuestras comarcas","breadcrumb":{"@id":"https:\/\/www.copealcoy.es\/es\/el-tiempo-en-alcoy-bajan-las-maximas-en-la-recta-final-del-mes-de-julio\/#breadcrumb"},"inLanguage":"es","potentialAction":[{"@type":"ReadAction","target":["https:\/\/www.copealcoy.es\/es\/el-tiempo-en-alcoy-bajan-las-maximas-en-la-recta-final-del-mes-de-julio\/"]}]},{"@type":"ImageObject","inLanguage":"es","@id":"https:\/\/www.copealcoy.es\/es\/el-tiempo-en-alcoy-bajan-las-maximas-en-la-recta-final-del-mes-de-julio\/#primaryimage","url":"https:\/\/www.copealcoy.es\/wp-content\/uploads\/2023\/06\/0.jpg","contentUrl":"https:\/\/www.copealcoy.es\/wp-content\/uploads\/2023\/06\/0.jpg","width":576,"height":390},{"@type":"BreadcrumbList","@id":"https:\/\/www.copealcoy.es\/es\/el-tiempo-en-alcoy-bajan-las-maximas-en-la-recta-final-del-mes-de-julio\/#breadcrumb","itemListElement":[{"@type":"ListItem","position":1,"name":"Portada","item":"https:\/\/www.copealcoy.es\/es\/"},{"@type":"ListItem","position":2,"name":"El tiempo en Alcoy: bajan las m\u00e1ximas en la recta final del mes de julio"}]},{"@type":"WebSite","@id":"https:\/\/www.copealcoy.es\/es\/#website","url":"https:\/\/www.copealcoy.es\/es\/","name":"COPE Alcoy","description":"Emisora COPE de radio local con emisi\u00f3n online. Pont de Sant Jordi 8-10 03803 Alcoy","potentialAction":[{"@type":"SearchAction","target":{"@type":"EntryPoint","urlTemplate":"https:\/\/www.copealcoy.es\/es\/?s={search_term_string}"},"query-input":{"@type":"PropertyValueSpecification","valueRequired":true,"valueName":"search_term_string"}}],"inLanguage":"es"},{"@type":"Person","@id":"https:\/\/www.copealcoy.es\/es\/#\/schema\/person\/e777c87fa024e57d40170af9df39882c","name":"Cope Alcoy","image":{"@type":"ImageObject","inLanguage":"es","@id":"https:\/\/secure.gravatar.com\/avatar\/bb65d0283347e303893ba14f0692005417c1e0e690a325a4c5d8bb2b3943ee14?s=96&d=mm&r=g","url":"https:\/\/secure.gravatar.com\/avatar\/bb65d0283347e303893ba14f0692005417c1e0e690a325a4c5d8bb2b3943ee14?s=96&d=mm&r=g","contentUrl":"https:\/\/secure.gravatar.com\/avatar\/bb65d0283347e303893ba14f0692005417c1e0e690a325a4c5d8bb2b3943ee14?s=96&d=mm&r=g","caption":"Cope Alcoy"}}]}},"_links":{"self":[{"href":"https:\/\/www.copealcoy.es\/es\/wp-json\/wp\/v2\/posts\/120332","targetHints":{"allow":["GET"]}}],"collection":[{"href":"https:\/\/www.copealcoy.es\/es\/wp-json\/wp\/v2\/posts"}],"about":[{"href":"https:\/\/www.copealcoy.es\/es\/wp-json\/wp\/v2\/types\/post"}],"author":[{"embeddable":true,"href":"https:\/\/www.copealcoy.es\/es\/wp-json\/wp\/v2\/users\/1"}],"replies":[{"embeddable":true,"href":"https:\/\/www.copealcoy.es\/es\/wp-json\/wp\/v2\/comments?post=120332"}],"version-history":[{"count":0,"href":"https:\/\/www.copealcoy.es\/es\/wp-json\/wp\/v2\/posts\/120332\/revisions"}],"wp:featuredmedia":[{"embeddable":true,"href":"https:\/\/www.copealcoy.es\/es\/wp-json\/wp\/v2\/media\/118715"}],"wp:attachment":[{"href":"https:\/\/www.copealcoy.es\/es\/wp-json\/wp\/v2\/media?parent=120332"}],"wp:term":[{"taxonomy":"category","embeddable":true,"href":"https:\/\/www.copealcoy.es\/es\/wp-json\/wp\/v2\/categories?post=120332"},{"taxonomy":"post_tag","embeddable":true,"href":"https:\/\/www.copealcoy.es\/es\/wp-json\/wp\/v2\/tags?post=120332"}],"curies":[{"name":"wp","href":"https:\/\/api.w.org\/{rel}","templated":true}]}}