{"id":120327,"date":"2023-07-26T12:58:55","date_gmt":"2023-07-26T11:58:55","guid":{"rendered":"https:\/\/www.copealcoy.es\/?p=120327"},"modified":"2023-07-26T15:34:07","modified_gmt":"2023-07-26T14:34:07","slug":"ya-hay-audiencia-previa-del-juicio-por-la-tragedia-de-la-residencia-domus-vi-alcoy","status":"publish","type":"post","link":"https:\/\/www.copealcoy.es\/es\/ya-hay-audiencia-previa-del-juicio-por-la-tragedia-de-la-residencia-domus-vi-alcoy\/","title":{"rendered":"Ya hay audiencia previa del juicio por la tragedia de la residencia Domus Vi Alcoy"},"content":{"rendered":"<p style=\"text-align: justify;\">La <strong>Asociaci\u00f3n de Afectados<\/strong> por <strong>la tragedia ocurrida en la residencia geri\u00e1trica Domus Vi de Alcoy<\/strong> celebra que <strong>se haya dado un paso m\u00e1s de cara a hacer justicia<\/strong> despu\u00e9s de lo ocurrido en el mencionado geri\u00e1trico <strong>durante la primera ola de la pandemia de la COVID-19<\/strong>. Desde la plataforma explican que<strong> la audiencia previa al juicio ha quedado fijada para el 7 de septiembre<\/strong>, hecho que precisamente puede llevar a la celebraci\u00f3n de un posible juicio entre los familiares, la empresa que gestiona Domus Vi y la aseguradora del geri\u00e1trico.<\/p>\n<p style=\"text-align: justify;\">Los familiares <strong>conf\u00edan que se pueda celebrar este juicio final<\/strong> y destacan que en el supuesto de que este \u00faltimo avanzara, <strong>los responsables de la empresa no ir\u00edan a la prisi\u00f3n pero los afectados s\u00ed que podr\u00edan ser indemnizados<\/strong>. Sin embargo dejan claro que en este proceso <strong>lo m\u00e1s importante<\/strong> \u201ce<em>s aclarar el que pas\u00f3 y que se depuran responsabilidades. Casi cuatro a\u00f1os despu\u00e9s de lo sucedido seguimos sin respuestas y consideramos que merecemos conocer la verdad del caso. Adem\u00e1s continuamos luchando porque situaciones como aquella no se vuelven a producir<\/em>\u201c, explicaba en COPE ALCOY <strong>Josele Garc\u00eda<\/strong>; presidente del colectivo. De igual forma <strong>expresan su satisfacci\u00f3n por el paso previo a un posible juicio<\/strong> \u201c<em>han pasado dos a\u00f1os desde que presentamos la demanda y hemos aprendido mucho en todo este tiempo. Nos estamos enfrentando a grandes empresas y la audiencia previa mujer ya pie al hecho que se pueda investigar y llegar a conclusiones sobre por qu\u00e9 murieron estas 18 personas<\/em>\u201c, concluye Jos\u00e9 Lu\u00eds.<\/p>\n<p style=\"text-align: justify;\">Recordar que <strong>fueron 74 las personas que murieron en la primera ola de la crisis sanitaria<\/strong> a causa de un virulento brote de Coronavirus. Desde entonces los familiares de las v\u00edctimas <strong>no han dejado de luchar<\/strong> para que se haga justicia ante la terrible tragedia acontecida desde marzo de 2020.<\/p>\n","protected":false},"excerpt":{"rendered":"<p>La Asociaci\u00f3n de Afectados por la tragedia ocurrida en la residencia geri\u00e1trica Domus Vi de Alcoy celebra que se haya&#8230;<\/p>\n","protected":false},"author":1,"featured_media":61071,"comment_status":"open","ping_status":"open","sticky":false,"template":"","format":"standard","meta":{"footnotes":""},"categories":[6909,98,75],"tags":[160,7328,440,13740,15346],"class_list":["post-120327","post","type-post","status-publish","format-standard","has-post-thumbnail","hentry","category-actualidad","category-comarcas","category-noticias","tag-alcoi","tag-domus-vi","tag-justicia","tag-kike-alcaraz","tag-residencia-geriatrica-audiencia-previa"],"yoast_head":"<!-- This site is optimized with the Yoast SEO plugin v27.3 - https:\/\/yoast.com\/product\/yoast-seo-wordpress\/ -->\n<title>Ya hay audiencia previa del juicio por la tragedia de la residencia Domus Vi Alcoy - COPE Alcoy<\/title>\n<meta name=\"description\" content=\"La Asociaci\u00f3n de Afectados por la tragedia ocurrida en la residencia geri\u00e1trica Domus Vi de Alcoy celebra que se haya dado un paso m\u00e1s de cara a hacer justicia\" \/>\n<meta name=\"robots\" content=\"index, follow, max-snippet:-1, max-image-preview:large, max-video-preview:-1\" \/>\n<link rel=\"canonical\" href=\"https:\/\/www.copealcoy.es\/es\/ya-hay-audiencia-previa-del-juicio-por-la-tragedia-de-la-residencia-domus-vi-alcoy\/\" \/>\n<meta property=\"og:locale\" content=\"es_ES\" \/>\n<meta property=\"og:type\" content=\"article\" \/>\n<meta property=\"og:title\" content=\"Ya hay audiencia previa del juicio por la tragedia de la residencia Domus Vi Alcoy - COPE Alcoy\" \/>\n<meta property=\"og:description\" content=\"La Asociaci\u00f3n de Afectados por la tragedia ocurrida en la residencia geri\u00e1trica Domus Vi de Alcoy celebra que se haya dado un paso m\u00e1s de cara a hacer justicia\" \/>\n<meta property=\"og:url\" content=\"https:\/\/www.copealcoy.es\/es\/ya-hay-audiencia-previa-del-juicio-por-la-tragedia-de-la-residencia-domus-vi-alcoy\/\" \/>\n<meta property=\"og:site_name\" content=\"COPE Alcoy\" \/>\n<meta property=\"article:published_time\" content=\"2023-07-26T11:58:55+00:00\" \/>\n<meta property=\"article:modified_time\" content=\"2023-07-26T14:34:07+00:00\" \/>\n<meta property=\"og:image\" content=\"https:\/\/www.copealcoy.es\/wp-content\/uploads\/2020\/03\/Novaire-1.jpg\" \/>\n\t<meta property=\"og:image:width\" content=\"980\" \/>\n\t<meta property=\"og:image:height\" content=\"734\" \/>\n\t<meta property=\"og:image:type\" content=\"image\/jpeg\" \/>\n<meta name=\"author\" content=\"Cope Alcoy\" \/>\n<meta name=\"twitter:label1\" content=\"Escrito por\" \/>\n\t<meta name=\"twitter:data1\" content=\"Cope Alcoy\" \/>\n\t<meta name=\"twitter:label2\" content=\"Tiempo de lectura\" \/>\n\t<meta name=\"twitter:data2\" content=\"2 minutos\" \/>\n<script type=\"application\/ld+json\" class=\"yoast-schema-graph\">{\"@context\":\"https:\\\/\\\/schema.org\",\"@graph\":[{\"@type\":\"Article\",\"@id\":\"https:\\\/\\\/www.copealcoy.es\\\/es\\\/ya-hay-audiencia-previa-del-juicio-por-la-tragedia-de-la-residencia-domus-vi-alcoy\\\/#article\",\"isPartOf\":{\"@id\":\"https:\\\/\\\/www.copealcoy.es\\\/es\\\/ya-hay-audiencia-previa-del-juicio-por-la-tragedia-de-la-residencia-domus-vi-alcoy\\\/\"},\"author\":{\"name\":\"Cope Alcoy\",\"@id\":\"https:\\\/\\\/www.copealcoy.es\\\/es\\\/#\\\/schema\\\/person\\\/e777c87fa024e57d40170af9df39882c\"},\"headline\":\"Ya hay audiencia previa del juicio por la tragedia de la residencia Domus Vi Alcoy\",\"datePublished\":\"2023-07-26T11:58:55+00:00\",\"dateModified\":\"2023-07-26T14:34:07+00:00\",\"mainEntityOfPage\":{\"@id\":\"https:\\\/\\\/www.copealcoy.es\\\/es\\\/ya-hay-audiencia-previa-del-juicio-por-la-tragedia-de-la-residencia-domus-vi-alcoy\\\/\"},\"wordCount\":336,\"commentCount\":0,\"image\":{\"@id\":\"https:\\\/\\\/www.copealcoy.es\\\/es\\\/ya-hay-audiencia-previa-del-juicio-por-la-tragedia-de-la-residencia-domus-vi-alcoy\\\/#primaryimage\"},\"thumbnailUrl\":\"https:\\\/\\\/www.copealcoy.es\\\/wp-content\\\/uploads\\\/2020\\\/03\\\/Novaire-1.jpg\",\"keywords\":[\"Alcoi\",\"Domus Vi\",\"Justicia\",\"Kike Alcaraz\",\"residencia geri\u00e1trica audiencia previa\"],\"articleSection\":[\"Actualidad\",\"Comarcas\",\"Noticias\"],\"inLanguage\":\"es\"},{\"@type\":\"WebPage\",\"@id\":\"https:\\\/\\\/www.copealcoy.es\\\/es\\\/ya-hay-audiencia-previa-del-juicio-por-la-tragedia-de-la-residencia-domus-vi-alcoy\\\/\",\"url\":\"https:\\\/\\\/www.copealcoy.es\\\/es\\\/ya-hay-audiencia-previa-del-juicio-por-la-tragedia-de-la-residencia-domus-vi-alcoy\\\/\",\"name\":\"Ya hay audiencia previa del juicio por la tragedia de la residencia Domus Vi Alcoy - COPE Alcoy\",\"isPartOf\":{\"@id\":\"https:\\\/\\\/www.copealcoy.es\\\/es\\\/#website\"},\"primaryImageOfPage\":{\"@id\":\"https:\\\/\\\/www.copealcoy.es\\\/es\\\/ya-hay-audiencia-previa-del-juicio-por-la-tragedia-de-la-residencia-domus-vi-alcoy\\\/#primaryimage\"},\"image\":{\"@id\":\"https:\\\/\\\/www.copealcoy.es\\\/es\\\/ya-hay-audiencia-previa-del-juicio-por-la-tragedia-de-la-residencia-domus-vi-alcoy\\\/#primaryimage\"},\"thumbnailUrl\":\"https:\\\/\\\/www.copealcoy.es\\\/wp-content\\\/uploads\\\/2020\\\/03\\\/Novaire-1.jpg\",\"datePublished\":\"2023-07-26T11:58:55+00:00\",\"dateModified\":\"2023-07-26T14:34:07+00:00\",\"author\":{\"@id\":\"https:\\\/\\\/www.copealcoy.es\\\/es\\\/#\\\/schema\\\/person\\\/e777c87fa024e57d40170af9df39882c\"},\"description\":\"La Asociaci\u00f3n de Afectados por la tragedia ocurrida en la residencia geri\u00e1trica Domus Vi de Alcoy celebra que se haya dado un paso m\u00e1s de cara a hacer justicia\",\"breadcrumb\":{\"@id\":\"https:\\\/\\\/www.copealcoy.es\\\/es\\\/ya-hay-audiencia-previa-del-juicio-por-la-tragedia-de-la-residencia-domus-vi-alcoy\\\/#breadcrumb\"},\"inLanguage\":\"es\",\"potentialAction\":[{\"@type\":\"ReadAction\",\"target\":[\"https:\\\/\\\/www.copealcoy.es\\\/es\\\/ya-hay-audiencia-previa-del-juicio-por-la-tragedia-de-la-residencia-domus-vi-alcoy\\\/\"]}]},{\"@type\":\"ImageObject\",\"inLanguage\":\"es\",\"@id\":\"https:\\\/\\\/www.copealcoy.es\\\/es\\\/ya-hay-audiencia-previa-del-juicio-por-la-tragedia-de-la-residencia-domus-vi-alcoy\\\/#primaryimage\",\"url\":\"https:\\\/\\\/www.copealcoy.es\\\/wp-content\\\/uploads\\\/2020\\\/03\\\/Novaire-1.jpg\",\"contentUrl\":\"https:\\\/\\\/www.copealcoy.es\\\/wp-content\\\/uploads\\\/2020\\\/03\\\/Novaire-1.jpg\",\"width\":980,\"height\":734},{\"@type\":\"BreadcrumbList\",\"@id\":\"https:\\\/\\\/www.copealcoy.es\\\/es\\\/ya-hay-audiencia-previa-del-juicio-por-la-tragedia-de-la-residencia-domus-vi-alcoy\\\/#breadcrumb\",\"itemListElement\":[{\"@type\":\"ListItem\",\"position\":1,\"name\":\"Portada\",\"item\":\"https:\\\/\\\/www.copealcoy.es\\\/es\\\/\"},{\"@type\":\"ListItem\",\"position\":2,\"name\":\"Ya hay audiencia previa del juicio por la tragedia de la residencia Domus Vi Alcoy\"}]},{\"@type\":\"WebSite\",\"@id\":\"https:\\\/\\\/www.copealcoy.es\\\/es\\\/#website\",\"url\":\"https:\\\/\\\/www.copealcoy.es\\\/es\\\/\",\"name\":\"COPE Alcoy\",\"description\":\"Emisora COPE de radio local con emisi\u00f3n online. Pont de Sant Jordi 8-10 03803 Alcoy\",\"potentialAction\":[{\"@type\":\"SearchAction\",\"target\":{\"@type\":\"EntryPoint\",\"urlTemplate\":\"https:\\\/\\\/www.copealcoy.es\\\/es\\\/?s={search_term_string}\"},\"query-input\":{\"@type\":\"PropertyValueSpecification\",\"valueRequired\":true,\"valueName\":\"search_term_string\"}}],\"inLanguage\":\"es\"},{\"@type\":\"Person\",\"@id\":\"https:\\\/\\\/www.copealcoy.es\\\/es\\\/#\\\/schema\\\/person\\\/e777c87fa024e57d40170af9df39882c\",\"name\":\"Cope Alcoy\",\"image\":{\"@type\":\"ImageObject\",\"inLanguage\":\"es\",\"@id\":\"https:\\\/\\\/secure.gravatar.com\\\/avatar\\\/bb65d0283347e303893ba14f0692005417c1e0e690a325a4c5d8bb2b3943ee14?s=96&d=mm&r=g\",\"url\":\"https:\\\/\\\/secure.gravatar.com\\\/avatar\\\/bb65d0283347e303893ba14f0692005417c1e0e690a325a4c5d8bb2b3943ee14?s=96&d=mm&r=g\",\"contentUrl\":\"https:\\\/\\\/secure.gravatar.com\\\/avatar\\\/bb65d0283347e303893ba14f0692005417c1e0e690a325a4c5d8bb2b3943ee14?s=96&d=mm&r=g\",\"caption\":\"Cope Alcoy\"}}]}<\/script>\n<!-- \/ Yoast SEO plugin. -->","yoast_head_json":{"title":"Ya hay audiencia previa del juicio por la tragedia de la residencia Domus Vi Alcoy - COPE Alcoy","description":"La Asociaci\u00f3n de Afectados por la tragedia ocurrida en la residencia geri\u00e1trica Domus Vi de Alcoy celebra que se haya dado un paso m\u00e1s de cara a hacer justicia","robots":{"index":"index","follow":"follow","max-snippet":"max-snippet:-1","max-image-preview":"max-image-preview:large","max-video-preview":"max-video-preview:-1"},"canonical":"https:\/\/www.copealcoy.es\/es\/ya-hay-audiencia-previa-del-juicio-por-la-tragedia-de-la-residencia-domus-vi-alcoy\/","og_locale":"es_ES","og_type":"article","og_title":"Ya hay audiencia previa del juicio por la tragedia de la residencia Domus Vi Alcoy - COPE Alcoy","og_description":"La Asociaci\u00f3n de Afectados por la tragedia ocurrida en la residencia geri\u00e1trica Domus Vi de Alcoy celebra que se haya dado un paso m\u00e1s de cara a hacer justicia","og_url":"https:\/\/www.copealcoy.es\/es\/ya-hay-audiencia-previa-del-juicio-por-la-tragedia-de-la-residencia-domus-vi-alcoy\/","og_site_name":"COPE Alcoy","article_published_time":"2023-07-26T11:58:55+00:00","article_modified_time":"2023-07-26T14:34:07+00:00","og_image":[{"width":980,"height":734,"url":"https:\/\/www.copealcoy.es\/wp-content\/uploads\/2020\/03\/Novaire-1.jpg","type":"image\/jpeg"}],"author":"Cope Alcoy","twitter_misc":{"Escrito por":"Cope Alcoy","Tiempo de lectura":"2 minutos"},"schema":{"@context":"https:\/\/schema.org","@graph":[{"@type":"Article","@id":"https:\/\/www.copealcoy.es\/es\/ya-hay-audiencia-previa-del-juicio-por-la-tragedia-de-la-residencia-domus-vi-alcoy\/#article","isPartOf":{"@id":"https:\/\/www.copealcoy.es\/es\/ya-hay-audiencia-previa-del-juicio-por-la-tragedia-de-la-residencia-domus-vi-alcoy\/"},"author":{"name":"Cope Alcoy","@id":"https:\/\/www.copealcoy.es\/es\/#\/schema\/person\/e777c87fa024e57d40170af9df39882c"},"headline":"Ya hay audiencia previa del juicio por la tragedia de la residencia Domus Vi Alcoy","datePublished":"2023-07-26T11:58:55+00:00","dateModified":"2023-07-26T14:34:07+00:00","mainEntityOfPage":{"@id":"https:\/\/www.copealcoy.es\/es\/ya-hay-audiencia-previa-del-juicio-por-la-tragedia-de-la-residencia-domus-vi-alcoy\/"},"wordCount":336,"commentCount":0,"image":{"@id":"https:\/\/www.copealcoy.es\/es\/ya-hay-audiencia-previa-del-juicio-por-la-tragedia-de-la-residencia-domus-vi-alcoy\/#primaryimage"},"thumbnailUrl":"https:\/\/www.copealcoy.es\/wp-content\/uploads\/2020\/03\/Novaire-1.jpg","keywords":["Alcoi","Domus Vi","Justicia","Kike Alcaraz","residencia geri\u00e1trica audiencia previa"],"articleSection":["Actualidad","Comarcas","Noticias"],"inLanguage":"es"},{"@type":"WebPage","@id":"https:\/\/www.copealcoy.es\/es\/ya-hay-audiencia-previa-del-juicio-por-la-tragedia-de-la-residencia-domus-vi-alcoy\/","url":"https:\/\/www.copealcoy.es\/es\/ya-hay-audiencia-previa-del-juicio-por-la-tragedia-de-la-residencia-domus-vi-alcoy\/","name":"Ya hay audiencia previa del juicio por la tragedia de la residencia Domus Vi Alcoy - COPE Alcoy","isPartOf":{"@id":"https:\/\/www.copealcoy.es\/es\/#website"},"primaryImageOfPage":{"@id":"https:\/\/www.copealcoy.es\/es\/ya-hay-audiencia-previa-del-juicio-por-la-tragedia-de-la-residencia-domus-vi-alcoy\/#primaryimage"},"image":{"@id":"https:\/\/www.copealcoy.es\/es\/ya-hay-audiencia-previa-del-juicio-por-la-tragedia-de-la-residencia-domus-vi-alcoy\/#primaryimage"},"thumbnailUrl":"https:\/\/www.copealcoy.es\/wp-content\/uploads\/2020\/03\/Novaire-1.jpg","datePublished":"2023-07-26T11:58:55+00:00","dateModified":"2023-07-26T14:34:07+00:00","author":{"@id":"https:\/\/www.copealcoy.es\/es\/#\/schema\/person\/e777c87fa024e57d40170af9df39882c"},"description":"La Asociaci\u00f3n de Afectados por la tragedia ocurrida en la residencia geri\u00e1trica Domus Vi de Alcoy celebra que se haya dado un paso m\u00e1s de cara a hacer justicia","breadcrumb":{"@id":"https:\/\/www.copealcoy.es\/es\/ya-hay-audiencia-previa-del-juicio-por-la-tragedia-de-la-residencia-domus-vi-alcoy\/#breadcrumb"},"inLanguage":"es","potentialAction":[{"@type":"ReadAction","target":["https:\/\/www.copealcoy.es\/es\/ya-hay-audiencia-previa-del-juicio-por-la-tragedia-de-la-residencia-domus-vi-alcoy\/"]}]},{"@type":"ImageObject","inLanguage":"es","@id":"https:\/\/www.copealcoy.es\/es\/ya-hay-audiencia-previa-del-juicio-por-la-tragedia-de-la-residencia-domus-vi-alcoy\/#primaryimage","url":"https:\/\/www.copealcoy.es\/wp-content\/uploads\/2020\/03\/Novaire-1.jpg","contentUrl":"https:\/\/www.copealcoy.es\/wp-content\/uploads\/2020\/03\/Novaire-1.jpg","width":980,"height":734},{"@type":"BreadcrumbList","@id":"https:\/\/www.copealcoy.es\/es\/ya-hay-audiencia-previa-del-juicio-por-la-tragedia-de-la-residencia-domus-vi-alcoy\/#breadcrumb","itemListElement":[{"@type":"ListItem","position":1,"name":"Portada","item":"https:\/\/www.copealcoy.es\/es\/"},{"@type":"ListItem","position":2,"name":"Ya hay audiencia previa del juicio por la tragedia de la residencia Domus Vi Alcoy"}]},{"@type":"WebSite","@id":"https:\/\/www.copealcoy.es\/es\/#website","url":"https:\/\/www.copealcoy.es\/es\/","name":"COPE Alcoy","description":"Emisora COPE de radio local con emisi\u00f3n online. Pont de Sant Jordi 8-10 03803 Alcoy","potentialAction":[{"@type":"SearchAction","target":{"@type":"EntryPoint","urlTemplate":"https:\/\/www.copealcoy.es\/es\/?s={search_term_string}"},"query-input":{"@type":"PropertyValueSpecification","valueRequired":true,"valueName":"search_term_string"}}],"inLanguage":"es"},{"@type":"Person","@id":"https:\/\/www.copealcoy.es\/es\/#\/schema\/person\/e777c87fa024e57d40170af9df39882c","name":"Cope Alcoy","image":{"@type":"ImageObject","inLanguage":"es","@id":"https:\/\/secure.gravatar.com\/avatar\/bb65d0283347e303893ba14f0692005417c1e0e690a325a4c5d8bb2b3943ee14?s=96&d=mm&r=g","url":"https:\/\/secure.gravatar.com\/avatar\/bb65d0283347e303893ba14f0692005417c1e0e690a325a4c5d8bb2b3943ee14?s=96&d=mm&r=g","contentUrl":"https:\/\/secure.gravatar.com\/avatar\/bb65d0283347e303893ba14f0692005417c1e0e690a325a4c5d8bb2b3943ee14?s=96&d=mm&r=g","caption":"Cope Alcoy"}}]}},"_links":{"self":[{"href":"https:\/\/www.copealcoy.es\/es\/wp-json\/wp\/v2\/posts\/120327","targetHints":{"allow":["GET"]}}],"collection":[{"href":"https:\/\/www.copealcoy.es\/es\/wp-json\/wp\/v2\/posts"}],"about":[{"href":"https:\/\/www.copealcoy.es\/es\/wp-json\/wp\/v2\/types\/post"}],"author":[{"embeddable":true,"href":"https:\/\/www.copealcoy.es\/es\/wp-json\/wp\/v2\/users\/1"}],"replies":[{"embeddable":true,"href":"https:\/\/www.copealcoy.es\/es\/wp-json\/wp\/v2\/comments?post=120327"}],"version-history":[{"count":0,"href":"https:\/\/www.copealcoy.es\/es\/wp-json\/wp\/v2\/posts\/120327\/revisions"}],"wp:featuredmedia":[{"embeddable":true,"href":"https:\/\/www.copealcoy.es\/es\/wp-json\/wp\/v2\/media\/61071"}],"wp:attachment":[{"href":"https:\/\/www.copealcoy.es\/es\/wp-json\/wp\/v2\/media?parent=120327"}],"wp:term":[{"taxonomy":"category","embeddable":true,"href":"https:\/\/www.copealcoy.es\/es\/wp-json\/wp\/v2\/categories?post=120327"},{"taxonomy":"post_tag","embeddable":true,"href":"https:\/\/www.copealcoy.es\/es\/wp-json\/wp\/v2\/tags?post=120327"}],"curies":[{"name":"wp","href":"https:\/\/api.w.org\/{rel}","templated":true}]}}