{"id":120292,"date":"2023-07-25T15:01:26","date_gmt":"2023-07-25T14:01:26","guid":{"rendered":"https:\/\/www.copealcoy.es\/?p=120292"},"modified":"2023-07-25T15:03:29","modified_gmt":"2023-07-25T14:03:29","slug":"el-parque-tecnologico-de-rodes-de-alcoy-iniciara-su-actividad-en-la-proxima-primavera","status":"publish","type":"post","link":"https:\/\/www.copealcoy.es\/es\/el-parque-tecnologico-de-rodes-de-alcoy-iniciara-su-actividad-en-la-proxima-primavera\/","title":{"rendered":"El Parque Tecnol\u00f3gico de Rodes de Alcoy iniciar\u00e1 su actividad en la pr\u00f3xima primavera"},"content":{"rendered":"<p style=\"text-align: justify;\">Las <strong>obras para la construcci\u00f3n del <a href=\"https:\/\/fundiciorodes.com\/\" target=\"_blank\" rel=\"noopener\"><span style=\"color: #0000ff;\">Parque Tecnol\u00f3gico de Rodes<\/span><\/a><\/strong> avanzan a muy buen ritmo y <strong>podr\u00edan estar terminadas antes de que finalice este a\u00f1o<\/strong>. As\u00ed lo ha asegurado este martes el alcalde de la ciudad, <strong>Toni Franc\u00e9s<\/strong>, durante la visita que ha hecho durante la ma\u00f1ana la Corporaci\u00f3n Municipal al recinto.<\/p>\n<p style=\"text-align: justify;\">Franc\u00e9s ha recordado que <strong>el proyecto de Rodes no es solo para Alcoy<\/strong> y ha destacado que estamos ante un parque tecnol\u00f3gico que <strong>ser\u00e1 un referente tanto en estas comarcas del interior de la provincia de Alicante como en el conjunto de la Comunitat Valenciana<\/strong>. Adem\u00e1s el primer edil ha hablado de <strong>la implicaci\u00f3n de administraciones como el Ministerio, la Generalitat Valenciana, la Diputaci\u00f3n de Alicante y el propio Ayuntamiento<\/strong> para hacer posible el complejo. Adem\u00e1s ha avanzado <strong>importantes plazos<\/strong> m\u00e1s all\u00e1 de que a finales de 2023 estar\u00e1n terminados los trabajos &#8220;<em>despu\u00e9s de las pr\u00f3ximas Fiestas de Moros y Cristianos podr\u00eda comenzar ya la actividad de las primeras empresas que se instalar\u00e1n aqu\u00ed. Estamos ante un proyecto que recupera el patrimonio industrial de la ciudad y que lo proyecta de cara al futuro para potenciar tambi\u00e9n nuestro tejido empresarial<\/em>&#8220;, coment\u00f3 el alcalde. Tambi\u00e9n <strong>Toni Franc\u00e9s<\/strong> avanz\u00f3 que Rodes <strong>ya est\u00e1 despertando un gran inter\u00e9s<\/strong> &#8220;<em>antes incluso de hacer la promoci\u00f3n, que comenzaremos despu\u00e9s del verano, tenemos ya a tres empresas de Alcoy que quieren impulsar su actividad desde aqu\u00ed&#8221;<\/em>, concluy\u00f3.<\/p>\n<p style=\"text-align: justify;\">Recordar que <strong>la recuperaci\u00f3n total de la antigua manzana de Rodes supondr\u00e1 una inversi\u00f3n total de 13&#8217;9 millones de euros<\/strong>. Con esta cantidad se har\u00e1 posible el mismo Parque Tecnol\u00f3gico-Sociocultural pero tambi\u00e9n el CDTi de la provincia de Alicante as\u00ed como el edificio administrativo y de coworking de la calle Tibi.<\/p>\n","protected":false},"excerpt":{"rendered":"<p>Las obras para la construcci\u00f3n del Parque Tecnol\u00f3gico de Rodes avanzan a muy buen ritmo y podr\u00edan estar terminadas antes&#8230;<\/p>\n","protected":false},"author":1,"featured_media":120293,"comment_status":"open","ping_status":"open","sticky":false,"template":"","format":"standard","meta":{"footnotes":""},"categories":[6909,97,75,125],"tags":[5249,1494,2840,145,916,803],"class_list":["post-120292","post","type-post","status-publish","format-standard","has-post-thumbnail","hentry","category-actualidad","category-alcoy","category-noticias","category-portada","tag-actividad","tag-alcoy","tag-finales-de-ano","tag-obras","tag-parque-tecnologico","tag-rodes"],"yoast_head":"<!-- This site is optimized with the Yoast SEO plugin v27.3 - https:\/\/yoast.com\/product\/yoast-seo-wordpress\/ -->\n<title>El Parque Tecnol\u00f3gico de Rodes de Alcoy iniciar\u00e1 su actividad en la pr\u00f3xima primavera - COPE Alcoy<\/title>\n<meta name=\"description\" content=\"Las obras para la construcci\u00f3n del Parque Tecnol\u00f3gico de Rodes avanzan a muy buen ritmo y podr\u00edan estar terminadas antes de que termine este a\u00f1o\" \/>\n<meta name=\"robots\" content=\"index, follow, max-snippet:-1, max-image-preview:large, max-video-preview:-1\" \/>\n<link rel=\"canonical\" href=\"https:\/\/www.copealcoy.es\/es\/el-parque-tecnologico-de-rodes-de-alcoy-iniciara-su-actividad-en-la-proxima-primavera\/\" \/>\n<meta property=\"og:locale\" content=\"es_ES\" \/>\n<meta property=\"og:type\" content=\"article\" \/>\n<meta property=\"og:title\" content=\"El Parque Tecnol\u00f3gico de Rodes de Alcoy iniciar\u00e1 su actividad en la pr\u00f3xima primavera - COPE Alcoy\" \/>\n<meta property=\"og:description\" content=\"Las obras para la construcci\u00f3n del Parque Tecnol\u00f3gico de Rodes avanzan a muy buen ritmo y podr\u00edan estar terminadas antes de que termine este a\u00f1o\" \/>\n<meta property=\"og:url\" content=\"https:\/\/www.copealcoy.es\/es\/el-parque-tecnologico-de-rodes-de-alcoy-iniciara-su-actividad-en-la-proxima-primavera\/\" \/>\n<meta property=\"og:site_name\" content=\"COPE Alcoy\" \/>\n<meta property=\"article:published_time\" content=\"2023-07-25T14:01:26+00:00\" \/>\n<meta property=\"article:modified_time\" content=\"2023-07-25T14:03:29+00:00\" \/>\n<meta property=\"og:image\" content=\"https:\/\/www.copealcoy.es\/wp-content\/uploads\/2023\/07\/Visita-a-Rodes-Corporacio-i-Premsa-25Juliol2023-23-e1690292868890.jpg\" \/>\n\t<meta property=\"og:image:width\" content=\"640\" \/>\n\t<meta property=\"og:image:height\" content=\"427\" \/>\n\t<meta property=\"og:image:type\" content=\"image\/jpeg\" \/>\n<meta name=\"author\" content=\"Cope Alcoy\" \/>\n<meta name=\"twitter:label1\" content=\"Escrito por\" \/>\n\t<meta name=\"twitter:data1\" content=\"Cope Alcoy\" \/>\n\t<meta name=\"twitter:label2\" content=\"Tiempo de lectura\" \/>\n\t<meta name=\"twitter:data2\" content=\"2 minutos\" \/>\n<script type=\"application\/ld+json\" class=\"yoast-schema-graph\">{\"@context\":\"https:\\\/\\\/schema.org\",\"@graph\":[{\"@type\":\"Article\",\"@id\":\"https:\\\/\\\/www.copealcoy.es\\\/es\\\/el-parque-tecnologico-de-rodes-de-alcoy-iniciara-su-actividad-en-la-proxima-primavera\\\/#article\",\"isPartOf\":{\"@id\":\"https:\\\/\\\/www.copealcoy.es\\\/es\\\/el-parque-tecnologico-de-rodes-de-alcoy-iniciara-su-actividad-en-la-proxima-primavera\\\/\"},\"author\":{\"name\":\"Cope Alcoy\",\"@id\":\"https:\\\/\\\/www.copealcoy.es\\\/es\\\/#\\\/schema\\\/person\\\/e777c87fa024e57d40170af9df39882c\"},\"headline\":\"El Parque Tecnol\u00f3gico de Rodes de Alcoy iniciar\u00e1 su actividad en la pr\u00f3xima primavera\",\"datePublished\":\"2023-07-25T14:01:26+00:00\",\"dateModified\":\"2023-07-25T14:03:29+00:00\",\"mainEntityOfPage\":{\"@id\":\"https:\\\/\\\/www.copealcoy.es\\\/es\\\/el-parque-tecnologico-de-rodes-de-alcoy-iniciara-su-actividad-en-la-proxima-primavera\\\/\"},\"wordCount\":327,\"commentCount\":0,\"image\":{\"@id\":\"https:\\\/\\\/www.copealcoy.es\\\/es\\\/el-parque-tecnologico-de-rodes-de-alcoy-iniciara-su-actividad-en-la-proxima-primavera\\\/#primaryimage\"},\"thumbnailUrl\":\"https:\\\/\\\/www.copealcoy.es\\\/wp-content\\\/uploads\\\/2023\\\/07\\\/Visita-a-Rodes-Corporacio-i-Premsa-25Juliol2023-23-e1690292868890.jpg\",\"keywords\":[\"actividad\",\"Alcoy\",\"finales de a\u00f1o\",\"Obras\",\"Parque Tecnol\u00f3gico\",\"Rodes\"],\"articleSection\":[\"Actualidad\",\"Alcoy\",\"Noticias\",\"Portada\"],\"inLanguage\":\"es\"},{\"@type\":\"WebPage\",\"@id\":\"https:\\\/\\\/www.copealcoy.es\\\/es\\\/el-parque-tecnologico-de-rodes-de-alcoy-iniciara-su-actividad-en-la-proxima-primavera\\\/\",\"url\":\"https:\\\/\\\/www.copealcoy.es\\\/es\\\/el-parque-tecnologico-de-rodes-de-alcoy-iniciara-su-actividad-en-la-proxima-primavera\\\/\",\"name\":\"El Parque Tecnol\u00f3gico de Rodes de Alcoy iniciar\u00e1 su actividad en la pr\u00f3xima primavera - COPE Alcoy\",\"isPartOf\":{\"@id\":\"https:\\\/\\\/www.copealcoy.es\\\/es\\\/#website\"},\"primaryImageOfPage\":{\"@id\":\"https:\\\/\\\/www.copealcoy.es\\\/es\\\/el-parque-tecnologico-de-rodes-de-alcoy-iniciara-su-actividad-en-la-proxima-primavera\\\/#primaryimage\"},\"image\":{\"@id\":\"https:\\\/\\\/www.copealcoy.es\\\/es\\\/el-parque-tecnologico-de-rodes-de-alcoy-iniciara-su-actividad-en-la-proxima-primavera\\\/#primaryimage\"},\"thumbnailUrl\":\"https:\\\/\\\/www.copealcoy.es\\\/wp-content\\\/uploads\\\/2023\\\/07\\\/Visita-a-Rodes-Corporacio-i-Premsa-25Juliol2023-23-e1690292868890.jpg\",\"datePublished\":\"2023-07-25T14:01:26+00:00\",\"dateModified\":\"2023-07-25T14:03:29+00:00\",\"author\":{\"@id\":\"https:\\\/\\\/www.copealcoy.es\\\/es\\\/#\\\/schema\\\/person\\\/e777c87fa024e57d40170af9df39882c\"},\"description\":\"Las obras para la construcci\u00f3n del Parque Tecnol\u00f3gico de Rodes avanzan a muy buen ritmo y podr\u00edan estar terminadas antes de que termine este a\u00f1o\",\"breadcrumb\":{\"@id\":\"https:\\\/\\\/www.copealcoy.es\\\/es\\\/el-parque-tecnologico-de-rodes-de-alcoy-iniciara-su-actividad-en-la-proxima-primavera\\\/#breadcrumb\"},\"inLanguage\":\"es\",\"potentialAction\":[{\"@type\":\"ReadAction\",\"target\":[\"https:\\\/\\\/www.copealcoy.es\\\/es\\\/el-parque-tecnologico-de-rodes-de-alcoy-iniciara-su-actividad-en-la-proxima-primavera\\\/\"]}]},{\"@type\":\"ImageObject\",\"inLanguage\":\"es\",\"@id\":\"https:\\\/\\\/www.copealcoy.es\\\/es\\\/el-parque-tecnologico-de-rodes-de-alcoy-iniciara-su-actividad-en-la-proxima-primavera\\\/#primaryimage\",\"url\":\"https:\\\/\\\/www.copealcoy.es\\\/wp-content\\\/uploads\\\/2023\\\/07\\\/Visita-a-Rodes-Corporacio-i-Premsa-25Juliol2023-23-e1690292868890.jpg\",\"contentUrl\":\"https:\\\/\\\/www.copealcoy.es\\\/wp-content\\\/uploads\\\/2023\\\/07\\\/Visita-a-Rodes-Corporacio-i-Premsa-25Juliol2023-23-e1690292868890.jpg\",\"width\":640,\"height\":427},{\"@type\":\"BreadcrumbList\",\"@id\":\"https:\\\/\\\/www.copealcoy.es\\\/es\\\/el-parque-tecnologico-de-rodes-de-alcoy-iniciara-su-actividad-en-la-proxima-primavera\\\/#breadcrumb\",\"itemListElement\":[{\"@type\":\"ListItem\",\"position\":1,\"name\":\"Portada\",\"item\":\"https:\\\/\\\/www.copealcoy.es\\\/es\\\/\"},{\"@type\":\"ListItem\",\"position\":2,\"name\":\"El Parque Tecnol\u00f3gico de Rodes de Alcoy iniciar\u00e1 su actividad en la pr\u00f3xima primavera\"}]},{\"@type\":\"WebSite\",\"@id\":\"https:\\\/\\\/www.copealcoy.es\\\/es\\\/#website\",\"url\":\"https:\\\/\\\/www.copealcoy.es\\\/es\\\/\",\"name\":\"COPE Alcoy\",\"description\":\"Emisora COPE de radio local con emisi\u00f3n online. Pont de Sant Jordi 8-10 03803 Alcoy\",\"potentialAction\":[{\"@type\":\"SearchAction\",\"target\":{\"@type\":\"EntryPoint\",\"urlTemplate\":\"https:\\\/\\\/www.copealcoy.es\\\/es\\\/?s={search_term_string}\"},\"query-input\":{\"@type\":\"PropertyValueSpecification\",\"valueRequired\":true,\"valueName\":\"search_term_string\"}}],\"inLanguage\":\"es\"},{\"@type\":\"Person\",\"@id\":\"https:\\\/\\\/www.copealcoy.es\\\/es\\\/#\\\/schema\\\/person\\\/e777c87fa024e57d40170af9df39882c\",\"name\":\"Cope Alcoy\",\"image\":{\"@type\":\"ImageObject\",\"inLanguage\":\"es\",\"@id\":\"https:\\\/\\\/secure.gravatar.com\\\/avatar\\\/bb65d0283347e303893ba14f0692005417c1e0e690a325a4c5d8bb2b3943ee14?s=96&d=mm&r=g\",\"url\":\"https:\\\/\\\/secure.gravatar.com\\\/avatar\\\/bb65d0283347e303893ba14f0692005417c1e0e690a325a4c5d8bb2b3943ee14?s=96&d=mm&r=g\",\"contentUrl\":\"https:\\\/\\\/secure.gravatar.com\\\/avatar\\\/bb65d0283347e303893ba14f0692005417c1e0e690a325a4c5d8bb2b3943ee14?s=96&d=mm&r=g\",\"caption\":\"Cope Alcoy\"}}]}<\/script>\n<!-- \/ Yoast SEO plugin. -->","yoast_head_json":{"title":"El Parque Tecnol\u00f3gico de Rodes de Alcoy iniciar\u00e1 su actividad en la pr\u00f3xima primavera - COPE Alcoy","description":"Las obras para la construcci\u00f3n del Parque Tecnol\u00f3gico de Rodes avanzan a muy buen ritmo y podr\u00edan estar terminadas antes de que termine este a\u00f1o","robots":{"index":"index","follow":"follow","max-snippet":"max-snippet:-1","max-image-preview":"max-image-preview:large","max-video-preview":"max-video-preview:-1"},"canonical":"https:\/\/www.copealcoy.es\/es\/el-parque-tecnologico-de-rodes-de-alcoy-iniciara-su-actividad-en-la-proxima-primavera\/","og_locale":"es_ES","og_type":"article","og_title":"El Parque Tecnol\u00f3gico de Rodes de Alcoy iniciar\u00e1 su actividad en la pr\u00f3xima primavera - COPE Alcoy","og_description":"Las obras para la construcci\u00f3n del Parque Tecnol\u00f3gico de Rodes avanzan a muy buen ritmo y podr\u00edan estar terminadas antes de que termine este a\u00f1o","og_url":"https:\/\/www.copealcoy.es\/es\/el-parque-tecnologico-de-rodes-de-alcoy-iniciara-su-actividad-en-la-proxima-primavera\/","og_site_name":"COPE Alcoy","article_published_time":"2023-07-25T14:01:26+00:00","article_modified_time":"2023-07-25T14:03:29+00:00","og_image":[{"width":640,"height":427,"url":"https:\/\/www.copealcoy.es\/wp-content\/uploads\/2023\/07\/Visita-a-Rodes-Corporacio-i-Premsa-25Juliol2023-23-e1690292868890.jpg","type":"image\/jpeg"}],"author":"Cope Alcoy","twitter_misc":{"Escrito por":"Cope Alcoy","Tiempo de lectura":"2 minutos"},"schema":{"@context":"https:\/\/schema.org","@graph":[{"@type":"Article","@id":"https:\/\/www.copealcoy.es\/es\/el-parque-tecnologico-de-rodes-de-alcoy-iniciara-su-actividad-en-la-proxima-primavera\/#article","isPartOf":{"@id":"https:\/\/www.copealcoy.es\/es\/el-parque-tecnologico-de-rodes-de-alcoy-iniciara-su-actividad-en-la-proxima-primavera\/"},"author":{"name":"Cope Alcoy","@id":"https:\/\/www.copealcoy.es\/es\/#\/schema\/person\/e777c87fa024e57d40170af9df39882c"},"headline":"El Parque Tecnol\u00f3gico de Rodes de Alcoy iniciar\u00e1 su actividad en la pr\u00f3xima primavera","datePublished":"2023-07-25T14:01:26+00:00","dateModified":"2023-07-25T14:03:29+00:00","mainEntityOfPage":{"@id":"https:\/\/www.copealcoy.es\/es\/el-parque-tecnologico-de-rodes-de-alcoy-iniciara-su-actividad-en-la-proxima-primavera\/"},"wordCount":327,"commentCount":0,"image":{"@id":"https:\/\/www.copealcoy.es\/es\/el-parque-tecnologico-de-rodes-de-alcoy-iniciara-su-actividad-en-la-proxima-primavera\/#primaryimage"},"thumbnailUrl":"https:\/\/www.copealcoy.es\/wp-content\/uploads\/2023\/07\/Visita-a-Rodes-Corporacio-i-Premsa-25Juliol2023-23-e1690292868890.jpg","keywords":["actividad","Alcoy","finales de a\u00f1o","Obras","Parque Tecnol\u00f3gico","Rodes"],"articleSection":["Actualidad","Alcoy","Noticias","Portada"],"inLanguage":"es"},{"@type":"WebPage","@id":"https:\/\/www.copealcoy.es\/es\/el-parque-tecnologico-de-rodes-de-alcoy-iniciara-su-actividad-en-la-proxima-primavera\/","url":"https:\/\/www.copealcoy.es\/es\/el-parque-tecnologico-de-rodes-de-alcoy-iniciara-su-actividad-en-la-proxima-primavera\/","name":"El Parque Tecnol\u00f3gico de Rodes de Alcoy iniciar\u00e1 su actividad en la pr\u00f3xima primavera - COPE Alcoy","isPartOf":{"@id":"https:\/\/www.copealcoy.es\/es\/#website"},"primaryImageOfPage":{"@id":"https:\/\/www.copealcoy.es\/es\/el-parque-tecnologico-de-rodes-de-alcoy-iniciara-su-actividad-en-la-proxima-primavera\/#primaryimage"},"image":{"@id":"https:\/\/www.copealcoy.es\/es\/el-parque-tecnologico-de-rodes-de-alcoy-iniciara-su-actividad-en-la-proxima-primavera\/#primaryimage"},"thumbnailUrl":"https:\/\/www.copealcoy.es\/wp-content\/uploads\/2023\/07\/Visita-a-Rodes-Corporacio-i-Premsa-25Juliol2023-23-e1690292868890.jpg","datePublished":"2023-07-25T14:01:26+00:00","dateModified":"2023-07-25T14:03:29+00:00","author":{"@id":"https:\/\/www.copealcoy.es\/es\/#\/schema\/person\/e777c87fa024e57d40170af9df39882c"},"description":"Las obras para la construcci\u00f3n del Parque Tecnol\u00f3gico de Rodes avanzan a muy buen ritmo y podr\u00edan estar terminadas antes de que termine este a\u00f1o","breadcrumb":{"@id":"https:\/\/www.copealcoy.es\/es\/el-parque-tecnologico-de-rodes-de-alcoy-iniciara-su-actividad-en-la-proxima-primavera\/#breadcrumb"},"inLanguage":"es","potentialAction":[{"@type":"ReadAction","target":["https:\/\/www.copealcoy.es\/es\/el-parque-tecnologico-de-rodes-de-alcoy-iniciara-su-actividad-en-la-proxima-primavera\/"]}]},{"@type":"ImageObject","inLanguage":"es","@id":"https:\/\/www.copealcoy.es\/es\/el-parque-tecnologico-de-rodes-de-alcoy-iniciara-su-actividad-en-la-proxima-primavera\/#primaryimage","url":"https:\/\/www.copealcoy.es\/wp-content\/uploads\/2023\/07\/Visita-a-Rodes-Corporacio-i-Premsa-25Juliol2023-23-e1690292868890.jpg","contentUrl":"https:\/\/www.copealcoy.es\/wp-content\/uploads\/2023\/07\/Visita-a-Rodes-Corporacio-i-Premsa-25Juliol2023-23-e1690292868890.jpg","width":640,"height":427},{"@type":"BreadcrumbList","@id":"https:\/\/www.copealcoy.es\/es\/el-parque-tecnologico-de-rodes-de-alcoy-iniciara-su-actividad-en-la-proxima-primavera\/#breadcrumb","itemListElement":[{"@type":"ListItem","position":1,"name":"Portada","item":"https:\/\/www.copealcoy.es\/es\/"},{"@type":"ListItem","position":2,"name":"El Parque Tecnol\u00f3gico de Rodes de Alcoy iniciar\u00e1 su actividad en la pr\u00f3xima primavera"}]},{"@type":"WebSite","@id":"https:\/\/www.copealcoy.es\/es\/#website","url":"https:\/\/www.copealcoy.es\/es\/","name":"COPE Alcoy","description":"Emisora COPE de radio local con emisi\u00f3n online. Pont de Sant Jordi 8-10 03803 Alcoy","potentialAction":[{"@type":"SearchAction","target":{"@type":"EntryPoint","urlTemplate":"https:\/\/www.copealcoy.es\/es\/?s={search_term_string}"},"query-input":{"@type":"PropertyValueSpecification","valueRequired":true,"valueName":"search_term_string"}}],"inLanguage":"es"},{"@type":"Person","@id":"https:\/\/www.copealcoy.es\/es\/#\/schema\/person\/e777c87fa024e57d40170af9df39882c","name":"Cope Alcoy","image":{"@type":"ImageObject","inLanguage":"es","@id":"https:\/\/secure.gravatar.com\/avatar\/bb65d0283347e303893ba14f0692005417c1e0e690a325a4c5d8bb2b3943ee14?s=96&d=mm&r=g","url":"https:\/\/secure.gravatar.com\/avatar\/bb65d0283347e303893ba14f0692005417c1e0e690a325a4c5d8bb2b3943ee14?s=96&d=mm&r=g","contentUrl":"https:\/\/secure.gravatar.com\/avatar\/bb65d0283347e303893ba14f0692005417c1e0e690a325a4c5d8bb2b3943ee14?s=96&d=mm&r=g","caption":"Cope Alcoy"}}]}},"_links":{"self":[{"href":"https:\/\/www.copealcoy.es\/es\/wp-json\/wp\/v2\/posts\/120292","targetHints":{"allow":["GET"]}}],"collection":[{"href":"https:\/\/www.copealcoy.es\/es\/wp-json\/wp\/v2\/posts"}],"about":[{"href":"https:\/\/www.copealcoy.es\/es\/wp-json\/wp\/v2\/types\/post"}],"author":[{"embeddable":true,"href":"https:\/\/www.copealcoy.es\/es\/wp-json\/wp\/v2\/users\/1"}],"replies":[{"embeddable":true,"href":"https:\/\/www.copealcoy.es\/es\/wp-json\/wp\/v2\/comments?post=120292"}],"version-history":[{"count":0,"href":"https:\/\/www.copealcoy.es\/es\/wp-json\/wp\/v2\/posts\/120292\/revisions"}],"wp:featuredmedia":[{"embeddable":true,"href":"https:\/\/www.copealcoy.es\/es\/wp-json\/wp\/v2\/media\/120293"}],"wp:attachment":[{"href":"https:\/\/www.copealcoy.es\/es\/wp-json\/wp\/v2\/media?parent=120292"}],"wp:term":[{"taxonomy":"category","embeddable":true,"href":"https:\/\/www.copealcoy.es\/es\/wp-json\/wp\/v2\/categories?post=120292"},{"taxonomy":"post_tag","embeddable":true,"href":"https:\/\/www.copealcoy.es\/es\/wp-json\/wp\/v2\/tags?post=120292"}],"curies":[{"name":"wp","href":"https:\/\/api.w.org\/{rel}","templated":true}]}}