{"id":120277,"date":"2023-07-25T07:15:58","date_gmt":"2023-07-25T06:15:58","guid":{"rendered":"https:\/\/www.copealcoy.es\/?p=120277"},"modified":"2023-07-25T15:37:09","modified_gmt":"2023-07-25T14:37:09","slug":"carlos-pastor-e-ismael-vidal-la-voz-de-nuestras-comarcas-en-la-diputacion-de-alicante","status":"publish","type":"post","link":"https:\/\/www.copealcoy.es\/es\/carlos-pastor-e-ismael-vidal-la-voz-de-nuestras-comarcas-en-la-diputacion-de-alicante\/","title":{"rendered":"Carlos Pastor e Ismael Vidal, la voz de nuestras comarcas en la Diputaci\u00f3n de Alicante"},"content":{"rendered":"<p style=\"text-align: justify;\">Con la constituci\u00f3n del nuevo gobierno de <a href=\"https:\/\/www.diputacionalicante.es\/\" target=\"_blank\" rel=\"noopener\"><strong><span style=\"color: #0000ff;\">la Diputaci\u00f3n Provincial de Alicante<\/span><\/strong><\/a>,<strong> han quedado tambi\u00e9n designados los diputados que tendr\u00e1n nuestras comarcas<\/strong>. Por el <strong>Partido Popular<\/strong> representar\u00e1 a l&#8217;Alcoi\u00e0 y el Comtat el alcoyano<strong> Carlos Pastor<\/strong> mientras que en el PSPV han confiado esta tarea a<strong> Ismael Vidal<\/strong>; actual alcalde de Fageca.<\/p>\n<p style=\"text-align: justify;\">El propio Carlos Pastor, como ya contaba d\u00edas atr\u00e1s en COPE ALCOY, afronta con mucha ilusi\u00f3n <strong>el reto que le ha encomendado el partido a nivel comarcal.<\/strong> Tambi\u00e9n<strong> se marca una serie de objetivos para esta nueva etapa<\/strong> que inicia a nivel pol\u00edtico y que va a compaginar con la tarea de ser portavoz del PP en el Ayuntamiento de Alcoy\u00a0&#8220;<em>vamos a trabajar para conseguir el mayor n\u00famero de apoyos para la ciudad pero tambi\u00e9n vamos a estar al lado de los pueblos m\u00e1s peque\u00f1os de la zona. La Diputaci\u00f3n de Alicante juega un papel muy importante a la hora de atender las necesidades de las localidades m\u00e1s peque\u00f1as y no vamos a cesar en el empe\u00f1o de ayudarles en todo lo que precisen<\/em>&#8220;, se\u00f1alaba.<\/p>\n<p style=\"text-align: justify;\">Por su parte <strong>Ismael Vidal<\/strong> agradece que el PSPV <strong>haya confiado en \u00e9l para ser la voz de estas comarcas<\/strong> en la recientemente estrenada corporaci\u00f3n provincial. El primer edil de Fageca destaca que<strong> l&#8217;Alcoi\u00e0 y el Comtat tienen muchos retos por delante que afrontar de cara al futuro m\u00e1s inmediato<\/strong> y tambi\u00e9n aplaude el trabajo hecho por su predecesor &#8220;<em>continuaremos el camino que ha trazado Toni Franc\u00e9s y no dejaremos de escuchar a los alcaldes para que sus peticiones puedan ser atendidas. La lucha para frenar la despoblaci\u00f3n o ayudarles a tramitar las muchas subvenciones que lanza la Diputaci\u00f3n, son algunos de los principales objetivos&#8221;,\u00a0<\/em>comentaba en COPE ALCOY.<\/p>\n<p style=\"text-align: justify;\">Tanto Carlos Pastor como Ismael Vidal <strong>llegan a estas responsabilidades avalados por los buenos resultados electorales cosechados el 28M<\/strong>. El <strong>primero<\/strong> consigui\u00f3 que el PP doblara en n\u00famero de concejales con respecto a los comicios de 2019, pasando de cuatro a ocho, y el <strong>segundo<\/strong> revalid\u00f3 la alcald\u00eda de Fageca con una amplia mayor\u00eda.<\/p>\n","protected":false},"excerpt":{"rendered":"<p>Con la constituci\u00f3n del nuevo gobierno de la Diputaci\u00f3n Provincial de Alicante, han quedado tambi\u00e9n designados los diputados que tendr\u00e1n&#8230;<\/p>\n","protected":false},"author":1,"featured_media":120306,"comment_status":"open","ping_status":"open","sticky":false,"template":"","format":"standard","meta":{"footnotes":""},"categories":[1],"tags":[482,13235,237,947,15333,7623],"class_list":["post-120277","post","type-post","status-publish","format-standard","has-post-thumbnail","hentry","category-sin-categorizar","tag-alcoia","tag-carlos-pastor","tag-comtat","tag-diputacion-de-alicante","tag-diputados-provinciales","tag-ismael-vidal"],"yoast_head":"<!-- This site is optimized with the Yoast SEO plugin v27.3 - https:\/\/yoast.com\/product\/yoast-seo-wordpress\/ -->\n<title>Carlos Pastor e Ismael Vidal, la voz de nuestras comarcas en la Diputaci\u00f3n de Alicante - COPE Alcoy<\/title>\n<meta name=\"description\" content=\"Carlos Pastor e Ismael Vidal han sido designados como Diputados Provinciales de nuestras comarcas para la legislatura que comienza\" \/>\n<meta name=\"robots\" content=\"index, follow, max-snippet:-1, max-image-preview:large, max-video-preview:-1\" \/>\n<link rel=\"canonical\" href=\"https:\/\/www.copealcoy.es\/es\/carlos-pastor-e-ismael-vidal-la-voz-de-nuestras-comarcas-en-la-diputacion-de-alicante\/\" \/>\n<meta property=\"og:locale\" content=\"es_ES\" \/>\n<meta property=\"og:type\" content=\"article\" \/>\n<meta property=\"og:title\" content=\"Carlos Pastor e Ismael Vidal, la voz de nuestras comarcas en la Diputaci\u00f3n de Alicante - COPE Alcoy\" \/>\n<meta property=\"og:description\" content=\"Carlos Pastor e Ismael Vidal han sido designados como Diputados Provinciales de nuestras comarcas para la legislatura que comienza\" \/>\n<meta property=\"og:url\" content=\"https:\/\/www.copealcoy.es\/es\/carlos-pastor-e-ismael-vidal-la-voz-de-nuestras-comarcas-en-la-diputacion-de-alicante\/\" \/>\n<meta property=\"og:site_name\" content=\"COPE Alcoy\" \/>\n<meta property=\"article:published_time\" content=\"2023-07-25T06:15:58+00:00\" \/>\n<meta property=\"article:modified_time\" content=\"2023-07-25T14:37:09+00:00\" \/>\n<meta property=\"og:image\" content=\"https:\/\/www.copealcoy.es\/wp-content\/uploads\/2023\/07\/unnamed-1-12-e1690295564642.jpg\" \/>\n\t<meta property=\"og:image:width\" content=\"1800\" \/>\n\t<meta property=\"og:image:height\" content=\"1011\" \/>\n\t<meta property=\"og:image:type\" content=\"image\/jpeg\" \/>\n<meta name=\"author\" content=\"Cope Alcoy\" \/>\n<meta name=\"twitter:label1\" content=\"Escrito por\" \/>\n\t<meta name=\"twitter:data1\" content=\"Cope Alcoy\" \/>\n\t<meta name=\"twitter:label2\" content=\"Tiempo de lectura\" \/>\n\t<meta name=\"twitter:data2\" content=\"2 minutos\" \/>\n<script type=\"application\/ld+json\" class=\"yoast-schema-graph\">{\"@context\":\"https:\\\/\\\/schema.org\",\"@graph\":[{\"@type\":\"Article\",\"@id\":\"https:\\\/\\\/www.copealcoy.es\\\/es\\\/carlos-pastor-e-ismael-vidal-la-voz-de-nuestras-comarcas-en-la-diputacion-de-alicante\\\/#article\",\"isPartOf\":{\"@id\":\"https:\\\/\\\/www.copealcoy.es\\\/es\\\/carlos-pastor-e-ismael-vidal-la-voz-de-nuestras-comarcas-en-la-diputacion-de-alicante\\\/\"},\"author\":{\"name\":\"Cope Alcoy\",\"@id\":\"https:\\\/\\\/www.copealcoy.es\\\/es\\\/#\\\/schema\\\/person\\\/e777c87fa024e57d40170af9df39882c\"},\"headline\":\"Carlos Pastor e Ismael Vidal, la voz de nuestras comarcas en la Diputaci\u00f3n de Alicante\",\"datePublished\":\"2023-07-25T06:15:58+00:00\",\"dateModified\":\"2023-07-25T14:37:09+00:00\",\"mainEntityOfPage\":{\"@id\":\"https:\\\/\\\/www.copealcoy.es\\\/es\\\/carlos-pastor-e-ismael-vidal-la-voz-de-nuestras-comarcas-en-la-diputacion-de-alicante\\\/\"},\"wordCount\":385,\"commentCount\":0,\"image\":{\"@id\":\"https:\\\/\\\/www.copealcoy.es\\\/es\\\/carlos-pastor-e-ismael-vidal-la-voz-de-nuestras-comarcas-en-la-diputacion-de-alicante\\\/#primaryimage\"},\"thumbnailUrl\":\"https:\\\/\\\/www.copealcoy.es\\\/wp-content\\\/uploads\\\/2023\\\/07\\\/unnamed-1-12-e1690295564642.jpg\",\"keywords\":[\"Alcoi\u00e0\",\"Carlos Pastor\",\"Comtat\",\"Diputaci\u00f3n de Alicante\",\"Diputados Provinciales\",\"Ismael Vidal\"],\"articleSection\":[\"Sin categorizar\"],\"inLanguage\":\"es\"},{\"@type\":\"WebPage\",\"@id\":\"https:\\\/\\\/www.copealcoy.es\\\/es\\\/carlos-pastor-e-ismael-vidal-la-voz-de-nuestras-comarcas-en-la-diputacion-de-alicante\\\/\",\"url\":\"https:\\\/\\\/www.copealcoy.es\\\/es\\\/carlos-pastor-e-ismael-vidal-la-voz-de-nuestras-comarcas-en-la-diputacion-de-alicante\\\/\",\"name\":\"Carlos Pastor e Ismael Vidal, la voz de nuestras comarcas en la Diputaci\u00f3n de Alicante - COPE Alcoy\",\"isPartOf\":{\"@id\":\"https:\\\/\\\/www.copealcoy.es\\\/es\\\/#website\"},\"primaryImageOfPage\":{\"@id\":\"https:\\\/\\\/www.copealcoy.es\\\/es\\\/carlos-pastor-e-ismael-vidal-la-voz-de-nuestras-comarcas-en-la-diputacion-de-alicante\\\/#primaryimage\"},\"image\":{\"@id\":\"https:\\\/\\\/www.copealcoy.es\\\/es\\\/carlos-pastor-e-ismael-vidal-la-voz-de-nuestras-comarcas-en-la-diputacion-de-alicante\\\/#primaryimage\"},\"thumbnailUrl\":\"https:\\\/\\\/www.copealcoy.es\\\/wp-content\\\/uploads\\\/2023\\\/07\\\/unnamed-1-12-e1690295564642.jpg\",\"datePublished\":\"2023-07-25T06:15:58+00:00\",\"dateModified\":\"2023-07-25T14:37:09+00:00\",\"author\":{\"@id\":\"https:\\\/\\\/www.copealcoy.es\\\/es\\\/#\\\/schema\\\/person\\\/e777c87fa024e57d40170af9df39882c\"},\"description\":\"Carlos Pastor e Ismael Vidal han sido designados como Diputados Provinciales de nuestras comarcas para la legislatura que comienza\",\"breadcrumb\":{\"@id\":\"https:\\\/\\\/www.copealcoy.es\\\/es\\\/carlos-pastor-e-ismael-vidal-la-voz-de-nuestras-comarcas-en-la-diputacion-de-alicante\\\/#breadcrumb\"},\"inLanguage\":\"es\",\"potentialAction\":[{\"@type\":\"ReadAction\",\"target\":[\"https:\\\/\\\/www.copealcoy.es\\\/es\\\/carlos-pastor-e-ismael-vidal-la-voz-de-nuestras-comarcas-en-la-diputacion-de-alicante\\\/\"]}]},{\"@type\":\"ImageObject\",\"inLanguage\":\"es\",\"@id\":\"https:\\\/\\\/www.copealcoy.es\\\/es\\\/carlos-pastor-e-ismael-vidal-la-voz-de-nuestras-comarcas-en-la-diputacion-de-alicante\\\/#primaryimage\",\"url\":\"https:\\\/\\\/www.copealcoy.es\\\/wp-content\\\/uploads\\\/2023\\\/07\\\/unnamed-1-12-e1690295564642.jpg\",\"contentUrl\":\"https:\\\/\\\/www.copealcoy.es\\\/wp-content\\\/uploads\\\/2023\\\/07\\\/unnamed-1-12-e1690295564642.jpg\",\"width\":1800,\"height\":1011},{\"@type\":\"BreadcrumbList\",\"@id\":\"https:\\\/\\\/www.copealcoy.es\\\/es\\\/carlos-pastor-e-ismael-vidal-la-voz-de-nuestras-comarcas-en-la-diputacion-de-alicante\\\/#breadcrumb\",\"itemListElement\":[{\"@type\":\"ListItem\",\"position\":1,\"name\":\"Portada\",\"item\":\"https:\\\/\\\/www.copealcoy.es\\\/es\\\/\"},{\"@type\":\"ListItem\",\"position\":2,\"name\":\"Carlos Pastor e Ismael Vidal, la voz de nuestras comarcas en la Diputaci\u00f3n de Alicante\"}]},{\"@type\":\"WebSite\",\"@id\":\"https:\\\/\\\/www.copealcoy.es\\\/es\\\/#website\",\"url\":\"https:\\\/\\\/www.copealcoy.es\\\/es\\\/\",\"name\":\"COPE Alcoy\",\"description\":\"Emisora COPE de radio local con emisi\u00f3n online. Pont de Sant Jordi 8-10 03803 Alcoy\",\"potentialAction\":[{\"@type\":\"SearchAction\",\"target\":{\"@type\":\"EntryPoint\",\"urlTemplate\":\"https:\\\/\\\/www.copealcoy.es\\\/es\\\/?s={search_term_string}\"},\"query-input\":{\"@type\":\"PropertyValueSpecification\",\"valueRequired\":true,\"valueName\":\"search_term_string\"}}],\"inLanguage\":\"es\"},{\"@type\":\"Person\",\"@id\":\"https:\\\/\\\/www.copealcoy.es\\\/es\\\/#\\\/schema\\\/person\\\/e777c87fa024e57d40170af9df39882c\",\"name\":\"Cope Alcoy\",\"image\":{\"@type\":\"ImageObject\",\"inLanguage\":\"es\",\"@id\":\"https:\\\/\\\/secure.gravatar.com\\\/avatar\\\/bb65d0283347e303893ba14f0692005417c1e0e690a325a4c5d8bb2b3943ee14?s=96&d=mm&r=g\",\"url\":\"https:\\\/\\\/secure.gravatar.com\\\/avatar\\\/bb65d0283347e303893ba14f0692005417c1e0e690a325a4c5d8bb2b3943ee14?s=96&d=mm&r=g\",\"contentUrl\":\"https:\\\/\\\/secure.gravatar.com\\\/avatar\\\/bb65d0283347e303893ba14f0692005417c1e0e690a325a4c5d8bb2b3943ee14?s=96&d=mm&r=g\",\"caption\":\"Cope Alcoy\"}}]}<\/script>\n<!-- \/ Yoast SEO plugin. -->","yoast_head_json":{"title":"Carlos Pastor e Ismael Vidal, la voz de nuestras comarcas en la Diputaci\u00f3n de Alicante - COPE Alcoy","description":"Carlos Pastor e Ismael Vidal han sido designados como Diputados Provinciales de nuestras comarcas para la legislatura que comienza","robots":{"index":"index","follow":"follow","max-snippet":"max-snippet:-1","max-image-preview":"max-image-preview:large","max-video-preview":"max-video-preview:-1"},"canonical":"https:\/\/www.copealcoy.es\/es\/carlos-pastor-e-ismael-vidal-la-voz-de-nuestras-comarcas-en-la-diputacion-de-alicante\/","og_locale":"es_ES","og_type":"article","og_title":"Carlos Pastor e Ismael Vidal, la voz de nuestras comarcas en la Diputaci\u00f3n de Alicante - COPE Alcoy","og_description":"Carlos Pastor e Ismael Vidal han sido designados como Diputados Provinciales de nuestras comarcas para la legislatura que comienza","og_url":"https:\/\/www.copealcoy.es\/es\/carlos-pastor-e-ismael-vidal-la-voz-de-nuestras-comarcas-en-la-diputacion-de-alicante\/","og_site_name":"COPE Alcoy","article_published_time":"2023-07-25T06:15:58+00:00","article_modified_time":"2023-07-25T14:37:09+00:00","og_image":[{"width":1800,"height":1011,"url":"https:\/\/www.copealcoy.es\/wp-content\/uploads\/2023\/07\/unnamed-1-12-e1690295564642.jpg","type":"image\/jpeg"}],"author":"Cope Alcoy","twitter_misc":{"Escrito por":"Cope Alcoy","Tiempo de lectura":"2 minutos"},"schema":{"@context":"https:\/\/schema.org","@graph":[{"@type":"Article","@id":"https:\/\/www.copealcoy.es\/es\/carlos-pastor-e-ismael-vidal-la-voz-de-nuestras-comarcas-en-la-diputacion-de-alicante\/#article","isPartOf":{"@id":"https:\/\/www.copealcoy.es\/es\/carlos-pastor-e-ismael-vidal-la-voz-de-nuestras-comarcas-en-la-diputacion-de-alicante\/"},"author":{"name":"Cope Alcoy","@id":"https:\/\/www.copealcoy.es\/es\/#\/schema\/person\/e777c87fa024e57d40170af9df39882c"},"headline":"Carlos Pastor e Ismael Vidal, la voz de nuestras comarcas en la Diputaci\u00f3n de Alicante","datePublished":"2023-07-25T06:15:58+00:00","dateModified":"2023-07-25T14:37:09+00:00","mainEntityOfPage":{"@id":"https:\/\/www.copealcoy.es\/es\/carlos-pastor-e-ismael-vidal-la-voz-de-nuestras-comarcas-en-la-diputacion-de-alicante\/"},"wordCount":385,"commentCount":0,"image":{"@id":"https:\/\/www.copealcoy.es\/es\/carlos-pastor-e-ismael-vidal-la-voz-de-nuestras-comarcas-en-la-diputacion-de-alicante\/#primaryimage"},"thumbnailUrl":"https:\/\/www.copealcoy.es\/wp-content\/uploads\/2023\/07\/unnamed-1-12-e1690295564642.jpg","keywords":["Alcoi\u00e0","Carlos Pastor","Comtat","Diputaci\u00f3n de Alicante","Diputados Provinciales","Ismael Vidal"],"articleSection":["Sin categorizar"],"inLanguage":"es"},{"@type":"WebPage","@id":"https:\/\/www.copealcoy.es\/es\/carlos-pastor-e-ismael-vidal-la-voz-de-nuestras-comarcas-en-la-diputacion-de-alicante\/","url":"https:\/\/www.copealcoy.es\/es\/carlos-pastor-e-ismael-vidal-la-voz-de-nuestras-comarcas-en-la-diputacion-de-alicante\/","name":"Carlos Pastor e Ismael Vidal, la voz de nuestras comarcas en la Diputaci\u00f3n de Alicante - COPE Alcoy","isPartOf":{"@id":"https:\/\/www.copealcoy.es\/es\/#website"},"primaryImageOfPage":{"@id":"https:\/\/www.copealcoy.es\/es\/carlos-pastor-e-ismael-vidal-la-voz-de-nuestras-comarcas-en-la-diputacion-de-alicante\/#primaryimage"},"image":{"@id":"https:\/\/www.copealcoy.es\/es\/carlos-pastor-e-ismael-vidal-la-voz-de-nuestras-comarcas-en-la-diputacion-de-alicante\/#primaryimage"},"thumbnailUrl":"https:\/\/www.copealcoy.es\/wp-content\/uploads\/2023\/07\/unnamed-1-12-e1690295564642.jpg","datePublished":"2023-07-25T06:15:58+00:00","dateModified":"2023-07-25T14:37:09+00:00","author":{"@id":"https:\/\/www.copealcoy.es\/es\/#\/schema\/person\/e777c87fa024e57d40170af9df39882c"},"description":"Carlos Pastor e Ismael Vidal han sido designados como Diputados Provinciales de nuestras comarcas para la legislatura que comienza","breadcrumb":{"@id":"https:\/\/www.copealcoy.es\/es\/carlos-pastor-e-ismael-vidal-la-voz-de-nuestras-comarcas-en-la-diputacion-de-alicante\/#breadcrumb"},"inLanguage":"es","potentialAction":[{"@type":"ReadAction","target":["https:\/\/www.copealcoy.es\/es\/carlos-pastor-e-ismael-vidal-la-voz-de-nuestras-comarcas-en-la-diputacion-de-alicante\/"]}]},{"@type":"ImageObject","inLanguage":"es","@id":"https:\/\/www.copealcoy.es\/es\/carlos-pastor-e-ismael-vidal-la-voz-de-nuestras-comarcas-en-la-diputacion-de-alicante\/#primaryimage","url":"https:\/\/www.copealcoy.es\/wp-content\/uploads\/2023\/07\/unnamed-1-12-e1690295564642.jpg","contentUrl":"https:\/\/www.copealcoy.es\/wp-content\/uploads\/2023\/07\/unnamed-1-12-e1690295564642.jpg","width":1800,"height":1011},{"@type":"BreadcrumbList","@id":"https:\/\/www.copealcoy.es\/es\/carlos-pastor-e-ismael-vidal-la-voz-de-nuestras-comarcas-en-la-diputacion-de-alicante\/#breadcrumb","itemListElement":[{"@type":"ListItem","position":1,"name":"Portada","item":"https:\/\/www.copealcoy.es\/es\/"},{"@type":"ListItem","position":2,"name":"Carlos Pastor e Ismael Vidal, la voz de nuestras comarcas en la Diputaci\u00f3n de Alicante"}]},{"@type":"WebSite","@id":"https:\/\/www.copealcoy.es\/es\/#website","url":"https:\/\/www.copealcoy.es\/es\/","name":"COPE Alcoy","description":"Emisora COPE de radio local con emisi\u00f3n online. Pont de Sant Jordi 8-10 03803 Alcoy","potentialAction":[{"@type":"SearchAction","target":{"@type":"EntryPoint","urlTemplate":"https:\/\/www.copealcoy.es\/es\/?s={search_term_string}"},"query-input":{"@type":"PropertyValueSpecification","valueRequired":true,"valueName":"search_term_string"}}],"inLanguage":"es"},{"@type":"Person","@id":"https:\/\/www.copealcoy.es\/es\/#\/schema\/person\/e777c87fa024e57d40170af9df39882c","name":"Cope Alcoy","image":{"@type":"ImageObject","inLanguage":"es","@id":"https:\/\/secure.gravatar.com\/avatar\/bb65d0283347e303893ba14f0692005417c1e0e690a325a4c5d8bb2b3943ee14?s=96&d=mm&r=g","url":"https:\/\/secure.gravatar.com\/avatar\/bb65d0283347e303893ba14f0692005417c1e0e690a325a4c5d8bb2b3943ee14?s=96&d=mm&r=g","contentUrl":"https:\/\/secure.gravatar.com\/avatar\/bb65d0283347e303893ba14f0692005417c1e0e690a325a4c5d8bb2b3943ee14?s=96&d=mm&r=g","caption":"Cope Alcoy"}}]}},"_links":{"self":[{"href":"https:\/\/www.copealcoy.es\/es\/wp-json\/wp\/v2\/posts\/120277","targetHints":{"allow":["GET"]}}],"collection":[{"href":"https:\/\/www.copealcoy.es\/es\/wp-json\/wp\/v2\/posts"}],"about":[{"href":"https:\/\/www.copealcoy.es\/es\/wp-json\/wp\/v2\/types\/post"}],"author":[{"embeddable":true,"href":"https:\/\/www.copealcoy.es\/es\/wp-json\/wp\/v2\/users\/1"}],"replies":[{"embeddable":true,"href":"https:\/\/www.copealcoy.es\/es\/wp-json\/wp\/v2\/comments?post=120277"}],"version-history":[{"count":0,"href":"https:\/\/www.copealcoy.es\/es\/wp-json\/wp\/v2\/posts\/120277\/revisions"}],"wp:featuredmedia":[{"embeddable":true,"href":"https:\/\/www.copealcoy.es\/es\/wp-json\/wp\/v2\/media\/120306"}],"wp:attachment":[{"href":"https:\/\/www.copealcoy.es\/es\/wp-json\/wp\/v2\/media?parent=120277"}],"wp:term":[{"taxonomy":"category","embeddable":true,"href":"https:\/\/www.copealcoy.es\/es\/wp-json\/wp\/v2\/categories?post=120277"},{"taxonomy":"post_tag","embeddable":true,"href":"https:\/\/www.copealcoy.es\/es\/wp-json\/wp\/v2\/tags?post=120277"}],"curies":[{"name":"wp","href":"https:\/\/api.w.org\/{rel}","templated":true}]}}