{"id":120270,"date":"2023-07-25T07:00:58","date_gmt":"2023-07-25T06:00:58","guid":{"rendered":"https:\/\/www.copealcoy.es\/?p=120270"},"modified":"2023-07-25T11:06:01","modified_gmt":"2023-07-25T10:06:01","slug":"arranca-una-nueva-legislatura-para-la-diputacion-de-alicante","status":"publish","type":"post","link":"https:\/\/www.copealcoy.es\/es\/arranca-una-nueva-legislatura-para-la-diputacion-de-alicante\/","title":{"rendered":"Arranca una nueva legislatura para la Diputaci\u00f3n de Alicante"},"content":{"rendered":"<p style=\"text-align: justify;\">El pasado viernes s<strong>e celebr\u00f3 el acto de constituci\u00f3n del nuevo gobierno de la Diputaci\u00f3n de Alicante<\/strong> tras las Elecciones Municipales del 28M, una cita que <strong>reuni\u00f3 a numerosos representantes pol\u00edticos as\u00ed como a alcaldes<\/strong> de diferentes localidades de la provincia. <strong>Toni P\u00e9rez<\/strong>, alcalde de Benidorm, se convirti\u00f3 en el nuevo presidente de la instituci\u00f3n cogiendo as\u00ed el relevo del tambi\u00e9n popular Carlos Maz\u00f3n.<\/p>\n<p style=\"text-align: justify;\">Un total de\u00a0<strong>31 diputados<\/strong> conforman la nueva corporaci\u00f3n provincial representando a cuatro grupos pol\u00edticos: <strong>16 por el Partido Popular; 13 por el PSOE; 1 por Vox y 1 por Comprom\u00eds<\/strong>. Tras constituirse la Mesa de Edad, todos los diputados tomaron posesi\u00f3n de su nuevo cargo y se procedi\u00f3 a la elecci\u00f3n de la Presidencia. El alcalde de Benidorm, Toni P\u00e9rez, diputado del Partido Popular por la comarca de la Marina Baixa, result\u00f3 as\u00ed elegido presidente de <a href=\"https:\/\/www.diputacionalicante.es\/\" target=\"_blank\" rel=\"noopener\"><strong><span style=\"color: #0000ff;\">la Diputaci\u00f3n de Alicante<\/span><\/strong><\/a> por mayor\u00eda absoluta. Junto a \u00e9l, presentaron su candidatura el diputado socialista, <strong>Vicente Arques<\/strong>, la diputada de Vox,\u00a0<strong>Gema Alem\u00e1n<\/strong>, y el diputado de Comprom\u00eds,\u00a0<strong>Ximo Perles<\/strong>.<\/p>\n<p style=\"text-align: justify;\">P\u00e9rez se convierte, de esta forma, en el <strong>noveno presidente de la Diputaci\u00f3n de la democracia<\/strong>. Adem\u00e1s, se trata del segundo benidorm\u00ed que ostenta la presidencia de la instituci\u00f3n provincial tras <strong>Pedro Zaragoza Orts<\/strong>\u00a0(1966-1970).<\/p>\n<p style=\"text-align: justify;\">M\u00e1s de 450 invitados asistieron a la sesi\u00f3n constitutiva de la corporaci\u00f3n provincial y elecci\u00f3n de la Presidencia. Adem\u00e1s de los nuevos miembros del Consell, tambi\u00e9n acompa\u00f1aron a los nuevos diputados, el presidente de la Diputaci\u00f3n de Valencia, <strong>Vicente Momp\u00f3<\/strong>, el subdelegado del Gobierno,\u00a0<strong>Carlos S\u00e1nchez Heras<\/strong>, diputados nacionales y auton\u00f3micos, senadores y ex presidentes de la Diputaci\u00f3n como\u00a0<strong>Antonio Mira Perceval, Julio de Espa\u00f1a y C\u00e9sar S\u00e1nchez.\u00a0<\/strong>El alcalde de Alcoy, Toni Franc\u00e9s, tampoco falt\u00f3 a la cita junto a numerosos alcaldes y concejales de las poblaciones de l&#8217;Alcoi\u00e0 y el Comtat.<\/p>\n<p style=\"text-align: justify;\">La sesi\u00f3n constitutiva concluy\u00f3 con <strong>la interpretaci\u00f3n de los himnos de la Comunitat Valenciana y de Espa\u00f1a<\/strong>. De esta tarea se encarg\u00f3 el cuarteto de cuerda de la Orquesta Simf\u00f2nica del ADDA.<\/p>\n","protected":false},"excerpt":{"rendered":"<p>El pasado viernes se celebr\u00f3 el acto de constituci\u00f3n del nuevo gobierno de la Diputaci\u00f3n de Alicante tras las Elecciones&#8230;<\/p>\n","protected":false},"author":1,"featured_media":120272,"comment_status":"open","ping_status":"open","sticky":false,"template":"","format":"standard","meta":{"footnotes":""},"categories":[6909,98,75],"tags":[947,9052,1170,15330],"class_list":["post-120270","post","type-post","status-publish","format-standard","has-post-thumbnail","hentry","category-actualidad","category-comarcas","category-noticias","tag-diputacion-de-alicante","tag-nuevo-gobierno","tag-presidente","tag-toni-perez"],"yoast_head":"<!-- This site is optimized with the Yoast SEO plugin v27.3 - https:\/\/yoast.com\/product\/yoast-seo-wordpress\/ -->\n<title>Arranca una nueva legislatura para la Diputaci\u00f3n de Alicante - COPE Alcoy<\/title>\n<meta name=\"description\" content=\"Toni P\u00e9rez result\u00f3 elegido el pasado viernes como nuevo presidente de la Diputaci\u00f3n Provincial de Alicante para la presente legislatura\" \/>\n<meta name=\"robots\" content=\"index, follow, max-snippet:-1, max-image-preview:large, max-video-preview:-1\" \/>\n<link rel=\"canonical\" href=\"https:\/\/www.copealcoy.es\/es\/arranca-una-nueva-legislatura-para-la-diputacion-de-alicante\/\" \/>\n<meta property=\"og:locale\" content=\"es_ES\" \/>\n<meta property=\"og:type\" content=\"article\" \/>\n<meta property=\"og:title\" content=\"Arranca una nueva legislatura para la Diputaci\u00f3n de Alicante - COPE Alcoy\" \/>\n<meta property=\"og:description\" content=\"Toni P\u00e9rez result\u00f3 elegido el pasado viernes como nuevo presidente de la Diputaci\u00f3n Provincial de Alicante para la presente legislatura\" \/>\n<meta property=\"og:url\" content=\"https:\/\/www.copealcoy.es\/es\/arranca-una-nueva-legislatura-para-la-diputacion-de-alicante\/\" \/>\n<meta property=\"og:site_name\" content=\"COPE Alcoy\" \/>\n<meta property=\"article:published_time\" content=\"2023-07-25T06:00:58+00:00\" \/>\n<meta property=\"article:modified_time\" content=\"2023-07-25T10:06:01+00:00\" \/>\n<meta property=\"og:image\" content=\"https:\/\/www.copealcoy.es\/wp-content\/uploads\/2023\/07\/HJ2A0788-e1690279122375.jpg\" \/>\n\t<meta property=\"og:image:width\" content=\"640\" \/>\n\t<meta property=\"og:image:height\" content=\"427\" \/>\n\t<meta property=\"og:image:type\" content=\"image\/jpeg\" \/>\n<meta name=\"author\" content=\"Cope Alcoy\" \/>\n<meta name=\"twitter:label1\" content=\"Escrito por\" \/>\n\t<meta name=\"twitter:data1\" content=\"Cope Alcoy\" \/>\n\t<meta name=\"twitter:label2\" content=\"Tiempo de lectura\" \/>\n\t<meta name=\"twitter:data2\" content=\"2 minutos\" \/>\n<script type=\"application\/ld+json\" class=\"yoast-schema-graph\">{\"@context\":\"https:\\\/\\\/schema.org\",\"@graph\":[{\"@type\":\"Article\",\"@id\":\"https:\\\/\\\/www.copealcoy.es\\\/es\\\/arranca-una-nueva-legislatura-para-la-diputacion-de-alicante\\\/#article\",\"isPartOf\":{\"@id\":\"https:\\\/\\\/www.copealcoy.es\\\/es\\\/arranca-una-nueva-legislatura-para-la-diputacion-de-alicante\\\/\"},\"author\":{\"name\":\"Cope Alcoy\",\"@id\":\"https:\\\/\\\/www.copealcoy.es\\\/es\\\/#\\\/schema\\\/person\\\/e777c87fa024e57d40170af9df39882c\"},\"headline\":\"Arranca una nueva legislatura para la Diputaci\u00f3n de Alicante\",\"datePublished\":\"2023-07-25T06:00:58+00:00\",\"dateModified\":\"2023-07-25T10:06:01+00:00\",\"mainEntityOfPage\":{\"@id\":\"https:\\\/\\\/www.copealcoy.es\\\/es\\\/arranca-una-nueva-legislatura-para-la-diputacion-de-alicante\\\/\"},\"wordCount\":377,\"commentCount\":0,\"image\":{\"@id\":\"https:\\\/\\\/www.copealcoy.es\\\/es\\\/arranca-una-nueva-legislatura-para-la-diputacion-de-alicante\\\/#primaryimage\"},\"thumbnailUrl\":\"https:\\\/\\\/www.copealcoy.es\\\/wp-content\\\/uploads\\\/2023\\\/07\\\/HJ2A0788-e1690279122375.jpg\",\"keywords\":[\"Diputaci\u00f3n de Alicante\",\"nuevo gobierno\",\"Presidente\",\"Toni P\u00e9rez\"],\"articleSection\":[\"Actualidad\",\"Comarcas\",\"Noticias\"],\"inLanguage\":\"es\"},{\"@type\":\"WebPage\",\"@id\":\"https:\\\/\\\/www.copealcoy.es\\\/es\\\/arranca-una-nueva-legislatura-para-la-diputacion-de-alicante\\\/\",\"url\":\"https:\\\/\\\/www.copealcoy.es\\\/es\\\/arranca-una-nueva-legislatura-para-la-diputacion-de-alicante\\\/\",\"name\":\"Arranca una nueva legislatura para la Diputaci\u00f3n de Alicante - COPE Alcoy\",\"isPartOf\":{\"@id\":\"https:\\\/\\\/www.copealcoy.es\\\/es\\\/#website\"},\"primaryImageOfPage\":{\"@id\":\"https:\\\/\\\/www.copealcoy.es\\\/es\\\/arranca-una-nueva-legislatura-para-la-diputacion-de-alicante\\\/#primaryimage\"},\"image\":{\"@id\":\"https:\\\/\\\/www.copealcoy.es\\\/es\\\/arranca-una-nueva-legislatura-para-la-diputacion-de-alicante\\\/#primaryimage\"},\"thumbnailUrl\":\"https:\\\/\\\/www.copealcoy.es\\\/wp-content\\\/uploads\\\/2023\\\/07\\\/HJ2A0788-e1690279122375.jpg\",\"datePublished\":\"2023-07-25T06:00:58+00:00\",\"dateModified\":\"2023-07-25T10:06:01+00:00\",\"author\":{\"@id\":\"https:\\\/\\\/www.copealcoy.es\\\/es\\\/#\\\/schema\\\/person\\\/e777c87fa024e57d40170af9df39882c\"},\"description\":\"Toni P\u00e9rez result\u00f3 elegido el pasado viernes como nuevo presidente de la Diputaci\u00f3n Provincial de Alicante para la presente legislatura\",\"breadcrumb\":{\"@id\":\"https:\\\/\\\/www.copealcoy.es\\\/es\\\/arranca-una-nueva-legislatura-para-la-diputacion-de-alicante\\\/#breadcrumb\"},\"inLanguage\":\"es\",\"potentialAction\":[{\"@type\":\"ReadAction\",\"target\":[\"https:\\\/\\\/www.copealcoy.es\\\/es\\\/arranca-una-nueva-legislatura-para-la-diputacion-de-alicante\\\/\"]}]},{\"@type\":\"ImageObject\",\"inLanguage\":\"es\",\"@id\":\"https:\\\/\\\/www.copealcoy.es\\\/es\\\/arranca-una-nueva-legislatura-para-la-diputacion-de-alicante\\\/#primaryimage\",\"url\":\"https:\\\/\\\/www.copealcoy.es\\\/wp-content\\\/uploads\\\/2023\\\/07\\\/HJ2A0788-e1690279122375.jpg\",\"contentUrl\":\"https:\\\/\\\/www.copealcoy.es\\\/wp-content\\\/uploads\\\/2023\\\/07\\\/HJ2A0788-e1690279122375.jpg\",\"width\":640,\"height\":427},{\"@type\":\"BreadcrumbList\",\"@id\":\"https:\\\/\\\/www.copealcoy.es\\\/es\\\/arranca-una-nueva-legislatura-para-la-diputacion-de-alicante\\\/#breadcrumb\",\"itemListElement\":[{\"@type\":\"ListItem\",\"position\":1,\"name\":\"Portada\",\"item\":\"https:\\\/\\\/www.copealcoy.es\\\/es\\\/\"},{\"@type\":\"ListItem\",\"position\":2,\"name\":\"Arranca una nueva legislatura para la Diputaci\u00f3n de Alicante\"}]},{\"@type\":\"WebSite\",\"@id\":\"https:\\\/\\\/www.copealcoy.es\\\/es\\\/#website\",\"url\":\"https:\\\/\\\/www.copealcoy.es\\\/es\\\/\",\"name\":\"COPE Alcoy\",\"description\":\"Emisora COPE de radio local con emisi\u00f3n online. Pont de Sant Jordi 8-10 03803 Alcoy\",\"potentialAction\":[{\"@type\":\"SearchAction\",\"target\":{\"@type\":\"EntryPoint\",\"urlTemplate\":\"https:\\\/\\\/www.copealcoy.es\\\/es\\\/?s={search_term_string}\"},\"query-input\":{\"@type\":\"PropertyValueSpecification\",\"valueRequired\":true,\"valueName\":\"search_term_string\"}}],\"inLanguage\":\"es\"},{\"@type\":\"Person\",\"@id\":\"https:\\\/\\\/www.copealcoy.es\\\/es\\\/#\\\/schema\\\/person\\\/e777c87fa024e57d40170af9df39882c\",\"name\":\"Cope Alcoy\",\"image\":{\"@type\":\"ImageObject\",\"inLanguage\":\"es\",\"@id\":\"https:\\\/\\\/secure.gravatar.com\\\/avatar\\\/bb65d0283347e303893ba14f0692005417c1e0e690a325a4c5d8bb2b3943ee14?s=96&d=mm&r=g\",\"url\":\"https:\\\/\\\/secure.gravatar.com\\\/avatar\\\/bb65d0283347e303893ba14f0692005417c1e0e690a325a4c5d8bb2b3943ee14?s=96&d=mm&r=g\",\"contentUrl\":\"https:\\\/\\\/secure.gravatar.com\\\/avatar\\\/bb65d0283347e303893ba14f0692005417c1e0e690a325a4c5d8bb2b3943ee14?s=96&d=mm&r=g\",\"caption\":\"Cope Alcoy\"}}]}<\/script>\n<!-- \/ Yoast SEO plugin. -->","yoast_head_json":{"title":"Arranca una nueva legislatura para la Diputaci\u00f3n de Alicante - COPE Alcoy","description":"Toni P\u00e9rez result\u00f3 elegido el pasado viernes como nuevo presidente de la Diputaci\u00f3n Provincial de Alicante para la presente legislatura","robots":{"index":"index","follow":"follow","max-snippet":"max-snippet:-1","max-image-preview":"max-image-preview:large","max-video-preview":"max-video-preview:-1"},"canonical":"https:\/\/www.copealcoy.es\/es\/arranca-una-nueva-legislatura-para-la-diputacion-de-alicante\/","og_locale":"es_ES","og_type":"article","og_title":"Arranca una nueva legislatura para la Diputaci\u00f3n de Alicante - COPE Alcoy","og_description":"Toni P\u00e9rez result\u00f3 elegido el pasado viernes como nuevo presidente de la Diputaci\u00f3n Provincial de Alicante para la presente legislatura","og_url":"https:\/\/www.copealcoy.es\/es\/arranca-una-nueva-legislatura-para-la-diputacion-de-alicante\/","og_site_name":"COPE Alcoy","article_published_time":"2023-07-25T06:00:58+00:00","article_modified_time":"2023-07-25T10:06:01+00:00","og_image":[{"width":640,"height":427,"url":"https:\/\/www.copealcoy.es\/wp-content\/uploads\/2023\/07\/HJ2A0788-e1690279122375.jpg","type":"image\/jpeg"}],"author":"Cope Alcoy","twitter_misc":{"Escrito por":"Cope Alcoy","Tiempo de lectura":"2 minutos"},"schema":{"@context":"https:\/\/schema.org","@graph":[{"@type":"Article","@id":"https:\/\/www.copealcoy.es\/es\/arranca-una-nueva-legislatura-para-la-diputacion-de-alicante\/#article","isPartOf":{"@id":"https:\/\/www.copealcoy.es\/es\/arranca-una-nueva-legislatura-para-la-diputacion-de-alicante\/"},"author":{"name":"Cope Alcoy","@id":"https:\/\/www.copealcoy.es\/es\/#\/schema\/person\/e777c87fa024e57d40170af9df39882c"},"headline":"Arranca una nueva legislatura para la Diputaci\u00f3n de Alicante","datePublished":"2023-07-25T06:00:58+00:00","dateModified":"2023-07-25T10:06:01+00:00","mainEntityOfPage":{"@id":"https:\/\/www.copealcoy.es\/es\/arranca-una-nueva-legislatura-para-la-diputacion-de-alicante\/"},"wordCount":377,"commentCount":0,"image":{"@id":"https:\/\/www.copealcoy.es\/es\/arranca-una-nueva-legislatura-para-la-diputacion-de-alicante\/#primaryimage"},"thumbnailUrl":"https:\/\/www.copealcoy.es\/wp-content\/uploads\/2023\/07\/HJ2A0788-e1690279122375.jpg","keywords":["Diputaci\u00f3n de Alicante","nuevo gobierno","Presidente","Toni P\u00e9rez"],"articleSection":["Actualidad","Comarcas","Noticias"],"inLanguage":"es"},{"@type":"WebPage","@id":"https:\/\/www.copealcoy.es\/es\/arranca-una-nueva-legislatura-para-la-diputacion-de-alicante\/","url":"https:\/\/www.copealcoy.es\/es\/arranca-una-nueva-legislatura-para-la-diputacion-de-alicante\/","name":"Arranca una nueva legislatura para la Diputaci\u00f3n de Alicante - COPE Alcoy","isPartOf":{"@id":"https:\/\/www.copealcoy.es\/es\/#website"},"primaryImageOfPage":{"@id":"https:\/\/www.copealcoy.es\/es\/arranca-una-nueva-legislatura-para-la-diputacion-de-alicante\/#primaryimage"},"image":{"@id":"https:\/\/www.copealcoy.es\/es\/arranca-una-nueva-legislatura-para-la-diputacion-de-alicante\/#primaryimage"},"thumbnailUrl":"https:\/\/www.copealcoy.es\/wp-content\/uploads\/2023\/07\/HJ2A0788-e1690279122375.jpg","datePublished":"2023-07-25T06:00:58+00:00","dateModified":"2023-07-25T10:06:01+00:00","author":{"@id":"https:\/\/www.copealcoy.es\/es\/#\/schema\/person\/e777c87fa024e57d40170af9df39882c"},"description":"Toni P\u00e9rez result\u00f3 elegido el pasado viernes como nuevo presidente de la Diputaci\u00f3n Provincial de Alicante para la presente legislatura","breadcrumb":{"@id":"https:\/\/www.copealcoy.es\/es\/arranca-una-nueva-legislatura-para-la-diputacion-de-alicante\/#breadcrumb"},"inLanguage":"es","potentialAction":[{"@type":"ReadAction","target":["https:\/\/www.copealcoy.es\/es\/arranca-una-nueva-legislatura-para-la-diputacion-de-alicante\/"]}]},{"@type":"ImageObject","inLanguage":"es","@id":"https:\/\/www.copealcoy.es\/es\/arranca-una-nueva-legislatura-para-la-diputacion-de-alicante\/#primaryimage","url":"https:\/\/www.copealcoy.es\/wp-content\/uploads\/2023\/07\/HJ2A0788-e1690279122375.jpg","contentUrl":"https:\/\/www.copealcoy.es\/wp-content\/uploads\/2023\/07\/HJ2A0788-e1690279122375.jpg","width":640,"height":427},{"@type":"BreadcrumbList","@id":"https:\/\/www.copealcoy.es\/es\/arranca-una-nueva-legislatura-para-la-diputacion-de-alicante\/#breadcrumb","itemListElement":[{"@type":"ListItem","position":1,"name":"Portada","item":"https:\/\/www.copealcoy.es\/es\/"},{"@type":"ListItem","position":2,"name":"Arranca una nueva legislatura para la Diputaci\u00f3n de Alicante"}]},{"@type":"WebSite","@id":"https:\/\/www.copealcoy.es\/es\/#website","url":"https:\/\/www.copealcoy.es\/es\/","name":"COPE Alcoy","description":"Emisora COPE de radio local con emisi\u00f3n online. Pont de Sant Jordi 8-10 03803 Alcoy","potentialAction":[{"@type":"SearchAction","target":{"@type":"EntryPoint","urlTemplate":"https:\/\/www.copealcoy.es\/es\/?s={search_term_string}"},"query-input":{"@type":"PropertyValueSpecification","valueRequired":true,"valueName":"search_term_string"}}],"inLanguage":"es"},{"@type":"Person","@id":"https:\/\/www.copealcoy.es\/es\/#\/schema\/person\/e777c87fa024e57d40170af9df39882c","name":"Cope Alcoy","image":{"@type":"ImageObject","inLanguage":"es","@id":"https:\/\/secure.gravatar.com\/avatar\/bb65d0283347e303893ba14f0692005417c1e0e690a325a4c5d8bb2b3943ee14?s=96&d=mm&r=g","url":"https:\/\/secure.gravatar.com\/avatar\/bb65d0283347e303893ba14f0692005417c1e0e690a325a4c5d8bb2b3943ee14?s=96&d=mm&r=g","contentUrl":"https:\/\/secure.gravatar.com\/avatar\/bb65d0283347e303893ba14f0692005417c1e0e690a325a4c5d8bb2b3943ee14?s=96&d=mm&r=g","caption":"Cope Alcoy"}}]}},"_links":{"self":[{"href":"https:\/\/www.copealcoy.es\/es\/wp-json\/wp\/v2\/posts\/120270","targetHints":{"allow":["GET"]}}],"collection":[{"href":"https:\/\/www.copealcoy.es\/es\/wp-json\/wp\/v2\/posts"}],"about":[{"href":"https:\/\/www.copealcoy.es\/es\/wp-json\/wp\/v2\/types\/post"}],"author":[{"embeddable":true,"href":"https:\/\/www.copealcoy.es\/es\/wp-json\/wp\/v2\/users\/1"}],"replies":[{"embeddable":true,"href":"https:\/\/www.copealcoy.es\/es\/wp-json\/wp\/v2\/comments?post=120270"}],"version-history":[{"count":0,"href":"https:\/\/www.copealcoy.es\/es\/wp-json\/wp\/v2\/posts\/120270\/revisions"}],"wp:featuredmedia":[{"embeddable":true,"href":"https:\/\/www.copealcoy.es\/es\/wp-json\/wp\/v2\/media\/120272"}],"wp:attachment":[{"href":"https:\/\/www.copealcoy.es\/es\/wp-json\/wp\/v2\/media?parent=120270"}],"wp:term":[{"taxonomy":"category","embeddable":true,"href":"https:\/\/www.copealcoy.es\/es\/wp-json\/wp\/v2\/categories?post=120270"},{"taxonomy":"post_tag","embeddable":true,"href":"https:\/\/www.copealcoy.es\/es\/wp-json\/wp\/v2\/tags?post=120270"}],"curies":[{"name":"wp","href":"https:\/\/api.w.org\/{rel}","templated":true}]}}