{"id":120189,"date":"2023-07-24T10:00:02","date_gmt":"2023-07-24T09:00:02","guid":{"rendered":"https:\/\/www.copealcoy.es\/?p=120189"},"modified":"2023-07-24T11:45:47","modified_gmt":"2023-07-24T10:45:47","slug":"pp-y-psoe-se-reparten-la-victoria-en-la-comarca-patri-blanquer-repetira-como-diputada-en-el-congreso","status":"publish","type":"post","link":"https:\/\/www.copealcoy.es\/es\/pp-y-psoe-se-reparten-la-victoria-en-la-comarca-patri-blanquer-repetira-como-diputada-en-el-congreso\/","title":{"rendered":"PP y PSOE se reparten la victoria en la comarca. Patri Blanquer repetir\u00e1 como Diputada en el Congreso"},"content":{"rendered":"<p style=\"text-align: justify;\">El <strong>Partido Popular y el Partido Socialista<\/strong> se han repartido la victoria en los municipios de las comarcas de l&#8217;Alcoi\u00e0 y el Comtat durante las Elecciones Generales del 23J. Adem\u00e1s el resultado obtenido por las diferentes formaciones en nuestra provincia hacen que <strong>la alcoyana Patri Blanquer<\/strong>, n\u00famero dos en la lista al Congreso de los Diputados por Alicante, repita como Diputada Nacional siendo as\u00ed la voz de estas comarcas en la c\u00e1mara baja.<\/p>\n<p style=\"text-align: justify;\">La propia Patri Blanquer <strong>manifestaba su agradecimiento por los resultados que han conseguido los socialistas en Alcoy<\/strong> as\u00ed como tambi\u00e9n en buena parte de los municipios de las comarcas de l&#8217;Alcoi\u00e0 y El Comtat. Blanquer tambi\u00e9n <strong>afronta con ilusi\u00f3n el reto de ser de nuevo Diputada Nacional<\/strong> en el Congreso de los Diputados:<\/p>\n<audio class=\"wp-audio-shortcode\" id=\"audio-120189-1\" preload=\"none\" style=\"width: 100%;\" controls=\"controls\"><source type=\"audio\/mpeg\" src=\"https:\/\/www.copealcoy.es\/wp-content\/uploads\/2023\/07\/TALL-PATRI-BLANQUER-1.mp3?_=1\" \/><a href=\"https:\/\/www.copealcoy.es\/wp-content\/uploads\/2023\/07\/TALL-PATRI-BLANQUER-1.mp3\">https:\/\/www.copealcoy.es\/wp-content\/uploads\/2023\/07\/TALL-PATRI-BLANQUER-1.mp3<\/a><\/audio>\n<p>&nbsp;<\/p>\n<p><span style=\"color: #0000ff;\"><strong>As\u00ed quedan los resultados en los municipios de estas comarcas<\/strong><\/span><\/p>\n<p><strong>Agres: <\/strong>PP (150), PSOE (97), SUMAR-COMPROM\u00cdS (88), VOX (63), PACMA (1)<\/p>\n<p><strong>Alcosser: <\/strong>PSOE (59), SUMAR-COMPROM\u00cdS (47), PP (39), VOX (18), PACMA (1), FO (1)<\/p>\n<p><strong>Alcoi: <\/strong>PSOE (13.116), PP (9.501), SUMAR-COMPROM\u00cdS (5.993), VOX (4.319), PACMA (263), Recortes Cero (84), FO (69), Partido Aut\u00f3nomos (53), Caminando Juntos (33)<\/p>\n<p><strong>Alcoleja: <\/strong>PSOE (43), PP (42), VOX (31), SUMAR-COMPROM\u00cdS (19)<\/p>\n<p><strong>Alfafara: <\/strong>PP (96), PSOE (93), SUMAR-COMPROM\u00cdS (62), VOX (26), FO (3), PACMA (3), PARTIDO AUT\u00d3NOMOS (1), RECORTES 0 (1)<\/p>\n<p><strong>Almudaina: <\/strong>PP (33), VOX (18), PSOE (11), SUMAR-COMPROM\u00cdS (9), PACMA (1), Caminando Juntos (1)<\/p>\n<p><strong>Balones:\u00a0<\/strong>PSOE (42), PP (33), SUMAR-COMPROM\u00cdS (11), VOX (5), PACMA (1), FO (1)<\/p>\n<p><strong>Banyeres de Mariola: <\/strong>PP (1.668), PSOE (1.331), SUMAR-COMPROM\u00cdS (771), VOX (640), PACMA (18), FO (10), Recortes Cero (7), Caminando Juntos (6), Partido Aut\u00f3nomos (2)<\/p>\n<p><strong>Benasau: <\/strong>\u00a0PP (47), PSOE (38), SUMAR-COMPROM\u00cdS (20), VOX (16), PACMA (1), Recortes Cero (1)<\/p>\n<p><strong>Beniarr\u00e9s: <\/strong>PSOE (286), PP (248), SUMAR-COMPROM\u00cdS (150), VOX (86), PACMA (3), Caminando Juntos (1)<\/p>\n<p><strong>Benifallim: <\/strong>PP (38), SUMAR-COMPROM\u00cdS (22), PSOE (18), VOX (8), Caminando Juntos (1)<\/p>\n<p><strong>Benilloba: <\/strong>PSOE (200), PP (165), SUMAR-COMPROM\u00cdS (78), VOX (51), PACMA (1)<\/p>\n<p><strong>Benillup: <\/strong>PP (32), PSOE (27), SUMAR-COMPROM\u00cdS (19), VOX (2), Caminando Juntos (1)<\/p>\n<p><strong>Benimarfull: <\/strong>PP (122), PSOE (101), SUMAR-COMPROM\u00cdS (43), VOX (28), PACMA (1), Partido Aut\u00f3nomos (1), Recortes Cero (1)<\/p>\n<p><strong>Benimassot: <\/strong>PP (34), PSOE (17), SUMAR-COMPROM\u00cdS (15), VOX (8), FO (1)<\/p>\n<p><strong>Castalla: <\/strong>PP (2.440), PSOE (1.649), SUMAR-COMPROM\u00cdS (1.000), VOX (956), PACMA (51), FO (8), Partido Aut\u00f3nomos (8), Recortes Cero (6), Caminando Juntos (4)<\/p>\n<p><strong>Cocentaina: <\/strong>PSOE (2.276), PP (2.053), SUMAR-COMPROM\u00cdS (1.217), VOX (786), PACMA (39), Recortes Cero (39), Partido Aut\u00f3nomos (12), FO (10), Caminando Juntos (4)<\/p>\n<p><strong>Fageca: <\/strong>PSOE (34), PP (27), SUMAR-COMPROM\u00cdS (14), VOX (8)<\/p>\n<p><strong>Famorca: <\/strong>PP (25), VOX (6), SUMAR-COMPROM\u00cdS (4), PSOE (3)<\/p>\n<p><strong>Gaianes: <\/strong>PSOE (110), SUMAR-COMPROM\u00cdS (90), PP (71), VOX (45), PACMA (3), FO (1), Partido Aut\u00f3nomos (1)<\/p>\n<p><strong>Gorga<\/strong>:\u00a0PSOE (71), PP (64), SUMAR-COMPROM\u00cdS (43), VOX (26), PACMA (3), Recortes Cero (1)<\/p>\n<p><strong>Ibi: <\/strong>PP (4.884), PSOE (4.635), SUMAR-COMPROM\u00cdS (2.142), VOX (1.945), PACMA (121), FO (53), Partido Aut\u00f3nomos (21), Recortes Cero (18), Caminando Juntos (15)<\/p>\n<p><strong>L\u2019Alqueria d\u00b4Asnar: <\/strong>PSOE (154), PP (83), SUMAR-COMPROM\u00cdS (82), VOX (35), PACMA (4), FO 83), Partido Aut\u00f3nomos (2)<\/p>\n<p><strong>L\u2019Orxa: <\/strong>PP (159), PSOE (130), PACMA (61), SUMAR-COMPROM\u00cdS (53), Recortes Cero (1)<\/p>\n<p><strong>Millena<\/strong>:\u00a0PSOE (46), PP (44), SUMAR-COMPROM\u00cdS (33), VOX (17), PACMA (2), Recortes Cero (1)<\/p>\n<p><strong>Muro: <\/strong>PSOE (1.748), PP (1.522), SUMAR-COMPROM\u00cdS (1.197), VOX (612), PACMA (35), Partido Aut\u00f3nomos (12), FO (9), Caminando Juntos (5), Recortes Cero (5)<\/p>\n<p><strong>Onil: <\/strong>PP (1.522), PSOE (1.501), SUMAR-COMPROM\u00cdS (747), VOX (585), PACMA (44), FO (11)<\/p>\n<p><strong>Pen\u00e0guila:\u00a0<\/strong>PSOE (80), PP (72), SUMAR-COMPROM\u00cdS (41), VOX (16)<\/p>\n<p><strong>Planes: <\/strong>PSOE (187), PP (185), SUMAR-COMPROM\u00cdS (59), VOX (36), FO (2), PACMA (1), Recortes Cero (1)<\/p>\n<p><strong>Quatretondeta: <\/strong>PSOE (41), PP (23), SUMAR-COMPROM\u00cdS (23), VOX (5)<\/p>\n<p><strong>Tibi: <\/strong>PP (410), PSOE (282), VOX (185), SUMAR-COMPROM\u00cdS (157), PACMA (5), Partido Aut\u00f3nomos (2), FO (1), Recortes Cero (1)<\/p>\n<p><strong>Tollos: <\/strong>PP (17), VOX (7), PSOE (4), SUMAR-COMPROM\u00cdS (4)<\/p>\n","protected":false},"excerpt":{"rendered":"<p>El Partido Popular y el Partido Socialista se han repartido la victoria en los municipios de las comarcas de l&#8217;Alcoi\u00e0&#8230;<\/p>\n","protected":false},"author":1,"featured_media":120192,"comment_status":"open","ping_status":"open","sticky":false,"template":"","format":"standard","meta":{"footnotes":""},"categories":[6909,98,75],"tags":[14861,482,237,1438,1733],"class_list":["post-120189","post","type-post","status-publish","format-standard","has-post-thumbnail","hentry","category-actualidad","category-comarcas","category-noticias","tag-23j","tag-alcoia","tag-comtat","tag-elecciones-generales","tag-patri-blanquer"],"yoast_head":"<!-- This site is optimized with the Yoast SEO plugin v27.3 - https:\/\/yoast.com\/product\/yoast-seo-wordpress\/ -->\n<title>PP y PSOE se reparten la victoria en la comarca. Patri Blanquer repetir\u00e1 como Diputada en el Congreso - COPE Alcoy<\/title>\n<meta name=\"description\" content=\"El Partido Popular y el Partido Socialista se han repartido la victoria en los municipios de las comarcas de l&#039;Alcoi\u00e0 y el Comtat durante las Elecciones Generales del 23J\" \/>\n<meta name=\"robots\" content=\"index, follow, max-snippet:-1, max-image-preview:large, max-video-preview:-1\" \/>\n<link rel=\"canonical\" href=\"https:\/\/www.copealcoy.es\/es\/pp-y-psoe-se-reparten-la-victoria-en-la-comarca-patri-blanquer-repetira-como-diputada-en-el-congreso\/\" \/>\n<meta property=\"og:locale\" content=\"es_ES\" \/>\n<meta property=\"og:type\" content=\"article\" \/>\n<meta property=\"og:title\" content=\"PP y PSOE se reparten la victoria en la comarca. Patri Blanquer repetir\u00e1 como Diputada en el Congreso - COPE Alcoy\" \/>\n<meta property=\"og:description\" content=\"El Partido Popular y el Partido Socialista se han repartido la victoria en los municipios de las comarcas de l&#039;Alcoi\u00e0 y el Comtat durante las Elecciones Generales del 23J\" \/>\n<meta property=\"og:url\" content=\"https:\/\/www.copealcoy.es\/es\/pp-y-psoe-se-reparten-la-victoria-en-la-comarca-patri-blanquer-repetira-como-diputada-en-el-congreso\/\" \/>\n<meta property=\"og:site_name\" content=\"COPE Alcoy\" \/>\n<meta property=\"article:published_time\" content=\"2023-07-24T09:00:02+00:00\" \/>\n<meta property=\"article:modified_time\" content=\"2023-07-24T10:45:47+00:00\" \/>\n<meta property=\"og:image\" content=\"https:\/\/www.copealcoy.es\/wp-content\/uploads\/2023\/07\/unnamed-1-10.jpg\" \/>\n\t<meta property=\"og:image:width\" content=\"575\" \/>\n\t<meta property=\"og:image:height\" content=\"419\" \/>\n\t<meta property=\"og:image:type\" content=\"image\/jpeg\" \/>\n<meta name=\"author\" content=\"Cope Alcoy\" \/>\n<meta name=\"twitter:label1\" content=\"Escrito por\" \/>\n\t<meta name=\"twitter:data1\" content=\"Cope Alcoy\" \/>\n\t<meta name=\"twitter:label2\" content=\"Tiempo de lectura\" \/>\n\t<meta name=\"twitter:data2\" content=\"4 minutos\" \/>\n<script type=\"application\/ld+json\" class=\"yoast-schema-graph\">{\"@context\":\"https:\\\/\\\/schema.org\",\"@graph\":[{\"@type\":\"Article\",\"@id\":\"https:\\\/\\\/www.copealcoy.es\\\/es\\\/pp-y-psoe-se-reparten-la-victoria-en-la-comarca-patri-blanquer-repetira-como-diputada-en-el-congreso\\\/#article\",\"isPartOf\":{\"@id\":\"https:\\\/\\\/www.copealcoy.es\\\/es\\\/pp-y-psoe-se-reparten-la-victoria-en-la-comarca-patri-blanquer-repetira-como-diputada-en-el-congreso\\\/\"},\"author\":{\"name\":\"Cope Alcoy\",\"@id\":\"https:\\\/\\\/www.copealcoy.es\\\/es\\\/#\\\/schema\\\/person\\\/e777c87fa024e57d40170af9df39882c\"},\"headline\":\"PP y PSOE se reparten la victoria en la comarca. Patri Blanquer repetir\u00e1 como Diputada en el Congreso\",\"datePublished\":\"2023-07-24T09:00:02+00:00\",\"dateModified\":\"2023-07-24T10:45:47+00:00\",\"mainEntityOfPage\":{\"@id\":\"https:\\\/\\\/www.copealcoy.es\\\/es\\\/pp-y-psoe-se-reparten-la-victoria-en-la-comarca-patri-blanquer-repetira-como-diputada-en-el-congreso\\\/\"},\"wordCount\":491,\"commentCount\":0,\"image\":{\"@id\":\"https:\\\/\\\/www.copealcoy.es\\\/es\\\/pp-y-psoe-se-reparten-la-victoria-en-la-comarca-patri-blanquer-repetira-como-diputada-en-el-congreso\\\/#primaryimage\"},\"thumbnailUrl\":\"https:\\\/\\\/www.copealcoy.es\\\/wp-content\\\/uploads\\\/2023\\\/07\\\/unnamed-1-10.jpg\",\"keywords\":[\"23J\",\"Alcoi\u00e0\",\"Comtat\",\"Elecciones Generales\",\"Patri Blanquer\"],\"articleSection\":[\"Actualidad\",\"Comarcas\",\"Noticias\"],\"inLanguage\":\"es\"},{\"@type\":\"WebPage\",\"@id\":\"https:\\\/\\\/www.copealcoy.es\\\/es\\\/pp-y-psoe-se-reparten-la-victoria-en-la-comarca-patri-blanquer-repetira-como-diputada-en-el-congreso\\\/\",\"url\":\"https:\\\/\\\/www.copealcoy.es\\\/es\\\/pp-y-psoe-se-reparten-la-victoria-en-la-comarca-patri-blanquer-repetira-como-diputada-en-el-congreso\\\/\",\"name\":\"PP y PSOE se reparten la victoria en la comarca. Patri Blanquer repetir\u00e1 como Diputada en el Congreso - COPE Alcoy\",\"isPartOf\":{\"@id\":\"https:\\\/\\\/www.copealcoy.es\\\/es\\\/#website\"},\"primaryImageOfPage\":{\"@id\":\"https:\\\/\\\/www.copealcoy.es\\\/es\\\/pp-y-psoe-se-reparten-la-victoria-en-la-comarca-patri-blanquer-repetira-como-diputada-en-el-congreso\\\/#primaryimage\"},\"image\":{\"@id\":\"https:\\\/\\\/www.copealcoy.es\\\/es\\\/pp-y-psoe-se-reparten-la-victoria-en-la-comarca-patri-blanquer-repetira-como-diputada-en-el-congreso\\\/#primaryimage\"},\"thumbnailUrl\":\"https:\\\/\\\/www.copealcoy.es\\\/wp-content\\\/uploads\\\/2023\\\/07\\\/unnamed-1-10.jpg\",\"datePublished\":\"2023-07-24T09:00:02+00:00\",\"dateModified\":\"2023-07-24T10:45:47+00:00\",\"author\":{\"@id\":\"https:\\\/\\\/www.copealcoy.es\\\/es\\\/#\\\/schema\\\/person\\\/e777c87fa024e57d40170af9df39882c\"},\"description\":\"El Partido Popular y el Partido Socialista se han repartido la victoria en los municipios de las comarcas de l'Alcoi\u00e0 y el Comtat durante las Elecciones Generales del 23J\",\"breadcrumb\":{\"@id\":\"https:\\\/\\\/www.copealcoy.es\\\/es\\\/pp-y-psoe-se-reparten-la-victoria-en-la-comarca-patri-blanquer-repetira-como-diputada-en-el-congreso\\\/#breadcrumb\"},\"inLanguage\":\"es\",\"potentialAction\":[{\"@type\":\"ReadAction\",\"target\":[\"https:\\\/\\\/www.copealcoy.es\\\/es\\\/pp-y-psoe-se-reparten-la-victoria-en-la-comarca-patri-blanquer-repetira-como-diputada-en-el-congreso\\\/\"]}]},{\"@type\":\"ImageObject\",\"inLanguage\":\"es\",\"@id\":\"https:\\\/\\\/www.copealcoy.es\\\/es\\\/pp-y-psoe-se-reparten-la-victoria-en-la-comarca-patri-blanquer-repetira-como-diputada-en-el-congreso\\\/#primaryimage\",\"url\":\"https:\\\/\\\/www.copealcoy.es\\\/wp-content\\\/uploads\\\/2023\\\/07\\\/unnamed-1-10.jpg\",\"contentUrl\":\"https:\\\/\\\/www.copealcoy.es\\\/wp-content\\\/uploads\\\/2023\\\/07\\\/unnamed-1-10.jpg\",\"width\":575,\"height\":419},{\"@type\":\"BreadcrumbList\",\"@id\":\"https:\\\/\\\/www.copealcoy.es\\\/es\\\/pp-y-psoe-se-reparten-la-victoria-en-la-comarca-patri-blanquer-repetira-como-diputada-en-el-congreso\\\/#breadcrumb\",\"itemListElement\":[{\"@type\":\"ListItem\",\"position\":1,\"name\":\"Portada\",\"item\":\"https:\\\/\\\/www.copealcoy.es\\\/es\\\/\"},{\"@type\":\"ListItem\",\"position\":2,\"name\":\"PP y PSOE se reparten la victoria en la comarca. Patri Blanquer repetir\u00e1 como Diputada en el Congreso\"}]},{\"@type\":\"WebSite\",\"@id\":\"https:\\\/\\\/www.copealcoy.es\\\/es\\\/#website\",\"url\":\"https:\\\/\\\/www.copealcoy.es\\\/es\\\/\",\"name\":\"COPE Alcoy\",\"description\":\"Emisora COPE de radio local con emisi\u00f3n online. Pont de Sant Jordi 8-10 03803 Alcoy\",\"potentialAction\":[{\"@type\":\"SearchAction\",\"target\":{\"@type\":\"EntryPoint\",\"urlTemplate\":\"https:\\\/\\\/www.copealcoy.es\\\/es\\\/?s={search_term_string}\"},\"query-input\":{\"@type\":\"PropertyValueSpecification\",\"valueRequired\":true,\"valueName\":\"search_term_string\"}}],\"inLanguage\":\"es\"},{\"@type\":\"Person\",\"@id\":\"https:\\\/\\\/www.copealcoy.es\\\/es\\\/#\\\/schema\\\/person\\\/e777c87fa024e57d40170af9df39882c\",\"name\":\"Cope Alcoy\",\"image\":{\"@type\":\"ImageObject\",\"inLanguage\":\"es\",\"@id\":\"https:\\\/\\\/secure.gravatar.com\\\/avatar\\\/bb65d0283347e303893ba14f0692005417c1e0e690a325a4c5d8bb2b3943ee14?s=96&d=mm&r=g\",\"url\":\"https:\\\/\\\/secure.gravatar.com\\\/avatar\\\/bb65d0283347e303893ba14f0692005417c1e0e690a325a4c5d8bb2b3943ee14?s=96&d=mm&r=g\",\"contentUrl\":\"https:\\\/\\\/secure.gravatar.com\\\/avatar\\\/bb65d0283347e303893ba14f0692005417c1e0e690a325a4c5d8bb2b3943ee14?s=96&d=mm&r=g\",\"caption\":\"Cope Alcoy\"}}]}<\/script>\n<!-- \/ Yoast SEO plugin. -->","yoast_head_json":{"title":"PP y PSOE se reparten la victoria en la comarca. Patri Blanquer repetir\u00e1 como Diputada en el Congreso - COPE Alcoy","description":"El Partido Popular y el Partido Socialista se han repartido la victoria en los municipios de las comarcas de l'Alcoi\u00e0 y el Comtat durante las Elecciones Generales del 23J","robots":{"index":"index","follow":"follow","max-snippet":"max-snippet:-1","max-image-preview":"max-image-preview:large","max-video-preview":"max-video-preview:-1"},"canonical":"https:\/\/www.copealcoy.es\/es\/pp-y-psoe-se-reparten-la-victoria-en-la-comarca-patri-blanquer-repetira-como-diputada-en-el-congreso\/","og_locale":"es_ES","og_type":"article","og_title":"PP y PSOE se reparten la victoria en la comarca. Patri Blanquer repetir\u00e1 como Diputada en el Congreso - COPE Alcoy","og_description":"El Partido Popular y el Partido Socialista se han repartido la victoria en los municipios de las comarcas de l'Alcoi\u00e0 y el Comtat durante las Elecciones Generales del 23J","og_url":"https:\/\/www.copealcoy.es\/es\/pp-y-psoe-se-reparten-la-victoria-en-la-comarca-patri-blanquer-repetira-como-diputada-en-el-congreso\/","og_site_name":"COPE Alcoy","article_published_time":"2023-07-24T09:00:02+00:00","article_modified_time":"2023-07-24T10:45:47+00:00","og_image":[{"width":575,"height":419,"url":"https:\/\/www.copealcoy.es\/wp-content\/uploads\/2023\/07\/unnamed-1-10.jpg","type":"image\/jpeg"}],"author":"Cope Alcoy","twitter_misc":{"Escrito por":"Cope Alcoy","Tiempo de lectura":"4 minutos"},"schema":{"@context":"https:\/\/schema.org","@graph":[{"@type":"Article","@id":"https:\/\/www.copealcoy.es\/es\/pp-y-psoe-se-reparten-la-victoria-en-la-comarca-patri-blanquer-repetira-como-diputada-en-el-congreso\/#article","isPartOf":{"@id":"https:\/\/www.copealcoy.es\/es\/pp-y-psoe-se-reparten-la-victoria-en-la-comarca-patri-blanquer-repetira-como-diputada-en-el-congreso\/"},"author":{"name":"Cope Alcoy","@id":"https:\/\/www.copealcoy.es\/es\/#\/schema\/person\/e777c87fa024e57d40170af9df39882c"},"headline":"PP y PSOE se reparten la victoria en la comarca. Patri Blanquer repetir\u00e1 como Diputada en el Congreso","datePublished":"2023-07-24T09:00:02+00:00","dateModified":"2023-07-24T10:45:47+00:00","mainEntityOfPage":{"@id":"https:\/\/www.copealcoy.es\/es\/pp-y-psoe-se-reparten-la-victoria-en-la-comarca-patri-blanquer-repetira-como-diputada-en-el-congreso\/"},"wordCount":491,"commentCount":0,"image":{"@id":"https:\/\/www.copealcoy.es\/es\/pp-y-psoe-se-reparten-la-victoria-en-la-comarca-patri-blanquer-repetira-como-diputada-en-el-congreso\/#primaryimage"},"thumbnailUrl":"https:\/\/www.copealcoy.es\/wp-content\/uploads\/2023\/07\/unnamed-1-10.jpg","keywords":["23J","Alcoi\u00e0","Comtat","Elecciones Generales","Patri Blanquer"],"articleSection":["Actualidad","Comarcas","Noticias"],"inLanguage":"es"},{"@type":"WebPage","@id":"https:\/\/www.copealcoy.es\/es\/pp-y-psoe-se-reparten-la-victoria-en-la-comarca-patri-blanquer-repetira-como-diputada-en-el-congreso\/","url":"https:\/\/www.copealcoy.es\/es\/pp-y-psoe-se-reparten-la-victoria-en-la-comarca-patri-blanquer-repetira-como-diputada-en-el-congreso\/","name":"PP y PSOE se reparten la victoria en la comarca. Patri Blanquer repetir\u00e1 como Diputada en el Congreso - COPE Alcoy","isPartOf":{"@id":"https:\/\/www.copealcoy.es\/es\/#website"},"primaryImageOfPage":{"@id":"https:\/\/www.copealcoy.es\/es\/pp-y-psoe-se-reparten-la-victoria-en-la-comarca-patri-blanquer-repetira-como-diputada-en-el-congreso\/#primaryimage"},"image":{"@id":"https:\/\/www.copealcoy.es\/es\/pp-y-psoe-se-reparten-la-victoria-en-la-comarca-patri-blanquer-repetira-como-diputada-en-el-congreso\/#primaryimage"},"thumbnailUrl":"https:\/\/www.copealcoy.es\/wp-content\/uploads\/2023\/07\/unnamed-1-10.jpg","datePublished":"2023-07-24T09:00:02+00:00","dateModified":"2023-07-24T10:45:47+00:00","author":{"@id":"https:\/\/www.copealcoy.es\/es\/#\/schema\/person\/e777c87fa024e57d40170af9df39882c"},"description":"El Partido Popular y el Partido Socialista se han repartido la victoria en los municipios de las comarcas de l'Alcoi\u00e0 y el Comtat durante las Elecciones Generales del 23J","breadcrumb":{"@id":"https:\/\/www.copealcoy.es\/es\/pp-y-psoe-se-reparten-la-victoria-en-la-comarca-patri-blanquer-repetira-como-diputada-en-el-congreso\/#breadcrumb"},"inLanguage":"es","potentialAction":[{"@type":"ReadAction","target":["https:\/\/www.copealcoy.es\/es\/pp-y-psoe-se-reparten-la-victoria-en-la-comarca-patri-blanquer-repetira-como-diputada-en-el-congreso\/"]}]},{"@type":"ImageObject","inLanguage":"es","@id":"https:\/\/www.copealcoy.es\/es\/pp-y-psoe-se-reparten-la-victoria-en-la-comarca-patri-blanquer-repetira-como-diputada-en-el-congreso\/#primaryimage","url":"https:\/\/www.copealcoy.es\/wp-content\/uploads\/2023\/07\/unnamed-1-10.jpg","contentUrl":"https:\/\/www.copealcoy.es\/wp-content\/uploads\/2023\/07\/unnamed-1-10.jpg","width":575,"height":419},{"@type":"BreadcrumbList","@id":"https:\/\/www.copealcoy.es\/es\/pp-y-psoe-se-reparten-la-victoria-en-la-comarca-patri-blanquer-repetira-como-diputada-en-el-congreso\/#breadcrumb","itemListElement":[{"@type":"ListItem","position":1,"name":"Portada","item":"https:\/\/www.copealcoy.es\/es\/"},{"@type":"ListItem","position":2,"name":"PP y PSOE se reparten la victoria en la comarca. Patri Blanquer repetir\u00e1 como Diputada en el Congreso"}]},{"@type":"WebSite","@id":"https:\/\/www.copealcoy.es\/es\/#website","url":"https:\/\/www.copealcoy.es\/es\/","name":"COPE Alcoy","description":"Emisora COPE de radio local con emisi\u00f3n online. Pont de Sant Jordi 8-10 03803 Alcoy","potentialAction":[{"@type":"SearchAction","target":{"@type":"EntryPoint","urlTemplate":"https:\/\/www.copealcoy.es\/es\/?s={search_term_string}"},"query-input":{"@type":"PropertyValueSpecification","valueRequired":true,"valueName":"search_term_string"}}],"inLanguage":"es"},{"@type":"Person","@id":"https:\/\/www.copealcoy.es\/es\/#\/schema\/person\/e777c87fa024e57d40170af9df39882c","name":"Cope Alcoy","image":{"@type":"ImageObject","inLanguage":"es","@id":"https:\/\/secure.gravatar.com\/avatar\/bb65d0283347e303893ba14f0692005417c1e0e690a325a4c5d8bb2b3943ee14?s=96&d=mm&r=g","url":"https:\/\/secure.gravatar.com\/avatar\/bb65d0283347e303893ba14f0692005417c1e0e690a325a4c5d8bb2b3943ee14?s=96&d=mm&r=g","contentUrl":"https:\/\/secure.gravatar.com\/avatar\/bb65d0283347e303893ba14f0692005417c1e0e690a325a4c5d8bb2b3943ee14?s=96&d=mm&r=g","caption":"Cope Alcoy"}}]}},"_links":{"self":[{"href":"https:\/\/www.copealcoy.es\/es\/wp-json\/wp\/v2\/posts\/120189","targetHints":{"allow":["GET"]}}],"collection":[{"href":"https:\/\/www.copealcoy.es\/es\/wp-json\/wp\/v2\/posts"}],"about":[{"href":"https:\/\/www.copealcoy.es\/es\/wp-json\/wp\/v2\/types\/post"}],"author":[{"embeddable":true,"href":"https:\/\/www.copealcoy.es\/es\/wp-json\/wp\/v2\/users\/1"}],"replies":[{"embeddable":true,"href":"https:\/\/www.copealcoy.es\/es\/wp-json\/wp\/v2\/comments?post=120189"}],"version-history":[{"count":0,"href":"https:\/\/www.copealcoy.es\/es\/wp-json\/wp\/v2\/posts\/120189\/revisions"}],"wp:featuredmedia":[{"embeddable":true,"href":"https:\/\/www.copealcoy.es\/es\/wp-json\/wp\/v2\/media\/120192"}],"wp:attachment":[{"href":"https:\/\/www.copealcoy.es\/es\/wp-json\/wp\/v2\/media?parent=120189"}],"wp:term":[{"taxonomy":"category","embeddable":true,"href":"https:\/\/www.copealcoy.es\/es\/wp-json\/wp\/v2\/categories?post=120189"},{"taxonomy":"post_tag","embeddable":true,"href":"https:\/\/www.copealcoy.es\/es\/wp-json\/wp\/v2\/tags?post=120189"}],"curies":[{"name":"wp","href":"https:\/\/api.w.org\/{rel}","templated":true}]}}