{"id":120184,"date":"2023-07-23T20:10:59","date_gmt":"2023-07-23T19:10:59","guid":{"rendered":"https:\/\/www.copealcoy.es\/?p=120184"},"modified":"2023-07-23T23:18:36","modified_gmt":"2023-07-23T22:18:36","slug":"mas-de-la-mitad-de-la-ciudadania-de-alcoy-ha-votado-hoy-a-las-elecciones-generales-2023","status":"publish","type":"post","link":"https:\/\/www.copealcoy.es\/es\/mas-de-la-mitad-de-la-ciudadania-de-alcoy-ha-votado-hoy-a-las-elecciones-generales-2023\/","title":{"rendered":"M\u00e1s de la mitad de la ciudadan\u00eda de Alcoy ha votado hoy a las Elecciones Generales 2023"},"content":{"rendered":"<p style=\"text-align: justify;\">El <strong>recuento de votos<\/strong> de <strong>las Elecciones Generales 2023<\/strong> ya ha empezado y <strong>los datos de participaci\u00f3n provisionales reflejan que m\u00e1s de la mitad de los alcoyanos han votado este domingo<\/strong>, a pesar del calor y de la fecha de los comicios.<\/p>\n<p>El <strong>dato provisional<\/strong> de las <strong>seis de la tarde<\/strong>, en concreto, reflejaba que <strong>en Alcoy hab\u00eda votado en esa hora el 57,66% de la poblaci\u00f3n<\/strong>, es decir, <strong>26.438 ciudadanos<\/strong>. El dato <strong>es un poco menor que en las Elecciones de 2019<\/strong>, cuando en esa hora hab\u00edan depositado el voto en las urnas el 61.41% de la poblaci\u00f3n.<\/p>\n<p><span style=\"color: #0000ff;\"><strong>As\u00ed quedan los datos de participaci\u00f3n en nuestras comarcas<\/strong><\/span><\/p>\n<p><strong>Agres: 56,96%\u00a0\u00a0<\/strong>(64,59% en 2019)<\/p>\n<p><strong>Alcosser: 62,44%\u00a0<\/strong>(49,05 % en 2019)<\/p>\n<p><strong>Alcoleja: 62,80%\u00a0<\/strong>(60,13% en 2019)<\/p>\n<p><strong>Alfafara: 68,02%\u00a0<\/strong>(71,99% en 2019)<\/p>\n<p><strong>Almudaina: 62,50%\u00a0<\/strong>(54,55% en 2019)<\/p>\n<p><strong>Balones:\u00a0<\/strong><strong>73,33%\u00a0<\/strong>(76,70% en 2019)<\/p>\n<p><strong>Banyeres de Mariola: 68,89%\u00a0<\/strong>(68,53% en 2019)<\/p>\n<p><strong>Benasau: 75,33%\u00a0<\/strong>(72,86% en 2019)<\/p>\n<p><strong>Beniarr\u00e9s: 66,24%\u00a0<\/strong>(69,55% en 2019)<\/p>\n<p><strong>Benifallim: 66,66%\u00a0<\/strong>(69,07% en 2019)<\/p>\n<p><strong>Benilloba: 63,48%\u00a0<\/strong>(67,94% en 2019)<\/p>\n<p><strong>Benillup: 75,86%\u00a0<\/strong>(82,93% en 2019)<\/p>\n<p><strong>Benimarfull: 62,56%\u00a0<\/strong>(65,15% en 2019)<\/p>\n<p><strong>Benimassot: 61,22%\u00a0<\/strong>(53,93% en 2019)<\/p>\n<p><strong>Castalla: 59,81%\u00a0<\/strong>(61,80% en 2019)<\/p>\n<p><strong>Cocentaina: 60,88%\u00a0<\/strong>(59,37% en 2019)<\/p>\n<p><strong>Fageca: 63,26%\u00a0<\/strong>(68,13% en 2019)<\/p>\n<p><strong>Famorca: 66,66%\u00a0<\/strong>(65,85% en 2019)<\/p>\n<p><strong>Gaianes: 67,80%\u00a0<\/strong>(66,48% en 2019)<\/p>\n<p><strong>Gorga<\/strong>:\u00a0<strong>74,89%<\/strong>\u00a0(68,02% en 2019)<\/p>\n<p><strong>Ibi: 60,59%\u00a0<\/strong>(62,14% en 2019)<\/p>\n<p><strong>L\u2019Alqueria d\u00b4Asnar: 68,10%\u00a0<\/strong>(69,39% en 2019)<\/p>\n<p><strong>L\u2019Orxa: 66,94%\u00a0<\/strong>(69,46% en 2019)<\/p>\n<p><strong>Millena<\/strong>:\u00a0<strong>71,00%\u00a0<\/strong>(67,46% en 2019)<\/p>\n<p><strong>Muro: 61,05%\u00a0<\/strong>(61,13% en 2019)<\/p>\n<p><strong>Onil: 61,57%\u00a0<\/strong>(63,31% en 2019)<\/p>\n<p><strong>Pen\u00e0guila:\u00a0<\/strong><strong>66,00%\u00a0<\/strong>(71,01% en 2019)<\/p>\n<p><strong>Planes: 70,86%\u00a0<\/strong>(71,56% en 2019)<\/p>\n<p><strong>Quatretondeta: 64,95%\u00a0<\/strong>(59,05% en 2019)<\/p>\n<p><strong>Tibi: 63,27%\u00a0<\/strong>(63,56% en 2019)<\/p>\n<p><strong>Tollos: 72,22%\u00a0<\/strong>(35,71% en 2019)<\/p>\n","protected":false},"excerpt":{"rendered":"<p>El recuento de votos de las Elecciones Generales 2023 ya ha empezado y los datos de participaci\u00f3n provisionales reflejan que&#8230;<\/p>\n","protected":false},"author":1,"featured_media":120172,"comment_status":"open","ping_status":"open","sticky":false,"template":"","format":"standard","meta":{"footnotes":""},"categories":[6909,97,744,75,79,125],"tags":[14861,160,236,1438,422],"class_list":["post-120184","post","type-post","status-publish","format-standard","has-post-thumbnail","hentry","category-actualidad","category-alcoy","category-elecciones","category-noticias","category-politicayeconomia","category-portada","tag-23j","tag-alcoi","tag-comarca","tag-elecciones-generales","tag-politica"],"yoast_head":"<!-- This site is optimized with the Yoast SEO plugin v27.3 - https:\/\/yoast.com\/product\/yoast-seo-wordpress\/ -->\n<title>M\u00e1s de la mitad de la ciudadan\u00eda de Alcoy ha votado hoy a las Elecciones Generales 2023 - COPE Alcoy<\/title>\n<meta name=\"description\" content=\"El recuento de votos de las Elecciones Generales 2023 ya ha empezado y los datos de participaci\u00f3n provisionales reflejan que m\u00e1s de la mitad de los alcoyanos han votado este domingo\" \/>\n<meta name=\"robots\" content=\"index, follow, max-snippet:-1, max-image-preview:large, max-video-preview:-1\" \/>\n<link rel=\"canonical\" href=\"https:\/\/www.copealcoy.es\/es\/mas-de-la-mitad-de-la-ciudadania-de-alcoy-ha-votado-hoy-a-las-elecciones-generales-2023\/\" \/>\n<meta property=\"og:locale\" content=\"es_ES\" \/>\n<meta property=\"og:type\" content=\"article\" \/>\n<meta property=\"og:title\" content=\"M\u00e1s de la mitad de la ciudadan\u00eda de Alcoy ha votado hoy a las Elecciones Generales 2023 - COPE Alcoy\" \/>\n<meta property=\"og:description\" content=\"El recuento de votos de las Elecciones Generales 2023 ya ha empezado y los datos de participaci\u00f3n provisionales reflejan que m\u00e1s de la mitad de los alcoyanos han votado este domingo\" \/>\n<meta property=\"og:url\" content=\"https:\/\/www.copealcoy.es\/es\/mas-de-la-mitad-de-la-ciudadania-de-alcoy-ha-votado-hoy-a-las-elecciones-generales-2023\/\" \/>\n<meta property=\"og:site_name\" content=\"COPE Alcoy\" \/>\n<meta property=\"article:published_time\" content=\"2023-07-23T19:10:59+00:00\" \/>\n<meta property=\"article:modified_time\" content=\"2023-07-23T22:18:36+00:00\" \/>\n<meta property=\"og:image\" content=\"https:\/\/www.copealcoy.es\/wp-content\/uploads\/2023\/07\/WhatsApp-Image-2023-07-23-at-20.30.36-scaled.jpeg\" \/>\n\t<meta property=\"og:image:width\" content=\"1920\" \/>\n\t<meta property=\"og:image:height\" content=\"1300\" \/>\n\t<meta property=\"og:image:type\" content=\"image\/jpeg\" \/>\n<meta name=\"author\" content=\"Cope Alcoy\" \/>\n<meta name=\"twitter:label1\" content=\"Escrito por\" \/>\n\t<meta name=\"twitter:data1\" content=\"Cope Alcoy\" \/>\n\t<meta name=\"twitter:label2\" content=\"Tiempo de lectura\" \/>\n\t<meta name=\"twitter:data2\" content=\"2 minutos\" \/>\n<script type=\"application\/ld+json\" class=\"yoast-schema-graph\">{\"@context\":\"https:\\\/\\\/schema.org\",\"@graph\":[{\"@type\":\"Article\",\"@id\":\"https:\\\/\\\/www.copealcoy.es\\\/es\\\/mas-de-la-mitad-de-la-ciudadania-de-alcoy-ha-votado-hoy-a-las-elecciones-generales-2023\\\/#article\",\"isPartOf\":{\"@id\":\"https:\\\/\\\/www.copealcoy.es\\\/es\\\/mas-de-la-mitad-de-la-ciudadania-de-alcoy-ha-votado-hoy-a-las-elecciones-generales-2023\\\/\"},\"author\":{\"name\":\"Cope Alcoy\",\"@id\":\"https:\\\/\\\/www.copealcoy.es\\\/es\\\/#\\\/schema\\\/person\\\/e777c87fa024e57d40170af9df39882c\"},\"headline\":\"M\u00e1s de la mitad de la ciudadan\u00eda de Alcoy ha votado hoy a las Elecciones Generales 2023\",\"datePublished\":\"2023-07-23T19:10:59+00:00\",\"dateModified\":\"2023-07-23T22:18:36+00:00\",\"mainEntityOfPage\":{\"@id\":\"https:\\\/\\\/www.copealcoy.es\\\/es\\\/mas-de-la-mitad-de-la-ciudadania-de-alcoy-ha-votado-hoy-a-las-elecciones-generales-2023\\\/\"},\"wordCount\":198,\"commentCount\":0,\"image\":{\"@id\":\"https:\\\/\\\/www.copealcoy.es\\\/es\\\/mas-de-la-mitad-de-la-ciudadania-de-alcoy-ha-votado-hoy-a-las-elecciones-generales-2023\\\/#primaryimage\"},\"thumbnailUrl\":\"https:\\\/\\\/www.copealcoy.es\\\/wp-content\\\/uploads\\\/2023\\\/07\\\/WhatsApp-Image-2023-07-23-at-20.30.36-scaled.jpeg\",\"keywords\":[\"23J\",\"Alcoi\",\"Comarca\",\"Elecciones Generales\",\"Pol\u00edtica\"],\"articleSection\":[\"Actualidad\",\"Alcoy\",\"Elecciones\",\"Noticias\",\"Pol\u00edtica y Econom\u00eda\",\"Portada\"],\"inLanguage\":\"es\"},{\"@type\":\"WebPage\",\"@id\":\"https:\\\/\\\/www.copealcoy.es\\\/es\\\/mas-de-la-mitad-de-la-ciudadania-de-alcoy-ha-votado-hoy-a-las-elecciones-generales-2023\\\/\",\"url\":\"https:\\\/\\\/www.copealcoy.es\\\/es\\\/mas-de-la-mitad-de-la-ciudadania-de-alcoy-ha-votado-hoy-a-las-elecciones-generales-2023\\\/\",\"name\":\"M\u00e1s de la mitad de la ciudadan\u00eda de Alcoy ha votado hoy a las Elecciones Generales 2023 - COPE Alcoy\",\"isPartOf\":{\"@id\":\"https:\\\/\\\/www.copealcoy.es\\\/es\\\/#website\"},\"primaryImageOfPage\":{\"@id\":\"https:\\\/\\\/www.copealcoy.es\\\/es\\\/mas-de-la-mitad-de-la-ciudadania-de-alcoy-ha-votado-hoy-a-las-elecciones-generales-2023\\\/#primaryimage\"},\"image\":{\"@id\":\"https:\\\/\\\/www.copealcoy.es\\\/es\\\/mas-de-la-mitad-de-la-ciudadania-de-alcoy-ha-votado-hoy-a-las-elecciones-generales-2023\\\/#primaryimage\"},\"thumbnailUrl\":\"https:\\\/\\\/www.copealcoy.es\\\/wp-content\\\/uploads\\\/2023\\\/07\\\/WhatsApp-Image-2023-07-23-at-20.30.36-scaled.jpeg\",\"datePublished\":\"2023-07-23T19:10:59+00:00\",\"dateModified\":\"2023-07-23T22:18:36+00:00\",\"author\":{\"@id\":\"https:\\\/\\\/www.copealcoy.es\\\/es\\\/#\\\/schema\\\/person\\\/e777c87fa024e57d40170af9df39882c\"},\"description\":\"El recuento de votos de las Elecciones Generales 2023 ya ha empezado y los datos de participaci\u00f3n provisionales reflejan que m\u00e1s de la mitad de los alcoyanos han votado este domingo\",\"breadcrumb\":{\"@id\":\"https:\\\/\\\/www.copealcoy.es\\\/es\\\/mas-de-la-mitad-de-la-ciudadania-de-alcoy-ha-votado-hoy-a-las-elecciones-generales-2023\\\/#breadcrumb\"},\"inLanguage\":\"es\",\"potentialAction\":[{\"@type\":\"ReadAction\",\"target\":[\"https:\\\/\\\/www.copealcoy.es\\\/es\\\/mas-de-la-mitad-de-la-ciudadania-de-alcoy-ha-votado-hoy-a-las-elecciones-generales-2023\\\/\"]}]},{\"@type\":\"ImageObject\",\"inLanguage\":\"es\",\"@id\":\"https:\\\/\\\/www.copealcoy.es\\\/es\\\/mas-de-la-mitad-de-la-ciudadania-de-alcoy-ha-votado-hoy-a-las-elecciones-generales-2023\\\/#primaryimage\",\"url\":\"https:\\\/\\\/www.copealcoy.es\\\/wp-content\\\/uploads\\\/2023\\\/07\\\/WhatsApp-Image-2023-07-23-at-20.30.36-scaled.jpeg\",\"contentUrl\":\"https:\\\/\\\/www.copealcoy.es\\\/wp-content\\\/uploads\\\/2023\\\/07\\\/WhatsApp-Image-2023-07-23-at-20.30.36-scaled.jpeg\",\"width\":1920,\"height\":1300},{\"@type\":\"BreadcrumbList\",\"@id\":\"https:\\\/\\\/www.copealcoy.es\\\/es\\\/mas-de-la-mitad-de-la-ciudadania-de-alcoy-ha-votado-hoy-a-las-elecciones-generales-2023\\\/#breadcrumb\",\"itemListElement\":[{\"@type\":\"ListItem\",\"position\":1,\"name\":\"Portada\",\"item\":\"https:\\\/\\\/www.copealcoy.es\\\/es\\\/\"},{\"@type\":\"ListItem\",\"position\":2,\"name\":\"M\u00e1s de la mitad de la ciudadan\u00eda de Alcoy ha votado hoy a las Elecciones Generales 2023\"}]},{\"@type\":\"WebSite\",\"@id\":\"https:\\\/\\\/www.copealcoy.es\\\/es\\\/#website\",\"url\":\"https:\\\/\\\/www.copealcoy.es\\\/es\\\/\",\"name\":\"COPE Alcoy\",\"description\":\"Emisora COPE de radio local con emisi\u00f3n online. Pont de Sant Jordi 8-10 03803 Alcoy\",\"potentialAction\":[{\"@type\":\"SearchAction\",\"target\":{\"@type\":\"EntryPoint\",\"urlTemplate\":\"https:\\\/\\\/www.copealcoy.es\\\/es\\\/?s={search_term_string}\"},\"query-input\":{\"@type\":\"PropertyValueSpecification\",\"valueRequired\":true,\"valueName\":\"search_term_string\"}}],\"inLanguage\":\"es\"},{\"@type\":\"Person\",\"@id\":\"https:\\\/\\\/www.copealcoy.es\\\/es\\\/#\\\/schema\\\/person\\\/e777c87fa024e57d40170af9df39882c\",\"name\":\"Cope Alcoy\",\"image\":{\"@type\":\"ImageObject\",\"inLanguage\":\"es\",\"@id\":\"https:\\\/\\\/secure.gravatar.com\\\/avatar\\\/bb65d0283347e303893ba14f0692005417c1e0e690a325a4c5d8bb2b3943ee14?s=96&d=mm&r=g\",\"url\":\"https:\\\/\\\/secure.gravatar.com\\\/avatar\\\/bb65d0283347e303893ba14f0692005417c1e0e690a325a4c5d8bb2b3943ee14?s=96&d=mm&r=g\",\"contentUrl\":\"https:\\\/\\\/secure.gravatar.com\\\/avatar\\\/bb65d0283347e303893ba14f0692005417c1e0e690a325a4c5d8bb2b3943ee14?s=96&d=mm&r=g\",\"caption\":\"Cope Alcoy\"}}]}<\/script>\n<!-- \/ Yoast SEO plugin. -->","yoast_head_json":{"title":"M\u00e1s de la mitad de la ciudadan\u00eda de Alcoy ha votado hoy a las Elecciones Generales 2023 - COPE Alcoy","description":"El recuento de votos de las Elecciones Generales 2023 ya ha empezado y los datos de participaci\u00f3n provisionales reflejan que m\u00e1s de la mitad de los alcoyanos han votado este domingo","robots":{"index":"index","follow":"follow","max-snippet":"max-snippet:-1","max-image-preview":"max-image-preview:large","max-video-preview":"max-video-preview:-1"},"canonical":"https:\/\/www.copealcoy.es\/es\/mas-de-la-mitad-de-la-ciudadania-de-alcoy-ha-votado-hoy-a-las-elecciones-generales-2023\/","og_locale":"es_ES","og_type":"article","og_title":"M\u00e1s de la mitad de la ciudadan\u00eda de Alcoy ha votado hoy a las Elecciones Generales 2023 - COPE Alcoy","og_description":"El recuento de votos de las Elecciones Generales 2023 ya ha empezado y los datos de participaci\u00f3n provisionales reflejan que m\u00e1s de la mitad de los alcoyanos han votado este domingo","og_url":"https:\/\/www.copealcoy.es\/es\/mas-de-la-mitad-de-la-ciudadania-de-alcoy-ha-votado-hoy-a-las-elecciones-generales-2023\/","og_site_name":"COPE Alcoy","article_published_time":"2023-07-23T19:10:59+00:00","article_modified_time":"2023-07-23T22:18:36+00:00","og_image":[{"width":1920,"height":1300,"url":"https:\/\/www.copealcoy.es\/wp-content\/uploads\/2023\/07\/WhatsApp-Image-2023-07-23-at-20.30.36-scaled.jpeg","type":"image\/jpeg"}],"author":"Cope Alcoy","twitter_misc":{"Escrito por":"Cope Alcoy","Tiempo de lectura":"2 minutos"},"schema":{"@context":"https:\/\/schema.org","@graph":[{"@type":"Article","@id":"https:\/\/www.copealcoy.es\/es\/mas-de-la-mitad-de-la-ciudadania-de-alcoy-ha-votado-hoy-a-las-elecciones-generales-2023\/#article","isPartOf":{"@id":"https:\/\/www.copealcoy.es\/es\/mas-de-la-mitad-de-la-ciudadania-de-alcoy-ha-votado-hoy-a-las-elecciones-generales-2023\/"},"author":{"name":"Cope Alcoy","@id":"https:\/\/www.copealcoy.es\/es\/#\/schema\/person\/e777c87fa024e57d40170af9df39882c"},"headline":"M\u00e1s de la mitad de la ciudadan\u00eda de Alcoy ha votado hoy a las Elecciones Generales 2023","datePublished":"2023-07-23T19:10:59+00:00","dateModified":"2023-07-23T22:18:36+00:00","mainEntityOfPage":{"@id":"https:\/\/www.copealcoy.es\/es\/mas-de-la-mitad-de-la-ciudadania-de-alcoy-ha-votado-hoy-a-las-elecciones-generales-2023\/"},"wordCount":198,"commentCount":0,"image":{"@id":"https:\/\/www.copealcoy.es\/es\/mas-de-la-mitad-de-la-ciudadania-de-alcoy-ha-votado-hoy-a-las-elecciones-generales-2023\/#primaryimage"},"thumbnailUrl":"https:\/\/www.copealcoy.es\/wp-content\/uploads\/2023\/07\/WhatsApp-Image-2023-07-23-at-20.30.36-scaled.jpeg","keywords":["23J","Alcoi","Comarca","Elecciones Generales","Pol\u00edtica"],"articleSection":["Actualidad","Alcoy","Elecciones","Noticias","Pol\u00edtica y Econom\u00eda","Portada"],"inLanguage":"es"},{"@type":"WebPage","@id":"https:\/\/www.copealcoy.es\/es\/mas-de-la-mitad-de-la-ciudadania-de-alcoy-ha-votado-hoy-a-las-elecciones-generales-2023\/","url":"https:\/\/www.copealcoy.es\/es\/mas-de-la-mitad-de-la-ciudadania-de-alcoy-ha-votado-hoy-a-las-elecciones-generales-2023\/","name":"M\u00e1s de la mitad de la ciudadan\u00eda de Alcoy ha votado hoy a las Elecciones Generales 2023 - COPE Alcoy","isPartOf":{"@id":"https:\/\/www.copealcoy.es\/es\/#website"},"primaryImageOfPage":{"@id":"https:\/\/www.copealcoy.es\/es\/mas-de-la-mitad-de-la-ciudadania-de-alcoy-ha-votado-hoy-a-las-elecciones-generales-2023\/#primaryimage"},"image":{"@id":"https:\/\/www.copealcoy.es\/es\/mas-de-la-mitad-de-la-ciudadania-de-alcoy-ha-votado-hoy-a-las-elecciones-generales-2023\/#primaryimage"},"thumbnailUrl":"https:\/\/www.copealcoy.es\/wp-content\/uploads\/2023\/07\/WhatsApp-Image-2023-07-23-at-20.30.36-scaled.jpeg","datePublished":"2023-07-23T19:10:59+00:00","dateModified":"2023-07-23T22:18:36+00:00","author":{"@id":"https:\/\/www.copealcoy.es\/es\/#\/schema\/person\/e777c87fa024e57d40170af9df39882c"},"description":"El recuento de votos de las Elecciones Generales 2023 ya ha empezado y los datos de participaci\u00f3n provisionales reflejan que m\u00e1s de la mitad de los alcoyanos han votado este domingo","breadcrumb":{"@id":"https:\/\/www.copealcoy.es\/es\/mas-de-la-mitad-de-la-ciudadania-de-alcoy-ha-votado-hoy-a-las-elecciones-generales-2023\/#breadcrumb"},"inLanguage":"es","potentialAction":[{"@type":"ReadAction","target":["https:\/\/www.copealcoy.es\/es\/mas-de-la-mitad-de-la-ciudadania-de-alcoy-ha-votado-hoy-a-las-elecciones-generales-2023\/"]}]},{"@type":"ImageObject","inLanguage":"es","@id":"https:\/\/www.copealcoy.es\/es\/mas-de-la-mitad-de-la-ciudadania-de-alcoy-ha-votado-hoy-a-las-elecciones-generales-2023\/#primaryimage","url":"https:\/\/www.copealcoy.es\/wp-content\/uploads\/2023\/07\/WhatsApp-Image-2023-07-23-at-20.30.36-scaled.jpeg","contentUrl":"https:\/\/www.copealcoy.es\/wp-content\/uploads\/2023\/07\/WhatsApp-Image-2023-07-23-at-20.30.36-scaled.jpeg","width":1920,"height":1300},{"@type":"BreadcrumbList","@id":"https:\/\/www.copealcoy.es\/es\/mas-de-la-mitad-de-la-ciudadania-de-alcoy-ha-votado-hoy-a-las-elecciones-generales-2023\/#breadcrumb","itemListElement":[{"@type":"ListItem","position":1,"name":"Portada","item":"https:\/\/www.copealcoy.es\/es\/"},{"@type":"ListItem","position":2,"name":"M\u00e1s de la mitad de la ciudadan\u00eda de Alcoy ha votado hoy a las Elecciones Generales 2023"}]},{"@type":"WebSite","@id":"https:\/\/www.copealcoy.es\/es\/#website","url":"https:\/\/www.copealcoy.es\/es\/","name":"COPE Alcoy","description":"Emisora COPE de radio local con emisi\u00f3n online. Pont de Sant Jordi 8-10 03803 Alcoy","potentialAction":[{"@type":"SearchAction","target":{"@type":"EntryPoint","urlTemplate":"https:\/\/www.copealcoy.es\/es\/?s={search_term_string}"},"query-input":{"@type":"PropertyValueSpecification","valueRequired":true,"valueName":"search_term_string"}}],"inLanguage":"es"},{"@type":"Person","@id":"https:\/\/www.copealcoy.es\/es\/#\/schema\/person\/e777c87fa024e57d40170af9df39882c","name":"Cope Alcoy","image":{"@type":"ImageObject","inLanguage":"es","@id":"https:\/\/secure.gravatar.com\/avatar\/bb65d0283347e303893ba14f0692005417c1e0e690a325a4c5d8bb2b3943ee14?s=96&d=mm&r=g","url":"https:\/\/secure.gravatar.com\/avatar\/bb65d0283347e303893ba14f0692005417c1e0e690a325a4c5d8bb2b3943ee14?s=96&d=mm&r=g","contentUrl":"https:\/\/secure.gravatar.com\/avatar\/bb65d0283347e303893ba14f0692005417c1e0e690a325a4c5d8bb2b3943ee14?s=96&d=mm&r=g","caption":"Cope Alcoy"}}]}},"_links":{"self":[{"href":"https:\/\/www.copealcoy.es\/es\/wp-json\/wp\/v2\/posts\/120184","targetHints":{"allow":["GET"]}}],"collection":[{"href":"https:\/\/www.copealcoy.es\/es\/wp-json\/wp\/v2\/posts"}],"about":[{"href":"https:\/\/www.copealcoy.es\/es\/wp-json\/wp\/v2\/types\/post"}],"author":[{"embeddable":true,"href":"https:\/\/www.copealcoy.es\/es\/wp-json\/wp\/v2\/users\/1"}],"replies":[{"embeddable":true,"href":"https:\/\/www.copealcoy.es\/es\/wp-json\/wp\/v2\/comments?post=120184"}],"version-history":[{"count":0,"href":"https:\/\/www.copealcoy.es\/es\/wp-json\/wp\/v2\/posts\/120184\/revisions"}],"wp:featuredmedia":[{"embeddable":true,"href":"https:\/\/www.copealcoy.es\/es\/wp-json\/wp\/v2\/media\/120172"}],"wp:attachment":[{"href":"https:\/\/www.copealcoy.es\/es\/wp-json\/wp\/v2\/media?parent=120184"}],"wp:term":[{"taxonomy":"category","embeddable":true,"href":"https:\/\/www.copealcoy.es\/es\/wp-json\/wp\/v2\/categories?post=120184"},{"taxonomy":"post_tag","embeddable":true,"href":"https:\/\/www.copealcoy.es\/es\/wp-json\/wp\/v2\/tags?post=120184"}],"curies":[{"name":"wp","href":"https:\/\/api.w.org\/{rel}","templated":true}]}}