{"id":120168,"date":"2023-07-23T15:36:23","date_gmt":"2023-07-23T14:36:23","guid":{"rendered":"https:\/\/www.copealcoy.es\/?p=120168"},"modified":"2023-07-23T23:06:28","modified_gmt":"2023-07-23T22:06:28","slug":"la-participacion-sube-en-alcoy-y-en-nuestras-comarcas-en-las-elecciones-generales-2023","status":"publish","type":"post","link":"https:\/\/www.copealcoy.es\/es\/la-participacion-sube-en-alcoy-y-en-nuestras-comarcas-en-las-elecciones-generales-2023\/","title":{"rendered":"La participaci\u00f3n sube en Alcoy y en nuestras comarcas en las Elecciones Generales 2023"},"content":{"rendered":"<p style=\"text-align: justify;\">La <strong>jornada de las Elecciones Generales<\/strong> de este 23 de julio avanza a buen ritmo y con las altas temperaturas como principales protagonistas. Durante la ma\u00f1ana hemos visto en <strong>Alcoy<\/strong> como much\u00edsima gente iba a los colegios electorales y es que <strong>han sido muchos quienes han querido ir a votar a primera hora<\/strong> para as\u00ed poder ir despu\u00e9s a pasar el d\u00eda en la playa, la piscina municipal o la caseta de campo. Se han formado, por ejemplo, <strong>largas colas<\/strong> a las puertas del Centro de Mayores de Oliver y tambi\u00e9n hab\u00eda muchos ciudadanos a centros como el \u00c1gora, el CCJ\u00a0o el Colegio de Educaci\u00f3n Especial Tom\u00e0s Llacer. A las <strong>dos del mediod\u00eda<\/strong> hab\u00eda votado en la capital de l&#8217;Alcoi\u00e0 <strong>el 48,53% del censo<\/strong>, 1,98 puntos m\u00e1s que 2019 donde <strong>el 10 de noviembre en la misma hora hab\u00eda ejercido su derecho en el voto un 46,55%<\/strong>.<\/p>\n<p><span style=\"color: #0000ff;\"><strong>As\u00ed quedan los datos de participaci\u00f3n en nuestras comarcas<\/strong><\/span><\/p>\n<p><strong>Agres: 48,52%\u00a0\u00a0<\/strong>(44,10% en 2019)<\/p>\n<p><strong>Alcosser: 54,77%\u00a0<\/strong>(48,55 % en 2019)<\/p>\n<p><strong>Alcoleja: 52,43%\u00a0<\/strong>(47,59% en 2019)<\/p>\n<p><strong>Alfafara: 52,90%\u00a0<\/strong>(49,70% en 2019)<\/p>\n<p><strong>Almudaina: 51,13%\u00a0<\/strong>(39,77% en 2019)<\/p>\n<p><strong>Balones:\u00a0<\/strong><strong>62,85% (<\/strong>45,74% en 2019)<\/p>\n<p><strong>Banyeres de Mariola: 53,73%\u00a0<\/strong>(47,77% en 2019)<\/p>\n<p><strong>Benasau: 59,33%\u00a0<\/strong>(64,29% en 2019)<\/p>\n<p><strong>Beniarr\u00e9s: 55,16%\u00a0<\/strong>(48,49% en 2019)<\/p>\n<p><strong>Benifallim: 62\u201985%\u00a0<\/strong>(56,70% en 2019)<\/p>\n<p><strong>Benilloba: 52\u201950%\u00a0<\/strong>(51,99% en 2019)<\/p>\n<p><strong>Benillup: 66,66%\u00a0<\/strong>(63,41% en 2019)<\/p>\n<p><strong>Benimarfull: 55,58%\u00a0<\/strong>(46,97% en 2019)<\/p>\n<p><strong>Benimassot: 57,14%\u00a0<\/strong>(38,20% en 2019)<\/p>\n<p><strong>Castalla: 48,86%\u00a0<\/strong>(43,29% en 2019)<\/p>\n<p><strong>Cocentaina: 50,98%\u00a0<\/strong>(43,93% en 2019)<\/p>\n<p><strong>Fageca: 57,14%\u00a0<\/strong>(49,45% en 2019)<\/p>\n<p><strong>Famorca: 66,66%\u00a0<\/strong>(63,41% en 2019)<\/p>\n<p><strong>Gaianes: 54,87%\u00a0<\/strong>(48,58% en 2019)<\/p>\n<p><strong>Gorga<\/strong>:\u00a0<strong>65,84%<\/strong>\u00a0(47,30% en 2019)<\/p>\n<p><strong>Ibi: 50,61%\u00a0<\/strong>(43,12% en 2019)<\/p>\n<p><strong>L\u2019Alqueria d\u00b4Asnar: 54,19%\u00a0<\/strong>(47,76% en 2019)<\/p>\n<p><strong>L\u2019Orxa: 48,32%\u00a0<\/strong>(45,31% en 2019)<\/p>\n<p><strong>Millena<\/strong>:\u00a0<strong>61,53%\u00a0<\/strong>(50,30% en 2019)<\/p>\n<p><strong>Muro: 51,49%\u00a0<\/strong>(41,051% en 2019)<\/p>\n<p><strong>Onil: 51,26%\u00a0<\/strong>(45,87% en 2019)<\/p>\n<p><strong>Pen\u00e0guila:\u00a0<\/strong><strong>49,60%\u00a0<\/strong>(55,05% en 2019)<\/p>\n<p><strong>Planes: 60,25%\u00a0<\/strong>(52,24% en 2019)<\/p>\n<p><strong>Quatretondeta: 57,26%\u00a0<\/strong>(50,48% en 2019)<\/p>\n<p><strong>Tibi: 57,79%\u00a0<\/strong>(44,85% en 2019)<\/p>\n<p><strong>Tollos: 61,11%\u00a0<\/strong>(35,71% en 2019)<\/p>\n","protected":false},"excerpt":{"rendered":"<p>La jornada de las Elecciones Generales de este 23 de julio avanza a buen ritmo y con las altas temperaturas&#8230;<\/p>\n","protected":false},"author":1,"featured_media":120155,"comment_status":"open","ping_status":"open","sticky":false,"template":"","format":"standard","meta":{"footnotes":""},"categories":[6909,97,98,75,125],"tags":[160,482,237,9913,157],"class_list":["post-120168","post","type-post","status-publish","format-standard","has-post-thumbnail","hentry","category-actualidad","category-alcoy","category-comarcas","category-noticias","category-portada","tag-alcoi","tag-alcoia","tag-comtat","tag-dades","tag-participacio"],"yoast_head":"<!-- This site is optimized with the Yoast SEO plugin v27.3 - https:\/\/yoast.com\/product\/yoast-seo-wordpress\/ -->\n<title>La participaci\u00f3n sube en Alcoy y en nuestras comarcas en las Elecciones Generales 2023 - COPE Alcoy<\/title>\n<meta name=\"robots\" content=\"index, follow, max-snippet:-1, max-image-preview:large, max-video-preview:-1\" \/>\n<link rel=\"canonical\" href=\"https:\/\/www.copealcoy.es\/es\/la-participacion-sube-en-alcoy-y-en-nuestras-comarcas-en-las-elecciones-generales-2023\/\" \/>\n<meta property=\"og:locale\" content=\"es_ES\" \/>\n<meta property=\"og:type\" content=\"article\" \/>\n<meta property=\"og:title\" content=\"La participaci\u00f3n sube en Alcoy y en nuestras comarcas en las Elecciones Generales 2023 - COPE Alcoy\" \/>\n<meta property=\"og:description\" content=\"La jornada de las Elecciones Generales de este 23 de julio avanza a buen ritmo y con las altas temperaturas...\" \/>\n<meta property=\"og:url\" content=\"https:\/\/www.copealcoy.es\/es\/la-participacion-sube-en-alcoy-y-en-nuestras-comarcas-en-las-elecciones-generales-2023\/\" \/>\n<meta property=\"og:site_name\" content=\"COPE Alcoy\" \/>\n<meta property=\"article:published_time\" content=\"2023-07-23T14:36:23+00:00\" \/>\n<meta property=\"article:modified_time\" content=\"2023-07-23T22:06:28+00:00\" \/>\n<meta property=\"og:image\" content=\"https:\/\/www.copealcoy.es\/wp-content\/uploads\/2023\/07\/unnamed-1-8-scaled-e1690122944799.jpg\" \/>\n\t<meta property=\"og:image:width\" content=\"1920\" \/>\n\t<meta property=\"og:image:height\" content=\"1299\" \/>\n\t<meta property=\"og:image:type\" content=\"image\/jpeg\" \/>\n<meta name=\"author\" content=\"Cope Alcoy\" \/>\n<meta name=\"twitter:label1\" content=\"Escrito por\" \/>\n\t<meta name=\"twitter:data1\" content=\"Cope Alcoy\" \/>\n\t<meta name=\"twitter:label2\" content=\"Tiempo de lectura\" \/>\n\t<meta name=\"twitter:data2\" content=\"2 minutos\" \/>\n<script type=\"application\/ld+json\" class=\"yoast-schema-graph\">{\"@context\":\"https:\\\/\\\/schema.org\",\"@graph\":[{\"@type\":\"Article\",\"@id\":\"https:\\\/\\\/www.copealcoy.es\\\/es\\\/la-participacion-sube-en-alcoy-y-en-nuestras-comarcas-en-las-elecciones-generales-2023\\\/#article\",\"isPartOf\":{\"@id\":\"https:\\\/\\\/www.copealcoy.es\\\/es\\\/la-participacion-sube-en-alcoy-y-en-nuestras-comarcas-en-las-elecciones-generales-2023\\\/\"},\"author\":{\"name\":\"Cope Alcoy\",\"@id\":\"https:\\\/\\\/www.copealcoy.es\\\/es\\\/#\\\/schema\\\/person\\\/e777c87fa024e57d40170af9df39882c\"},\"headline\":\"La participaci\u00f3n sube en Alcoy y en nuestras comarcas en las Elecciones Generales 2023\",\"datePublished\":\"2023-07-23T14:36:23+00:00\",\"dateModified\":\"2023-07-23T22:06:28+00:00\",\"mainEntityOfPage\":{\"@id\":\"https:\\\/\\\/www.copealcoy.es\\\/es\\\/la-participacion-sube-en-alcoy-y-en-nuestras-comarcas-en-las-elecciones-generales-2023\\\/\"},\"wordCount\":249,\"commentCount\":0,\"image\":{\"@id\":\"https:\\\/\\\/www.copealcoy.es\\\/es\\\/la-participacion-sube-en-alcoy-y-en-nuestras-comarcas-en-las-elecciones-generales-2023\\\/#primaryimage\"},\"thumbnailUrl\":\"https:\\\/\\\/www.copealcoy.es\\\/wp-content\\\/uploads\\\/2023\\\/07\\\/unnamed-1-8-scaled-e1690122944799.jpg\",\"keywords\":[\"Alcoi\",\"Alcoi\u00e0\",\"Comtat\",\"dades\",\"Participaci\u00f3\"],\"articleSection\":[\"Actualidad\",\"Alcoy\",\"Comarcas\",\"Noticias\",\"Portada\"],\"inLanguage\":\"es\"},{\"@type\":\"WebPage\",\"@id\":\"https:\\\/\\\/www.copealcoy.es\\\/es\\\/la-participacion-sube-en-alcoy-y-en-nuestras-comarcas-en-las-elecciones-generales-2023\\\/\",\"url\":\"https:\\\/\\\/www.copealcoy.es\\\/es\\\/la-participacion-sube-en-alcoy-y-en-nuestras-comarcas-en-las-elecciones-generales-2023\\\/\",\"name\":\"La participaci\u00f3n sube en Alcoy y en nuestras comarcas en las Elecciones Generales 2023 - COPE Alcoy\",\"isPartOf\":{\"@id\":\"https:\\\/\\\/www.copealcoy.es\\\/es\\\/#website\"},\"primaryImageOfPage\":{\"@id\":\"https:\\\/\\\/www.copealcoy.es\\\/es\\\/la-participacion-sube-en-alcoy-y-en-nuestras-comarcas-en-las-elecciones-generales-2023\\\/#primaryimage\"},\"image\":{\"@id\":\"https:\\\/\\\/www.copealcoy.es\\\/es\\\/la-participacion-sube-en-alcoy-y-en-nuestras-comarcas-en-las-elecciones-generales-2023\\\/#primaryimage\"},\"thumbnailUrl\":\"https:\\\/\\\/www.copealcoy.es\\\/wp-content\\\/uploads\\\/2023\\\/07\\\/unnamed-1-8-scaled-e1690122944799.jpg\",\"datePublished\":\"2023-07-23T14:36:23+00:00\",\"dateModified\":\"2023-07-23T22:06:28+00:00\",\"author\":{\"@id\":\"https:\\\/\\\/www.copealcoy.es\\\/es\\\/#\\\/schema\\\/person\\\/e777c87fa024e57d40170af9df39882c\"},\"breadcrumb\":{\"@id\":\"https:\\\/\\\/www.copealcoy.es\\\/es\\\/la-participacion-sube-en-alcoy-y-en-nuestras-comarcas-en-las-elecciones-generales-2023\\\/#breadcrumb\"},\"inLanguage\":\"es\",\"potentialAction\":[{\"@type\":\"ReadAction\",\"target\":[\"https:\\\/\\\/www.copealcoy.es\\\/es\\\/la-participacion-sube-en-alcoy-y-en-nuestras-comarcas-en-las-elecciones-generales-2023\\\/\"]}]},{\"@type\":\"ImageObject\",\"inLanguage\":\"es\",\"@id\":\"https:\\\/\\\/www.copealcoy.es\\\/es\\\/la-participacion-sube-en-alcoy-y-en-nuestras-comarcas-en-las-elecciones-generales-2023\\\/#primaryimage\",\"url\":\"https:\\\/\\\/www.copealcoy.es\\\/wp-content\\\/uploads\\\/2023\\\/07\\\/unnamed-1-8-scaled-e1690122944799.jpg\",\"contentUrl\":\"https:\\\/\\\/www.copealcoy.es\\\/wp-content\\\/uploads\\\/2023\\\/07\\\/unnamed-1-8-scaled-e1690122944799.jpg\",\"width\":1920,\"height\":1299},{\"@type\":\"BreadcrumbList\",\"@id\":\"https:\\\/\\\/www.copealcoy.es\\\/es\\\/la-participacion-sube-en-alcoy-y-en-nuestras-comarcas-en-las-elecciones-generales-2023\\\/#breadcrumb\",\"itemListElement\":[{\"@type\":\"ListItem\",\"position\":1,\"name\":\"Portada\",\"item\":\"https:\\\/\\\/www.copealcoy.es\\\/es\\\/\"},{\"@type\":\"ListItem\",\"position\":2,\"name\":\"La participaci\u00f3n sube en Alcoy y en nuestras comarcas en las Elecciones Generales 2023\"}]},{\"@type\":\"WebSite\",\"@id\":\"https:\\\/\\\/www.copealcoy.es\\\/es\\\/#website\",\"url\":\"https:\\\/\\\/www.copealcoy.es\\\/es\\\/\",\"name\":\"COPE Alcoy\",\"description\":\"Emisora COPE de radio local con emisi\u00f3n online. Pont de Sant Jordi 8-10 03803 Alcoy\",\"potentialAction\":[{\"@type\":\"SearchAction\",\"target\":{\"@type\":\"EntryPoint\",\"urlTemplate\":\"https:\\\/\\\/www.copealcoy.es\\\/es\\\/?s={search_term_string}\"},\"query-input\":{\"@type\":\"PropertyValueSpecification\",\"valueRequired\":true,\"valueName\":\"search_term_string\"}}],\"inLanguage\":\"es\"},{\"@type\":\"Person\",\"@id\":\"https:\\\/\\\/www.copealcoy.es\\\/es\\\/#\\\/schema\\\/person\\\/e777c87fa024e57d40170af9df39882c\",\"name\":\"Cope Alcoy\",\"image\":{\"@type\":\"ImageObject\",\"inLanguage\":\"es\",\"@id\":\"https:\\\/\\\/secure.gravatar.com\\\/avatar\\\/bb65d0283347e303893ba14f0692005417c1e0e690a325a4c5d8bb2b3943ee14?s=96&d=mm&r=g\",\"url\":\"https:\\\/\\\/secure.gravatar.com\\\/avatar\\\/bb65d0283347e303893ba14f0692005417c1e0e690a325a4c5d8bb2b3943ee14?s=96&d=mm&r=g\",\"contentUrl\":\"https:\\\/\\\/secure.gravatar.com\\\/avatar\\\/bb65d0283347e303893ba14f0692005417c1e0e690a325a4c5d8bb2b3943ee14?s=96&d=mm&r=g\",\"caption\":\"Cope Alcoy\"}}]}<\/script>\n<!-- \/ Yoast SEO plugin. -->","yoast_head_json":{"title":"La participaci\u00f3n sube en Alcoy y en nuestras comarcas en las Elecciones Generales 2023 - COPE Alcoy","robots":{"index":"index","follow":"follow","max-snippet":"max-snippet:-1","max-image-preview":"max-image-preview:large","max-video-preview":"max-video-preview:-1"},"canonical":"https:\/\/www.copealcoy.es\/es\/la-participacion-sube-en-alcoy-y-en-nuestras-comarcas-en-las-elecciones-generales-2023\/","og_locale":"es_ES","og_type":"article","og_title":"La participaci\u00f3n sube en Alcoy y en nuestras comarcas en las Elecciones Generales 2023 - COPE Alcoy","og_description":"La jornada de las Elecciones Generales de este 23 de julio avanza a buen ritmo y con las altas temperaturas...","og_url":"https:\/\/www.copealcoy.es\/es\/la-participacion-sube-en-alcoy-y-en-nuestras-comarcas-en-las-elecciones-generales-2023\/","og_site_name":"COPE Alcoy","article_published_time":"2023-07-23T14:36:23+00:00","article_modified_time":"2023-07-23T22:06:28+00:00","og_image":[{"width":1920,"height":1299,"url":"https:\/\/www.copealcoy.es\/wp-content\/uploads\/2023\/07\/unnamed-1-8-scaled-e1690122944799.jpg","type":"image\/jpeg"}],"author":"Cope Alcoy","twitter_misc":{"Escrito por":"Cope Alcoy","Tiempo de lectura":"2 minutos"},"schema":{"@context":"https:\/\/schema.org","@graph":[{"@type":"Article","@id":"https:\/\/www.copealcoy.es\/es\/la-participacion-sube-en-alcoy-y-en-nuestras-comarcas-en-las-elecciones-generales-2023\/#article","isPartOf":{"@id":"https:\/\/www.copealcoy.es\/es\/la-participacion-sube-en-alcoy-y-en-nuestras-comarcas-en-las-elecciones-generales-2023\/"},"author":{"name":"Cope Alcoy","@id":"https:\/\/www.copealcoy.es\/es\/#\/schema\/person\/e777c87fa024e57d40170af9df39882c"},"headline":"La participaci\u00f3n sube en Alcoy y en nuestras comarcas en las Elecciones Generales 2023","datePublished":"2023-07-23T14:36:23+00:00","dateModified":"2023-07-23T22:06:28+00:00","mainEntityOfPage":{"@id":"https:\/\/www.copealcoy.es\/es\/la-participacion-sube-en-alcoy-y-en-nuestras-comarcas-en-las-elecciones-generales-2023\/"},"wordCount":249,"commentCount":0,"image":{"@id":"https:\/\/www.copealcoy.es\/es\/la-participacion-sube-en-alcoy-y-en-nuestras-comarcas-en-las-elecciones-generales-2023\/#primaryimage"},"thumbnailUrl":"https:\/\/www.copealcoy.es\/wp-content\/uploads\/2023\/07\/unnamed-1-8-scaled-e1690122944799.jpg","keywords":["Alcoi","Alcoi\u00e0","Comtat","dades","Participaci\u00f3"],"articleSection":["Actualidad","Alcoy","Comarcas","Noticias","Portada"],"inLanguage":"es"},{"@type":"WebPage","@id":"https:\/\/www.copealcoy.es\/es\/la-participacion-sube-en-alcoy-y-en-nuestras-comarcas-en-las-elecciones-generales-2023\/","url":"https:\/\/www.copealcoy.es\/es\/la-participacion-sube-en-alcoy-y-en-nuestras-comarcas-en-las-elecciones-generales-2023\/","name":"La participaci\u00f3n sube en Alcoy y en nuestras comarcas en las Elecciones Generales 2023 - COPE Alcoy","isPartOf":{"@id":"https:\/\/www.copealcoy.es\/es\/#website"},"primaryImageOfPage":{"@id":"https:\/\/www.copealcoy.es\/es\/la-participacion-sube-en-alcoy-y-en-nuestras-comarcas-en-las-elecciones-generales-2023\/#primaryimage"},"image":{"@id":"https:\/\/www.copealcoy.es\/es\/la-participacion-sube-en-alcoy-y-en-nuestras-comarcas-en-las-elecciones-generales-2023\/#primaryimage"},"thumbnailUrl":"https:\/\/www.copealcoy.es\/wp-content\/uploads\/2023\/07\/unnamed-1-8-scaled-e1690122944799.jpg","datePublished":"2023-07-23T14:36:23+00:00","dateModified":"2023-07-23T22:06:28+00:00","author":{"@id":"https:\/\/www.copealcoy.es\/es\/#\/schema\/person\/e777c87fa024e57d40170af9df39882c"},"breadcrumb":{"@id":"https:\/\/www.copealcoy.es\/es\/la-participacion-sube-en-alcoy-y-en-nuestras-comarcas-en-las-elecciones-generales-2023\/#breadcrumb"},"inLanguage":"es","potentialAction":[{"@type":"ReadAction","target":["https:\/\/www.copealcoy.es\/es\/la-participacion-sube-en-alcoy-y-en-nuestras-comarcas-en-las-elecciones-generales-2023\/"]}]},{"@type":"ImageObject","inLanguage":"es","@id":"https:\/\/www.copealcoy.es\/es\/la-participacion-sube-en-alcoy-y-en-nuestras-comarcas-en-las-elecciones-generales-2023\/#primaryimage","url":"https:\/\/www.copealcoy.es\/wp-content\/uploads\/2023\/07\/unnamed-1-8-scaled-e1690122944799.jpg","contentUrl":"https:\/\/www.copealcoy.es\/wp-content\/uploads\/2023\/07\/unnamed-1-8-scaled-e1690122944799.jpg","width":1920,"height":1299},{"@type":"BreadcrumbList","@id":"https:\/\/www.copealcoy.es\/es\/la-participacion-sube-en-alcoy-y-en-nuestras-comarcas-en-las-elecciones-generales-2023\/#breadcrumb","itemListElement":[{"@type":"ListItem","position":1,"name":"Portada","item":"https:\/\/www.copealcoy.es\/es\/"},{"@type":"ListItem","position":2,"name":"La participaci\u00f3n sube en Alcoy y en nuestras comarcas en las Elecciones Generales 2023"}]},{"@type":"WebSite","@id":"https:\/\/www.copealcoy.es\/es\/#website","url":"https:\/\/www.copealcoy.es\/es\/","name":"COPE Alcoy","description":"Emisora COPE de radio local con emisi\u00f3n online. Pont de Sant Jordi 8-10 03803 Alcoy","potentialAction":[{"@type":"SearchAction","target":{"@type":"EntryPoint","urlTemplate":"https:\/\/www.copealcoy.es\/es\/?s={search_term_string}"},"query-input":{"@type":"PropertyValueSpecification","valueRequired":true,"valueName":"search_term_string"}}],"inLanguage":"es"},{"@type":"Person","@id":"https:\/\/www.copealcoy.es\/es\/#\/schema\/person\/e777c87fa024e57d40170af9df39882c","name":"Cope Alcoy","image":{"@type":"ImageObject","inLanguage":"es","@id":"https:\/\/secure.gravatar.com\/avatar\/bb65d0283347e303893ba14f0692005417c1e0e690a325a4c5d8bb2b3943ee14?s=96&d=mm&r=g","url":"https:\/\/secure.gravatar.com\/avatar\/bb65d0283347e303893ba14f0692005417c1e0e690a325a4c5d8bb2b3943ee14?s=96&d=mm&r=g","contentUrl":"https:\/\/secure.gravatar.com\/avatar\/bb65d0283347e303893ba14f0692005417c1e0e690a325a4c5d8bb2b3943ee14?s=96&d=mm&r=g","caption":"Cope Alcoy"}}]}},"_links":{"self":[{"href":"https:\/\/www.copealcoy.es\/es\/wp-json\/wp\/v2\/posts\/120168","targetHints":{"allow":["GET"]}}],"collection":[{"href":"https:\/\/www.copealcoy.es\/es\/wp-json\/wp\/v2\/posts"}],"about":[{"href":"https:\/\/www.copealcoy.es\/es\/wp-json\/wp\/v2\/types\/post"}],"author":[{"embeddable":true,"href":"https:\/\/www.copealcoy.es\/es\/wp-json\/wp\/v2\/users\/1"}],"replies":[{"embeddable":true,"href":"https:\/\/www.copealcoy.es\/es\/wp-json\/wp\/v2\/comments?post=120168"}],"version-history":[{"count":0,"href":"https:\/\/www.copealcoy.es\/es\/wp-json\/wp\/v2\/posts\/120168\/revisions"}],"wp:featuredmedia":[{"embeddable":true,"href":"https:\/\/www.copealcoy.es\/es\/wp-json\/wp\/v2\/media\/120155"}],"wp:attachment":[{"href":"https:\/\/www.copealcoy.es\/es\/wp-json\/wp\/v2\/media?parent=120168"}],"wp:term":[{"taxonomy":"category","embeddable":true,"href":"https:\/\/www.copealcoy.es\/es\/wp-json\/wp\/v2\/categories?post=120168"},{"taxonomy":"post_tag","embeddable":true,"href":"https:\/\/www.copealcoy.es\/es\/wp-json\/wp\/v2\/tags?post=120168"}],"curies":[{"name":"wp","href":"https:\/\/api.w.org\/{rel}","templated":true}]}}