{"id":120163,"date":"2023-07-23T15:17:50","date_gmt":"2023-07-23T14:17:50","guid":{"rendered":"https:\/\/www.copealcoy.es\/?p=120163"},"modified":"2023-07-23T18:50:23","modified_gmt":"2023-07-23T17:50:23","slug":"asi-han-votado-en-este-23j-los-candidatos-de-la-comarca-en-el-congreso-de-los-diputados","status":"publish","type":"post","link":"https:\/\/www.copealcoy.es\/es\/asi-han-votado-en-este-23j-los-candidatos-de-la-comarca-en-el-congreso-de-los-diputados\/","title":{"rendered":"As\u00ed han votado en este 23J los candidatos de la comarca en el Congreso de los Diputados"},"content":{"rendered":"<p style=\"text-align: justify;\">Sigue <strong>la jornada electoral<\/strong> de las Elecciones Generales del 23J en todos los puntos de Espa\u00f1a. Aqu\u00ed en <strong>Alcoy<\/strong>, e incluso varios municipios de l&#8217;#Alcoi\u00e0 y el Comtat, han votado a lo largo de la ma\u00f1ana <strong>los candidatos de la comarca en el Congreso de los Diputados<\/strong>.<\/p>\n<p>Y es que <strong>son cuatro los nombres que forman parte de las candidaturas por Alicante<\/strong> a estas Elecciones Generales. La alcoyana <strong>Patri Blanquer<\/strong> repite una vez m\u00e1s. Es la n\u00famero 2 de la lista del PSOE y ha votado en el Colegio de Educaci\u00f3n Especial Tom\u00e1s Ll\u00e1cer de la capital de l&#8217;Alcoi\u00e0.<\/p>\n<p style=\"text-align: justify;\">Del Partido Popular, el ibense <strong>Rafael Serrella<\/strong> y la murera <strong>Noelia \u00dabeda<\/strong> son los n\u00famero 6 y 11 de la candidatura. \u00dabeda ha votado esta ma\u00f1ana en el\u00a0 Colegio Bracal de Muro y Serralta lo ha hecho en la Villa Juguetera.<\/p>\n<p>Y por Sumar se presenta <strong>Naiara Dav\u00f3<\/strong> como n\u00famero 3, la cual ha emitido su voto por correo. Lo ha hecho as\u00ed por encontrase este fin de semana fuera de Alcoy.<\/p>\n<p>Hasta <strong>las ocho de la tarde<\/strong> estar\u00e1n abiertos los colegios electorales.<\/p>\n","protected":false},"excerpt":{"rendered":"<p>Sigue la jornada electoral de las Elecciones Generales del 23J en todos los puntos de Espa\u00f1a. Aqu\u00ed en Alcoy, e&#8230;<\/p>\n","protected":false},"author":1,"featured_media":120159,"comment_status":"open","ping_status":"open","sticky":false,"template":"","format":"standard","meta":{"footnotes":""},"categories":[6909,97,744,75,79,125],"tags":[14861,160,1494,236,1438,13740,422],"class_list":["post-120163","post","type-post","status-publish","format-standard","has-post-thumbnail","hentry","category-actualidad","category-alcoy","category-elecciones","category-noticias","category-politicayeconomia","category-portada","tag-23j","tag-alcoi","tag-alcoy","tag-comarca","tag-elecciones-generales","tag-kike-alcaraz","tag-politica"],"yoast_head":"<!-- This site is optimized with the Yoast SEO plugin v27.3 - https:\/\/yoast.com\/product\/yoast-seo-wordpress\/ -->\n<title>As\u00ed han votado en este 23J los candidatos de la comarca en el Congreso de los Diputados - COPE Alcoy<\/title>\n<meta name=\"description\" content=\"Los candidatos al Congreso de los Diputados de las comarcas de l&#039;Alcoi\u00e0 y el Comtat han votado durante este 23J\" \/>\n<meta name=\"robots\" content=\"index, follow, max-snippet:-1, max-image-preview:large, max-video-preview:-1\" \/>\n<link rel=\"canonical\" href=\"https:\/\/www.copealcoy.es\/es\/asi-han-votado-en-este-23j-los-candidatos-de-la-comarca-en-el-congreso-de-los-diputados\/\" \/>\n<meta property=\"og:locale\" content=\"es_ES\" \/>\n<meta property=\"og:type\" content=\"article\" \/>\n<meta property=\"og:title\" content=\"As\u00ed han votado en este 23J los candidatos de la comarca en el Congreso de los Diputados - COPE Alcoy\" \/>\n<meta property=\"og:description\" content=\"Los candidatos al Congreso de los Diputados de las comarcas de l&#039;Alcoi\u00e0 y el Comtat han votado durante este 23J\" \/>\n<meta property=\"og:url\" content=\"https:\/\/www.copealcoy.es\/es\/asi-han-votado-en-este-23j-los-candidatos-de-la-comarca-en-el-congreso-de-los-diputados\/\" \/>\n<meta property=\"og:site_name\" content=\"COPE Alcoy\" \/>\n<meta property=\"article:published_time\" content=\"2023-07-23T14:17:50+00:00\" \/>\n<meta property=\"article:modified_time\" content=\"2023-07-23T17:50:23+00:00\" \/>\n<meta property=\"og:image\" content=\"https:\/\/www.copealcoy.es\/wp-content\/uploads\/2023\/07\/unnamed-2-e1690133999375.jpg\" \/>\n\t<meta property=\"og:image:width\" content=\"1800\" \/>\n\t<meta property=\"og:image:height\" content=\"1011\" \/>\n\t<meta property=\"og:image:type\" content=\"image\/jpeg\" \/>\n<meta name=\"author\" content=\"Cope Alcoy\" \/>\n<meta name=\"twitter:label1\" content=\"Escrito por\" \/>\n\t<meta name=\"twitter:data1\" content=\"Cope Alcoy\" \/>\n\t<meta name=\"twitter:label2\" content=\"Tiempo de lectura\" \/>\n\t<meta name=\"twitter:data2\" content=\"1 minuto\" \/>\n<script type=\"application\/ld+json\" class=\"yoast-schema-graph\">{\"@context\":\"https:\\\/\\\/schema.org\",\"@graph\":[{\"@type\":\"Article\",\"@id\":\"https:\\\/\\\/www.copealcoy.es\\\/es\\\/asi-han-votado-en-este-23j-los-candidatos-de-la-comarca-en-el-congreso-de-los-diputados\\\/#article\",\"isPartOf\":{\"@id\":\"https:\\\/\\\/www.copealcoy.es\\\/es\\\/asi-han-votado-en-este-23j-los-candidatos-de-la-comarca-en-el-congreso-de-los-diputados\\\/\"},\"author\":{\"name\":\"Cope Alcoy\",\"@id\":\"https:\\\/\\\/www.copealcoy.es\\\/es\\\/#\\\/schema\\\/person\\\/e777c87fa024e57d40170af9df39882c\"},\"headline\":\"As\u00ed han votado en este 23J los candidatos de la comarca en el Congreso de los Diputados\",\"datePublished\":\"2023-07-23T14:17:50+00:00\",\"dateModified\":\"2023-07-23T17:50:23+00:00\",\"mainEntityOfPage\":{\"@id\":\"https:\\\/\\\/www.copealcoy.es\\\/es\\\/asi-han-votado-en-este-23j-los-candidatos-de-la-comarca-en-el-congreso-de-los-diputados\\\/\"},\"wordCount\":208,\"commentCount\":0,\"image\":{\"@id\":\"https:\\\/\\\/www.copealcoy.es\\\/es\\\/asi-han-votado-en-este-23j-los-candidatos-de-la-comarca-en-el-congreso-de-los-diputados\\\/#primaryimage\"},\"thumbnailUrl\":\"https:\\\/\\\/www.copealcoy.es\\\/wp-content\\\/uploads\\\/2023\\\/07\\\/unnamed-2-e1690133999375.jpg\",\"keywords\":[\"23J\",\"Alcoi\",\"Alcoy\",\"Comarca\",\"Elecciones Generales\",\"Kike Alcaraz\",\"Pol\u00edtica\"],\"articleSection\":[\"Actualidad\",\"Alcoy\",\"Elecciones\",\"Noticias\",\"Pol\u00edtica y Econom\u00eda\",\"Portada\"],\"inLanguage\":\"es\"},{\"@type\":\"WebPage\",\"@id\":\"https:\\\/\\\/www.copealcoy.es\\\/es\\\/asi-han-votado-en-este-23j-los-candidatos-de-la-comarca-en-el-congreso-de-los-diputados\\\/\",\"url\":\"https:\\\/\\\/www.copealcoy.es\\\/es\\\/asi-han-votado-en-este-23j-los-candidatos-de-la-comarca-en-el-congreso-de-los-diputados\\\/\",\"name\":\"As\u00ed han votado en este 23J los candidatos de la comarca en el Congreso de los Diputados - COPE Alcoy\",\"isPartOf\":{\"@id\":\"https:\\\/\\\/www.copealcoy.es\\\/es\\\/#website\"},\"primaryImageOfPage\":{\"@id\":\"https:\\\/\\\/www.copealcoy.es\\\/es\\\/asi-han-votado-en-este-23j-los-candidatos-de-la-comarca-en-el-congreso-de-los-diputados\\\/#primaryimage\"},\"image\":{\"@id\":\"https:\\\/\\\/www.copealcoy.es\\\/es\\\/asi-han-votado-en-este-23j-los-candidatos-de-la-comarca-en-el-congreso-de-los-diputados\\\/#primaryimage\"},\"thumbnailUrl\":\"https:\\\/\\\/www.copealcoy.es\\\/wp-content\\\/uploads\\\/2023\\\/07\\\/unnamed-2-e1690133999375.jpg\",\"datePublished\":\"2023-07-23T14:17:50+00:00\",\"dateModified\":\"2023-07-23T17:50:23+00:00\",\"author\":{\"@id\":\"https:\\\/\\\/www.copealcoy.es\\\/es\\\/#\\\/schema\\\/person\\\/e777c87fa024e57d40170af9df39882c\"},\"description\":\"Los candidatos al Congreso de los Diputados de las comarcas de l'Alcoi\u00e0 y el Comtat han votado durante este 23J\",\"breadcrumb\":{\"@id\":\"https:\\\/\\\/www.copealcoy.es\\\/es\\\/asi-han-votado-en-este-23j-los-candidatos-de-la-comarca-en-el-congreso-de-los-diputados\\\/#breadcrumb\"},\"inLanguage\":\"es\",\"potentialAction\":[{\"@type\":\"ReadAction\",\"target\":[\"https:\\\/\\\/www.copealcoy.es\\\/es\\\/asi-han-votado-en-este-23j-los-candidatos-de-la-comarca-en-el-congreso-de-los-diputados\\\/\"]}]},{\"@type\":\"ImageObject\",\"inLanguage\":\"es\",\"@id\":\"https:\\\/\\\/www.copealcoy.es\\\/es\\\/asi-han-votado-en-este-23j-los-candidatos-de-la-comarca-en-el-congreso-de-los-diputados\\\/#primaryimage\",\"url\":\"https:\\\/\\\/www.copealcoy.es\\\/wp-content\\\/uploads\\\/2023\\\/07\\\/unnamed-2-e1690133999375.jpg\",\"contentUrl\":\"https:\\\/\\\/www.copealcoy.es\\\/wp-content\\\/uploads\\\/2023\\\/07\\\/unnamed-2-e1690133999375.jpg\",\"width\":1800,\"height\":1011},{\"@type\":\"BreadcrumbList\",\"@id\":\"https:\\\/\\\/www.copealcoy.es\\\/es\\\/asi-han-votado-en-este-23j-los-candidatos-de-la-comarca-en-el-congreso-de-los-diputados\\\/#breadcrumb\",\"itemListElement\":[{\"@type\":\"ListItem\",\"position\":1,\"name\":\"Portada\",\"item\":\"https:\\\/\\\/www.copealcoy.es\\\/es\\\/\"},{\"@type\":\"ListItem\",\"position\":2,\"name\":\"As\u00ed han votado en este 23J los candidatos de la comarca en el Congreso de los Diputados\"}]},{\"@type\":\"WebSite\",\"@id\":\"https:\\\/\\\/www.copealcoy.es\\\/es\\\/#website\",\"url\":\"https:\\\/\\\/www.copealcoy.es\\\/es\\\/\",\"name\":\"COPE Alcoy\",\"description\":\"Emisora COPE de radio local con emisi\u00f3n online. Pont de Sant Jordi 8-10 03803 Alcoy\",\"potentialAction\":[{\"@type\":\"SearchAction\",\"target\":{\"@type\":\"EntryPoint\",\"urlTemplate\":\"https:\\\/\\\/www.copealcoy.es\\\/es\\\/?s={search_term_string}\"},\"query-input\":{\"@type\":\"PropertyValueSpecification\",\"valueRequired\":true,\"valueName\":\"search_term_string\"}}],\"inLanguage\":\"es\"},{\"@type\":\"Person\",\"@id\":\"https:\\\/\\\/www.copealcoy.es\\\/es\\\/#\\\/schema\\\/person\\\/e777c87fa024e57d40170af9df39882c\",\"name\":\"Cope Alcoy\",\"image\":{\"@type\":\"ImageObject\",\"inLanguage\":\"es\",\"@id\":\"https:\\\/\\\/secure.gravatar.com\\\/avatar\\\/bb65d0283347e303893ba14f0692005417c1e0e690a325a4c5d8bb2b3943ee14?s=96&d=mm&r=g\",\"url\":\"https:\\\/\\\/secure.gravatar.com\\\/avatar\\\/bb65d0283347e303893ba14f0692005417c1e0e690a325a4c5d8bb2b3943ee14?s=96&d=mm&r=g\",\"contentUrl\":\"https:\\\/\\\/secure.gravatar.com\\\/avatar\\\/bb65d0283347e303893ba14f0692005417c1e0e690a325a4c5d8bb2b3943ee14?s=96&d=mm&r=g\",\"caption\":\"Cope Alcoy\"}}]}<\/script>\n<!-- \/ Yoast SEO plugin. -->","yoast_head_json":{"title":"As\u00ed han votado en este 23J los candidatos de la comarca en el Congreso de los Diputados - COPE Alcoy","description":"Los candidatos al Congreso de los Diputados de las comarcas de l'Alcoi\u00e0 y el Comtat han votado durante este 23J","robots":{"index":"index","follow":"follow","max-snippet":"max-snippet:-1","max-image-preview":"max-image-preview:large","max-video-preview":"max-video-preview:-1"},"canonical":"https:\/\/www.copealcoy.es\/es\/asi-han-votado-en-este-23j-los-candidatos-de-la-comarca-en-el-congreso-de-los-diputados\/","og_locale":"es_ES","og_type":"article","og_title":"As\u00ed han votado en este 23J los candidatos de la comarca en el Congreso de los Diputados - COPE Alcoy","og_description":"Los candidatos al Congreso de los Diputados de las comarcas de l'Alcoi\u00e0 y el Comtat han votado durante este 23J","og_url":"https:\/\/www.copealcoy.es\/es\/asi-han-votado-en-este-23j-los-candidatos-de-la-comarca-en-el-congreso-de-los-diputados\/","og_site_name":"COPE Alcoy","article_published_time":"2023-07-23T14:17:50+00:00","article_modified_time":"2023-07-23T17:50:23+00:00","og_image":[{"width":1800,"height":1011,"url":"https:\/\/www.copealcoy.es\/wp-content\/uploads\/2023\/07\/unnamed-2-e1690133999375.jpg","type":"image\/jpeg"}],"author":"Cope Alcoy","twitter_misc":{"Escrito por":"Cope Alcoy","Tiempo de lectura":"1 minuto"},"schema":{"@context":"https:\/\/schema.org","@graph":[{"@type":"Article","@id":"https:\/\/www.copealcoy.es\/es\/asi-han-votado-en-este-23j-los-candidatos-de-la-comarca-en-el-congreso-de-los-diputados\/#article","isPartOf":{"@id":"https:\/\/www.copealcoy.es\/es\/asi-han-votado-en-este-23j-los-candidatos-de-la-comarca-en-el-congreso-de-los-diputados\/"},"author":{"name":"Cope Alcoy","@id":"https:\/\/www.copealcoy.es\/es\/#\/schema\/person\/e777c87fa024e57d40170af9df39882c"},"headline":"As\u00ed han votado en este 23J los candidatos de la comarca en el Congreso de los Diputados","datePublished":"2023-07-23T14:17:50+00:00","dateModified":"2023-07-23T17:50:23+00:00","mainEntityOfPage":{"@id":"https:\/\/www.copealcoy.es\/es\/asi-han-votado-en-este-23j-los-candidatos-de-la-comarca-en-el-congreso-de-los-diputados\/"},"wordCount":208,"commentCount":0,"image":{"@id":"https:\/\/www.copealcoy.es\/es\/asi-han-votado-en-este-23j-los-candidatos-de-la-comarca-en-el-congreso-de-los-diputados\/#primaryimage"},"thumbnailUrl":"https:\/\/www.copealcoy.es\/wp-content\/uploads\/2023\/07\/unnamed-2-e1690133999375.jpg","keywords":["23J","Alcoi","Alcoy","Comarca","Elecciones Generales","Kike Alcaraz","Pol\u00edtica"],"articleSection":["Actualidad","Alcoy","Elecciones","Noticias","Pol\u00edtica y Econom\u00eda","Portada"],"inLanguage":"es"},{"@type":"WebPage","@id":"https:\/\/www.copealcoy.es\/es\/asi-han-votado-en-este-23j-los-candidatos-de-la-comarca-en-el-congreso-de-los-diputados\/","url":"https:\/\/www.copealcoy.es\/es\/asi-han-votado-en-este-23j-los-candidatos-de-la-comarca-en-el-congreso-de-los-diputados\/","name":"As\u00ed han votado en este 23J los candidatos de la comarca en el Congreso de los Diputados - COPE Alcoy","isPartOf":{"@id":"https:\/\/www.copealcoy.es\/es\/#website"},"primaryImageOfPage":{"@id":"https:\/\/www.copealcoy.es\/es\/asi-han-votado-en-este-23j-los-candidatos-de-la-comarca-en-el-congreso-de-los-diputados\/#primaryimage"},"image":{"@id":"https:\/\/www.copealcoy.es\/es\/asi-han-votado-en-este-23j-los-candidatos-de-la-comarca-en-el-congreso-de-los-diputados\/#primaryimage"},"thumbnailUrl":"https:\/\/www.copealcoy.es\/wp-content\/uploads\/2023\/07\/unnamed-2-e1690133999375.jpg","datePublished":"2023-07-23T14:17:50+00:00","dateModified":"2023-07-23T17:50:23+00:00","author":{"@id":"https:\/\/www.copealcoy.es\/es\/#\/schema\/person\/e777c87fa024e57d40170af9df39882c"},"description":"Los candidatos al Congreso de los Diputados de las comarcas de l'Alcoi\u00e0 y el Comtat han votado durante este 23J","breadcrumb":{"@id":"https:\/\/www.copealcoy.es\/es\/asi-han-votado-en-este-23j-los-candidatos-de-la-comarca-en-el-congreso-de-los-diputados\/#breadcrumb"},"inLanguage":"es","potentialAction":[{"@type":"ReadAction","target":["https:\/\/www.copealcoy.es\/es\/asi-han-votado-en-este-23j-los-candidatos-de-la-comarca-en-el-congreso-de-los-diputados\/"]}]},{"@type":"ImageObject","inLanguage":"es","@id":"https:\/\/www.copealcoy.es\/es\/asi-han-votado-en-este-23j-los-candidatos-de-la-comarca-en-el-congreso-de-los-diputados\/#primaryimage","url":"https:\/\/www.copealcoy.es\/wp-content\/uploads\/2023\/07\/unnamed-2-e1690133999375.jpg","contentUrl":"https:\/\/www.copealcoy.es\/wp-content\/uploads\/2023\/07\/unnamed-2-e1690133999375.jpg","width":1800,"height":1011},{"@type":"BreadcrumbList","@id":"https:\/\/www.copealcoy.es\/es\/asi-han-votado-en-este-23j-los-candidatos-de-la-comarca-en-el-congreso-de-los-diputados\/#breadcrumb","itemListElement":[{"@type":"ListItem","position":1,"name":"Portada","item":"https:\/\/www.copealcoy.es\/es\/"},{"@type":"ListItem","position":2,"name":"As\u00ed han votado en este 23J los candidatos de la comarca en el Congreso de los Diputados"}]},{"@type":"WebSite","@id":"https:\/\/www.copealcoy.es\/es\/#website","url":"https:\/\/www.copealcoy.es\/es\/","name":"COPE Alcoy","description":"Emisora COPE de radio local con emisi\u00f3n online. Pont de Sant Jordi 8-10 03803 Alcoy","potentialAction":[{"@type":"SearchAction","target":{"@type":"EntryPoint","urlTemplate":"https:\/\/www.copealcoy.es\/es\/?s={search_term_string}"},"query-input":{"@type":"PropertyValueSpecification","valueRequired":true,"valueName":"search_term_string"}}],"inLanguage":"es"},{"@type":"Person","@id":"https:\/\/www.copealcoy.es\/es\/#\/schema\/person\/e777c87fa024e57d40170af9df39882c","name":"Cope Alcoy","image":{"@type":"ImageObject","inLanguage":"es","@id":"https:\/\/secure.gravatar.com\/avatar\/bb65d0283347e303893ba14f0692005417c1e0e690a325a4c5d8bb2b3943ee14?s=96&d=mm&r=g","url":"https:\/\/secure.gravatar.com\/avatar\/bb65d0283347e303893ba14f0692005417c1e0e690a325a4c5d8bb2b3943ee14?s=96&d=mm&r=g","contentUrl":"https:\/\/secure.gravatar.com\/avatar\/bb65d0283347e303893ba14f0692005417c1e0e690a325a4c5d8bb2b3943ee14?s=96&d=mm&r=g","caption":"Cope Alcoy"}}]}},"_links":{"self":[{"href":"https:\/\/www.copealcoy.es\/es\/wp-json\/wp\/v2\/posts\/120163","targetHints":{"allow":["GET"]}}],"collection":[{"href":"https:\/\/www.copealcoy.es\/es\/wp-json\/wp\/v2\/posts"}],"about":[{"href":"https:\/\/www.copealcoy.es\/es\/wp-json\/wp\/v2\/types\/post"}],"author":[{"embeddable":true,"href":"https:\/\/www.copealcoy.es\/es\/wp-json\/wp\/v2\/users\/1"}],"replies":[{"embeddable":true,"href":"https:\/\/www.copealcoy.es\/es\/wp-json\/wp\/v2\/comments?post=120163"}],"version-history":[{"count":0,"href":"https:\/\/www.copealcoy.es\/es\/wp-json\/wp\/v2\/posts\/120163\/revisions"}],"wp:featuredmedia":[{"embeddable":true,"href":"https:\/\/www.copealcoy.es\/es\/wp-json\/wp\/v2\/media\/120159"}],"wp:attachment":[{"href":"https:\/\/www.copealcoy.es\/es\/wp-json\/wp\/v2\/media?parent=120163"}],"wp:term":[{"taxonomy":"category","embeddable":true,"href":"https:\/\/www.copealcoy.es\/es\/wp-json\/wp\/v2\/categories?post=120163"},{"taxonomy":"post_tag","embeddable":true,"href":"https:\/\/www.copealcoy.es\/es\/wp-json\/wp\/v2\/tags?post=120163"}],"curies":[{"name":"wp","href":"https:\/\/api.w.org\/{rel}","templated":true}]}}