{"id":120039,"date":"2023-07-20T07:45:55","date_gmt":"2023-07-20T06:45:55","guid":{"rendered":"https:\/\/www.copealcoy.es\/?p=120039"},"modified":"2023-07-20T17:41:15","modified_gmt":"2023-07-20T16:41:15","slug":"el-pp-reclama-mas-financiacion-para-la-provincia-de-alicante","status":"publish","type":"post","link":"https:\/\/www.copealcoy.es\/es\/el-pp-reclama-mas-financiacion-para-la-provincia-de-alicante\/","title":{"rendered":"El PP reclama m\u00e1s financiaci\u00f3n para la provincia de Alicante"},"content":{"rendered":"<p style=\"text-align: justify;\">El <strong>Partido Popular<\/strong> considera que es necesaria <strong>una mayor financiaci\u00f3n para la provincia de Alicante<\/strong> y afirma que esto <strong>solo lo puede conseguir un gobierno central liderado por Alberto N\u00fa\u00f1ez Feij\u00f3o<\/strong>. As\u00ed lo asegur\u00f3 la n\u00famero 1 al Congreso por nuestra provincia durante <strong>un acto de campa\u00f1a en el que particip\u00f3 ayer en Alcoy<\/strong> antes de las Elecciones Generales del 23J.<\/p>\n<p style=\"text-align: justify;\"><strong>Macarena Montesinos<\/strong> se\u00f1al\u00f3 que <span style=\"font-family: 'Arial',sans-serif;\">la provincia de Alicante <em>\u201cha sido la m\u00e1s castigada, la \u00faltima en los Presupuestos Generales del Estado<\/em>\u201d. En este sentido, Montesinos <strong>ha criticado que Pedro S\u00e1nchez<\/strong> \u201c<em>use los presupuestos y la financiaci\u00f3n para castigar o premiar seg\u00fan los intereses y la provincia ha tenido la desgracia de ser la m\u00e1s perjudicada, la \u00faltima dos a\u00f1os seguidos<\/em>\u201d. Tambi\u00e9n acus\u00f3 al ejecutivo central de mentir<\/span><span style=\"font-family: 'Arial',sans-serif;\"> &#8220;<em>ya que dijo que a finales de 2021 habr\u00eda una nueva financiaci\u00f3n y a\u00fan estamos esperando<\/em>\u201d, sentenci\u00f3. Por \u00faltimo pidi\u00f3 <\/span><span style=\"font-family: 'Arial',sans-serif;\"><strong>la mayor movilizaci\u00f3n para el pr\u00f3ximo domingo<\/strong> &#8220;<em>es importante que todos votemos, presencialmente o por correo, porque as\u00ed garantizaremos la mayor\u00eda que necesita Feij\u00f3o para ser presidente de Espa\u00f1a y completar el cambio que comenz\u00f3 el 28 de mayo. S\u00f3lo nos queda el \u00faltimo paso, que es llegar al gobierno de Espa\u00f1a, para que la provincia ocupe el sitio que merece<\/em>\u201d, concluy\u00f3.<\/span><\/p>\n<p style=\"text-align: justify;\"><span style=\"font-family: Arial, sans-serif;\">El Diputado Provincial y l\u00edder de los populares alcoyanos, Carlos Pastor, t<strong>ambi\u00e9n destac\u00f3 la importancia de que la gente salga a votar el domingo al igual que pidi\u00f3 el voto para el Partido Popular<\/strong>. En este sentido afirm\u00f3 que los populares <strong>son la mejor alternativa frente a S\u00e1nchez y sus socios de gobierno<\/strong> &#8220;<em>seguimos en campa\u00f1a electoral por el empe\u00f1o de Pedro S\u00e1nchez por hacer las Elecciones Generales en julio. Estamos con mucha ilusi\u00f3n para conseguir desalojar al PSOE de la Moncloa y si los resultados de las nacionales se trasladan a las auton\u00f3micas podr\u00edamos estar hablando de un resultado hist\u00f3rico en la provincia<\/em>&#8220;, dijo.\u00a0<\/span><\/p>\n<p style=\"text-align: justify;\">Al acto de campa\u00f1a <strong>asistieron concejales del Grupo Municipal del PP en el Ayuntamiento de Alcoy<\/strong> as\u00ed como <strong>militantes del partido a nivel local<\/strong>. Tambi\u00e9n acudieron a la cita <strong>alcaldes, ediles y representantes del partido<\/strong> a nivel comarcal.<\/p>\n","protected":false},"excerpt":{"rendered":"<p>El Partido Popular considera que es necesaria una mayor financiaci\u00f3n para la provincia de Alicante y afirma que esto solo&#8230;<\/p>\n","protected":false},"author":1,"featured_media":120040,"comment_status":"open","ping_status":"open","sticky":false,"template":"","format":"standard","meta":{"footnotes":""},"categories":[6909,97,75,79],"tags":[14861,5132,1494,199,1438,448],"class_list":["post-120039","post","type-post","status-publish","format-standard","has-post-thumbnail","hentry","category-actualidad","category-alcoy","category-noticias","category-politicayeconomia","tag-23j","tag-acto","tag-alcoy","tag-campana","tag-elecciones-generales","tag-partido-popular"],"yoast_head":"<!-- This site is optimized with the Yoast SEO plugin v27.3 - https:\/\/yoast.com\/product\/yoast-seo-wordpress\/ -->\n<title>El PP reclama m\u00e1s financiaci\u00f3n para la provincia de Alicante - COPE Alcoy<\/title>\n<meta name=\"description\" content=\"El Partido Popular considera que es necesaria una mayor financiaci\u00f3n para la provincia de Alicante y afirma que esto solo lo puede conseguir un gobierno central liderado por Alberto N\u00fa\u00f1ez Feij\u00f3o\" \/>\n<meta name=\"robots\" content=\"index, follow, max-snippet:-1, max-image-preview:large, max-video-preview:-1\" \/>\n<link rel=\"canonical\" href=\"https:\/\/www.copealcoy.es\/es\/el-pp-reclama-mas-financiacion-para-la-provincia-de-alicante\/\" \/>\n<meta property=\"og:locale\" content=\"es_ES\" \/>\n<meta property=\"og:type\" content=\"article\" \/>\n<meta property=\"og:title\" content=\"El PP reclama m\u00e1s financiaci\u00f3n para la provincia de Alicante - COPE Alcoy\" \/>\n<meta property=\"og:description\" content=\"El Partido Popular considera que es necesaria una mayor financiaci\u00f3n para la provincia de Alicante y afirma que esto solo lo puede conseguir un gobierno central liderado por Alberto N\u00fa\u00f1ez Feij\u00f3o\" \/>\n<meta property=\"og:url\" content=\"https:\/\/www.copealcoy.es\/es\/el-pp-reclama-mas-financiacion-para-la-provincia-de-alicante\/\" \/>\n<meta property=\"og:site_name\" content=\"COPE Alcoy\" \/>\n<meta property=\"article:published_time\" content=\"2023-07-20T06:45:55+00:00\" \/>\n<meta property=\"article:modified_time\" content=\"2023-07-20T16:41:15+00:00\" \/>\n<meta property=\"og:image\" content=\"https:\/\/www.copealcoy.es\/wp-content\/uploads\/2023\/07\/Foto-1.jpeg\" \/>\n\t<meta property=\"og:image:width\" content=\"1024\" \/>\n\t<meta property=\"og:image:height\" content=\"768\" \/>\n\t<meta property=\"og:image:type\" content=\"image\/jpeg\" \/>\n<meta name=\"author\" content=\"Cope Alcoy\" \/>\n<meta name=\"twitter:label1\" content=\"Escrito por\" \/>\n\t<meta name=\"twitter:data1\" content=\"Cope Alcoy\" \/>\n\t<meta name=\"twitter:label2\" content=\"Tiempo de lectura\" \/>\n\t<meta name=\"twitter:data2\" content=\"2 minutos\" \/>\n<script type=\"application\/ld+json\" class=\"yoast-schema-graph\">{\"@context\":\"https:\\\/\\\/schema.org\",\"@graph\":[{\"@type\":\"Article\",\"@id\":\"https:\\\/\\\/www.copealcoy.es\\\/es\\\/el-pp-reclama-mas-financiacion-para-la-provincia-de-alicante\\\/#article\",\"isPartOf\":{\"@id\":\"https:\\\/\\\/www.copealcoy.es\\\/es\\\/el-pp-reclama-mas-financiacion-para-la-provincia-de-alicante\\\/\"},\"author\":{\"name\":\"Cope Alcoy\",\"@id\":\"https:\\\/\\\/www.copealcoy.es\\\/es\\\/#\\\/schema\\\/person\\\/e777c87fa024e57d40170af9df39882c\"},\"headline\":\"El PP reclama m\u00e1s financiaci\u00f3n para la provincia de Alicante\",\"datePublished\":\"2023-07-20T06:45:55+00:00\",\"dateModified\":\"2023-07-20T16:41:15+00:00\",\"mainEntityOfPage\":{\"@id\":\"https:\\\/\\\/www.copealcoy.es\\\/es\\\/el-pp-reclama-mas-financiacion-para-la-provincia-de-alicante\\\/\"},\"wordCount\":397,\"commentCount\":0,\"image\":{\"@id\":\"https:\\\/\\\/www.copealcoy.es\\\/es\\\/el-pp-reclama-mas-financiacion-para-la-provincia-de-alicante\\\/#primaryimage\"},\"thumbnailUrl\":\"https:\\\/\\\/www.copealcoy.es\\\/wp-content\\\/uploads\\\/2023\\\/07\\\/Foto-1.jpeg\",\"keywords\":[\"23J\",\"acto\",\"Alcoy\",\"Campa\u00f1a\",\"Elecciones Generales\",\"Partido Popular\"],\"articleSection\":[\"Actualidad\",\"Alcoy\",\"Noticias\",\"Pol\u00edtica y Econom\u00eda\"],\"inLanguage\":\"es\"},{\"@type\":\"WebPage\",\"@id\":\"https:\\\/\\\/www.copealcoy.es\\\/es\\\/el-pp-reclama-mas-financiacion-para-la-provincia-de-alicante\\\/\",\"url\":\"https:\\\/\\\/www.copealcoy.es\\\/es\\\/el-pp-reclama-mas-financiacion-para-la-provincia-de-alicante\\\/\",\"name\":\"El PP reclama m\u00e1s financiaci\u00f3n para la provincia de Alicante - COPE Alcoy\",\"isPartOf\":{\"@id\":\"https:\\\/\\\/www.copealcoy.es\\\/es\\\/#website\"},\"primaryImageOfPage\":{\"@id\":\"https:\\\/\\\/www.copealcoy.es\\\/es\\\/el-pp-reclama-mas-financiacion-para-la-provincia-de-alicante\\\/#primaryimage\"},\"image\":{\"@id\":\"https:\\\/\\\/www.copealcoy.es\\\/es\\\/el-pp-reclama-mas-financiacion-para-la-provincia-de-alicante\\\/#primaryimage\"},\"thumbnailUrl\":\"https:\\\/\\\/www.copealcoy.es\\\/wp-content\\\/uploads\\\/2023\\\/07\\\/Foto-1.jpeg\",\"datePublished\":\"2023-07-20T06:45:55+00:00\",\"dateModified\":\"2023-07-20T16:41:15+00:00\",\"author\":{\"@id\":\"https:\\\/\\\/www.copealcoy.es\\\/es\\\/#\\\/schema\\\/person\\\/e777c87fa024e57d40170af9df39882c\"},\"description\":\"El Partido Popular considera que es necesaria una mayor financiaci\u00f3n para la provincia de Alicante y afirma que esto solo lo puede conseguir un gobierno central liderado por Alberto N\u00fa\u00f1ez Feij\u00f3o\",\"breadcrumb\":{\"@id\":\"https:\\\/\\\/www.copealcoy.es\\\/es\\\/el-pp-reclama-mas-financiacion-para-la-provincia-de-alicante\\\/#breadcrumb\"},\"inLanguage\":\"es\",\"potentialAction\":[{\"@type\":\"ReadAction\",\"target\":[\"https:\\\/\\\/www.copealcoy.es\\\/es\\\/el-pp-reclama-mas-financiacion-para-la-provincia-de-alicante\\\/\"]}]},{\"@type\":\"ImageObject\",\"inLanguage\":\"es\",\"@id\":\"https:\\\/\\\/www.copealcoy.es\\\/es\\\/el-pp-reclama-mas-financiacion-para-la-provincia-de-alicante\\\/#primaryimage\",\"url\":\"https:\\\/\\\/www.copealcoy.es\\\/wp-content\\\/uploads\\\/2023\\\/07\\\/Foto-1.jpeg\",\"contentUrl\":\"https:\\\/\\\/www.copealcoy.es\\\/wp-content\\\/uploads\\\/2023\\\/07\\\/Foto-1.jpeg\",\"width\":1024,\"height\":768},{\"@type\":\"BreadcrumbList\",\"@id\":\"https:\\\/\\\/www.copealcoy.es\\\/es\\\/el-pp-reclama-mas-financiacion-para-la-provincia-de-alicante\\\/#breadcrumb\",\"itemListElement\":[{\"@type\":\"ListItem\",\"position\":1,\"name\":\"Portada\",\"item\":\"https:\\\/\\\/www.copealcoy.es\\\/es\\\/\"},{\"@type\":\"ListItem\",\"position\":2,\"name\":\"El PP reclama m\u00e1s financiaci\u00f3n para la provincia de Alicante\"}]},{\"@type\":\"WebSite\",\"@id\":\"https:\\\/\\\/www.copealcoy.es\\\/es\\\/#website\",\"url\":\"https:\\\/\\\/www.copealcoy.es\\\/es\\\/\",\"name\":\"COPE Alcoy\",\"description\":\"Emisora COPE de radio local con emisi\u00f3n online. Pont de Sant Jordi 8-10 03803 Alcoy\",\"potentialAction\":[{\"@type\":\"SearchAction\",\"target\":{\"@type\":\"EntryPoint\",\"urlTemplate\":\"https:\\\/\\\/www.copealcoy.es\\\/es\\\/?s={search_term_string}\"},\"query-input\":{\"@type\":\"PropertyValueSpecification\",\"valueRequired\":true,\"valueName\":\"search_term_string\"}}],\"inLanguage\":\"es\"},{\"@type\":\"Person\",\"@id\":\"https:\\\/\\\/www.copealcoy.es\\\/es\\\/#\\\/schema\\\/person\\\/e777c87fa024e57d40170af9df39882c\",\"name\":\"Cope Alcoy\",\"image\":{\"@type\":\"ImageObject\",\"inLanguage\":\"es\",\"@id\":\"https:\\\/\\\/secure.gravatar.com\\\/avatar\\\/bb65d0283347e303893ba14f0692005417c1e0e690a325a4c5d8bb2b3943ee14?s=96&d=mm&r=g\",\"url\":\"https:\\\/\\\/secure.gravatar.com\\\/avatar\\\/bb65d0283347e303893ba14f0692005417c1e0e690a325a4c5d8bb2b3943ee14?s=96&d=mm&r=g\",\"contentUrl\":\"https:\\\/\\\/secure.gravatar.com\\\/avatar\\\/bb65d0283347e303893ba14f0692005417c1e0e690a325a4c5d8bb2b3943ee14?s=96&d=mm&r=g\",\"caption\":\"Cope Alcoy\"}}]}<\/script>\n<!-- \/ Yoast SEO plugin. -->","yoast_head_json":{"title":"El PP reclama m\u00e1s financiaci\u00f3n para la provincia de Alicante - COPE Alcoy","description":"El Partido Popular considera que es necesaria una mayor financiaci\u00f3n para la provincia de Alicante y afirma que esto solo lo puede conseguir un gobierno central liderado por Alberto N\u00fa\u00f1ez Feij\u00f3o","robots":{"index":"index","follow":"follow","max-snippet":"max-snippet:-1","max-image-preview":"max-image-preview:large","max-video-preview":"max-video-preview:-1"},"canonical":"https:\/\/www.copealcoy.es\/es\/el-pp-reclama-mas-financiacion-para-la-provincia-de-alicante\/","og_locale":"es_ES","og_type":"article","og_title":"El PP reclama m\u00e1s financiaci\u00f3n para la provincia de Alicante - COPE Alcoy","og_description":"El Partido Popular considera que es necesaria una mayor financiaci\u00f3n para la provincia de Alicante y afirma que esto solo lo puede conseguir un gobierno central liderado por Alberto N\u00fa\u00f1ez Feij\u00f3o","og_url":"https:\/\/www.copealcoy.es\/es\/el-pp-reclama-mas-financiacion-para-la-provincia-de-alicante\/","og_site_name":"COPE Alcoy","article_published_time":"2023-07-20T06:45:55+00:00","article_modified_time":"2023-07-20T16:41:15+00:00","og_image":[{"width":1024,"height":768,"url":"https:\/\/www.copealcoy.es\/wp-content\/uploads\/2023\/07\/Foto-1.jpeg","type":"image\/jpeg"}],"author":"Cope Alcoy","twitter_misc":{"Escrito por":"Cope Alcoy","Tiempo de lectura":"2 minutos"},"schema":{"@context":"https:\/\/schema.org","@graph":[{"@type":"Article","@id":"https:\/\/www.copealcoy.es\/es\/el-pp-reclama-mas-financiacion-para-la-provincia-de-alicante\/#article","isPartOf":{"@id":"https:\/\/www.copealcoy.es\/es\/el-pp-reclama-mas-financiacion-para-la-provincia-de-alicante\/"},"author":{"name":"Cope Alcoy","@id":"https:\/\/www.copealcoy.es\/es\/#\/schema\/person\/e777c87fa024e57d40170af9df39882c"},"headline":"El PP reclama m\u00e1s financiaci\u00f3n para la provincia de Alicante","datePublished":"2023-07-20T06:45:55+00:00","dateModified":"2023-07-20T16:41:15+00:00","mainEntityOfPage":{"@id":"https:\/\/www.copealcoy.es\/es\/el-pp-reclama-mas-financiacion-para-la-provincia-de-alicante\/"},"wordCount":397,"commentCount":0,"image":{"@id":"https:\/\/www.copealcoy.es\/es\/el-pp-reclama-mas-financiacion-para-la-provincia-de-alicante\/#primaryimage"},"thumbnailUrl":"https:\/\/www.copealcoy.es\/wp-content\/uploads\/2023\/07\/Foto-1.jpeg","keywords":["23J","acto","Alcoy","Campa\u00f1a","Elecciones Generales","Partido Popular"],"articleSection":["Actualidad","Alcoy","Noticias","Pol\u00edtica y Econom\u00eda"],"inLanguage":"es"},{"@type":"WebPage","@id":"https:\/\/www.copealcoy.es\/es\/el-pp-reclama-mas-financiacion-para-la-provincia-de-alicante\/","url":"https:\/\/www.copealcoy.es\/es\/el-pp-reclama-mas-financiacion-para-la-provincia-de-alicante\/","name":"El PP reclama m\u00e1s financiaci\u00f3n para la provincia de Alicante - COPE Alcoy","isPartOf":{"@id":"https:\/\/www.copealcoy.es\/es\/#website"},"primaryImageOfPage":{"@id":"https:\/\/www.copealcoy.es\/es\/el-pp-reclama-mas-financiacion-para-la-provincia-de-alicante\/#primaryimage"},"image":{"@id":"https:\/\/www.copealcoy.es\/es\/el-pp-reclama-mas-financiacion-para-la-provincia-de-alicante\/#primaryimage"},"thumbnailUrl":"https:\/\/www.copealcoy.es\/wp-content\/uploads\/2023\/07\/Foto-1.jpeg","datePublished":"2023-07-20T06:45:55+00:00","dateModified":"2023-07-20T16:41:15+00:00","author":{"@id":"https:\/\/www.copealcoy.es\/es\/#\/schema\/person\/e777c87fa024e57d40170af9df39882c"},"description":"El Partido Popular considera que es necesaria una mayor financiaci\u00f3n para la provincia de Alicante y afirma que esto solo lo puede conseguir un gobierno central liderado por Alberto N\u00fa\u00f1ez Feij\u00f3o","breadcrumb":{"@id":"https:\/\/www.copealcoy.es\/es\/el-pp-reclama-mas-financiacion-para-la-provincia-de-alicante\/#breadcrumb"},"inLanguage":"es","potentialAction":[{"@type":"ReadAction","target":["https:\/\/www.copealcoy.es\/es\/el-pp-reclama-mas-financiacion-para-la-provincia-de-alicante\/"]}]},{"@type":"ImageObject","inLanguage":"es","@id":"https:\/\/www.copealcoy.es\/es\/el-pp-reclama-mas-financiacion-para-la-provincia-de-alicante\/#primaryimage","url":"https:\/\/www.copealcoy.es\/wp-content\/uploads\/2023\/07\/Foto-1.jpeg","contentUrl":"https:\/\/www.copealcoy.es\/wp-content\/uploads\/2023\/07\/Foto-1.jpeg","width":1024,"height":768},{"@type":"BreadcrumbList","@id":"https:\/\/www.copealcoy.es\/es\/el-pp-reclama-mas-financiacion-para-la-provincia-de-alicante\/#breadcrumb","itemListElement":[{"@type":"ListItem","position":1,"name":"Portada","item":"https:\/\/www.copealcoy.es\/es\/"},{"@type":"ListItem","position":2,"name":"El PP reclama m\u00e1s financiaci\u00f3n para la provincia de Alicante"}]},{"@type":"WebSite","@id":"https:\/\/www.copealcoy.es\/es\/#website","url":"https:\/\/www.copealcoy.es\/es\/","name":"COPE Alcoy","description":"Emisora COPE de radio local con emisi\u00f3n online. Pont de Sant Jordi 8-10 03803 Alcoy","potentialAction":[{"@type":"SearchAction","target":{"@type":"EntryPoint","urlTemplate":"https:\/\/www.copealcoy.es\/es\/?s={search_term_string}"},"query-input":{"@type":"PropertyValueSpecification","valueRequired":true,"valueName":"search_term_string"}}],"inLanguage":"es"},{"@type":"Person","@id":"https:\/\/www.copealcoy.es\/es\/#\/schema\/person\/e777c87fa024e57d40170af9df39882c","name":"Cope Alcoy","image":{"@type":"ImageObject","inLanguage":"es","@id":"https:\/\/secure.gravatar.com\/avatar\/bb65d0283347e303893ba14f0692005417c1e0e690a325a4c5d8bb2b3943ee14?s=96&d=mm&r=g","url":"https:\/\/secure.gravatar.com\/avatar\/bb65d0283347e303893ba14f0692005417c1e0e690a325a4c5d8bb2b3943ee14?s=96&d=mm&r=g","contentUrl":"https:\/\/secure.gravatar.com\/avatar\/bb65d0283347e303893ba14f0692005417c1e0e690a325a4c5d8bb2b3943ee14?s=96&d=mm&r=g","caption":"Cope Alcoy"}}]}},"_links":{"self":[{"href":"https:\/\/www.copealcoy.es\/es\/wp-json\/wp\/v2\/posts\/120039","targetHints":{"allow":["GET"]}}],"collection":[{"href":"https:\/\/www.copealcoy.es\/es\/wp-json\/wp\/v2\/posts"}],"about":[{"href":"https:\/\/www.copealcoy.es\/es\/wp-json\/wp\/v2\/types\/post"}],"author":[{"embeddable":true,"href":"https:\/\/www.copealcoy.es\/es\/wp-json\/wp\/v2\/users\/1"}],"replies":[{"embeddable":true,"href":"https:\/\/www.copealcoy.es\/es\/wp-json\/wp\/v2\/comments?post=120039"}],"version-history":[{"count":0,"href":"https:\/\/www.copealcoy.es\/es\/wp-json\/wp\/v2\/posts\/120039\/revisions"}],"wp:featuredmedia":[{"embeddable":true,"href":"https:\/\/www.copealcoy.es\/es\/wp-json\/wp\/v2\/media\/120040"}],"wp:attachment":[{"href":"https:\/\/www.copealcoy.es\/es\/wp-json\/wp\/v2\/media?parent=120039"}],"wp:term":[{"taxonomy":"category","embeddable":true,"href":"https:\/\/www.copealcoy.es\/es\/wp-json\/wp\/v2\/categories?post=120039"},{"taxonomy":"post_tag","embeddable":true,"href":"https:\/\/www.copealcoy.es\/es\/wp-json\/wp\/v2\/tags?post=120039"}],"curies":[{"name":"wp","href":"https:\/\/api.w.org\/{rel}","templated":true}]}}